{"id":9907,"date":"2023-03-25T20:16:01","date_gmt":"2023-03-25T19:16:01","guid":{"rendered":"https:\/\/reconciliation.gouv.ci\/mrcn\/?p=9907"},"modified":"2023-03-25T20:16:02","modified_gmt":"2023-03-25T19:16:02","slug":"projet-de-jnpaix-jps-bouake-2023-le-ministre-kouadio-konan-bertin-chez-allou-konan","status":"publish","type":"post","link":"https:\/\/reconciliation.gouv.ci\/mrcn\/?p=9907","title":{"rendered":"<strong>Projet de JNPaix-JPS Bouak\u00e9 2023 : Le Ministre KOUADIO Konan Bertin chez Allou Konan<\/strong>"},"content":{"rendered":"<div class=\"pvc_clear\"><\/div><p class=\"pvc_stats total_only \" data-element-id=\"9907\" style=\"\"><i class=\"pvc-stats-icon medium\" aria-hidden=\"true\"><svg aria-hidden=\"true\" focusable=\"false\" data-prefix=\"far\" data-icon=\"chart-bar\" role=\"img\" xmlns=\"http:\/\/www.w3.org\/2000\/svg\" viewBox=\"0 0 512 512\" class=\"svg-inline--fa fa-chart-bar fa-w-16 fa-2x\"><path fill=\"currentColor\" d=\"M396.8 352h22.4c6.4 0 12.8-6.4 12.8-12.8V108.8c0-6.4-6.4-12.8-12.8-12.8h-22.4c-6.4 0-12.8 6.4-12.8 12.8v230.4c0 6.4 6.4 12.8 12.8 12.8zm-192 0h22.4c6.4 0 12.8-6.4 12.8-12.8V140.8c0-6.4-6.4-12.8-12.8-12.8h-22.4c-6.4 0-12.8 6.4-12.8 12.8v198.4c0 6.4 6.4 12.8 12.8 12.8zm96 0h22.4c6.4 0 12.8-6.4 12.8-12.8V204.8c0-6.4-6.4-12.8-12.8-12.8h-22.4c-6.4 0-12.8 6.4-12.8 12.8v134.4c0 6.4 6.4 12.8 12.8 12.8zM496 400H48V80c0-8.84-7.16-16-16-16H16C7.16 64 0 71.16 0 80v336c0 17.67 14.33 32 32 32h464c8.84 0 16-7.16 16-16v-16c0-8.84-7.16-16-16-16zm-387.2-48h22.4c6.4 0 12.8-6.4 12.8-12.8v-70.4c0-6.4-6.4-12.8-12.8-12.8h-22.4c-6.4 0-12.8 6.4-12.8 12.8v70.4c0 6.4 6.4 12.8 12.8 12.8z\" class=\"\"><\/path><\/svg><\/i> &nbsp;1,591&nbsp;vues<\/p><div class=\"pvc_clear\"><\/div>\n<figure class=\"wp-block-image size-large\"><img loading=\"lazy\" decoding=\"async\" width=\"1024\" height=\"683\" src=\"https:\/\/reconciliation.gouv.ci\/mrcn\/wp-content\/uploads\/2023\/03\/JNPaix-2023-KKB-chez-ALLOU-Konan-9-1024x683.jpg\" alt=\"\" class=\"wp-image-9912\" srcset=\"https:\/\/reconciliation.gouv.ci\/mrcn\/wp-content\/uploads\/2023\/03\/JNPaix-2023-KKB-chez-ALLOU-Konan-9-1024x683.jpg 1024w, https:\/\/reconciliation.gouv.ci\/mrcn\/wp-content\/uploads\/2023\/03\/JNPaix-2023-KKB-chez-ALLOU-Konan-9-300x200.jpg 300w, https:\/\/reconciliation.gouv.ci\/mrcn\/wp-content\/uploads\/2023\/03\/JNPaix-2023-KKB-chez-ALLOU-Konan-9-768x512.jpg 768w, https:\/\/reconciliation.gouv.ci\/mrcn\/wp-content\/uploads\/2023\/03\/JNPaix-2023-KKB-chez-ALLOU-Konan-9.jpg 1080w\" sizes=\"auto, (max-width: 1024px) 100vw, 1024px\" \/><\/figure>\n\n\n\n<p>Pr\u00e9sent \u00e0 Bouak\u00e9 dans le cadre du projet de la JNPaix-JPS (Journ\u00e9e Nationale de la Paix, du Pardon et du Souvenir) devant se d\u00e9rouler dans cette ville le 15 novembre 2023 prochain, le Ministre de la R\u00e9conciliation et de la Coh\u00e9sion Nationale continue les consultations aupr\u00e8s des personnes ressources.<\/p>\n\n\n\n<p>Apr\u00e8s donc les chefs traditionnels vendredi 24 mars, il s\u2019est rendu chez le patriarche Allou Eug\u00e8ne, figure embl\u00e9matique de l\u2019histoire sociopolitique de Bouak\u00e9 ayant marqu\u00e9 la vie de la nation ivoirienne. Voici d\u2019ailleurs la r\u00e9action du Ministre \u00e0 la vue de celui qu\u2019il appelle mon p\u00e8re : \u2019\u2019Ah, quel plaisir pour moi de retrouver un p\u00e8re, un mod\u00e8le, un grand serviteur de la R\u00e9publique qui sans avoir \u00e9t\u00e9 \u00e0 l\u2019\u00e9cole, a \u00e9crit l\u2019une des plus belles pages de l\u2019histoire de la nation ivoirienne en g\u00e9n\u00e9ral et en particulier de la commune de Bouak\u00e9 qu\u2019il a repr\u00e9sent\u00e9e au Parlement ivoirien.&rsquo;\u2019.<\/p>\n\n\n\n<p>Poursuivant, le messager de la Paix du Pr\u00e9sident de la R\u00e9publique a donn\u00e9 la principale raison de sa visite : \u2019\u2019Je suis donc venu lui annoncer le projet de la tenue des journ\u00e9es nationales de la paix, du pardon et du souvenir dans sa ville le 15 novembre 2023 afin de recueillir son avis et ses b\u00e9n\u00e9dictions pour la r\u00e9ussite des festivit\u00e9s.\u2019\u2019.<\/p>\n\n\n\n<p>Pour services rendus \u00e0 la nation, le Ministre entend l\u2019honorer \u00e0 cette occasion publiquement : \u2019\u2019Que Dieu lui donne longue vie afin que je puisse lui rendre hommage lors des festivit\u00e9s devant la nation ivoirienne.\u2019\u2019.<\/p>\n\n\n\n<div class=\"wp-block-columns is-layout-flex wp-container-core-columns-is-layout-9d6595d7 wp-block-columns-is-layout-flex\">\n<div class=\"wp-block-column is-layout-flow wp-block-column-is-layout-flow\">\n<figure class=\"wp-block-image size-large\"><img loading=\"lazy\" decoding=\"async\" width=\"1024\" height=\"683\" src=\"https:\/\/reconciliation.gouv.ci\/mrcn\/wp-content\/uploads\/2023\/03\/JNPaix-2023-KKB-chez-ALLOU-Konan-1-1024x683.jpg\" alt=\"\" class=\"wp-image-9914\" srcset=\"https:\/\/reconciliation.gouv.ci\/mrcn\/wp-content\/uploads\/2023\/03\/JNPaix-2023-KKB-chez-ALLOU-Konan-1-1024x683.jpg 1024w, https:\/\/reconciliation.gouv.ci\/mrcn\/wp-content\/uploads\/2023\/03\/JNPaix-2023-KKB-chez-ALLOU-Konan-1-300x200.jpg 300w, https:\/\/reconciliation.gouv.ci\/mrcn\/wp-content\/uploads\/2023\/03\/JNPaix-2023-KKB-chez-ALLOU-Konan-1-768x512.jpg 768w, https:\/\/reconciliation.gouv.ci\/mrcn\/wp-content\/uploads\/2023\/03\/JNPaix-2023-KKB-chez-ALLOU-Konan-1.jpg 1080w\" sizes=\"auto, (max-width: 1024px) 100vw, 1024px\" \/><\/figure>\n<\/div>\n\n\n\n<div class=\"wp-block-column is-layout-flow wp-block-column-is-layout-flow\">\n<figure class=\"wp-block-image size-large\"><img loading=\"lazy\" decoding=\"async\" width=\"1024\" height=\"683\" src=\"https:\/\/reconciliation.gouv.ci\/mrcn\/wp-content\/uploads\/2023\/03\/JNPaix-2023-KKB-chez-ALLOU-Konan-2-1024x683.jpg\" alt=\"\" class=\"wp-image-9915\" srcset=\"https:\/\/reconciliation.gouv.ci\/mrcn\/wp-content\/uploads\/2023\/03\/JNPaix-2023-KKB-chez-ALLOU-Konan-2-1024x683.jpg 1024w, https:\/\/reconciliation.gouv.ci\/mrcn\/wp-content\/uploads\/2023\/03\/JNPaix-2023-KKB-chez-ALLOU-Konan-2-300x200.jpg 300w, https:\/\/reconciliation.gouv.ci\/mrcn\/wp-content\/uploads\/2023\/03\/JNPaix-2023-KKB-chez-ALLOU-Konan-2-768x512.jpg 768w, https:\/\/reconciliation.gouv.ci\/mrcn\/wp-content\/uploads\/2023\/03\/JNPaix-2023-KKB-chez-ALLOU-Konan-2.jpg 1080w\" sizes=\"auto, (max-width: 1024px) 100vw, 1024px\" \/><\/figure>\n<\/div>\n\n\n\n<div class=\"wp-block-column is-layout-flow wp-block-column-is-layout-flow\">\n<figure class=\"wp-block-image size-large\"><img loading=\"lazy\" decoding=\"async\" width=\"1024\" height=\"683\" src=\"https:\/\/reconciliation.gouv.ci\/mrcn\/wp-content\/uploads\/2023\/03\/JNPaix-2023-KKB-chez-ALLOU-Konan-7-1024x683.jpg\" alt=\"\" class=\"wp-image-9910\" srcset=\"https:\/\/reconciliation.gouv.ci\/mrcn\/wp-content\/uploads\/2023\/03\/JNPaix-2023-KKB-chez-ALLOU-Konan-7-1024x683.jpg 1024w, https:\/\/reconciliation.gouv.ci\/mrcn\/wp-content\/uploads\/2023\/03\/JNPaix-2023-KKB-chez-ALLOU-Konan-7-300x200.jpg 300w, https:\/\/reconciliation.gouv.ci\/mrcn\/wp-content\/uploads\/2023\/03\/JNPaix-2023-KKB-chez-ALLOU-Konan-7-768x512.jpg 768w, https:\/\/reconciliation.gouv.ci\/mrcn\/wp-content\/uploads\/2023\/03\/JNPaix-2023-KKB-chez-ALLOU-Konan-7.jpg 1080w\" sizes=\"auto, (max-width: 1024px) 100vw, 1024px\" \/><\/figure>\n<\/div>\n<\/div>\n\n\n\n<div class=\"wp-block-columns is-layout-flex wp-container-core-columns-is-layout-9d6595d7 wp-block-columns-is-layout-flex\">\n<div class=\"wp-block-column is-layout-flow wp-block-column-is-layout-flow\">\n<figure class=\"wp-block-image size-large\"><img loading=\"lazy\" decoding=\"async\" width=\"1024\" height=\"683\" src=\"https:\/\/reconciliation.gouv.ci\/mrcn\/wp-content\/uploads\/2023\/03\/JNPaix-2023-KKB-chez-ALLOU-Konan-4-1024x683.jpg\" alt=\"\" class=\"wp-image-9917\" srcset=\"https:\/\/reconciliation.gouv.ci\/mrcn\/wp-content\/uploads\/2023\/03\/JNPaix-2023-KKB-chez-ALLOU-Konan-4-1024x683.jpg 1024w, https:\/\/reconciliation.gouv.ci\/mrcn\/wp-content\/uploads\/2023\/03\/JNPaix-2023-KKB-chez-ALLOU-Konan-4-300x200.jpg 300w, https:\/\/reconciliation.gouv.ci\/mrcn\/wp-content\/uploads\/2023\/03\/JNPaix-2023-KKB-chez-ALLOU-Konan-4-768x512.jpg 768w, https:\/\/reconciliation.gouv.ci\/mrcn\/wp-content\/uploads\/2023\/03\/JNPaix-2023-KKB-chez-ALLOU-Konan-4.jpg 1080w\" sizes=\"auto, (max-width: 1024px) 100vw, 1024px\" \/><\/figure>\n<\/div>\n\n\n\n<div class=\"wp-block-column is-layout-flow wp-block-column-is-layout-flow\">\n<figure class=\"wp-block-image size-large\"><img loading=\"lazy\" decoding=\"async\" width=\"1024\" height=\"683\" src=\"https:\/\/reconciliation.gouv.ci\/mrcn\/wp-content\/uploads\/2023\/03\/JNPaix-2023-KKB-chez-ALLOU-Konan-8-1024x683.jpg\" alt=\"\" class=\"wp-image-9911\" srcset=\"https:\/\/reconciliation.gouv.ci\/mrcn\/wp-content\/uploads\/2023\/03\/JNPaix-2023-KKB-chez-ALLOU-Konan-8-1024x683.jpg 1024w, https:\/\/reconciliation.gouv.ci\/mrcn\/wp-content\/uploads\/2023\/03\/JNPaix-2023-KKB-chez-ALLOU-Konan-8-300x200.jpg 300w, https:\/\/reconciliation.gouv.ci\/mrcn\/wp-content\/uploads\/2023\/03\/JNPaix-2023-KKB-chez-ALLOU-Konan-8-768x512.jpg 768w, https:\/\/reconciliation.gouv.ci\/mrcn\/wp-content\/uploads\/2023\/03\/JNPaix-2023-KKB-chez-ALLOU-Konan-8.jpg 1080w\" sizes=\"auto, (max-width: 1024px) 100vw, 1024px\" \/><\/figure>\n<\/div>\n\n\n\n<div class=\"wp-block-column is-layout-flow wp-block-column-is-layout-flow\">\n<figure class=\"wp-block-image size-large\"><img loading=\"lazy\" decoding=\"async\" width=\"1024\" height=\"683\" src=\"https:\/\/reconciliation.gouv.ci\/mrcn\/wp-content\/uploads\/2023\/03\/JNPaix-2023-KKB-chez-ALLOU-Konan-6-1024x683.jpg\" alt=\"\" class=\"wp-image-9909\" srcset=\"https:\/\/reconciliation.gouv.ci\/mrcn\/wp-content\/uploads\/2023\/03\/JNPaix-2023-KKB-chez-ALLOU-Konan-6-1024x683.jpg 1024w, https:\/\/reconciliation.gouv.ci\/mrcn\/wp-content\/uploads\/2023\/03\/JNPaix-2023-KKB-chez-ALLOU-Konan-6-300x200.jpg 300w, https:\/\/reconciliation.gouv.ci\/mrcn\/wp-content\/uploads\/2023\/03\/JNPaix-2023-KKB-chez-ALLOU-Konan-6-768x512.jpg 768w, https:\/\/reconciliation.gouv.ci\/mrcn\/wp-content\/uploads\/2023\/03\/JNPaix-2023-KKB-chez-ALLOU-Konan-6.jpg 1080w\" sizes=\"auto, (max-width: 1024px) 100vw, 1024px\" \/><\/figure>\n<\/div>\n<\/div>\n\n\n\n<div class=\"wp-block-columns is-layout-flex wp-container-core-columns-is-layout-9d6595d7 wp-block-columns-is-layout-flex\">\n<div class=\"wp-block-column is-layout-flow wp-block-column-is-layout-flow\">\n<figure class=\"wp-block-image size-large\"><img loading=\"lazy\" decoding=\"async\" width=\"1024\" height=\"683\" src=\"https:\/\/reconciliation.gouv.ci\/mrcn\/wp-content\/uploads\/2023\/03\/JNPaix-2023-KKB-chez-ALLOU-Konan-5-1024x683.jpg\" alt=\"\" class=\"wp-image-9908\" srcset=\"https:\/\/reconciliation.gouv.ci\/mrcn\/wp-content\/uploads\/2023\/03\/JNPaix-2023-KKB-chez-ALLOU-Konan-5-1024x683.jpg 1024w, https:\/\/reconciliation.gouv.ci\/mrcn\/wp-content\/uploads\/2023\/03\/JNPaix-2023-KKB-chez-ALLOU-Konan-5-300x200.jpg 300w, https:\/\/reconciliation.gouv.ci\/mrcn\/wp-content\/uploads\/2023\/03\/JNPaix-2023-KKB-chez-ALLOU-Konan-5-768x512.jpg 768w, https:\/\/reconciliation.gouv.ci\/mrcn\/wp-content\/uploads\/2023\/03\/JNPaix-2023-KKB-chez-ALLOU-Konan-5.jpg 1080w\" sizes=\"auto, (max-width: 1024px) 100vw, 1024px\" \/><\/figure>\n<\/div>\n\n\n\n<div class=\"wp-block-column is-layout-flow wp-block-column-is-layout-flow\">\n<figure class=\"wp-block-image size-large\"><img loading=\"lazy\" decoding=\"async\" width=\"1024\" height=\"683\" src=\"https:\/\/reconciliation.gouv.ci\/mrcn\/wp-content\/uploads\/2023\/03\/JNPaix-2023-KKB-chez-ALLOU-Konan-10-1024x683.jpg\" alt=\"\" class=\"wp-image-9913\" srcset=\"https:\/\/reconciliation.gouv.ci\/mrcn\/wp-content\/uploads\/2023\/03\/JNPaix-2023-KKB-chez-ALLOU-Konan-10-1024x683.jpg 1024w, https:\/\/reconciliation.gouv.ci\/mrcn\/wp-content\/uploads\/2023\/03\/JNPaix-2023-KKB-chez-ALLOU-Konan-10-300x200.jpg 300w, https:\/\/reconciliation.gouv.ci\/mrcn\/wp-content\/uploads\/2023\/03\/JNPaix-2023-KKB-chez-ALLOU-Konan-10-768x512.jpg 768w, https:\/\/reconciliation.gouv.ci\/mrcn\/wp-content\/uploads\/2023\/03\/JNPaix-2023-KKB-chez-ALLOU-Konan-10.jpg 1080w\" sizes=\"auto, (max-width: 1024px) 100vw, 1024px\" \/><\/figure>\n<\/div>\n<\/div>\n","protected":false},"excerpt":{"rendered":"<div class=\"pvc_clear\"><\/div>\n<p class=\"pvc_stats total_only \" data-element-id=\"9907\" style=\"\"><i class=\"pvc-stats-icon medium\" aria-hidden=\"true\"><svg aria-hidden=\"true\" focusable=\"false\" data-prefix=\"far\" data-icon=\"chart-bar\" role=\"img\" xmlns=\"http:\/\/www.w3.org\/2000\/svg\" viewBox=\"0 0 512 512\" class=\"svg-inline--fa fa-chart-bar fa-w-16 fa-2x\"><path fill=\"currentColor\" d=\"M396.8 352h22.4c6.4 0 12.8-6.4 12.8-12.8V108.8c0-6.4-6.4-12.8-12.8-12.8h-22.4c-6.4 0-12.8 6.4-12.8 12.8v230.4c0 6.4 6.4 12.8 12.8 12.8zm-192 0h22.4c6.4 0 12.8-6.4 12.8-12.8V140.8c0-6.4-6.4-12.8-12.8-12.8h-22.4c-6.4 0-12.8 6.4-12.8 12.8v198.4c0 6.4 6.4 12.8 12.8 12.8zm96 0h22.4c6.4 0 12.8-6.4 12.8-12.8V204.8c0-6.4-6.4-12.8-12.8-12.8h-22.4c-6.4 0-12.8 6.4-12.8 12.8v134.4c0 6.4 6.4 12.8 12.8 12.8zM496 400H48V80c0-8.84-7.16-16-16-16H16C7.16 64 0 71.16 0 80v336c0 17.67 14.33 32 32 32h464c8.84 0 16-7.16 16-16v-16c0-8.84-7.16-16-16-16zm-387.2-48h22.4c6.4 0 12.8-6.4 12.8-12.8v-70.4c0-6.4-6.4-12.8-12.8-12.8h-22.4c-6.4 0-12.8 6.4-12.8 12.8v70.4c0 6.4 6.4 12.8 12.8 12.8z\" class=\"\"><\/path><\/svg><\/i> &nbsp;1,591&nbsp;vues<\/p>\n<div class=\"pvc_clear\"><\/div>\n<p>&nbsp;1,591&nbsp;vues Pr\u00e9sent \u00e0 Bouak\u00e9 dans le cadre du projet de la JNPaix-JPS (Journ\u00e9e Nationale de la Paix, du Pardon et du Souvenir) devant se d\u00e9rouler dans cette ville le 15 novembre 2023 prochain, le Ministre de la R\u00e9conciliation et de la Coh\u00e9sion Nationale continue les consultations aupr\u00e8s<\/p>\n","protected":false},"author":3,"featured_media":9912,"comment_status":"closed","ping_status":"open","sticky":false,"template":"","format":"standard","meta":{"footnotes":""},"categories":[39],"tags":[],"class_list":["post-9907","post","type-post","status-publish","format-standard","has-post-thumbnail","hentry","category-activites-ministere-slider"],"_links":{"self":[{"href":"https:\/\/reconciliation.gouv.ci\/mrcn\/index.php?rest_route=\/wp\/v2\/posts\/9907","targetHints":{"allow":["GET"]}}],"collection":[{"href":"https:\/\/reconciliation.gouv.ci\/mrcn\/index.php?rest_route=\/wp\/v2\/posts"}],"about":[{"href":"https:\/\/reconciliation.gouv.ci\/mrcn\/index.php?rest_route=\/wp\/v2\/types\/post"}],"author":[{"embeddable":true,"href":"https:\/\/reconciliation.gouv.ci\/mrcn\/index.php?rest_route=\/wp\/v2\/users\/3"}],"replies":[{"embeddable":true,"href":"https:\/\/reconciliation.gouv.ci\/mrcn\/index.php?rest_route=%2Fwp%2Fv2%2Fcomments&post=9907"}],"version-history":[{"count":1,"href":"https:\/\/reconciliation.gouv.ci\/mrcn\/index.php?rest_route=\/wp\/v2\/posts\/9907\/revisions"}],"predecessor-version":[{"id":9918,"href":"https:\/\/reconciliation.gouv.ci\/mrcn\/index.php?rest_route=\/wp\/v2\/posts\/9907\/revisions\/9918"}],"wp:featuredmedia":[{"embeddable":true,"href":"https:\/\/reconciliation.gouv.ci\/mrcn\/index.php?rest_route=\/wp\/v2\/media\/9912"}],"wp:attachment":[{"href":"https:\/\/reconciliation.gouv.ci\/mrcn\/index.php?rest_route=%2Fwp%2Fv2%2Fmedia&parent=9907"}],"wp:term":[{"taxonomy":"category","embeddable":true,"href":"https:\/\/reconciliation.gouv.ci\/mrcn\/index.php?rest_route=%2Fwp%2Fv2%2Fcategories&post=9907"},{"taxonomy":"post_tag","embeddable":true,"href":"https:\/\/reconciliation.gouv.ci\/mrcn\/index.php?rest_route=%2Fwp%2Fv2%2Ftags&post=9907"}],"curies":[{"name":"wp","href":"https:\/\/api.w.org\/{rel}","templated":true}]}}