{"id":9621,"date":"2023-03-13T22:15:01","date_gmt":"2023-03-13T21:15:01","guid":{"rendered":"https:\/\/reconciliation.gouv.ci\/mrcn\/?p=9621"},"modified":"2023-03-13T23:52:35","modified_gmt":"2023-03-13T22:52:35","slug":"reconciliation-et-cohesion-nationale-le-ministre-kouadio-konan-bertin-echange-avec-la-societe-civile","status":"publish","type":"post","link":"https:\/\/reconciliation.gouv.ci\/mrcn\/?p=9621","title":{"rendered":"R\u00e9conciliation et Coh\u00e9sion Nationale\u00a0: le Ministre KOUADIO Konan Bertin \u00e9change avec la Soci\u00e9t\u00e9 Civile"},"content":{"rendered":"<div class=\"pvc_clear\"><\/div><p class=\"pvc_stats total_only \" data-element-id=\"9621\" style=\"\"><i class=\"pvc-stats-icon medium\" aria-hidden=\"true\"><svg aria-hidden=\"true\" focusable=\"false\" data-prefix=\"far\" data-icon=\"chart-bar\" role=\"img\" xmlns=\"http:\/\/www.w3.org\/2000\/svg\" viewBox=\"0 0 512 512\" class=\"svg-inline--fa fa-chart-bar fa-w-16 fa-2x\"><path fill=\"currentColor\" d=\"M396.8 352h22.4c6.4 0 12.8-6.4 12.8-12.8V108.8c0-6.4-6.4-12.8-12.8-12.8h-22.4c-6.4 0-12.8 6.4-12.8 12.8v230.4c0 6.4 6.4 12.8 12.8 12.8zm-192 0h22.4c6.4 0 12.8-6.4 12.8-12.8V140.8c0-6.4-6.4-12.8-12.8-12.8h-22.4c-6.4 0-12.8 6.4-12.8 12.8v198.4c0 6.4 6.4 12.8 12.8 12.8zm96 0h22.4c6.4 0 12.8-6.4 12.8-12.8V204.8c0-6.4-6.4-12.8-12.8-12.8h-22.4c-6.4 0-12.8 6.4-12.8 12.8v134.4c0 6.4 6.4 12.8 12.8 12.8zM496 400H48V80c0-8.84-7.16-16-16-16H16C7.16 64 0 71.16 0 80v336c0 17.67 14.33 32 32 32h464c8.84 0 16-7.16 16-16v-16c0-8.84-7.16-16-16-16zm-387.2-48h22.4c6.4 0 12.8-6.4 12.8-12.8v-70.4c0-6.4-6.4-12.8-12.8-12.8h-22.4c-6.4 0-12.8 6.4-12.8 12.8v70.4c0 6.4 6.4 12.8 12.8 12.8z\" class=\"\"><\/path><\/svg><\/i> &nbsp;1,614&nbsp;vues<\/p><div class=\"pvc_clear\"><\/div>\n<p><\/p>\n\n\n\n<figure class=\"wp-block-image size-large\"><img loading=\"lazy\" decoding=\"async\" width=\"1024\" height=\"683\" src=\"https:\/\/reconciliation.gouv.ci\/mrcn\/wp-content\/uploads\/2023\/03\/IMG-20230313-WA0016-1024x683.jpg\" alt=\"\" class=\"wp-image-9622\" srcset=\"https:\/\/reconciliation.gouv.ci\/mrcn\/wp-content\/uploads\/2023\/03\/IMG-20230313-WA0016-1024x683.jpg 1024w, https:\/\/reconciliation.gouv.ci\/mrcn\/wp-content\/uploads\/2023\/03\/IMG-20230313-WA0016-300x200.jpg 300w, https:\/\/reconciliation.gouv.ci\/mrcn\/wp-content\/uploads\/2023\/03\/IMG-20230313-WA0016-768x512.jpg 768w, https:\/\/reconciliation.gouv.ci\/mrcn\/wp-content\/uploads\/2023\/03\/IMG-20230313-WA0016.jpg 1080w\" sizes=\"auto, (max-width: 1024px) 100vw, 1024px\" \/><\/figure>\n\n\n\n<p>Monsieur KOUADIO Konan Bertin, Ministre de la R\u00e9conciliation et de la Coh\u00e9sion Nationale a re\u00e7u en audience la plateforme des Organisations de la Soci\u00e9t\u00e9 Civile et ledit minist\u00e8re \u00e0 son cabinet sis \u00e0 la Cit\u00e9 administrative du Plateau lundi 13 mars 2023.<\/p>\n\n\n\n<p>Lors de son intervention liminaire, le Patron dudit d\u00e9partement minist\u00e9riel a salu\u00e9 la pr\u00e9sence de ses h\u00f4tes qui sont de v\u00e9ritables collaborateurs dans la consolidation de la Paix par le dialogue en C\u00f4te d\u2019Ivoire. \u2018\u2019Gr\u00e2ce donc \u00e0 la synergie d\u2019action, la paix est de retour en C\u00f4te d\u2019Ivoire avec pour v\u00e9ritable architecte, le Pr\u00e9sident de la R\u00e9publique\u2019\u2019 a-t- il relat\u00e9.<\/p>\n\n\n\n<p>Pour illustrer ses dires, KOUADIO Konan Bertin a rappel\u00e9 les efforts de paix qui ont engendr\u00e9 le retour des exil\u00e9s dont les plus illustres sont l\u2019ancien Pr\u00e9sident ivoirien de la R\u00e9publique Laurent Gbagbo et Charles Bl\u00e9 Goud\u00e9, Pr\u00e9sident de COJEP (Alliance des Jeunes Patriotes pour le Sursaut National).<\/p>\n\n\n\n<p>Aussi, le Pr\u00e9sident Alassane Ouattara a r\u00e9habilit\u00e9 dans la dignit\u00e9, avec une prise en charge compl\u00e8te, les 49 corps exhum\u00e9s des victimes du Cavally des crises post-\u00e9lectorales de 2010 et 2011 pour n\u00e9cessit\u00e9 d\u2019enqu\u00eate en les remettant \u00e0 leurs familles.<\/p>\n\n\n\n<p>A cela, il faut ajouter la construction du pays par le Chef de l\u2019Etat qui d\u00e9montre chaque jour que la paix est un pr\u00e9alable \u00e0 tout d\u00e9veloppement.<\/p>\n\n\n\n<p>Pour terminer, le Ministre leur a donn\u00e9 l\u2019assurance que leur plateforme sera associ\u00e9e aux activit\u00e9s du minist\u00e8re dont la mise en \u0153uvre du plan strat\u00e9gique du Minist\u00e8re de la R\u00e9conciliation et de la Coh\u00e9sion Nationale 2021-2025 et les prochaines journ\u00e9es Nationales de la Paix (JNP) dans le Gb\u00eak\u00ea le 15 novembre 2023.<\/p>\n\n\n\n<p>Pour monsieur Neth Willy Alexandre, Pr\u00e9sident de la LIDHO (Ligue Ivoirienne des Droits de l\u2019Homme), c\u2019est un sentiment de satisfaction d\u2019\u00e9changer avec les autorit\u00e9s sur des questions d\u2019int\u00e9r\u00eat national. Il regrette cependant que tr\u00e8s souvent ces organisations qui ont une approche collaborative soient accus\u00e9es d\u2019avoir une \u00e9tiquette politique : \u2018\u2019Nos organisations ont pour r\u00f4le d\u2019identifier les tares pour interpeller l\u2019Etat qui a la charge de garantir nos libert\u00e9s et notre s\u00e9curit\u00e9 afin d\u2019en prendre connaissance. Cela aussi d\u00e9montre que nous sommes sur la bonne voie\u2019\u2019.<\/p>\n\n\n\n<p>Ils repartent combl\u00e9s car ils ont rencontr\u00e9 un ministre qui est \u00e0 l\u2019\u00e9coute et qui a pris bonne note de leurs dol\u00e9ances sur des dossiers pendants \u00e0 la justice et l\u2019accompagnement de l\u2019Etat sur des projets communautaires \u00e0 Du\u00e9kou\u00e9, ville qui a abrit\u00e9 les JNP 2022 gr\u00e2ce aux financements des bailleurs de fonds.<\/p>\n\n\n\n<div class=\"wp-block-columns is-layout-flex wp-container-core-columns-is-layout-9d6595d7 wp-block-columns-is-layout-flex\">\n<div class=\"wp-block-column is-layout-flow wp-block-column-is-layout-flow\">\n<figure class=\"wp-block-image size-full\"><img loading=\"lazy\" decoding=\"async\" width=\"984\" height=\"656\" src=\"https:\/\/reconciliation.gouv.ci\/mrcn\/wp-content\/uploads\/2023\/03\/KKB-et-Societe-Civile-3.jpg\" alt=\"\" class=\"wp-image-9649\" srcset=\"https:\/\/reconciliation.gouv.ci\/mrcn\/wp-content\/uploads\/2023\/03\/KKB-et-Societe-Civile-3.jpg 984w, https:\/\/reconciliation.gouv.ci\/mrcn\/wp-content\/uploads\/2023\/03\/KKB-et-Societe-Civile-3-300x200.jpg 300w, https:\/\/reconciliation.gouv.ci\/mrcn\/wp-content\/uploads\/2023\/03\/KKB-et-Societe-Civile-3-768x512.jpg 768w\" sizes=\"auto, (max-width: 984px) 100vw, 984px\" \/><\/figure>\n<\/div>\n\n\n\n<div class=\"wp-block-column is-layout-flow wp-block-column-is-layout-flow\">\n<figure class=\"wp-block-image size-large\"><img loading=\"lazy\" decoding=\"async\" width=\"1024\" height=\"683\" src=\"https:\/\/reconciliation.gouv.ci\/mrcn\/wp-content\/uploads\/2023\/03\/KKB-et-Societe-Civile-4-1024x683.jpg\" alt=\"\" class=\"wp-image-9650\" srcset=\"https:\/\/reconciliation.gouv.ci\/mrcn\/wp-content\/uploads\/2023\/03\/KKB-et-Societe-Civile-4-1024x683.jpg 1024w, https:\/\/reconciliation.gouv.ci\/mrcn\/wp-content\/uploads\/2023\/03\/KKB-et-Societe-Civile-4-300x200.jpg 300w, https:\/\/reconciliation.gouv.ci\/mrcn\/wp-content\/uploads\/2023\/03\/KKB-et-Societe-Civile-4-768x512.jpg 768w, https:\/\/reconciliation.gouv.ci\/mrcn\/wp-content\/uploads\/2023\/03\/KKB-et-Societe-Civile-4.jpg 1080w\" sizes=\"auto, (max-width: 1024px) 100vw, 1024px\" \/><\/figure>\n<\/div>\n\n\n\n<div class=\"wp-block-column is-layout-flow wp-block-column-is-layout-flow\">\n<figure class=\"wp-block-image size-large\"><img loading=\"lazy\" decoding=\"async\" width=\"1024\" height=\"683\" src=\"https:\/\/reconciliation.gouv.ci\/mrcn\/wp-content\/uploads\/2023\/03\/KKB-et-Societe-Civile-11-1024x683.jpg\" alt=\"\" class=\"wp-image-9632\" srcset=\"https:\/\/reconciliation.gouv.ci\/mrcn\/wp-content\/uploads\/2023\/03\/KKB-et-Societe-Civile-11-1024x683.jpg 1024w, https:\/\/reconciliation.gouv.ci\/mrcn\/wp-content\/uploads\/2023\/03\/KKB-et-Societe-Civile-11-300x200.jpg 300w, https:\/\/reconciliation.gouv.ci\/mrcn\/wp-content\/uploads\/2023\/03\/KKB-et-Societe-Civile-11-768x512.jpg 768w, https:\/\/reconciliation.gouv.ci\/mrcn\/wp-content\/uploads\/2023\/03\/KKB-et-Societe-Civile-11.jpg 1080w\" sizes=\"auto, (max-width: 1024px) 100vw, 1024px\" \/><\/figure>\n<\/div>\n<\/div>\n\n\n\n<div class=\"wp-block-columns is-layout-flex wp-container-core-columns-is-layout-9d6595d7 wp-block-columns-is-layout-flex\">\n<div class=\"wp-block-column is-layout-flow wp-block-column-is-layout-flow\">\n<figure class=\"wp-block-image size-large\"><img loading=\"lazy\" decoding=\"async\" width=\"1024\" height=\"683\" src=\"https:\/\/reconciliation.gouv.ci\/mrcn\/wp-content\/uploads\/2023\/03\/KKB-et-Societe-Civile-21-1024x683.jpg\" alt=\"\" class=\"wp-image-9643\" srcset=\"https:\/\/reconciliation.gouv.ci\/mrcn\/wp-content\/uploads\/2023\/03\/KKB-et-Societe-Civile-21-1024x683.jpg 1024w, https:\/\/reconciliation.gouv.ci\/mrcn\/wp-content\/uploads\/2023\/03\/KKB-et-Societe-Civile-21-300x200.jpg 300w, https:\/\/reconciliation.gouv.ci\/mrcn\/wp-content\/uploads\/2023\/03\/KKB-et-Societe-Civile-21-768x512.jpg 768w, https:\/\/reconciliation.gouv.ci\/mrcn\/wp-content\/uploads\/2023\/03\/KKB-et-Societe-Civile-21.jpg 1080w\" sizes=\"auto, (max-width: 1024px) 100vw, 1024px\" \/><\/figure>\n<\/div>\n\n\n\n<div class=\"wp-block-column is-layout-flow wp-block-column-is-layout-flow\">\n<figure class=\"wp-block-image size-large\"><img loading=\"lazy\" decoding=\"async\" width=\"1024\" height=\"683\" src=\"https:\/\/reconciliation.gouv.ci\/mrcn\/wp-content\/uploads\/2023\/03\/KKB-et-Societe-Civile-16-1024x683.jpg\" alt=\"\" class=\"wp-image-9637\" srcset=\"https:\/\/reconciliation.gouv.ci\/mrcn\/wp-content\/uploads\/2023\/03\/KKB-et-Societe-Civile-16-1024x683.jpg 1024w, https:\/\/reconciliation.gouv.ci\/mrcn\/wp-content\/uploads\/2023\/03\/KKB-et-Societe-Civile-16-300x200.jpg 300w, https:\/\/reconciliation.gouv.ci\/mrcn\/wp-content\/uploads\/2023\/03\/KKB-et-Societe-Civile-16-768x512.jpg 768w, https:\/\/reconciliation.gouv.ci\/mrcn\/wp-content\/uploads\/2023\/03\/KKB-et-Societe-Civile-16.jpg 1080w\" sizes=\"auto, (max-width: 1024px) 100vw, 1024px\" \/><\/figure>\n<\/div>\n\n\n\n<div class=\"wp-block-column is-layout-flow wp-block-column-is-layout-flow\">\n<figure class=\"wp-block-image size-large\"><img loading=\"lazy\" decoding=\"async\" width=\"1024\" height=\"683\" src=\"https:\/\/reconciliation.gouv.ci\/mrcn\/wp-content\/uploads\/2023\/03\/KKB-et-Societe-Civile-7-1024x683.jpg\" alt=\"\" class=\"wp-image-9628\" srcset=\"https:\/\/reconciliation.gouv.ci\/mrcn\/wp-content\/uploads\/2023\/03\/KKB-et-Societe-Civile-7-1024x683.jpg 1024w, https:\/\/reconciliation.gouv.ci\/mrcn\/wp-content\/uploads\/2023\/03\/KKB-et-Societe-Civile-7-300x200.jpg 300w, https:\/\/reconciliation.gouv.ci\/mrcn\/wp-content\/uploads\/2023\/03\/KKB-et-Societe-Civile-7-768x512.jpg 768w, https:\/\/reconciliation.gouv.ci\/mrcn\/wp-content\/uploads\/2023\/03\/KKB-et-Societe-Civile-7.jpg 1080w\" sizes=\"auto, (max-width: 1024px) 100vw, 1024px\" \/><\/figure>\n<\/div>\n<\/div>\n\n\n\n<div class=\"wp-block-columns is-layout-flex wp-container-core-columns-is-layout-9d6595d7 wp-block-columns-is-layout-flex\">\n<div class=\"wp-block-column is-layout-flow wp-block-column-is-layout-flow\">\n<figure class=\"wp-block-image size-large\"><img loading=\"lazy\" decoding=\"async\" width=\"1024\" height=\"683\" src=\"https:\/\/reconciliation.gouv.ci\/mrcn\/wp-content\/uploads\/2023\/03\/KKB-et-Societe-Civile-22-1024x683.jpg\" alt=\"\" class=\"wp-image-9644\" srcset=\"https:\/\/reconciliation.gouv.ci\/mrcn\/wp-content\/uploads\/2023\/03\/KKB-et-Societe-Civile-22-1024x683.jpg 1024w, https:\/\/reconciliation.gouv.ci\/mrcn\/wp-content\/uploads\/2023\/03\/KKB-et-Societe-Civile-22-300x200.jpg 300w, https:\/\/reconciliation.gouv.ci\/mrcn\/wp-content\/uploads\/2023\/03\/KKB-et-Societe-Civile-22-768x512.jpg 768w, https:\/\/reconciliation.gouv.ci\/mrcn\/wp-content\/uploads\/2023\/03\/KKB-et-Societe-Civile-22.jpg 1080w\" sizes=\"auto, (max-width: 1024px) 100vw, 1024px\" \/><\/figure>\n<\/div>\n\n\n\n<div class=\"wp-block-column is-layout-flow wp-block-column-is-layout-flow\">\n<figure class=\"wp-block-image size-large\"><img loading=\"lazy\" decoding=\"async\" width=\"1024\" height=\"683\" src=\"https:\/\/reconciliation.gouv.ci\/mrcn\/wp-content\/uploads\/2023\/03\/KKB-et-Societe-Civile-6-1024x683.jpg\" alt=\"\" class=\"wp-image-9627\" srcset=\"https:\/\/reconciliation.gouv.ci\/mrcn\/wp-content\/uploads\/2023\/03\/KKB-et-Societe-Civile-6-1024x683.jpg 1024w, https:\/\/reconciliation.gouv.ci\/mrcn\/wp-content\/uploads\/2023\/03\/KKB-et-Societe-Civile-6-300x200.jpg 300w, https:\/\/reconciliation.gouv.ci\/mrcn\/wp-content\/uploads\/2023\/03\/KKB-et-Societe-Civile-6-768x512.jpg 768w, https:\/\/reconciliation.gouv.ci\/mrcn\/wp-content\/uploads\/2023\/03\/KKB-et-Societe-Civile-6.jpg 1080w\" sizes=\"auto, (max-width: 1024px) 100vw, 1024px\" \/><\/figure>\n<\/div>\n\n\n\n<div class=\"wp-block-column is-layout-flow wp-block-column-is-layout-flow\">\n<figure class=\"wp-block-image size-large\"><img loading=\"lazy\" decoding=\"async\" width=\"1024\" height=\"683\" src=\"https:\/\/reconciliation.gouv.ci\/mrcn\/wp-content\/uploads\/2023\/03\/KKB-et-Societe-Civile-18-1024x683.jpg\" alt=\"\" class=\"wp-image-9640\" srcset=\"https:\/\/reconciliation.gouv.ci\/mrcn\/wp-content\/uploads\/2023\/03\/KKB-et-Societe-Civile-18-1024x683.jpg 1024w, https:\/\/reconciliation.gouv.ci\/mrcn\/wp-content\/uploads\/2023\/03\/KKB-et-Societe-Civile-18-300x200.jpg 300w, https:\/\/reconciliation.gouv.ci\/mrcn\/wp-content\/uploads\/2023\/03\/KKB-et-Societe-Civile-18-768x512.jpg 768w, https:\/\/reconciliation.gouv.ci\/mrcn\/wp-content\/uploads\/2023\/03\/KKB-et-Societe-Civile-18.jpg 1080w\" sizes=\"auto, (max-width: 1024px) 100vw, 1024px\" \/><\/figure>\n<\/div>\n<\/div>\n\n\n\n<div class=\"wp-block-columns is-layout-flex wp-container-core-columns-is-layout-9d6595d7 wp-block-columns-is-layout-flex\">\n<div class=\"wp-block-column is-layout-flow wp-block-column-is-layout-flow\">\n<figure class=\"wp-block-image size-large\"><img loading=\"lazy\" decoding=\"async\" width=\"1024\" height=\"683\" src=\"https:\/\/reconciliation.gouv.ci\/mrcn\/wp-content\/uploads\/2023\/03\/KKB-et-Societe-Civile-10-1024x683.jpg\" alt=\"\" class=\"wp-image-9631\" srcset=\"https:\/\/reconciliation.gouv.ci\/mrcn\/wp-content\/uploads\/2023\/03\/KKB-et-Societe-Civile-10-1024x683.jpg 1024w, https:\/\/reconciliation.gouv.ci\/mrcn\/wp-content\/uploads\/2023\/03\/KKB-et-Societe-Civile-10-300x200.jpg 300w, https:\/\/reconciliation.gouv.ci\/mrcn\/wp-content\/uploads\/2023\/03\/KKB-et-Societe-Civile-10-768x512.jpg 768w, https:\/\/reconciliation.gouv.ci\/mrcn\/wp-content\/uploads\/2023\/03\/KKB-et-Societe-Civile-10.jpg 1080w\" sizes=\"auto, (max-width: 1024px) 100vw, 1024px\" \/><\/figure>\n<\/div>\n\n\n\n<div class=\"wp-block-column is-layout-flow wp-block-column-is-layout-flow\">\n<figure class=\"wp-block-image size-large\"><img loading=\"lazy\" decoding=\"async\" width=\"1024\" height=\"683\" src=\"https:\/\/reconciliation.gouv.ci\/mrcn\/wp-content\/uploads\/2023\/03\/KKB-et-Societe-Civile-19-1024x683.jpg\" alt=\"\" class=\"wp-image-9641\" srcset=\"https:\/\/reconciliation.gouv.ci\/mrcn\/wp-content\/uploads\/2023\/03\/KKB-et-Societe-Civile-19-1024x683.jpg 1024w, https:\/\/reconciliation.gouv.ci\/mrcn\/wp-content\/uploads\/2023\/03\/KKB-et-Societe-Civile-19-300x200.jpg 300w, https:\/\/reconciliation.gouv.ci\/mrcn\/wp-content\/uploads\/2023\/03\/KKB-et-Societe-Civile-19-768x512.jpg 768w, https:\/\/reconciliation.gouv.ci\/mrcn\/wp-content\/uploads\/2023\/03\/KKB-et-Societe-Civile-19.jpg 1080w\" sizes=\"auto, (max-width: 1024px) 100vw, 1024px\" \/><\/figure>\n<\/div>\n\n\n\n<div class=\"wp-block-column is-layout-flow wp-block-column-is-layout-flow\">\n<figure class=\"wp-block-image size-large\"><img loading=\"lazy\" decoding=\"async\" width=\"1024\" height=\"683\" src=\"https:\/\/reconciliation.gouv.ci\/mrcn\/wp-content\/uploads\/2023\/03\/KKB-et-Societe-Civile-17-1-1024x683.jpg\" alt=\"\" class=\"wp-image-9639\" srcset=\"https:\/\/reconciliation.gouv.ci\/mrcn\/wp-content\/uploads\/2023\/03\/KKB-et-Societe-Civile-17-1-1024x683.jpg 1024w, https:\/\/reconciliation.gouv.ci\/mrcn\/wp-content\/uploads\/2023\/03\/KKB-et-Societe-Civile-17-1-300x200.jpg 300w, https:\/\/reconciliation.gouv.ci\/mrcn\/wp-content\/uploads\/2023\/03\/KKB-et-Societe-Civile-17-1-768x512.jpg 768w, https:\/\/reconciliation.gouv.ci\/mrcn\/wp-content\/uploads\/2023\/03\/KKB-et-Societe-Civile-17-1.jpg 1080w\" sizes=\"auto, (max-width: 1024px) 100vw, 1024px\" \/><\/figure>\n<\/div>\n<\/div>\n\n\n\n<div class=\"wp-block-columns is-layout-flex wp-container-core-columns-is-layout-9d6595d7 wp-block-columns-is-layout-flex\">\n<div class=\"wp-block-column is-layout-flow wp-block-column-is-layout-flow\">\n<figure class=\"wp-block-image size-large\"><img loading=\"lazy\" decoding=\"async\" width=\"1024\" height=\"683\" src=\"https:\/\/reconciliation.gouv.ci\/mrcn\/wp-content\/uploads\/2023\/03\/KKB-et-Societe-Civile-8-1024x683.jpg\" alt=\"\" class=\"wp-image-9629\" srcset=\"https:\/\/reconciliation.gouv.ci\/mrcn\/wp-content\/uploads\/2023\/03\/KKB-et-Societe-Civile-8-1024x683.jpg 1024w, https:\/\/reconciliation.gouv.ci\/mrcn\/wp-content\/uploads\/2023\/03\/KKB-et-Societe-Civile-8-300x200.jpg 300w, https:\/\/reconciliation.gouv.ci\/mrcn\/wp-content\/uploads\/2023\/03\/KKB-et-Societe-Civile-8-768x512.jpg 768w, https:\/\/reconciliation.gouv.ci\/mrcn\/wp-content\/uploads\/2023\/03\/KKB-et-Societe-Civile-8.jpg 1080w\" sizes=\"auto, (max-width: 1024px) 100vw, 1024px\" \/><\/figure>\n<\/div>\n\n\n\n<div class=\"wp-block-column is-layout-flow wp-block-column-is-layout-flow\">\n<figure class=\"wp-block-image size-large\"><img loading=\"lazy\" decoding=\"async\" width=\"1024\" height=\"683\" src=\"https:\/\/reconciliation.gouv.ci\/mrcn\/wp-content\/uploads\/2023\/03\/KKB-et-Societe-Civile-13-1024x683.jpg\" alt=\"\" class=\"wp-image-9634\" srcset=\"https:\/\/reconciliation.gouv.ci\/mrcn\/wp-content\/uploads\/2023\/03\/KKB-et-Societe-Civile-13-1024x683.jpg 1024w, https:\/\/reconciliation.gouv.ci\/mrcn\/wp-content\/uploads\/2023\/03\/KKB-et-Societe-Civile-13-300x200.jpg 300w, https:\/\/reconciliation.gouv.ci\/mrcn\/wp-content\/uploads\/2023\/03\/KKB-et-Societe-Civile-13-768x512.jpg 768w, https:\/\/reconciliation.gouv.ci\/mrcn\/wp-content\/uploads\/2023\/03\/KKB-et-Societe-Civile-13.jpg 1080w\" sizes=\"auto, (max-width: 1024px) 100vw, 1024px\" \/><\/figure>\n<\/div>\n\n\n\n<div class=\"wp-block-column is-layout-flow wp-block-column-is-layout-flow\">\n<figure class=\"wp-block-image size-large\"><img loading=\"lazy\" decoding=\"async\" width=\"1024\" height=\"683\" src=\"https:\/\/reconciliation.gouv.ci\/mrcn\/wp-content\/uploads\/2023\/03\/KKB-et-Societe-Civile-20-1024x683.jpg\" alt=\"\" class=\"wp-image-9642\" srcset=\"https:\/\/reconciliation.gouv.ci\/mrcn\/wp-content\/uploads\/2023\/03\/KKB-et-Societe-Civile-20-1024x683.jpg 1024w, https:\/\/reconciliation.gouv.ci\/mrcn\/wp-content\/uploads\/2023\/03\/KKB-et-Societe-Civile-20-300x200.jpg 300w, https:\/\/reconciliation.gouv.ci\/mrcn\/wp-content\/uploads\/2023\/03\/KKB-et-Societe-Civile-20-768x512.jpg 768w, https:\/\/reconciliation.gouv.ci\/mrcn\/wp-content\/uploads\/2023\/03\/KKB-et-Societe-Civile-20.jpg 1080w\" sizes=\"auto, (max-width: 1024px) 100vw, 1024px\" \/><\/figure>\n<\/div>\n<\/div>\n\n\n\n<div class=\"wp-block-columns is-layout-flex wp-container-core-columns-is-layout-9d6595d7 wp-block-columns-is-layout-flex\">\n<div class=\"wp-block-column is-layout-flow wp-block-column-is-layout-flow\">\n<figure class=\"wp-block-image size-large\"><img loading=\"lazy\" decoding=\"async\" width=\"1024\" height=\"683\" src=\"https:\/\/reconciliation.gouv.ci\/mrcn\/wp-content\/uploads\/2023\/03\/KKB-et-Societe-Civile-24-1024x683.jpg\" alt=\"\" class=\"wp-image-9646\" srcset=\"https:\/\/reconciliation.gouv.ci\/mrcn\/wp-content\/uploads\/2023\/03\/KKB-et-Societe-Civile-24-1024x683.jpg 1024w, https:\/\/reconciliation.gouv.ci\/mrcn\/wp-content\/uploads\/2023\/03\/KKB-et-Societe-Civile-24-300x200.jpg 300w, https:\/\/reconciliation.gouv.ci\/mrcn\/wp-content\/uploads\/2023\/03\/KKB-et-Societe-Civile-24-768x512.jpg 768w, https:\/\/reconciliation.gouv.ci\/mrcn\/wp-content\/uploads\/2023\/03\/KKB-et-Societe-Civile-24.jpg 1080w\" sizes=\"auto, (max-width: 1024px) 100vw, 1024px\" \/><\/figure>\n<\/div>\n\n\n\n<div class=\"wp-block-column is-layout-flow wp-block-column-is-layout-flow\">\n<figure class=\"wp-block-image size-large\"><img loading=\"lazy\" decoding=\"async\" width=\"1024\" height=\"683\" src=\"https:\/\/reconciliation.gouv.ci\/mrcn\/wp-content\/uploads\/2023\/03\/KKB-et-Societe-Civile-14-1024x683.jpg\" alt=\"\" class=\"wp-image-9635\" srcset=\"https:\/\/reconciliation.gouv.ci\/mrcn\/wp-content\/uploads\/2023\/03\/KKB-et-Societe-Civile-14-1024x683.jpg 1024w, https:\/\/reconciliation.gouv.ci\/mrcn\/wp-content\/uploads\/2023\/03\/KKB-et-Societe-Civile-14-300x200.jpg 300w, https:\/\/reconciliation.gouv.ci\/mrcn\/wp-content\/uploads\/2023\/03\/KKB-et-Societe-Civile-14-768x512.jpg 768w, https:\/\/reconciliation.gouv.ci\/mrcn\/wp-content\/uploads\/2023\/03\/KKB-et-Societe-Civile-14.jpg 1080w\" sizes=\"auto, (max-width: 1024px) 100vw, 1024px\" \/><\/figure>\n<\/div>\n\n\n\n<div class=\"wp-block-column is-layout-flow wp-block-column-is-layout-flow\">\n<figure class=\"wp-block-image size-large\"><img loading=\"lazy\" decoding=\"async\" width=\"1024\" height=\"683\" src=\"https:\/\/reconciliation.gouv.ci\/mrcn\/wp-content\/uploads\/2023\/03\/KKB-et-Societe-Civile-23-1024x683.jpg\" alt=\"\" class=\"wp-image-9645\" srcset=\"https:\/\/reconciliation.gouv.ci\/mrcn\/wp-content\/uploads\/2023\/03\/KKB-et-Societe-Civile-23-1024x683.jpg 1024w, https:\/\/reconciliation.gouv.ci\/mrcn\/wp-content\/uploads\/2023\/03\/KKB-et-Societe-Civile-23-300x200.jpg 300w, https:\/\/reconciliation.gouv.ci\/mrcn\/wp-content\/uploads\/2023\/03\/KKB-et-Societe-Civile-23-768x512.jpg 768w, https:\/\/reconciliation.gouv.ci\/mrcn\/wp-content\/uploads\/2023\/03\/KKB-et-Societe-Civile-23.jpg 1080w\" sizes=\"auto, (max-width: 1024px) 100vw, 1024px\" \/><\/figure>\n<\/div>\n<\/div>\n","protected":false},"excerpt":{"rendered":"<div class=\"pvc_clear\"><\/div>\n<p class=\"pvc_stats total_only \" data-element-id=\"9621\" style=\"\"><i class=\"pvc-stats-icon medium\" aria-hidden=\"true\"><svg aria-hidden=\"true\" focusable=\"false\" data-prefix=\"far\" data-icon=\"chart-bar\" role=\"img\" xmlns=\"http:\/\/www.w3.org\/2000\/svg\" viewBox=\"0 0 512 512\" class=\"svg-inline--fa fa-chart-bar fa-w-16 fa-2x\"><path fill=\"currentColor\" d=\"M396.8 352h22.4c6.4 0 12.8-6.4 12.8-12.8V108.8c0-6.4-6.4-12.8-12.8-12.8h-22.4c-6.4 0-12.8 6.4-12.8 12.8v230.4c0 6.4 6.4 12.8 12.8 12.8zm-192 0h22.4c6.4 0 12.8-6.4 12.8-12.8V140.8c0-6.4-6.4-12.8-12.8-12.8h-22.4c-6.4 0-12.8 6.4-12.8 12.8v198.4c0 6.4 6.4 12.8 12.8 12.8zm96 0h22.4c6.4 0 12.8-6.4 12.8-12.8V204.8c0-6.4-6.4-12.8-12.8-12.8h-22.4c-6.4 0-12.8 6.4-12.8 12.8v134.4c0 6.4 6.4 12.8 12.8 12.8zM496 400H48V80c0-8.84-7.16-16-16-16H16C7.16 64 0 71.16 0 80v336c0 17.67 14.33 32 32 32h464c8.84 0 16-7.16 16-16v-16c0-8.84-7.16-16-16-16zm-387.2-48h22.4c6.4 0 12.8-6.4 12.8-12.8v-70.4c0-6.4-6.4-12.8-12.8-12.8h-22.4c-6.4 0-12.8 6.4-12.8 12.8v70.4c0 6.4 6.4 12.8 12.8 12.8z\" class=\"\"><\/path><\/svg><\/i> &nbsp;1,614&nbsp;vues<\/p>\n<div class=\"pvc_clear\"><\/div>\n<p>&nbsp;1,614&nbsp;vues Monsieur KOUADIO Konan Bertin, Ministre de la R\u00e9conciliation et de la Coh\u00e9sion Nationale a re\u00e7u en audience la plateforme des Organisations de la Soci\u00e9t\u00e9 Civile et ledit minist\u00e8re \u00e0 son cabinet sis \u00e0 la Cit\u00e9 administrative du Plateau lundi 13 mars 2023. Lors de son intervention<\/p>\n","protected":false},"author":2,"featured_media":9623,"comment_status":"closed","ping_status":"open","sticky":false,"template":"","format":"standard","meta":{"footnotes":""},"categories":[39],"tags":[],"class_list":["post-9621","post","type-post","status-publish","format-standard","has-post-thumbnail","hentry","category-activites-ministere-slider"],"_links":{"self":[{"href":"https:\/\/reconciliation.gouv.ci\/mrcn\/index.php?rest_route=\/wp\/v2\/posts\/9621","targetHints":{"allow":["GET"]}}],"collection":[{"href":"https:\/\/reconciliation.gouv.ci\/mrcn\/index.php?rest_route=\/wp\/v2\/posts"}],"about":[{"href":"https:\/\/reconciliation.gouv.ci\/mrcn\/index.php?rest_route=\/wp\/v2\/types\/post"}],"author":[{"embeddable":true,"href":"https:\/\/reconciliation.gouv.ci\/mrcn\/index.php?rest_route=\/wp\/v2\/users\/2"}],"replies":[{"embeddable":true,"href":"https:\/\/reconciliation.gouv.ci\/mrcn\/index.php?rest_route=%2Fwp%2Fv2%2Fcomments&post=9621"}],"version-history":[{"count":2,"href":"https:\/\/reconciliation.gouv.ci\/mrcn\/index.php?rest_route=\/wp\/v2\/posts\/9621\/revisions"}],"predecessor-version":[{"id":9652,"href":"https:\/\/reconciliation.gouv.ci\/mrcn\/index.php?rest_route=\/wp\/v2\/posts\/9621\/revisions\/9652"}],"wp:featuredmedia":[{"embeddable":true,"href":"https:\/\/reconciliation.gouv.ci\/mrcn\/index.php?rest_route=\/wp\/v2\/media\/9623"}],"wp:attachment":[{"href":"https:\/\/reconciliation.gouv.ci\/mrcn\/index.php?rest_route=%2Fwp%2Fv2%2Fmedia&parent=9621"}],"wp:term":[{"taxonomy":"category","embeddable":true,"href":"https:\/\/reconciliation.gouv.ci\/mrcn\/index.php?rest_route=%2Fwp%2Fv2%2Fcategories&post=9621"},{"taxonomy":"post_tag","embeddable":true,"href":"https:\/\/reconciliation.gouv.ci\/mrcn\/index.php?rest_route=%2Fwp%2Fv2%2Ftags&post=9621"}],"curies":[{"name":"wp","href":"https:\/\/api.w.org\/{rel}","templated":true}]}}