{"id":9531,"date":"2023-03-07T15:54:13","date_gmt":"2023-03-07T14:54:13","guid":{"rendered":"https:\/\/reconciliation.gouv.ci\/mrcn\/?p=9531"},"modified":"2023-03-07T19:13:48","modified_gmt":"2023-03-07T18:13:48","slug":"paix-et-reconciliation-le-ministre-kkb-ouvre-un-atelier-de-formation-initie-a-adjame-sur-le-theme-jeunes-dadjame-la-paix-est-notre-candidat","status":"publish","type":"post","link":"https:\/\/reconciliation.gouv.ci\/mrcn\/?p=9531","title":{"rendered":"<strong>Paix et r\u00e9conciliation : Le Ministre KKB ouvre un atelier de formation initi\u00e9 \u00e0 Adjam\u00e9 sur le th\u00e8me : \u2018\u2019Jeunes d\u2019Adjam\u00e9 : la Paix est notre candidat\u2019\u2019<\/strong>"},"content":{"rendered":"<div class=\"pvc_clear\"><\/div><p class=\"pvc_stats total_only \" data-element-id=\"9531\" style=\"\"><i class=\"pvc-stats-icon medium\" aria-hidden=\"true\"><svg aria-hidden=\"true\" focusable=\"false\" data-prefix=\"far\" data-icon=\"chart-bar\" role=\"img\" xmlns=\"http:\/\/www.w3.org\/2000\/svg\" viewBox=\"0 0 512 512\" class=\"svg-inline--fa fa-chart-bar fa-w-16 fa-2x\"><path fill=\"currentColor\" d=\"M396.8 352h22.4c6.4 0 12.8-6.4 12.8-12.8V108.8c0-6.4-6.4-12.8-12.8-12.8h-22.4c-6.4 0-12.8 6.4-12.8 12.8v230.4c0 6.4 6.4 12.8 12.8 12.8zm-192 0h22.4c6.4 0 12.8-6.4 12.8-12.8V140.8c0-6.4-6.4-12.8-12.8-12.8h-22.4c-6.4 0-12.8 6.4-12.8 12.8v198.4c0 6.4 6.4 12.8 12.8 12.8zm96 0h22.4c6.4 0 12.8-6.4 12.8-12.8V204.8c0-6.4-6.4-12.8-12.8-12.8h-22.4c-6.4 0-12.8 6.4-12.8 12.8v134.4c0 6.4 6.4 12.8 12.8 12.8zM496 400H48V80c0-8.84-7.16-16-16-16H16C7.16 64 0 71.16 0 80v336c0 17.67 14.33 32 32 32h464c8.84 0 16-7.16 16-16v-16c0-8.84-7.16-16-16-16zm-387.2-48h22.4c6.4 0 12.8-6.4 12.8-12.8v-70.4c0-6.4-6.4-12.8-12.8-12.8h-22.4c-6.4 0-12.8 6.4-12.8 12.8v70.4c0 6.4 6.4 12.8 12.8 12.8z\" class=\"\"><\/path><\/svg><\/i> &nbsp;2,015&nbsp;vues<\/p><div class=\"pvc_clear\"><\/div>\n<figure class=\"wp-block-image size-large\"><img loading=\"lazy\" decoding=\"async\" width=\"1024\" height=\"684\" src=\"https:\/\/reconciliation.gouv.ci\/mrcn\/wp-content\/uploads\/2023\/03\/IMG-20230306-WA0040-1024x684.jpg\" alt=\"\" class=\"wp-image-9532\" srcset=\"https:\/\/reconciliation.gouv.ci\/mrcn\/wp-content\/uploads\/2023\/03\/IMG-20230306-WA0040-1024x684.jpg 1024w, https:\/\/reconciliation.gouv.ci\/mrcn\/wp-content\/uploads\/2023\/03\/IMG-20230306-WA0040-300x200.jpg 300w, https:\/\/reconciliation.gouv.ci\/mrcn\/wp-content\/uploads\/2023\/03\/IMG-20230306-WA0040-768x513.jpg 768w, https:\/\/reconciliation.gouv.ci\/mrcn\/wp-content\/uploads\/2023\/03\/IMG-20230306-WA0040-1536x1025.jpg 1536w, https:\/\/reconciliation.gouv.ci\/mrcn\/wp-content\/uploads\/2023\/03\/IMG-20230306-WA0040.jpg 1600w\" sizes=\"auto, (max-width: 1024px) 100vw, 1024px\" \/><\/figure>\n\n\n\n<p>Monsieur KOUADIO Konan Bertin a pr\u00e9sid\u00e9 un atelier de formation lundi 06 mars 2022 \u00e0 la salle des mariages de la Mairie d\u2019Adjam\u00e9.<\/p>\n\n\n\n<p>Cet atelier initi\u00e9 par monsieur SOUMAHORO Farikou, D\u00e9put\u00e9-Maire de la Commune d\u2019Adjam\u00e9 a pour\u00a0 th\u00e8me : \u2018\u2019Jeunes d\u2019Adjam\u00e9 : la Paix est notre candidat\u2018\u2019 .<\/p>\n\n\n\n<p>Il se tient les 6 et 7 mars 2023 suivi d\u2019une campagne de sensibilisation dans la commune : \u2019\u2019Dans quelques mois se tiendront les \u00e9lections municipales et r\u00e9gionales et durant cette p\u00e9riode les actes d&rsquo;intol\u00e9rance sont \u00e0 noter chez les jeunes. A cet effet, nous voulons donc les responsabiliser \u00e0 \u00eatre des acteurs de paix, de la r\u00e9conciliation pour faire de notre commune un havre de paix.\u2019\u2019 a fait savoir le premier magistrat de la Commune.<\/p>\n\n\n\n<p>Avant d\u2019ouvrir cet atelier, le Ministre KOUADIO Konan Bertin dit \u00eatre l\u00e0 pour soutenir\u00a0l&rsquo;initiative et encourager le Maire et le Conseil Municipal \u00e0 travers leur volont\u00e9 de pr\u00e9venir en p\u00e9riode d\u2019\u00e9lections les \u00e9ventualit\u00e9s de crises\u00a0 possibles en donnant la culture de non violence aux acteurs principaux que sont les jeunes.<\/p>\n\n\n\n<p>Sa satisfaction est d\u2019autant plus grande au regard de la qualit\u00e9 des personnes pr\u00e9sentes : \u2018\u2019C\u2019est un atelier consacr\u00e9 \u00e0 la jeunesse et ce qui est int\u00e9ressant ici c\u2019est la participation de l\u2019ensemble des Pr\u00e9sidents des jeunesses, des partis politiques dont le RHDP, le PDCI-RDA, le FPI et le PPA-CI. Ils doivent comprendre que la d\u00e9mocratie est un jeu. D\u00e9sormais, cela fait partie de notre vie politique. Elle doit s\u2019enrichir, elle doit se bonifier. Il faut que nous acceptions le droit \u00e0 la diff\u00e9rence et le fait d\u2019\u00eatre des partis politiques diff\u00e9rents ne fait pas de nous des ennemis. \u2018\u2019<\/p>\n\n\n\n<p>L\u2019honneur \u00e9choit donc au Pr\u00e9sident de la R\u00e9publique, le grand architecte de la paix retrouv\u00e9e selon ses dires qui depuis quelques temps gr\u00e2ce \u00e0 son leadership et sa vision pour la Cote d\u2019Ivoire.Cet atelier est \u00e9galement soutenu par madame Namizata SANGARE, Pr\u00e9sidente du Conseil National des Droits de l\u2019Homme (CNDH), Marraine de la c\u00e9r\u00e9monie qui se dit pr\u00eate \u00e0 accompagner le Minist\u00e8re dans sa politique de vulgarisation de cet atelier dans les autres communes du pays.<\/p>\n\n\n\n<div class=\"wp-block-columns is-layout-flex wp-container-core-columns-is-layout-9d6595d7 wp-block-columns-is-layout-flex\">\n<div class=\"wp-block-column is-layout-flow wp-block-column-is-layout-flow\">\n<figure class=\"wp-block-image size-large\"><img loading=\"lazy\" decoding=\"async\" width=\"1024\" height=\"684\" src=\"https:\/\/reconciliation.gouv.ci\/mrcn\/wp-content\/uploads\/2023\/03\/Atelier-initie-Adjame-2-1024x684.jpg\" alt=\"\" class=\"wp-image-9566\" srcset=\"https:\/\/reconciliation.gouv.ci\/mrcn\/wp-content\/uploads\/2023\/03\/Atelier-initie-Adjame-2-1024x684.jpg 1024w, https:\/\/reconciliation.gouv.ci\/mrcn\/wp-content\/uploads\/2023\/03\/Atelier-initie-Adjame-2-300x200.jpg 300w, https:\/\/reconciliation.gouv.ci\/mrcn\/wp-content\/uploads\/2023\/03\/Atelier-initie-Adjame-2-768x513.jpg 768w, https:\/\/reconciliation.gouv.ci\/mrcn\/wp-content\/uploads\/2023\/03\/Atelier-initie-Adjame-2-1536x1025.jpg 1536w, https:\/\/reconciliation.gouv.ci\/mrcn\/wp-content\/uploads\/2023\/03\/Atelier-initie-Adjame-2.jpg 1600w\" sizes=\"auto, (max-width: 1024px) 100vw, 1024px\" \/><\/figure>\n<\/div>\n\n\n\n<div class=\"wp-block-column is-layout-flow wp-block-column-is-layout-flow\">\n<figure class=\"wp-block-image size-large\"><img loading=\"lazy\" decoding=\"async\" width=\"1024\" height=\"684\" src=\"https:\/\/reconciliation.gouv.ci\/mrcn\/wp-content\/uploads\/2023\/03\/Atelier-initie-Adjame-3-1024x684.jpg\" alt=\"\" class=\"wp-image-9567\" srcset=\"https:\/\/reconciliation.gouv.ci\/mrcn\/wp-content\/uploads\/2023\/03\/Atelier-initie-Adjame-3-1024x684.jpg 1024w, https:\/\/reconciliation.gouv.ci\/mrcn\/wp-content\/uploads\/2023\/03\/Atelier-initie-Adjame-3-300x200.jpg 300w, https:\/\/reconciliation.gouv.ci\/mrcn\/wp-content\/uploads\/2023\/03\/Atelier-initie-Adjame-3-768x513.jpg 768w, https:\/\/reconciliation.gouv.ci\/mrcn\/wp-content\/uploads\/2023\/03\/Atelier-initie-Adjame-3-1536x1025.jpg 1536w, https:\/\/reconciliation.gouv.ci\/mrcn\/wp-content\/uploads\/2023\/03\/Atelier-initie-Adjame-3.jpg 1600w\" sizes=\"auto, (max-width: 1024px) 100vw, 1024px\" \/><\/figure>\n<\/div>\n\n\n\n<div class=\"wp-block-column is-layout-flow wp-block-column-is-layout-flow\">\n<figure class=\"wp-block-image size-large\"><img loading=\"lazy\" decoding=\"async\" width=\"1024\" height=\"684\" src=\"https:\/\/reconciliation.gouv.ci\/mrcn\/wp-content\/uploads\/2023\/03\/Atelier-initie-Adjame-5-1024x684.jpg\" alt=\"\" class=\"wp-image-9568\" srcset=\"https:\/\/reconciliation.gouv.ci\/mrcn\/wp-content\/uploads\/2023\/03\/Atelier-initie-Adjame-5-1024x684.jpg 1024w, https:\/\/reconciliation.gouv.ci\/mrcn\/wp-content\/uploads\/2023\/03\/Atelier-initie-Adjame-5-300x200.jpg 300w, https:\/\/reconciliation.gouv.ci\/mrcn\/wp-content\/uploads\/2023\/03\/Atelier-initie-Adjame-5-768x513.jpg 768w, https:\/\/reconciliation.gouv.ci\/mrcn\/wp-content\/uploads\/2023\/03\/Atelier-initie-Adjame-5-1536x1025.jpg 1536w, https:\/\/reconciliation.gouv.ci\/mrcn\/wp-content\/uploads\/2023\/03\/Atelier-initie-Adjame-5.jpg 1600w\" sizes=\"auto, (max-width: 1024px) 100vw, 1024px\" \/><\/figure>\n<\/div>\n<\/div>\n\n\n\n<div class=\"wp-block-columns is-layout-flex wp-container-core-columns-is-layout-9d6595d7 wp-block-columns-is-layout-flex\">\n<div class=\"wp-block-column is-layout-flow wp-block-column-is-layout-flow\">\n<figure class=\"wp-block-image size-large\"><img loading=\"lazy\" decoding=\"async\" width=\"1024\" height=\"684\" src=\"https:\/\/reconciliation.gouv.ci\/mrcn\/wp-content\/uploads\/2023\/03\/Atelier-initie-Adjame-6-1024x684.jpg\" alt=\"\" class=\"wp-image-9569\" srcset=\"https:\/\/reconciliation.gouv.ci\/mrcn\/wp-content\/uploads\/2023\/03\/Atelier-initie-Adjame-6-1024x684.jpg 1024w, https:\/\/reconciliation.gouv.ci\/mrcn\/wp-content\/uploads\/2023\/03\/Atelier-initie-Adjame-6-300x200.jpg 300w, https:\/\/reconciliation.gouv.ci\/mrcn\/wp-content\/uploads\/2023\/03\/Atelier-initie-Adjame-6-768x513.jpg 768w, https:\/\/reconciliation.gouv.ci\/mrcn\/wp-content\/uploads\/2023\/03\/Atelier-initie-Adjame-6-1536x1025.jpg 1536w, https:\/\/reconciliation.gouv.ci\/mrcn\/wp-content\/uploads\/2023\/03\/Atelier-initie-Adjame-6.jpg 1600w\" sizes=\"auto, (max-width: 1024px) 100vw, 1024px\" \/><\/figure>\n<\/div>\n\n\n\n<div class=\"wp-block-column is-layout-flow wp-block-column-is-layout-flow\">\n<figure class=\"wp-block-image size-large\"><img loading=\"lazy\" decoding=\"async\" width=\"1024\" height=\"684\" src=\"https:\/\/reconciliation.gouv.ci\/mrcn\/wp-content\/uploads\/2023\/03\/Atelier-initie-Adjame-19-1024x684.jpg\" alt=\"\" class=\"wp-image-9580\" srcset=\"https:\/\/reconciliation.gouv.ci\/mrcn\/wp-content\/uploads\/2023\/03\/Atelier-initie-Adjame-19-1024x684.jpg 1024w, https:\/\/reconciliation.gouv.ci\/mrcn\/wp-content\/uploads\/2023\/03\/Atelier-initie-Adjame-19-300x200.jpg 300w, https:\/\/reconciliation.gouv.ci\/mrcn\/wp-content\/uploads\/2023\/03\/Atelier-initie-Adjame-19-768x513.jpg 768w, https:\/\/reconciliation.gouv.ci\/mrcn\/wp-content\/uploads\/2023\/03\/Atelier-initie-Adjame-19-1536x1025.jpg 1536w, https:\/\/reconciliation.gouv.ci\/mrcn\/wp-content\/uploads\/2023\/03\/Atelier-initie-Adjame-19.jpg 1600w\" sizes=\"auto, (max-width: 1024px) 100vw, 1024px\" \/><\/figure>\n<\/div>\n\n\n\n<div class=\"wp-block-column is-layout-flow wp-block-column-is-layout-flow\">\n<figure class=\"wp-block-image size-large\"><img loading=\"lazy\" decoding=\"async\" width=\"1024\" height=\"684\" src=\"https:\/\/reconciliation.gouv.ci\/mrcn\/wp-content\/uploads\/2023\/03\/Atelier-initie-Adjame-7-1024x684.jpg\" alt=\"\" class=\"wp-image-9570\" srcset=\"https:\/\/reconciliation.gouv.ci\/mrcn\/wp-content\/uploads\/2023\/03\/Atelier-initie-Adjame-7-1024x684.jpg 1024w, https:\/\/reconciliation.gouv.ci\/mrcn\/wp-content\/uploads\/2023\/03\/Atelier-initie-Adjame-7-300x200.jpg 300w, https:\/\/reconciliation.gouv.ci\/mrcn\/wp-content\/uploads\/2023\/03\/Atelier-initie-Adjame-7-768x513.jpg 768w, https:\/\/reconciliation.gouv.ci\/mrcn\/wp-content\/uploads\/2023\/03\/Atelier-initie-Adjame-7-1536x1025.jpg 1536w, https:\/\/reconciliation.gouv.ci\/mrcn\/wp-content\/uploads\/2023\/03\/Atelier-initie-Adjame-7.jpg 1600w\" sizes=\"auto, (max-width: 1024px) 100vw, 1024px\" \/><\/figure>\n<\/div>\n<\/div>\n\n\n\n<div class=\"wp-block-columns is-layout-flex wp-container-core-columns-is-layout-9d6595d7 wp-block-columns-is-layout-flex\">\n<div class=\"wp-block-column is-layout-flow wp-block-column-is-layout-flow\">\n<figure class=\"wp-block-image size-large\"><img loading=\"lazy\" decoding=\"async\" width=\"1024\" height=\"684\" src=\"https:\/\/reconciliation.gouv.ci\/mrcn\/wp-content\/uploads\/2023\/03\/Atelier-initie-Adjame-8-1024x684.jpg\" alt=\"\" class=\"wp-image-9571\" srcset=\"https:\/\/reconciliation.gouv.ci\/mrcn\/wp-content\/uploads\/2023\/03\/Atelier-initie-Adjame-8-1024x684.jpg 1024w, https:\/\/reconciliation.gouv.ci\/mrcn\/wp-content\/uploads\/2023\/03\/Atelier-initie-Adjame-8-300x200.jpg 300w, https:\/\/reconciliation.gouv.ci\/mrcn\/wp-content\/uploads\/2023\/03\/Atelier-initie-Adjame-8-768x513.jpg 768w, https:\/\/reconciliation.gouv.ci\/mrcn\/wp-content\/uploads\/2023\/03\/Atelier-initie-Adjame-8-1536x1025.jpg 1536w, https:\/\/reconciliation.gouv.ci\/mrcn\/wp-content\/uploads\/2023\/03\/Atelier-initie-Adjame-8.jpg 1600w\" sizes=\"auto, (max-width: 1024px) 100vw, 1024px\" \/><\/figure>\n<\/div>\n\n\n\n<div class=\"wp-block-column is-layout-flow wp-block-column-is-layout-flow\">\n<figure class=\"wp-block-image size-large\"><img loading=\"lazy\" decoding=\"async\" width=\"1024\" height=\"684\" src=\"https:\/\/reconciliation.gouv.ci\/mrcn\/wp-content\/uploads\/2023\/03\/Atelier-initie-Adjame-9-1024x684.jpg\" alt=\"\" class=\"wp-image-9572\" srcset=\"https:\/\/reconciliation.gouv.ci\/mrcn\/wp-content\/uploads\/2023\/03\/Atelier-initie-Adjame-9-1024x684.jpg 1024w, https:\/\/reconciliation.gouv.ci\/mrcn\/wp-content\/uploads\/2023\/03\/Atelier-initie-Adjame-9-300x200.jpg 300w, https:\/\/reconciliation.gouv.ci\/mrcn\/wp-content\/uploads\/2023\/03\/Atelier-initie-Adjame-9-768x513.jpg 768w, https:\/\/reconciliation.gouv.ci\/mrcn\/wp-content\/uploads\/2023\/03\/Atelier-initie-Adjame-9-1536x1025.jpg 1536w, https:\/\/reconciliation.gouv.ci\/mrcn\/wp-content\/uploads\/2023\/03\/Atelier-initie-Adjame-9.jpg 1600w\" sizes=\"auto, (max-width: 1024px) 100vw, 1024px\" \/><\/figure>\n<\/div>\n\n\n\n<div class=\"wp-block-column is-layout-flow wp-block-column-is-layout-flow\">\n<figure class=\"wp-block-image size-large\"><img loading=\"lazy\" decoding=\"async\" width=\"1024\" height=\"684\" src=\"https:\/\/reconciliation.gouv.ci\/mrcn\/wp-content\/uploads\/2023\/03\/Atelier-initie-Adjame-10-1024x684.jpg\" alt=\"\" class=\"wp-image-9573\" srcset=\"https:\/\/reconciliation.gouv.ci\/mrcn\/wp-content\/uploads\/2023\/03\/Atelier-initie-Adjame-10-1024x684.jpg 1024w, https:\/\/reconciliation.gouv.ci\/mrcn\/wp-content\/uploads\/2023\/03\/Atelier-initie-Adjame-10-300x200.jpg 300w, https:\/\/reconciliation.gouv.ci\/mrcn\/wp-content\/uploads\/2023\/03\/Atelier-initie-Adjame-10-768x513.jpg 768w, https:\/\/reconciliation.gouv.ci\/mrcn\/wp-content\/uploads\/2023\/03\/Atelier-initie-Adjame-10-1536x1025.jpg 1536w, https:\/\/reconciliation.gouv.ci\/mrcn\/wp-content\/uploads\/2023\/03\/Atelier-initie-Adjame-10.jpg 1600w\" sizes=\"auto, (max-width: 1024px) 100vw, 1024px\" \/><\/figure>\n<\/div>\n<\/div>\n\n\n\n<div class=\"wp-block-columns is-layout-flex wp-container-core-columns-is-layout-9d6595d7 wp-block-columns-is-layout-flex\">\n<div class=\"wp-block-column is-layout-flow wp-block-column-is-layout-flow\">\n<figure class=\"wp-block-image size-large\"><img loading=\"lazy\" decoding=\"async\" width=\"1024\" height=\"684\" src=\"https:\/\/reconciliation.gouv.ci\/mrcn\/wp-content\/uploads\/2023\/03\/Atelier-initie-Adjame-15-1024x684.jpg\" alt=\"\" class=\"wp-image-9577\" srcset=\"https:\/\/reconciliation.gouv.ci\/mrcn\/wp-content\/uploads\/2023\/03\/Atelier-initie-Adjame-15-1024x684.jpg 1024w, https:\/\/reconciliation.gouv.ci\/mrcn\/wp-content\/uploads\/2023\/03\/Atelier-initie-Adjame-15-300x200.jpg 300w, https:\/\/reconciliation.gouv.ci\/mrcn\/wp-content\/uploads\/2023\/03\/Atelier-initie-Adjame-15-768x513.jpg 768w, https:\/\/reconciliation.gouv.ci\/mrcn\/wp-content\/uploads\/2023\/03\/Atelier-initie-Adjame-15-1536x1025.jpg 1536w, https:\/\/reconciliation.gouv.ci\/mrcn\/wp-content\/uploads\/2023\/03\/Atelier-initie-Adjame-15.jpg 1600w\" sizes=\"auto, (max-width: 1024px) 100vw, 1024px\" \/><\/figure>\n<\/div>\n\n\n\n<div class=\"wp-block-column is-layout-flow wp-block-column-is-layout-flow\">\n<figure class=\"wp-block-image size-large\"><img loading=\"lazy\" decoding=\"async\" width=\"1024\" height=\"684\" src=\"https:\/\/reconciliation.gouv.ci\/mrcn\/wp-content\/uploads\/2023\/03\/Atelier-initie-Adjame-16-1024x684.jpg\" alt=\"\" class=\"wp-image-9578\" srcset=\"https:\/\/reconciliation.gouv.ci\/mrcn\/wp-content\/uploads\/2023\/03\/Atelier-initie-Adjame-16-1024x684.jpg 1024w, https:\/\/reconciliation.gouv.ci\/mrcn\/wp-content\/uploads\/2023\/03\/Atelier-initie-Adjame-16-300x200.jpg 300w, https:\/\/reconciliation.gouv.ci\/mrcn\/wp-content\/uploads\/2023\/03\/Atelier-initie-Adjame-16-768x513.jpg 768w, https:\/\/reconciliation.gouv.ci\/mrcn\/wp-content\/uploads\/2023\/03\/Atelier-initie-Adjame-16-1536x1025.jpg 1536w, https:\/\/reconciliation.gouv.ci\/mrcn\/wp-content\/uploads\/2023\/03\/Atelier-initie-Adjame-16.jpg 1600w\" sizes=\"auto, (max-width: 1024px) 100vw, 1024px\" \/><\/figure>\n<\/div>\n\n\n\n<div class=\"wp-block-column is-layout-flow wp-block-column-is-layout-flow\">\n<figure class=\"wp-block-image size-large\"><img loading=\"lazy\" decoding=\"async\" width=\"1024\" height=\"684\" src=\"https:\/\/reconciliation.gouv.ci\/mrcn\/wp-content\/uploads\/2023\/03\/Atelier-initie-Adjame-18-1024x684.jpg\" alt=\"\" class=\"wp-image-9579\" srcset=\"https:\/\/reconciliation.gouv.ci\/mrcn\/wp-content\/uploads\/2023\/03\/Atelier-initie-Adjame-18-1024x684.jpg 1024w, https:\/\/reconciliation.gouv.ci\/mrcn\/wp-content\/uploads\/2023\/03\/Atelier-initie-Adjame-18-300x200.jpg 300w, https:\/\/reconciliation.gouv.ci\/mrcn\/wp-content\/uploads\/2023\/03\/Atelier-initie-Adjame-18-768x513.jpg 768w, https:\/\/reconciliation.gouv.ci\/mrcn\/wp-content\/uploads\/2023\/03\/Atelier-initie-Adjame-18-1536x1025.jpg 1536w, https:\/\/reconciliation.gouv.ci\/mrcn\/wp-content\/uploads\/2023\/03\/Atelier-initie-Adjame-18.jpg 1600w\" sizes=\"auto, (max-width: 1024px) 100vw, 1024px\" \/><\/figure>\n<\/div>\n<\/div>\n\n\n\n<div class=\"wp-block-columns is-layout-flex wp-container-core-columns-is-layout-9d6595d7 wp-block-columns-is-layout-flex\">\n<div class=\"wp-block-column is-layout-flow wp-block-column-is-layout-flow\">\n<figure class=\"wp-block-image size-large\"><img loading=\"lazy\" decoding=\"async\" width=\"1024\" height=\"684\" src=\"https:\/\/reconciliation.gouv.ci\/mrcn\/wp-content\/uploads\/2023\/03\/Atelier-initie-Adjame-22-1024x684.jpg\" alt=\"\" class=\"wp-image-9582\" srcset=\"https:\/\/reconciliation.gouv.ci\/mrcn\/wp-content\/uploads\/2023\/03\/Atelier-initie-Adjame-22-1024x684.jpg 1024w, https:\/\/reconciliation.gouv.ci\/mrcn\/wp-content\/uploads\/2023\/03\/Atelier-initie-Adjame-22-300x200.jpg 300w, https:\/\/reconciliation.gouv.ci\/mrcn\/wp-content\/uploads\/2023\/03\/Atelier-initie-Adjame-22-768x513.jpg 768w, https:\/\/reconciliation.gouv.ci\/mrcn\/wp-content\/uploads\/2023\/03\/Atelier-initie-Adjame-22-1536x1025.jpg 1536w, https:\/\/reconciliation.gouv.ci\/mrcn\/wp-content\/uploads\/2023\/03\/Atelier-initie-Adjame-22.jpg 1600w\" sizes=\"auto, (max-width: 1024px) 100vw, 1024px\" \/><\/figure>\n<\/div>\n\n\n\n<div class=\"wp-block-column is-layout-flow wp-block-column-is-layout-flow\">\n<figure class=\"wp-block-image size-large\"><img loading=\"lazy\" decoding=\"async\" width=\"1024\" height=\"684\" src=\"https:\/\/reconciliation.gouv.ci\/mrcn\/wp-content\/uploads\/2023\/03\/Atelier-initie-Adjame-11-1024x684.jpg\" alt=\"\" class=\"wp-image-9574\" srcset=\"https:\/\/reconciliation.gouv.ci\/mrcn\/wp-content\/uploads\/2023\/03\/Atelier-initie-Adjame-11-1024x684.jpg 1024w, https:\/\/reconciliation.gouv.ci\/mrcn\/wp-content\/uploads\/2023\/03\/Atelier-initie-Adjame-11-300x200.jpg 300w, https:\/\/reconciliation.gouv.ci\/mrcn\/wp-content\/uploads\/2023\/03\/Atelier-initie-Adjame-11-768x513.jpg 768w, https:\/\/reconciliation.gouv.ci\/mrcn\/wp-content\/uploads\/2023\/03\/Atelier-initie-Adjame-11-1536x1025.jpg 1536w, https:\/\/reconciliation.gouv.ci\/mrcn\/wp-content\/uploads\/2023\/03\/Atelier-initie-Adjame-11.jpg 1600w\" sizes=\"auto, (max-width: 1024px) 100vw, 1024px\" \/><\/figure>\n<\/div>\n\n\n\n<div class=\"wp-block-column is-layout-flow wp-block-column-is-layout-flow\">\n<figure class=\"wp-block-image size-large\"><img loading=\"lazy\" decoding=\"async\" width=\"1024\" height=\"682\" src=\"https:\/\/reconciliation.gouv.ci\/mrcn\/wp-content\/uploads\/2023\/03\/Atelier-initie-Adjame-12-1024x682.jpg\" alt=\"\" class=\"wp-image-9575\" srcset=\"https:\/\/reconciliation.gouv.ci\/mrcn\/wp-content\/uploads\/2023\/03\/Atelier-initie-Adjame-12-1024x682.jpg 1024w, https:\/\/reconciliation.gouv.ci\/mrcn\/wp-content\/uploads\/2023\/03\/Atelier-initie-Adjame-12-300x200.jpg 300w, https:\/\/reconciliation.gouv.ci\/mrcn\/wp-content\/uploads\/2023\/03\/Atelier-initie-Adjame-12-768x512.jpg 768w, https:\/\/reconciliation.gouv.ci\/mrcn\/wp-content\/uploads\/2023\/03\/Atelier-initie-Adjame-12-1536x1023.jpg 1536w, https:\/\/reconciliation.gouv.ci\/mrcn\/wp-content\/uploads\/2023\/03\/Atelier-initie-Adjame-12.jpg 1600w\" sizes=\"auto, (max-width: 1024px) 100vw, 1024px\" \/><\/figure>\n<\/div>\n<\/div>\n\n\n\n<div class=\"wp-block-columns is-layout-flex wp-container-core-columns-is-layout-9d6595d7 wp-block-columns-is-layout-flex\">\n<div class=\"wp-block-column is-layout-flow wp-block-column-is-layout-flow\">\n<figure class=\"wp-block-image size-large\"><img loading=\"lazy\" decoding=\"async\" width=\"1024\" height=\"684\" src=\"https:\/\/reconciliation.gouv.ci\/mrcn\/wp-content\/uploads\/2023\/03\/Atelier-initie-Adjame-14-1024x684.jpg\" alt=\"\" class=\"wp-image-9576\" srcset=\"https:\/\/reconciliation.gouv.ci\/mrcn\/wp-content\/uploads\/2023\/03\/Atelier-initie-Adjame-14-1024x684.jpg 1024w, https:\/\/reconciliation.gouv.ci\/mrcn\/wp-content\/uploads\/2023\/03\/Atelier-initie-Adjame-14-300x200.jpg 300w, https:\/\/reconciliation.gouv.ci\/mrcn\/wp-content\/uploads\/2023\/03\/Atelier-initie-Adjame-14-768x513.jpg 768w, https:\/\/reconciliation.gouv.ci\/mrcn\/wp-content\/uploads\/2023\/03\/Atelier-initie-Adjame-14-1536x1025.jpg 1536w, https:\/\/reconciliation.gouv.ci\/mrcn\/wp-content\/uploads\/2023\/03\/Atelier-initie-Adjame-14.jpg 1600w\" sizes=\"auto, (max-width: 1024px) 100vw, 1024px\" \/><\/figure>\n<\/div>\n\n\n\n<div class=\"wp-block-column is-layout-flow wp-block-column-is-layout-flow\">\n<figure class=\"wp-block-image size-large\"><img loading=\"lazy\" decoding=\"async\" width=\"1024\" height=\"684\" src=\"https:\/\/reconciliation.gouv.ci\/mrcn\/wp-content\/uploads\/2023\/03\/Atelier-initie-Adjame-20-1024x684.jpg\" alt=\"\" class=\"wp-image-9581\" srcset=\"https:\/\/reconciliation.gouv.ci\/mrcn\/wp-content\/uploads\/2023\/03\/Atelier-initie-Adjame-20-1024x684.jpg 1024w, https:\/\/reconciliation.gouv.ci\/mrcn\/wp-content\/uploads\/2023\/03\/Atelier-initie-Adjame-20-300x200.jpg 300w, https:\/\/reconciliation.gouv.ci\/mrcn\/wp-content\/uploads\/2023\/03\/Atelier-initie-Adjame-20-768x513.jpg 768w, https:\/\/reconciliation.gouv.ci\/mrcn\/wp-content\/uploads\/2023\/03\/Atelier-initie-Adjame-20-1536x1025.jpg 1536w, https:\/\/reconciliation.gouv.ci\/mrcn\/wp-content\/uploads\/2023\/03\/Atelier-initie-Adjame-20.jpg 1600w\" sizes=\"auto, (max-width: 1024px) 100vw, 1024px\" \/><\/figure>\n<\/div>\n\n\n\n<div class=\"wp-block-column is-layout-flow wp-block-column-is-layout-flow\">\n<figure class=\"wp-block-image size-large\"><img loading=\"lazy\" decoding=\"async\" width=\"1024\" height=\"684\" src=\"https:\/\/reconciliation.gouv.ci\/mrcn\/wp-content\/uploads\/2023\/03\/PHOTO-2023-03-06-17-08-10-1024x684.jpg\" alt=\"\" class=\"wp-image-9564\" srcset=\"https:\/\/reconciliation.gouv.ci\/mrcn\/wp-content\/uploads\/2023\/03\/PHOTO-2023-03-06-17-08-10-1024x684.jpg 1024w, https:\/\/reconciliation.gouv.ci\/mrcn\/wp-content\/uploads\/2023\/03\/PHOTO-2023-03-06-17-08-10-300x200.jpg 300w, https:\/\/reconciliation.gouv.ci\/mrcn\/wp-content\/uploads\/2023\/03\/PHOTO-2023-03-06-17-08-10-768x513.jpg 768w, https:\/\/reconciliation.gouv.ci\/mrcn\/wp-content\/uploads\/2023\/03\/PHOTO-2023-03-06-17-08-10-1536x1025.jpg 1536w, https:\/\/reconciliation.gouv.ci\/mrcn\/wp-content\/uploads\/2023\/03\/PHOTO-2023-03-06-17-08-10.jpg 1600w\" sizes=\"auto, (max-width: 1024px) 100vw, 1024px\" \/><\/figure>\n<\/div>\n<\/div>\n\n\n\n<div class=\"wp-block-columns is-layout-flex wp-container-core-columns-is-layout-9d6595d7 wp-block-columns-is-layout-flex\">\n<div class=\"wp-block-column is-layout-flow wp-block-column-is-layout-flow\">\n<figure class=\"wp-block-image size-large\"><img loading=\"lazy\" decoding=\"async\" width=\"1024\" height=\"684\" src=\"https:\/\/reconciliation.gouv.ci\/mrcn\/wp-content\/uploads\/2023\/03\/Atelier-initie-Adjame-28-1024x684.jpg\" alt=\"\" class=\"wp-image-9557\" srcset=\"https:\/\/reconciliation.gouv.ci\/mrcn\/wp-content\/uploads\/2023\/03\/Atelier-initie-Adjame-28-1024x684.jpg 1024w, https:\/\/reconciliation.gouv.ci\/mrcn\/wp-content\/uploads\/2023\/03\/Atelier-initie-Adjame-28-300x200.jpg 300w, https:\/\/reconciliation.gouv.ci\/mrcn\/wp-content\/uploads\/2023\/03\/Atelier-initie-Adjame-28-768x513.jpg 768w, https:\/\/reconciliation.gouv.ci\/mrcn\/wp-content\/uploads\/2023\/03\/Atelier-initie-Adjame-28-1536x1025.jpg 1536w, https:\/\/reconciliation.gouv.ci\/mrcn\/wp-content\/uploads\/2023\/03\/Atelier-initie-Adjame-28.jpg 1600w\" sizes=\"auto, (max-width: 1024px) 100vw, 1024px\" \/><\/figure>\n<\/div>\n\n\n\n<div class=\"wp-block-column is-layout-flow wp-block-column-is-layout-flow\">\n<figure class=\"wp-block-image size-large\"><img loading=\"lazy\" decoding=\"async\" width=\"1024\" height=\"684\" src=\"https:\/\/reconciliation.gouv.ci\/mrcn\/wp-content\/uploads\/2023\/03\/Atelier-initie-Adjame-25-1024x684.jpg\" alt=\"\" class=\"wp-image-9584\" srcset=\"https:\/\/reconciliation.gouv.ci\/mrcn\/wp-content\/uploads\/2023\/03\/Atelier-initie-Adjame-25-1024x684.jpg 1024w, https:\/\/reconciliation.gouv.ci\/mrcn\/wp-content\/uploads\/2023\/03\/Atelier-initie-Adjame-25-300x200.jpg 300w, https:\/\/reconciliation.gouv.ci\/mrcn\/wp-content\/uploads\/2023\/03\/Atelier-initie-Adjame-25-768x513.jpg 768w, https:\/\/reconciliation.gouv.ci\/mrcn\/wp-content\/uploads\/2023\/03\/Atelier-initie-Adjame-25-1536x1025.jpg 1536w, https:\/\/reconciliation.gouv.ci\/mrcn\/wp-content\/uploads\/2023\/03\/Atelier-initie-Adjame-25.jpg 1600w\" sizes=\"auto, (max-width: 1024px) 100vw, 1024px\" \/><\/figure>\n<\/div>\n\n\n\n<div class=\"wp-block-column is-layout-flow wp-block-column-is-layout-flow\">\n<figure class=\"wp-block-image size-large\"><img loading=\"lazy\" decoding=\"async\" width=\"1024\" height=\"684\" src=\"https:\/\/reconciliation.gouv.ci\/mrcn\/wp-content\/uploads\/2023\/03\/Atelier-initie-Adjame-27-1024x684.jpg\" alt=\"\" class=\"wp-image-9556\" srcset=\"https:\/\/reconciliation.gouv.ci\/mrcn\/wp-content\/uploads\/2023\/03\/Atelier-initie-Adjame-27-1024x684.jpg 1024w, https:\/\/reconciliation.gouv.ci\/mrcn\/wp-content\/uploads\/2023\/03\/Atelier-initie-Adjame-27-300x200.jpg 300w, https:\/\/reconciliation.gouv.ci\/mrcn\/wp-content\/uploads\/2023\/03\/Atelier-initie-Adjame-27-768x513.jpg 768w, https:\/\/reconciliation.gouv.ci\/mrcn\/wp-content\/uploads\/2023\/03\/Atelier-initie-Adjame-27-1536x1025.jpg 1536w, https:\/\/reconciliation.gouv.ci\/mrcn\/wp-content\/uploads\/2023\/03\/Atelier-initie-Adjame-27.jpg 1600w\" sizes=\"auto, (max-width: 1024px) 100vw, 1024px\" \/><\/figure>\n<\/div>\n<\/div>\n\n\n\n<div class=\"wp-block-columns is-layout-flex wp-container-core-columns-is-layout-9d6595d7 wp-block-columns-is-layout-flex\">\n<div class=\"wp-block-column is-layout-flow wp-block-column-is-layout-flow\">\n<figure class=\"wp-block-image size-large\"><img loading=\"lazy\" decoding=\"async\" width=\"1024\" height=\"684\" src=\"https:\/\/reconciliation.gouv.ci\/mrcn\/wp-content\/uploads\/2023\/03\/Atelier-initie-Adjame-29-1024x684.jpg\" alt=\"\" class=\"wp-image-9558\" srcset=\"https:\/\/reconciliation.gouv.ci\/mrcn\/wp-content\/uploads\/2023\/03\/Atelier-initie-Adjame-29-1024x684.jpg 1024w, https:\/\/reconciliation.gouv.ci\/mrcn\/wp-content\/uploads\/2023\/03\/Atelier-initie-Adjame-29-300x200.jpg 300w, https:\/\/reconciliation.gouv.ci\/mrcn\/wp-content\/uploads\/2023\/03\/Atelier-initie-Adjame-29-768x513.jpg 768w, https:\/\/reconciliation.gouv.ci\/mrcn\/wp-content\/uploads\/2023\/03\/Atelier-initie-Adjame-29-1536x1025.jpg 1536w, https:\/\/reconciliation.gouv.ci\/mrcn\/wp-content\/uploads\/2023\/03\/Atelier-initie-Adjame-29.jpg 1600w\" sizes=\"auto, (max-width: 1024px) 100vw, 1024px\" \/><\/figure>\n<\/div>\n\n\n\n<div class=\"wp-block-column is-layout-flow wp-block-column-is-layout-flow\">\n<figure class=\"wp-block-image size-large\"><img loading=\"lazy\" decoding=\"async\" width=\"1024\" height=\"684\" src=\"https:\/\/reconciliation.gouv.ci\/mrcn\/wp-content\/uploads\/2023\/03\/Atelier-initie-Adjame-31-1024x684.jpg\" alt=\"\" class=\"wp-image-9559\" srcset=\"https:\/\/reconciliation.gouv.ci\/mrcn\/wp-content\/uploads\/2023\/03\/Atelier-initie-Adjame-31-1024x684.jpg 1024w, https:\/\/reconciliation.gouv.ci\/mrcn\/wp-content\/uploads\/2023\/03\/Atelier-initie-Adjame-31-300x200.jpg 300w, https:\/\/reconciliation.gouv.ci\/mrcn\/wp-content\/uploads\/2023\/03\/Atelier-initie-Adjame-31-768x513.jpg 768w, https:\/\/reconciliation.gouv.ci\/mrcn\/wp-content\/uploads\/2023\/03\/Atelier-initie-Adjame-31-1536x1025.jpg 1536w, https:\/\/reconciliation.gouv.ci\/mrcn\/wp-content\/uploads\/2023\/03\/Atelier-initie-Adjame-31.jpg 1600w\" sizes=\"auto, (max-width: 1024px) 100vw, 1024px\" \/><\/figure>\n<\/div>\n\n\n\n<div class=\"wp-block-column is-layout-flow wp-block-column-is-layout-flow\">\n<figure class=\"wp-block-image size-large\"><img loading=\"lazy\" decoding=\"async\" width=\"1024\" height=\"684\" src=\"https:\/\/reconciliation.gouv.ci\/mrcn\/wp-content\/uploads\/2023\/03\/Atelier-initie-Adjame-32-1024x684.jpg\" alt=\"\" class=\"wp-image-9560\" srcset=\"https:\/\/reconciliation.gouv.ci\/mrcn\/wp-content\/uploads\/2023\/03\/Atelier-initie-Adjame-32-1024x684.jpg 1024w, https:\/\/reconciliation.gouv.ci\/mrcn\/wp-content\/uploads\/2023\/03\/Atelier-initie-Adjame-32-300x200.jpg 300w, https:\/\/reconciliation.gouv.ci\/mrcn\/wp-content\/uploads\/2023\/03\/Atelier-initie-Adjame-32-768x513.jpg 768w, https:\/\/reconciliation.gouv.ci\/mrcn\/wp-content\/uploads\/2023\/03\/Atelier-initie-Adjame-32-1536x1025.jpg 1536w, https:\/\/reconciliation.gouv.ci\/mrcn\/wp-content\/uploads\/2023\/03\/Atelier-initie-Adjame-32.jpg 1600w\" sizes=\"auto, (max-width: 1024px) 100vw, 1024px\" \/><\/figure>\n<\/div>\n<\/div>\n","protected":false},"excerpt":{"rendered":"<div class=\"pvc_clear\"><\/div>\n<p class=\"pvc_stats total_only \" data-element-id=\"9531\" style=\"\"><i class=\"pvc-stats-icon medium\" aria-hidden=\"true\"><svg aria-hidden=\"true\" focusable=\"false\" data-prefix=\"far\" data-icon=\"chart-bar\" role=\"img\" xmlns=\"http:\/\/www.w3.org\/2000\/svg\" viewBox=\"0 0 512 512\" class=\"svg-inline--fa fa-chart-bar fa-w-16 fa-2x\"><path fill=\"currentColor\" d=\"M396.8 352h22.4c6.4 0 12.8-6.4 12.8-12.8V108.8c0-6.4-6.4-12.8-12.8-12.8h-22.4c-6.4 0-12.8 6.4-12.8 12.8v230.4c0 6.4 6.4 12.8 12.8 12.8zm-192 0h22.4c6.4 0 12.8-6.4 12.8-12.8V140.8c0-6.4-6.4-12.8-12.8-12.8h-22.4c-6.4 0-12.8 6.4-12.8 12.8v198.4c0 6.4 6.4 12.8 12.8 12.8zm96 0h22.4c6.4 0 12.8-6.4 12.8-12.8V204.8c0-6.4-6.4-12.8-12.8-12.8h-22.4c-6.4 0-12.8 6.4-12.8 12.8v134.4c0 6.4 6.4 12.8 12.8 12.8zM496 400H48V80c0-8.84-7.16-16-16-16H16C7.16 64 0 71.16 0 80v336c0 17.67 14.33 32 32 32h464c8.84 0 16-7.16 16-16v-16c0-8.84-7.16-16-16-16zm-387.2-48h22.4c6.4 0 12.8-6.4 12.8-12.8v-70.4c0-6.4-6.4-12.8-12.8-12.8h-22.4c-6.4 0-12.8 6.4-12.8 12.8v70.4c0 6.4 6.4 12.8 12.8 12.8z\" class=\"\"><\/path><\/svg><\/i> &nbsp;2,015&nbsp;vues<\/p>\n<div class=\"pvc_clear\"><\/div>\n<p>&nbsp;2,015&nbsp;vues Monsieur KOUADIO Konan Bertin a pr\u00e9sid\u00e9 un atelier de formation lundi 06 mars 2022 \u00e0 la salle des mariages de la Mairie d\u2019Adjam\u00e9. Cet atelier initi\u00e9 par monsieur SOUMAHORO Farikou, D\u00e9put\u00e9-Maire de la Commune d\u2019Adjam\u00e9 a pour\u00a0 th\u00e8me : \u2018\u2019Jeunes d\u2019Adjam\u00e9 : la Paix est notre<\/p>\n","protected":false},"author":2,"featured_media":9534,"comment_status":"closed","ping_status":"open","sticky":false,"template":"","format":"standard","meta":{"footnotes":""},"categories":[39],"tags":[],"class_list":["post-9531","post","type-post","status-publish","format-standard","has-post-thumbnail","hentry","category-activites-ministere-slider"],"_links":{"self":[{"href":"https:\/\/reconciliation.gouv.ci\/mrcn\/index.php?rest_route=\/wp\/v2\/posts\/9531","targetHints":{"allow":["GET"]}}],"collection":[{"href":"https:\/\/reconciliation.gouv.ci\/mrcn\/index.php?rest_route=\/wp\/v2\/posts"}],"about":[{"href":"https:\/\/reconciliation.gouv.ci\/mrcn\/index.php?rest_route=\/wp\/v2\/types\/post"}],"author":[{"embeddable":true,"href":"https:\/\/reconciliation.gouv.ci\/mrcn\/index.php?rest_route=\/wp\/v2\/users\/2"}],"replies":[{"embeddable":true,"href":"https:\/\/reconciliation.gouv.ci\/mrcn\/index.php?rest_route=%2Fwp%2Fv2%2Fcomments&post=9531"}],"version-history":[{"count":2,"href":"https:\/\/reconciliation.gouv.ci\/mrcn\/index.php?rest_route=\/wp\/v2\/posts\/9531\/revisions"}],"predecessor-version":[{"id":9585,"href":"https:\/\/reconciliation.gouv.ci\/mrcn\/index.php?rest_route=\/wp\/v2\/posts\/9531\/revisions\/9585"}],"wp:featuredmedia":[{"embeddable":true,"href":"https:\/\/reconciliation.gouv.ci\/mrcn\/index.php?rest_route=\/wp\/v2\/media\/9534"}],"wp:attachment":[{"href":"https:\/\/reconciliation.gouv.ci\/mrcn\/index.php?rest_route=%2Fwp%2Fv2%2Fmedia&parent=9531"}],"wp:term":[{"taxonomy":"category","embeddable":true,"href":"https:\/\/reconciliation.gouv.ci\/mrcn\/index.php?rest_route=%2Fwp%2Fv2%2Fcategories&post=9531"},{"taxonomy":"post_tag","embeddable":true,"href":"https:\/\/reconciliation.gouv.ci\/mrcn\/index.php?rest_route=%2Fwp%2Fv2%2Ftags&post=9531"}],"curies":[{"name":"wp","href":"https:\/\/api.w.org\/{rel}","templated":true}]}}