{"id":9490,"date":"2023-03-06T11:24:32","date_gmt":"2023-03-06T10:24:32","guid":{"rendered":"https:\/\/reconciliation.gouv.ci\/mrcn\/?p=9490"},"modified":"2023-03-06T11:24:34","modified_gmt":"2023-03-06T10:24:34","slug":"le-ministre-kouadio-konan-bertin-apporte-sa-compassion-a-la-famille-du-defunt","status":"publish","type":"post","link":"https:\/\/reconciliation.gouv.ci\/mrcn\/?p=9490","title":{"rendered":"<strong>Le Ministre KOUADIO Konan Bertin apporte sa compassion \u00e0 la famille du d\u00e9funt<\/strong>"},"content":{"rendered":"<div class=\"pvc_clear\"><\/div><p class=\"pvc_stats total_only \" data-element-id=\"9490\" style=\"\"><i class=\"pvc-stats-icon medium\" aria-hidden=\"true\"><svg aria-hidden=\"true\" focusable=\"false\" data-prefix=\"far\" data-icon=\"chart-bar\" role=\"img\" xmlns=\"http:\/\/www.w3.org\/2000\/svg\" viewBox=\"0 0 512 512\" class=\"svg-inline--fa fa-chart-bar fa-w-16 fa-2x\"><path fill=\"currentColor\" d=\"M396.8 352h22.4c6.4 0 12.8-6.4 12.8-12.8V108.8c0-6.4-6.4-12.8-12.8-12.8h-22.4c-6.4 0-12.8 6.4-12.8 12.8v230.4c0 6.4 6.4 12.8 12.8 12.8zm-192 0h22.4c6.4 0 12.8-6.4 12.8-12.8V140.8c0-6.4-6.4-12.8-12.8-12.8h-22.4c-6.4 0-12.8 6.4-12.8 12.8v198.4c0 6.4 6.4 12.8 12.8 12.8zm96 0h22.4c6.4 0 12.8-6.4 12.8-12.8V204.8c0-6.4-6.4-12.8-12.8-12.8h-22.4c-6.4 0-12.8 6.4-12.8 12.8v134.4c0 6.4 6.4 12.8 12.8 12.8zM496 400H48V80c0-8.84-7.16-16-16-16H16C7.16 64 0 71.16 0 80v336c0 17.67 14.33 32 32 32h464c8.84 0 16-7.16 16-16v-16c0-8.84-7.16-16-16-16zm-387.2-48h22.4c6.4 0 12.8-6.4 12.8-12.8v-70.4c0-6.4-6.4-12.8-12.8-12.8h-22.4c-6.4 0-12.8 6.4-12.8 12.8v70.4c0 6.4 6.4 12.8 12.8 12.8z\" class=\"\"><\/path><\/svg><\/i> &nbsp;1,427&nbsp;vues<\/p><div class=\"pvc_clear\"><\/div>\n<figure class=\"wp-block-image size-large\"><img loading=\"lazy\" decoding=\"async\" width=\"1024\" height=\"558\" src=\"https:\/\/reconciliation.gouv.ci\/mrcn\/wp-content\/uploads\/2023\/03\/KKB-Cosrou-Dabou-1024x558.jpg\" alt=\"\" class=\"wp-image-9503\" srcset=\"https:\/\/reconciliation.gouv.ci\/mrcn\/wp-content\/uploads\/2023\/03\/KKB-Cosrou-Dabou-1024x558.jpg 1024w, https:\/\/reconciliation.gouv.ci\/mrcn\/wp-content\/uploads\/2023\/03\/KKB-Cosrou-Dabou-300x164.jpg 300w, https:\/\/reconciliation.gouv.ci\/mrcn\/wp-content\/uploads\/2023\/03\/KKB-Cosrou-Dabou-768x419.jpg 768w, https:\/\/reconciliation.gouv.ci\/mrcn\/wp-content\/uploads\/2023\/03\/KKB-Cosrou-Dabou.jpg 1060w\" sizes=\"auto, (max-width: 1024px) 100vw, 1024px\" \/><\/figure>\n\n\n\n<p>Le Ministre de la R\u00e9conciliation et la Coh\u00e9sion Nationale, KOUADIO Konan Bertin, s&rsquo;est rendu le samedi 4 mars dans le village de Cosrou (36 km de Dabou) pour prendre part \u00e0 l&rsquo;inhumation de Affi Ebi Fulgence, tu\u00e9 le 23 janvier, lors d&rsquo;une fusillade cons\u00e9cutive \u00e0 un conflit de terre.<\/p>\n\n\n\n<p>Tout commence \u00e0 la morgue de Dabou o\u00f9 le ministre est all\u00e9 s&rsquo;incliner sur la d\u00e9pouille. L&rsquo;atmosph\u00e8re \u00e9tait tr\u00e8s lourde surtout avec les pleurs des proches parents. C&rsquo;est donc une foule immense qui a accompagn\u00e9 le Ministre de la R\u00e9conciliation et la Coh\u00e9sion Nationale dans le village de Cosrou.<\/p>\n\n\n\n<p>Le chef du village, le g\u00e9n\u00e9ral Djaman Djama Albert \u00e9tait entour\u00e9 de l&rsquo;ensemble des chefs Adjoukrou ainsi qu&rsquo;une forte d\u00e9l\u00e9gation de t\u00eates couronn\u00e9es conduite par Nanan N&rsquo;Dori Joseph, coordinateur de la chambre des rois et chefs traditionnels de l&rsquo;Agn\u00e9by-Tiassa. Les pr\u00e9fets de Dabou et de Sikensi, les deux localit\u00e9s au c\u0153ur du conflit, \u00e9taient pr\u00e9sents.<\/p>\n\n\n\n<p>La douleur \u00e9tait palpable et les populations contiennent difficilement les meurtrissures de cette fusillade qui a fait 1 mort et 2 bless\u00e9s graves encore en soins intensifs \u00e0 Abidjan. \u00a0\u00bb Vous \u00eates venus essuyer nos larmes car notre douleur est grande. Mais sachez que nous sommes attaqu\u00e9s sur nos terres. Nos jeunes enfants sont en danger. Certes nous faisons confiance \u00e0 la justice, mais il faut que ces tueries cessent\u00a0\u00bb, signifie le porte-parole des patriarches du village.<\/p>\n\n\n\n<p>En r\u00e9ponse, le ministre KOUADIO Konan Bertin s&rsquo;est montr\u00e9 d&rsquo;abord incisif envers les auteurs de ce crime. \u00ab\u00a0Que ce soit la derni\u00e8re fois que quelqu&rsquo;un meurt de cette fa\u00e7on.<\/p>\n\n\n\n<p>En C\u00f4te d&rsquo;Ivoire le sang a trop coul\u00e9 ces derni\u00e8res ann\u00e9es\u00a0\u00bb, indique t-il. Mais il a salu\u00e9 l&rsquo;esprit du pardon et la dignit\u00e9 dont les populations de Cosrou ont fait preuve. \u00a0\u00bb Vous auriez pu \u00eatre habit\u00e9s par la vengeance. Mais vous \u00eates rest\u00e9s dignes. Vous avez montr\u00e9 \u00e0 la face de tous que nous formons un seul corps, que nous sommes des fr\u00e8res et des s\u0153urs. Je vous promets que cela n&rsquo;arrivera plus. Je vais revenir pour que nous puissions trouver des solutions \u00e0 ce conflit de terre qui n&rsquo;a que trop dur\u00e9. Nous devons savoir la v\u00e9rit\u00e9, savoir \u00e0 qui appartient r\u00e9ellement cette terre. C&rsquo;est le noeud de cette crise\u00a0\u00bb, a promis le ministre. Aussi a t-il remis une importante enveloppe \u00e0 la famille \u00e9plor\u00e9e ainsi qu&rsquo;\u00e0 la chefferie.<\/p>\n\n\n\n<p>Notons qu&rsquo;une importante d\u00e9l\u00e9gation d&rsquo;\u00e9missaires du ministre de la sant\u00e9, de l&rsquo;hygi\u00e8ne publique et de la couverture maladie universelle, Pierre Dimba, par ailleurs, le pr\u00e9sident du conseil r\u00e9gional de l&rsquo;Agn\u00e9by-Tiassa a fait \u00e9galement des dons de compassion au village. Le d\u00e9put\u00e9 de Dabou, Essis Emmanuel a \u00e9galement apport\u00e9 son soutien aux populations. Apr\u00e8s la messe de requiem, le corps de Affi Ebi Fulgence repose au cimeti\u00e8re du village.<\/p>\n\n\n\n<p>Il convient de signaler que le 23 janvier 2023, des heurts ont \u00e9clat\u00e9 entre des jeunes paysans de Cosrou (Dabou) et ceux de B\u00e9c\u00e9di (Sikensi) \u00e0 propos d&rsquo;une parcelle de terre dans le campement Aka Lambert. La fusillade qui s&rsquo;en est suivie a fait un tu\u00e9 par balles et deux bless\u00e9s graves tous du village de Cosrou. C&rsquo;est pour apaiser les esprits et \u00e9viter des affrontements que le ministre de la r\u00e9conciliation et de la coh\u00e9sion nationale a effectu\u00e9 cette mission \u00e0 Cosrou.<\/p>\n\n\n\n<div class=\"wp-block-columns is-layout-flex wp-container-core-columns-is-layout-9d6595d7 wp-block-columns-is-layout-flex\">\n<div class=\"wp-block-column is-layout-flow wp-block-column-is-layout-flow\">\n<figure class=\"wp-block-image size-large\"><img loading=\"lazy\" decoding=\"async\" width=\"1024\" height=\"683\" src=\"https:\/\/reconciliation.gouv.ci\/mrcn\/wp-content\/uploads\/2023\/03\/KKB-Cosrou-Dabou-2-1024x683.jpg\" alt=\"\" class=\"wp-image-9493\" srcset=\"https:\/\/reconciliation.gouv.ci\/mrcn\/wp-content\/uploads\/2023\/03\/KKB-Cosrou-Dabou-2-1024x683.jpg 1024w, https:\/\/reconciliation.gouv.ci\/mrcn\/wp-content\/uploads\/2023\/03\/KKB-Cosrou-Dabou-2-300x200.jpg 300w, https:\/\/reconciliation.gouv.ci\/mrcn\/wp-content\/uploads\/2023\/03\/KKB-Cosrou-Dabou-2-768x512.jpg 768w, https:\/\/reconciliation.gouv.ci\/mrcn\/wp-content\/uploads\/2023\/03\/KKB-Cosrou-Dabou-2.jpg 1080w\" sizes=\"auto, (max-width: 1024px) 100vw, 1024px\" \/><\/figure>\n<\/div>\n\n\n\n<div class=\"wp-block-column is-layout-flow wp-block-column-is-layout-flow\">\n<figure class=\"wp-block-image size-large\"><img loading=\"lazy\" decoding=\"async\" width=\"1024\" height=\"683\" src=\"https:\/\/reconciliation.gouv.ci\/mrcn\/wp-content\/uploads\/2023\/03\/KKB-Cosrou-Dabou-6-1024x683.jpg\" alt=\"\" class=\"wp-image-9497\" srcset=\"https:\/\/reconciliation.gouv.ci\/mrcn\/wp-content\/uploads\/2023\/03\/KKB-Cosrou-Dabou-6-1024x683.jpg 1024w, https:\/\/reconciliation.gouv.ci\/mrcn\/wp-content\/uploads\/2023\/03\/KKB-Cosrou-Dabou-6-300x200.jpg 300w, https:\/\/reconciliation.gouv.ci\/mrcn\/wp-content\/uploads\/2023\/03\/KKB-Cosrou-Dabou-6-768x512.jpg 768w, https:\/\/reconciliation.gouv.ci\/mrcn\/wp-content\/uploads\/2023\/03\/KKB-Cosrou-Dabou-6.jpg 1080w\" sizes=\"auto, (max-width: 1024px) 100vw, 1024px\" \/><\/figure>\n<\/div>\n\n\n\n<div class=\"wp-block-column is-layout-flow wp-block-column-is-layout-flow\">\n<figure class=\"wp-block-image size-large\"><img loading=\"lazy\" decoding=\"async\" width=\"1024\" height=\"683\" src=\"https:\/\/reconciliation.gouv.ci\/mrcn\/wp-content\/uploads\/2023\/03\/KKB-Cosrou-Dabou-7-1024x683.jpg\" alt=\"\" class=\"wp-image-9498\" srcset=\"https:\/\/reconciliation.gouv.ci\/mrcn\/wp-content\/uploads\/2023\/03\/KKB-Cosrou-Dabou-7-1024x683.jpg 1024w, https:\/\/reconciliation.gouv.ci\/mrcn\/wp-content\/uploads\/2023\/03\/KKB-Cosrou-Dabou-7-300x200.jpg 300w, https:\/\/reconciliation.gouv.ci\/mrcn\/wp-content\/uploads\/2023\/03\/KKB-Cosrou-Dabou-7-768x512.jpg 768w, https:\/\/reconciliation.gouv.ci\/mrcn\/wp-content\/uploads\/2023\/03\/KKB-Cosrou-Dabou-7.jpg 1080w\" sizes=\"auto, (max-width: 1024px) 100vw, 1024px\" \/><\/figure>\n<\/div>\n<\/div>\n\n\n\n<div class=\"wp-block-columns is-layout-flex wp-container-core-columns-is-layout-9d6595d7 wp-block-columns-is-layout-flex\">\n<div class=\"wp-block-column is-layout-flow wp-block-column-is-layout-flow\">\n<figure class=\"wp-block-image size-large\"><img loading=\"lazy\" decoding=\"async\" width=\"1024\" height=\"683\" src=\"https:\/\/reconciliation.gouv.ci\/mrcn\/wp-content\/uploads\/2023\/03\/KKB-Cosrou-Dabou-10-1024x683.jpg\" alt=\"\" class=\"wp-image-9501\" srcset=\"https:\/\/reconciliation.gouv.ci\/mrcn\/wp-content\/uploads\/2023\/03\/KKB-Cosrou-Dabou-10-1024x683.jpg 1024w, https:\/\/reconciliation.gouv.ci\/mrcn\/wp-content\/uploads\/2023\/03\/KKB-Cosrou-Dabou-10-300x200.jpg 300w, https:\/\/reconciliation.gouv.ci\/mrcn\/wp-content\/uploads\/2023\/03\/KKB-Cosrou-Dabou-10-768x512.jpg 768w, https:\/\/reconciliation.gouv.ci\/mrcn\/wp-content\/uploads\/2023\/03\/KKB-Cosrou-Dabou-10.jpg 1080w\" sizes=\"auto, (max-width: 1024px) 100vw, 1024px\" \/><\/figure>\n<\/div>\n\n\n\n<div class=\"wp-block-column is-layout-flow wp-block-column-is-layout-flow\">\n<figure class=\"wp-block-image size-large\"><img loading=\"lazy\" decoding=\"async\" width=\"1024\" height=\"683\" src=\"https:\/\/reconciliation.gouv.ci\/mrcn\/wp-content\/uploads\/2023\/03\/KKB-Cosrou-Dabou-3-1024x683.jpg\" alt=\"\" class=\"wp-image-9494\" srcset=\"https:\/\/reconciliation.gouv.ci\/mrcn\/wp-content\/uploads\/2023\/03\/KKB-Cosrou-Dabou-3-1024x683.jpg 1024w, https:\/\/reconciliation.gouv.ci\/mrcn\/wp-content\/uploads\/2023\/03\/KKB-Cosrou-Dabou-3-300x200.jpg 300w, https:\/\/reconciliation.gouv.ci\/mrcn\/wp-content\/uploads\/2023\/03\/KKB-Cosrou-Dabou-3-768x512.jpg 768w, https:\/\/reconciliation.gouv.ci\/mrcn\/wp-content\/uploads\/2023\/03\/KKB-Cosrou-Dabou-3.jpg 1080w\" sizes=\"auto, (max-width: 1024px) 100vw, 1024px\" \/><\/figure>\n<\/div>\n\n\n\n<div class=\"wp-block-column is-layout-flow wp-block-column-is-layout-flow\">\n<figure class=\"wp-block-image size-large\"><img loading=\"lazy\" decoding=\"async\" width=\"1024\" height=\"683\" src=\"https:\/\/reconciliation.gouv.ci\/mrcn\/wp-content\/uploads\/2023\/03\/KKB-Cosrou-Dabou-4-1024x683.jpg\" alt=\"\" class=\"wp-image-9495\" srcset=\"https:\/\/reconciliation.gouv.ci\/mrcn\/wp-content\/uploads\/2023\/03\/KKB-Cosrou-Dabou-4-1024x683.jpg 1024w, https:\/\/reconciliation.gouv.ci\/mrcn\/wp-content\/uploads\/2023\/03\/KKB-Cosrou-Dabou-4-300x200.jpg 300w, https:\/\/reconciliation.gouv.ci\/mrcn\/wp-content\/uploads\/2023\/03\/KKB-Cosrou-Dabou-4-768x512.jpg 768w, https:\/\/reconciliation.gouv.ci\/mrcn\/wp-content\/uploads\/2023\/03\/KKB-Cosrou-Dabou-4.jpg 1080w\" sizes=\"auto, (max-width: 1024px) 100vw, 1024px\" \/><\/figure>\n<\/div>\n<\/div>\n\n\n\n<div class=\"wp-block-columns is-layout-flex wp-container-core-columns-is-layout-9d6595d7 wp-block-columns-is-layout-flex\">\n<div class=\"wp-block-column is-layout-flow wp-block-column-is-layout-flow\">\n<figure class=\"wp-block-image size-large\"><img loading=\"lazy\" decoding=\"async\" width=\"1024\" height=\"683\" src=\"https:\/\/reconciliation.gouv.ci\/mrcn\/wp-content\/uploads\/2023\/03\/KKB-Cosrou-Dabou-8-1024x683.jpg\" alt=\"\" class=\"wp-image-9499\" srcset=\"https:\/\/reconciliation.gouv.ci\/mrcn\/wp-content\/uploads\/2023\/03\/KKB-Cosrou-Dabou-8-1024x683.jpg 1024w, https:\/\/reconciliation.gouv.ci\/mrcn\/wp-content\/uploads\/2023\/03\/KKB-Cosrou-Dabou-8-300x200.jpg 300w, https:\/\/reconciliation.gouv.ci\/mrcn\/wp-content\/uploads\/2023\/03\/KKB-Cosrou-Dabou-8-768x512.jpg 768w, https:\/\/reconciliation.gouv.ci\/mrcn\/wp-content\/uploads\/2023\/03\/KKB-Cosrou-Dabou-8.jpg 1080w\" sizes=\"auto, (max-width: 1024px) 100vw, 1024px\" \/><\/figure>\n<\/div>\n\n\n\n<div class=\"wp-block-column is-layout-flow wp-block-column-is-layout-flow\">\n<figure class=\"wp-block-image size-large\"><img loading=\"lazy\" decoding=\"async\" width=\"1024\" height=\"683\" src=\"https:\/\/reconciliation.gouv.ci\/mrcn\/wp-content\/uploads\/2023\/03\/KKB-Cosrou-Dabou-9-1024x683.jpg\" alt=\"\" class=\"wp-image-9500\" srcset=\"https:\/\/reconciliation.gouv.ci\/mrcn\/wp-content\/uploads\/2023\/03\/KKB-Cosrou-Dabou-9-1024x683.jpg 1024w, https:\/\/reconciliation.gouv.ci\/mrcn\/wp-content\/uploads\/2023\/03\/KKB-Cosrou-Dabou-9-300x200.jpg 300w, https:\/\/reconciliation.gouv.ci\/mrcn\/wp-content\/uploads\/2023\/03\/KKB-Cosrou-Dabou-9-768x512.jpg 768w, https:\/\/reconciliation.gouv.ci\/mrcn\/wp-content\/uploads\/2023\/03\/KKB-Cosrou-Dabou-9.jpg 1080w\" sizes=\"auto, (max-width: 1024px) 100vw, 1024px\" \/><\/figure>\n<\/div>\n<\/div>\n\n\n\n<div class=\"wp-block-columns is-layout-flex wp-container-core-columns-is-layout-9d6595d7 wp-block-columns-is-layout-flex\">\n<div class=\"wp-block-column is-layout-flow wp-block-column-is-layout-flow\">\n<figure class=\"wp-block-image size-large\"><img loading=\"lazy\" decoding=\"async\" width=\"1024\" height=\"683\" src=\"https:\/\/reconciliation.gouv.ci\/mrcn\/wp-content\/uploads\/2023\/03\/KKB-Cosrou-Dabou-5-1024x683.jpg\" alt=\"\" class=\"wp-image-9496\" srcset=\"https:\/\/reconciliation.gouv.ci\/mrcn\/wp-content\/uploads\/2023\/03\/KKB-Cosrou-Dabou-5-1024x683.jpg 1024w, https:\/\/reconciliation.gouv.ci\/mrcn\/wp-content\/uploads\/2023\/03\/KKB-Cosrou-Dabou-5-300x200.jpg 300w, https:\/\/reconciliation.gouv.ci\/mrcn\/wp-content\/uploads\/2023\/03\/KKB-Cosrou-Dabou-5-768x512.jpg 768w, https:\/\/reconciliation.gouv.ci\/mrcn\/wp-content\/uploads\/2023\/03\/KKB-Cosrou-Dabou-5.jpg 1080w\" sizes=\"auto, (max-width: 1024px) 100vw, 1024px\" \/><\/figure>\n<\/div>\n\n\n\n<div class=\"wp-block-column is-layout-flow wp-block-column-is-layout-flow\">\n<figure class=\"wp-block-image size-large\"><img loading=\"lazy\" decoding=\"async\" width=\"1024\" height=\"683\" src=\"https:\/\/reconciliation.gouv.ci\/mrcn\/wp-content\/uploads\/2023\/03\/KKB-Cosrou-Dabou-11-1024x683.jpg\" alt=\"\" class=\"wp-image-9502\" srcset=\"https:\/\/reconciliation.gouv.ci\/mrcn\/wp-content\/uploads\/2023\/03\/KKB-Cosrou-Dabou-11-1024x683.jpg 1024w, https:\/\/reconciliation.gouv.ci\/mrcn\/wp-content\/uploads\/2023\/03\/KKB-Cosrou-Dabou-11-300x200.jpg 300w, https:\/\/reconciliation.gouv.ci\/mrcn\/wp-content\/uploads\/2023\/03\/KKB-Cosrou-Dabou-11-768x512.jpg 768w, https:\/\/reconciliation.gouv.ci\/mrcn\/wp-content\/uploads\/2023\/03\/KKB-Cosrou-Dabou-11.jpg 1080w\" sizes=\"auto, (max-width: 1024px) 100vw, 1024px\" \/><\/figure>\n<\/div>\n<\/div>\n","protected":false},"excerpt":{"rendered":"<div class=\"pvc_clear\"><\/div>\n<p class=\"pvc_stats total_only \" data-element-id=\"9490\" style=\"\"><i class=\"pvc-stats-icon medium\" aria-hidden=\"true\"><svg aria-hidden=\"true\" focusable=\"false\" data-prefix=\"far\" data-icon=\"chart-bar\" role=\"img\" xmlns=\"http:\/\/www.w3.org\/2000\/svg\" viewBox=\"0 0 512 512\" class=\"svg-inline--fa fa-chart-bar fa-w-16 fa-2x\"><path fill=\"currentColor\" d=\"M396.8 352h22.4c6.4 0 12.8-6.4 12.8-12.8V108.8c0-6.4-6.4-12.8-12.8-12.8h-22.4c-6.4 0-12.8 6.4-12.8 12.8v230.4c0 6.4 6.4 12.8 12.8 12.8zm-192 0h22.4c6.4 0 12.8-6.4 12.8-12.8V140.8c0-6.4-6.4-12.8-12.8-12.8h-22.4c-6.4 0-12.8 6.4-12.8 12.8v198.4c0 6.4 6.4 12.8 12.8 12.8zm96 0h22.4c6.4 0 12.8-6.4 12.8-12.8V204.8c0-6.4-6.4-12.8-12.8-12.8h-22.4c-6.4 0-12.8 6.4-12.8 12.8v134.4c0 6.4 6.4 12.8 12.8 12.8zM496 400H48V80c0-8.84-7.16-16-16-16H16C7.16 64 0 71.16 0 80v336c0 17.67 14.33 32 32 32h464c8.84 0 16-7.16 16-16v-16c0-8.84-7.16-16-16-16zm-387.2-48h22.4c6.4 0 12.8-6.4 12.8-12.8v-70.4c0-6.4-6.4-12.8-12.8-12.8h-22.4c-6.4 0-12.8 6.4-12.8 12.8v70.4c0 6.4 6.4 12.8 12.8 12.8z\" class=\"\"><\/path><\/svg><\/i> &nbsp;1,427&nbsp;vues<\/p>\n<div class=\"pvc_clear\"><\/div>\n<p>&nbsp;1,427&nbsp;vues Le Ministre de la R\u00e9conciliation et la Coh\u00e9sion Nationale, KOUADIO Konan Bertin, s&rsquo;est rendu le samedi 4 mars dans le village de Cosrou (36 km de Dabou) pour prendre part \u00e0 l&rsquo;inhumation de Affi Ebi Fulgence, tu\u00e9 le 23 janvier, lors d&rsquo;une fusillade cons\u00e9cutive \u00e0 un<\/p>\n","protected":false},"author":1,"featured_media":9503,"comment_status":"closed","ping_status":"open","sticky":false,"template":"","format":"standard","meta":{"footnotes":""},"categories":[39],"tags":[],"class_list":["post-9490","post","type-post","status-publish","format-standard","has-post-thumbnail","hentry","category-activites-ministere-slider"],"_links":{"self":[{"href":"https:\/\/reconciliation.gouv.ci\/mrcn\/index.php?rest_route=\/wp\/v2\/posts\/9490","targetHints":{"allow":["GET"]}}],"collection":[{"href":"https:\/\/reconciliation.gouv.ci\/mrcn\/index.php?rest_route=\/wp\/v2\/posts"}],"about":[{"href":"https:\/\/reconciliation.gouv.ci\/mrcn\/index.php?rest_route=\/wp\/v2\/types\/post"}],"author":[{"embeddable":true,"href":"https:\/\/reconciliation.gouv.ci\/mrcn\/index.php?rest_route=\/wp\/v2\/users\/1"}],"replies":[{"embeddable":true,"href":"https:\/\/reconciliation.gouv.ci\/mrcn\/index.php?rest_route=%2Fwp%2Fv2%2Fcomments&post=9490"}],"version-history":[{"count":1,"href":"https:\/\/reconciliation.gouv.ci\/mrcn\/index.php?rest_route=\/wp\/v2\/posts\/9490\/revisions"}],"predecessor-version":[{"id":9504,"href":"https:\/\/reconciliation.gouv.ci\/mrcn\/index.php?rest_route=\/wp\/v2\/posts\/9490\/revisions\/9504"}],"wp:featuredmedia":[{"embeddable":true,"href":"https:\/\/reconciliation.gouv.ci\/mrcn\/index.php?rest_route=\/wp\/v2\/media\/9503"}],"wp:attachment":[{"href":"https:\/\/reconciliation.gouv.ci\/mrcn\/index.php?rest_route=%2Fwp%2Fv2%2Fmedia&parent=9490"}],"wp:term":[{"taxonomy":"category","embeddable":true,"href":"https:\/\/reconciliation.gouv.ci\/mrcn\/index.php?rest_route=%2Fwp%2Fv2%2Fcategories&post=9490"},{"taxonomy":"post_tag","embeddable":true,"href":"https:\/\/reconciliation.gouv.ci\/mrcn\/index.php?rest_route=%2Fwp%2Fv2%2Ftags&post=9490"}],"curies":[{"name":"wp","href":"https:\/\/api.w.org\/{rel}","templated":true}]}}