{"id":9483,"date":"2023-03-01T09:30:19","date_gmt":"2023-03-01T08:30:19","guid":{"rendered":"https:\/\/reconciliation.gouv.ci\/mrcn\/?p=9483"},"modified":"2023-03-06T13:37:43","modified_gmt":"2023-03-06T12:37:43","slug":"paix-et-reconciliation-apres-la-mission-de-kouadio-konan-bertin-en-allemagne-des-leaders-politiques-de-la-diaspora-ivoirienne-se-prononcent","status":"publish","type":"post","link":"https:\/\/reconciliation.gouv.ci\/mrcn\/?p=9483","title":{"rendered":"<strong>Paix et R\u00e9conciliation\/ Apr\u00e8s la mission de KOUADIO Konan Bertin en Allemagne : des leaders politiques de la diaspora ivoirienne se prononcent.<\/strong>"},"content":{"rendered":"<div class=\"pvc_clear\"><\/div><p class=\"pvc_stats total_only \" data-element-id=\"9483\" style=\"\"><i class=\"pvc-stats-icon medium\" aria-hidden=\"true\"><svg aria-hidden=\"true\" focusable=\"false\" data-prefix=\"far\" data-icon=\"chart-bar\" role=\"img\" xmlns=\"http:\/\/www.w3.org\/2000\/svg\" viewBox=\"0 0 512 512\" class=\"svg-inline--fa fa-chart-bar fa-w-16 fa-2x\"><path fill=\"currentColor\" d=\"M396.8 352h22.4c6.4 0 12.8-6.4 12.8-12.8V108.8c0-6.4-6.4-12.8-12.8-12.8h-22.4c-6.4 0-12.8 6.4-12.8 12.8v230.4c0 6.4 6.4 12.8 12.8 12.8zm-192 0h22.4c6.4 0 12.8-6.4 12.8-12.8V140.8c0-6.4-6.4-12.8-12.8-12.8h-22.4c-6.4 0-12.8 6.4-12.8 12.8v198.4c0 6.4 6.4 12.8 12.8 12.8zm96 0h22.4c6.4 0 12.8-6.4 12.8-12.8V204.8c0-6.4-6.4-12.8-12.8-12.8h-22.4c-6.4 0-12.8 6.4-12.8 12.8v134.4c0 6.4 6.4 12.8 12.8 12.8zM496 400H48V80c0-8.84-7.16-16-16-16H16C7.16 64 0 71.16 0 80v336c0 17.67 14.33 32 32 32h464c8.84 0 16-7.16 16-16v-16c0-8.84-7.16-16-16-16zm-387.2-48h22.4c6.4 0 12.8-6.4 12.8-12.8v-70.4c0-6.4-6.4-12.8-12.8-12.8h-22.4c-6.4 0-12.8 6.4-12.8 12.8v70.4c0 6.4 6.4 12.8 12.8 12.8z\" class=\"\"><\/path><\/svg><\/i> &nbsp;1,771&nbsp;vues<\/p><div class=\"pvc_clear\"><\/div>\n<figure class=\"wp-block-image size-large\"><img loading=\"lazy\" decoding=\"async\" width=\"1024\" height=\"768\" src=\"https:\/\/reconciliation.gouv.ci\/mrcn\/wp-content\/uploads\/2023\/03\/Leaders-politique-diaspora-allemande-1-1024x768.jpg\" alt=\"\" class=\"wp-image-9484\" srcset=\"https:\/\/reconciliation.gouv.ci\/mrcn\/wp-content\/uploads\/2023\/03\/Leaders-politique-diaspora-allemande-1-1024x768.jpg 1024w, https:\/\/reconciliation.gouv.ci\/mrcn\/wp-content\/uploads\/2023\/03\/Leaders-politique-diaspora-allemande-1-300x225.jpg 300w, https:\/\/reconciliation.gouv.ci\/mrcn\/wp-content\/uploads\/2023\/03\/Leaders-politique-diaspora-allemande-1-768x576.jpg 768w, https:\/\/reconciliation.gouv.ci\/mrcn\/wp-content\/uploads\/2023\/03\/Leaders-politique-diaspora-allemande-1.jpg 1080w\" sizes=\"auto, (max-width: 1024px) 100vw, 1024px\" \/><\/figure>\n\n\n\n<p>Pr\u00e9sent sur le sol allemand du 23 au 27 f\u00e9vrier 2023, le ministre charg\u00e9 de la R\u00e9conciliation et de la Coh\u00e9sion Nationale, KOUADIO Bertin Konan, a \u00e9chang\u00e9 avec ses compatriotes sur l&rsquo;\u00e9tat d&rsquo;avancement du processus de r\u00e9conciliation et de coh\u00e9sion nationale.<\/p>\n\n\n\n<p>Ces \u00e9changes qui ont eu lieu \u00e0 Berlin, Hambourg et Cologne ont rassembl\u00e9 les ivoiriens de toutes les sensibilit\u00e9s politiques, religieuses et de la soci\u00e9t\u00e9 civile autour d&rsquo;un id\u00e9al commun : la paix.<\/p>\n\n\n\n<p>Tous laissent entrevoir la parfaite adh\u00e9sion \u00e0 cette vision de paix du Chef de l&rsquo;Etat comme l&rsquo;exprime monsieur Raoul Laurent Kouyagnen\u00e9, repr\u00e9sentant du FPI : \u00a0\u00bb C&rsquo;est une bonne initiative que le gouvernement ait d\u00e9p\u00each\u00e9 quelqu&rsquo;un pour nous parler de la Paix. J&rsquo;ai aim\u00e9 son discours. C&rsquo;est un discours de rassemblement, de rapprochement\u00a0\u00bb. Idem pour monsieur Aboubakar Diakit\u00e9, responsable du RHDP : \u00ab\u00a0Nous avons cr\u00e9\u00e9 un conseil de sage dans lequel se trouvent toutes les sensibilit\u00e9s politiques, tous les responsables des associations communautaires qui f\u00e9d\u00e8rent tous les ivoiriens. Je pense qu&rsquo;on continuera toujours dans ce sens.\u00a0\u00bb.<\/p>\n\n\n\n<p>Le plus vieux parti le PDCI-RDA ne dira pas le contraire aux dires de son Secr\u00e9taire G\u00e9n\u00e9ral Laurent Gouane Bi : \u00ab\u00a0Nous avons beaucoup de projets. Le Ministre nous a dit qu&rsquo;avec nos projets, nous pouvons aller en C\u00f4te d&rsquo;Ivoire pour y investir. Donc, pour moi, c&rsquo;est d\u00e9j\u00e0 un bon pas.\u00a0\u00bb.<\/p>\n\n\n\n<div class=\"wp-block-columns is-layout-flex wp-container-core-columns-is-layout-9d6595d7 wp-block-columns-is-layout-flex\">\n<div class=\"wp-block-column is-layout-flow wp-block-column-is-layout-flow\">\n<figure class=\"wp-block-image size-large\"><img loading=\"lazy\" decoding=\"async\" width=\"1024\" height=\"768\" src=\"https:\/\/reconciliation.gouv.ci\/mrcn\/wp-content\/uploads\/2023\/03\/Leaders-politique-diaspora-allemande-2-1024x768.jpg\" alt=\"\" class=\"wp-image-9485\" srcset=\"https:\/\/reconciliation.gouv.ci\/mrcn\/wp-content\/uploads\/2023\/03\/Leaders-politique-diaspora-allemande-2-1024x768.jpg 1024w, https:\/\/reconciliation.gouv.ci\/mrcn\/wp-content\/uploads\/2023\/03\/Leaders-politique-diaspora-allemande-2-300x225.jpg 300w, https:\/\/reconciliation.gouv.ci\/mrcn\/wp-content\/uploads\/2023\/03\/Leaders-politique-diaspora-allemande-2-768x576.jpg 768w, https:\/\/reconciliation.gouv.ci\/mrcn\/wp-content\/uploads\/2023\/03\/Leaders-politique-diaspora-allemande-2.jpg 1080w\" sizes=\"auto, (max-width: 1024px) 100vw, 1024px\" \/><\/figure>\n<\/div>\n\n\n\n<div class=\"wp-block-column is-layout-flow wp-block-column-is-layout-flow\">\n<figure class=\"wp-block-image size-large\"><img loading=\"lazy\" decoding=\"async\" width=\"1024\" height=\"768\" src=\"https:\/\/reconciliation.gouv.ci\/mrcn\/wp-content\/uploads\/2023\/03\/Leaders-politique-diaspora-allemande-3-1024x768.jpg\" alt=\"\" class=\"wp-image-9486\" srcset=\"https:\/\/reconciliation.gouv.ci\/mrcn\/wp-content\/uploads\/2023\/03\/Leaders-politique-diaspora-allemande-3-1024x768.jpg 1024w, https:\/\/reconciliation.gouv.ci\/mrcn\/wp-content\/uploads\/2023\/03\/Leaders-politique-diaspora-allemande-3-300x225.jpg 300w, https:\/\/reconciliation.gouv.ci\/mrcn\/wp-content\/uploads\/2023\/03\/Leaders-politique-diaspora-allemande-3-768x576.jpg 768w, https:\/\/reconciliation.gouv.ci\/mrcn\/wp-content\/uploads\/2023\/03\/Leaders-politique-diaspora-allemande-3.jpg 1080w\" sizes=\"auto, (max-width: 1024px) 100vw, 1024px\" \/><\/figure>\n<\/div>\n<\/div>\n","protected":false},"excerpt":{"rendered":"<div class=\"pvc_clear\"><\/div>\n<p class=\"pvc_stats total_only \" data-element-id=\"9483\" style=\"\"><i class=\"pvc-stats-icon medium\" aria-hidden=\"true\"><svg aria-hidden=\"true\" focusable=\"false\" data-prefix=\"far\" data-icon=\"chart-bar\" role=\"img\" xmlns=\"http:\/\/www.w3.org\/2000\/svg\" viewBox=\"0 0 512 512\" class=\"svg-inline--fa fa-chart-bar fa-w-16 fa-2x\"><path fill=\"currentColor\" d=\"M396.8 352h22.4c6.4 0 12.8-6.4 12.8-12.8V108.8c0-6.4-6.4-12.8-12.8-12.8h-22.4c-6.4 0-12.8 6.4-12.8 12.8v230.4c0 6.4 6.4 12.8 12.8 12.8zm-192 0h22.4c6.4 0 12.8-6.4 12.8-12.8V140.8c0-6.4-6.4-12.8-12.8-12.8h-22.4c-6.4 0-12.8 6.4-12.8 12.8v198.4c0 6.4 6.4 12.8 12.8 12.8zm96 0h22.4c6.4 0 12.8-6.4 12.8-12.8V204.8c0-6.4-6.4-12.8-12.8-12.8h-22.4c-6.4 0-12.8 6.4-12.8 12.8v134.4c0 6.4 6.4 12.8 12.8 12.8zM496 400H48V80c0-8.84-7.16-16-16-16H16C7.16 64 0 71.16 0 80v336c0 17.67 14.33 32 32 32h464c8.84 0 16-7.16 16-16v-16c0-8.84-7.16-16-16-16zm-387.2-48h22.4c6.4 0 12.8-6.4 12.8-12.8v-70.4c0-6.4-6.4-12.8-12.8-12.8h-22.4c-6.4 0-12.8 6.4-12.8 12.8v70.4c0 6.4 6.4 12.8 12.8 12.8z\" class=\"\"><\/path><\/svg><\/i> &nbsp;1,771&nbsp;vues<\/p>\n<div class=\"pvc_clear\"><\/div>\n<p>&nbsp;1,771&nbsp;vues Pr\u00e9sent sur le sol allemand du 23 au 27 f\u00e9vrier 2023, le ministre charg\u00e9 de la R\u00e9conciliation et de la Coh\u00e9sion Nationale, KOUADIO Bertin Konan, a \u00e9chang\u00e9 avec ses compatriotes sur l&rsquo;\u00e9tat d&rsquo;avancement du processus de r\u00e9conciliation et de coh\u00e9sion nationale. Ces \u00e9changes qui ont eu<\/p>\n","protected":false},"author":1,"featured_media":9484,"comment_status":"closed","ping_status":"open","sticky":false,"template":"","format":"standard","meta":{"footnotes":""},"categories":[39],"tags":[],"class_list":["post-9483","post","type-post","status-publish","format-standard","has-post-thumbnail","hentry","category-activites-ministere-slider"],"_links":{"self":[{"href":"https:\/\/reconciliation.gouv.ci\/mrcn\/index.php?rest_route=\/wp\/v2\/posts\/9483","targetHints":{"allow":["GET"]}}],"collection":[{"href":"https:\/\/reconciliation.gouv.ci\/mrcn\/index.php?rest_route=\/wp\/v2\/posts"}],"about":[{"href":"https:\/\/reconciliation.gouv.ci\/mrcn\/index.php?rest_route=\/wp\/v2\/types\/post"}],"author":[{"embeddable":true,"href":"https:\/\/reconciliation.gouv.ci\/mrcn\/index.php?rest_route=\/wp\/v2\/users\/1"}],"replies":[{"embeddable":true,"href":"https:\/\/reconciliation.gouv.ci\/mrcn\/index.php?rest_route=%2Fwp%2Fv2%2Fcomments&post=9483"}],"version-history":[{"count":4,"href":"https:\/\/reconciliation.gouv.ci\/mrcn\/index.php?rest_route=\/wp\/v2\/posts\/9483\/revisions"}],"predecessor-version":[{"id":9524,"href":"https:\/\/reconciliation.gouv.ci\/mrcn\/index.php?rest_route=\/wp\/v2\/posts\/9483\/revisions\/9524"}],"wp:featuredmedia":[{"embeddable":true,"href":"https:\/\/reconciliation.gouv.ci\/mrcn\/index.php?rest_route=\/wp\/v2\/media\/9484"}],"wp:attachment":[{"href":"https:\/\/reconciliation.gouv.ci\/mrcn\/index.php?rest_route=%2Fwp%2Fv2%2Fmedia&parent=9483"}],"wp:term":[{"taxonomy":"category","embeddable":true,"href":"https:\/\/reconciliation.gouv.ci\/mrcn\/index.php?rest_route=%2Fwp%2Fv2%2Fcategories&post=9483"},{"taxonomy":"post_tag","embeddable":true,"href":"https:\/\/reconciliation.gouv.ci\/mrcn\/index.php?rest_route=%2Fwp%2Fv2%2Ftags&post=9483"}],"curies":[{"name":"wp","href":"https:\/\/api.w.org\/{rel}","templated":true}]}}