{"id":9467,"date":"2023-03-01T09:16:10","date_gmt":"2023-03-01T08:16:10","guid":{"rendered":"https:\/\/reconciliation.gouv.ci\/mrcn\/?p=9467"},"modified":"2023-03-01T09:17:17","modified_gmt":"2023-03-01T08:17:17","slug":"paix-et-reconciliation-le-ministre-kouadio-bertin-konan-echange-avec-la-diaspora-ivoirienne-en-allemagne","status":"publish","type":"post","link":"https:\/\/reconciliation.gouv.ci\/mrcn\/?p=9467","title":{"rendered":"<strong>Paix et r\u00e9conciliation : Le Ministre KOUADIO Bertin Konan \u00e9change avec la diaspora ivoirienne en Allemagne.<\/strong>"},"content":{"rendered":"<div class=\"pvc_clear\"><\/div><p class=\"pvc_stats total_only \" data-element-id=\"9467\" style=\"\"><i class=\"pvc-stats-icon medium\" aria-hidden=\"true\"><svg aria-hidden=\"true\" focusable=\"false\" data-prefix=\"far\" data-icon=\"chart-bar\" role=\"img\" xmlns=\"http:\/\/www.w3.org\/2000\/svg\" viewBox=\"0 0 512 512\" class=\"svg-inline--fa fa-chart-bar fa-w-16 fa-2x\"><path fill=\"currentColor\" d=\"M396.8 352h22.4c6.4 0 12.8-6.4 12.8-12.8V108.8c0-6.4-6.4-12.8-12.8-12.8h-22.4c-6.4 0-12.8 6.4-12.8 12.8v230.4c0 6.4 6.4 12.8 12.8 12.8zm-192 0h22.4c6.4 0 12.8-6.4 12.8-12.8V140.8c0-6.4-6.4-12.8-12.8-12.8h-22.4c-6.4 0-12.8 6.4-12.8 12.8v198.4c0 6.4 6.4 12.8 12.8 12.8zm96 0h22.4c6.4 0 12.8-6.4 12.8-12.8V204.8c0-6.4-6.4-12.8-12.8-12.8h-22.4c-6.4 0-12.8 6.4-12.8 12.8v134.4c0 6.4 6.4 12.8 12.8 12.8zM496 400H48V80c0-8.84-7.16-16-16-16H16C7.16 64 0 71.16 0 80v336c0 17.67 14.33 32 32 32h464c8.84 0 16-7.16 16-16v-16c0-8.84-7.16-16-16-16zm-387.2-48h22.4c6.4 0 12.8-6.4 12.8-12.8v-70.4c0-6.4-6.4-12.8-12.8-12.8h-22.4c-6.4 0-12.8 6.4-12.8 12.8v70.4c0 6.4 6.4 12.8 12.8 12.8z\" class=\"\"><\/path><\/svg><\/i> &nbsp;1,689&nbsp;vues<\/p><div class=\"pvc_clear\"><\/div>\n<figure class=\"wp-block-image size-large\"><img loading=\"lazy\" decoding=\"async\" width=\"1024\" height=\"492\" src=\"https:\/\/reconciliation.gouv.ci\/mrcn\/wp-content\/uploads\/2023\/03\/Echange-avec-Diaspora-1-BIS-1024x492.jpg\" alt=\"\" class=\"wp-image-9480\" srcset=\"https:\/\/reconciliation.gouv.ci\/mrcn\/wp-content\/uploads\/2023\/03\/Echange-avec-Diaspora-1-BIS-1024x492.jpg 1024w, https:\/\/reconciliation.gouv.ci\/mrcn\/wp-content\/uploads\/2023\/03\/Echange-avec-Diaspora-1-BIS-300x144.jpg 300w, https:\/\/reconciliation.gouv.ci\/mrcn\/wp-content\/uploads\/2023\/03\/Echange-avec-Diaspora-1-BIS-768x369.jpg 768w, https:\/\/reconciliation.gouv.ci\/mrcn\/wp-content\/uploads\/2023\/03\/Echange-avec-Diaspora-1-BIS.jpg 1392w\" sizes=\"auto, (max-width: 1024px) 100vw, 1024px\" \/><\/figure>\n\n\n\n<p>En mission de paix en Allemagne, le Ministre Bertin Kouadio Konan a \u00e9chang\u00e9 avec la communaut\u00e9 ivoirienne vivant dans ce pays samedi 25 f\u00e9vrier 2023 sur l\u2019\u00e9tat d\u2019avancement du processus de R\u00e9conciliation et de Coh\u00e9sion Nationale.<\/p>\n\n\n\n<p>La municipalit\u00e9 choisie pour la premi\u00e8re \u00e9tape est Hambourg, ville portuaire situ\u00e9e \u00e0 95 km de la capitale Berlin dans laquelle vit une forte communaut\u00e9 ivoirienne d&rsquo;environ 3.000 \u00e2mes.<\/p>\n\n\n\n<p>Aux dires de l&rsquo;Ambassadeur ivoirien accr\u00e9dit\u00e9 dans ce pays SEM Philippe MANGOU, cette rencontre qui a \u00e9t\u00e9 report\u00e9e \u00e0 maintes reprises est tr\u00e8s attendue par ses ivoiriens issus de toutes les sensibilit\u00e9s politiques et communautaires :\u00a0\u00bb Nos compatriotes partagent \u00e9galement&nbsp; cette d\u00e9termination et cette foi en une C\u00f4te d&rsquo;Ivoire&nbsp; unie, r\u00e9concili\u00e9e, solidaire et prosp\u00e8re .Ils ont donc&nbsp; r\u00e9pondu \u00e0 l&rsquo;appel en d\u00e9pit des reports de cette rencontre pr\u00e9vue \u00e0 Berlin ,symbole de l&rsquo;exp\u00e9rience allemande symbole en mati\u00e8re de r\u00e9conciliation\u00a0\u00bb<\/p>\n\n\n\n<p>Comme en France et aux Etats-Unis, le messager de paix du Pr\u00e9sident de la R\u00e9publique appelle \u00e0 une contribution individuelle et collective de tous les ivoiriens au processus de r\u00e9conciliation en C\u00f4te d&rsquo;Ivoire : \u00a0\u00bb Je vous appelle \u00e0 la responsabilit\u00e9. Partagez nos valeurs et notre histoire. Placez au centre de tout votre \u00e2me ivoirienne et rejetez les ressentiments, contribuez au rayonnement \u00e9conomique du pays et contribuez ainsi \u00e0 la paix.\u00a0\u00bb<\/p>\n\n\n\n<p>Pour les mesures d&rsquo;encouragement, le Ministre KOUADIO Bertin Konan&nbsp;&nbsp; annonce les couleurs : \u00ab\u00a0Un ordre de m\u00e9rite de la paix ainsi qu&rsquo;un conseil national de la paix seront cr\u00e9\u00e9s.\u00a0\u00bb<\/p>\n\n\n\n<p>Cela voudrait dire que tous ceux qui vont travailler pour construire la paix en C\u00f4te d&rsquo;Ivoire seront r\u00e9compens\u00e9s avec des m\u00e9dailles.<\/p>\n\n\n\n<p>Le membre du gouvernement ivoirien a \u00e9galement rencontr\u00e9 ses compatriotes de Berlin et de Cologne pour pr\u00f4ner le m\u00eame message de paix synonyme de coh\u00e9sion sociale d\u00e9sormais retrouv\u00e9e en C\u00f4te d&rsquo;Ivoire gr\u00e2ce \u00e0 la vision politique du Pr\u00e9sident Alassane OUATTARA.<\/p>\n\n\n\n<div class=\"wp-block-columns is-layout-flex wp-container-core-columns-is-layout-9d6595d7 wp-block-columns-is-layout-flex\">\n<div class=\"wp-block-column is-layout-flow wp-block-column-is-layout-flow\">\n<figure class=\"wp-block-image size-large\"><img loading=\"lazy\" decoding=\"async\" width=\"1024\" height=\"576\" src=\"https:\/\/reconciliation.gouv.ci\/mrcn\/wp-content\/uploads\/2023\/03\/Echange-avec-Diaspora-3-1024x576.jpg\" alt=\"\" class=\"wp-image-9470\" srcset=\"https:\/\/reconciliation.gouv.ci\/mrcn\/wp-content\/uploads\/2023\/03\/Echange-avec-Diaspora-3-1024x576.jpg 1024w, https:\/\/reconciliation.gouv.ci\/mrcn\/wp-content\/uploads\/2023\/03\/Echange-avec-Diaspora-3-300x169.jpg 300w, https:\/\/reconciliation.gouv.ci\/mrcn\/wp-content\/uploads\/2023\/03\/Echange-avec-Diaspora-3-768x432.jpg 768w, https:\/\/reconciliation.gouv.ci\/mrcn\/wp-content\/uploads\/2023\/03\/Echange-avec-Diaspora-3-1536x864.jpg 1536w, https:\/\/reconciliation.gouv.ci\/mrcn\/wp-content\/uploads\/2023\/03\/Echange-avec-Diaspora-3.jpg 1600w\" sizes=\"auto, (max-width: 1024px) 100vw, 1024px\" \/><\/figure>\n<\/div>\n\n\n\n<div class=\"wp-block-column is-layout-flow wp-block-column-is-layout-flow\">\n<figure class=\"wp-block-image size-large\"><img loading=\"lazy\" decoding=\"async\" width=\"1024\" height=\"576\" src=\"https:\/\/reconciliation.gouv.ci\/mrcn\/wp-content\/uploads\/2023\/03\/Echange-avec-Diaspora-1-1024x576.jpg\" alt=\"\" class=\"wp-image-9468\" srcset=\"https:\/\/reconciliation.gouv.ci\/mrcn\/wp-content\/uploads\/2023\/03\/Echange-avec-Diaspora-1-1024x576.jpg 1024w, https:\/\/reconciliation.gouv.ci\/mrcn\/wp-content\/uploads\/2023\/03\/Echange-avec-Diaspora-1-300x169.jpg 300w, https:\/\/reconciliation.gouv.ci\/mrcn\/wp-content\/uploads\/2023\/03\/Echange-avec-Diaspora-1-768x432.jpg 768w, https:\/\/reconciliation.gouv.ci\/mrcn\/wp-content\/uploads\/2023\/03\/Echange-avec-Diaspora-1-1536x864.jpg 1536w, https:\/\/reconciliation.gouv.ci\/mrcn\/wp-content\/uploads\/2023\/03\/Echange-avec-Diaspora-1.jpg 1600w\" sizes=\"auto, (max-width: 1024px) 100vw, 1024px\" \/><\/figure>\n<\/div>\n\n\n\n<div class=\"wp-block-column is-layout-flow wp-block-column-is-layout-flow\">\n<figure class=\"wp-block-image size-large\"><img loading=\"lazy\" decoding=\"async\" width=\"1024\" height=\"576\" src=\"https:\/\/reconciliation.gouv.ci\/mrcn\/wp-content\/uploads\/2023\/03\/Echange-avec-Diaspora-6-1024x576.jpg\" alt=\"\" class=\"wp-image-9473\" srcset=\"https:\/\/reconciliation.gouv.ci\/mrcn\/wp-content\/uploads\/2023\/03\/Echange-avec-Diaspora-6-1024x576.jpg 1024w, https:\/\/reconciliation.gouv.ci\/mrcn\/wp-content\/uploads\/2023\/03\/Echange-avec-Diaspora-6-300x169.jpg 300w, https:\/\/reconciliation.gouv.ci\/mrcn\/wp-content\/uploads\/2023\/03\/Echange-avec-Diaspora-6-768x432.jpg 768w, https:\/\/reconciliation.gouv.ci\/mrcn\/wp-content\/uploads\/2023\/03\/Echange-avec-Diaspora-6-1536x864.jpg 1536w, https:\/\/reconciliation.gouv.ci\/mrcn\/wp-content\/uploads\/2023\/03\/Echange-avec-Diaspora-6.jpg 1600w\" sizes=\"auto, (max-width: 1024px) 100vw, 1024px\" \/><\/figure>\n<\/div>\n<\/div>\n\n\n\n<div class=\"wp-block-columns is-layout-flex wp-container-core-columns-is-layout-9d6595d7 wp-block-columns-is-layout-flex\">\n<div class=\"wp-block-column is-layout-flow wp-block-column-is-layout-flow\">\n<figure class=\"wp-block-image size-large\"><img loading=\"lazy\" decoding=\"async\" width=\"1024\" height=\"576\" src=\"https:\/\/reconciliation.gouv.ci\/mrcn\/wp-content\/uploads\/2023\/03\/Echange-avec-Diaspora-4-1024x576.jpg\" alt=\"\" class=\"wp-image-9471\" srcset=\"https:\/\/reconciliation.gouv.ci\/mrcn\/wp-content\/uploads\/2023\/03\/Echange-avec-Diaspora-4-1024x576.jpg 1024w, https:\/\/reconciliation.gouv.ci\/mrcn\/wp-content\/uploads\/2023\/03\/Echange-avec-Diaspora-4-300x169.jpg 300w, https:\/\/reconciliation.gouv.ci\/mrcn\/wp-content\/uploads\/2023\/03\/Echange-avec-Diaspora-4-768x432.jpg 768w, https:\/\/reconciliation.gouv.ci\/mrcn\/wp-content\/uploads\/2023\/03\/Echange-avec-Diaspora-4-1536x864.jpg 1536w, https:\/\/reconciliation.gouv.ci\/mrcn\/wp-content\/uploads\/2023\/03\/Echange-avec-Diaspora-4.jpg 1600w\" sizes=\"auto, (max-width: 1024px) 100vw, 1024px\" \/><\/figure>\n<\/div>\n\n\n\n<div class=\"wp-block-column is-layout-flow wp-block-column-is-layout-flow\">\n<figure class=\"wp-block-image size-large\"><img loading=\"lazy\" decoding=\"async\" width=\"1024\" height=\"576\" src=\"https:\/\/reconciliation.gouv.ci\/mrcn\/wp-content\/uploads\/2023\/03\/Echange-avec-Diaspora-5-1024x576.jpg\" alt=\"\" class=\"wp-image-9472\" srcset=\"https:\/\/reconciliation.gouv.ci\/mrcn\/wp-content\/uploads\/2023\/03\/Echange-avec-Diaspora-5-1024x576.jpg 1024w, https:\/\/reconciliation.gouv.ci\/mrcn\/wp-content\/uploads\/2023\/03\/Echange-avec-Diaspora-5-300x169.jpg 300w, https:\/\/reconciliation.gouv.ci\/mrcn\/wp-content\/uploads\/2023\/03\/Echange-avec-Diaspora-5-768x432.jpg 768w, https:\/\/reconciliation.gouv.ci\/mrcn\/wp-content\/uploads\/2023\/03\/Echange-avec-Diaspora-5-1536x864.jpg 1536w, https:\/\/reconciliation.gouv.ci\/mrcn\/wp-content\/uploads\/2023\/03\/Echange-avec-Diaspora-5.jpg 1600w\" sizes=\"auto, (max-width: 1024px) 100vw, 1024px\" \/><\/figure>\n<\/div>\n\n\n\n<div class=\"wp-block-column is-layout-flow wp-block-column-is-layout-flow\">\n<figure class=\"wp-block-image size-large\"><img loading=\"lazy\" decoding=\"async\" width=\"1024\" height=\"576\" src=\"https:\/\/reconciliation.gouv.ci\/mrcn\/wp-content\/uploads\/2023\/03\/Echange-avec-Diaspora-2-1024x576.jpg\" alt=\"\" class=\"wp-image-9469\" srcset=\"https:\/\/reconciliation.gouv.ci\/mrcn\/wp-content\/uploads\/2023\/03\/Echange-avec-Diaspora-2-1024x576.jpg 1024w, https:\/\/reconciliation.gouv.ci\/mrcn\/wp-content\/uploads\/2023\/03\/Echange-avec-Diaspora-2-300x169.jpg 300w, https:\/\/reconciliation.gouv.ci\/mrcn\/wp-content\/uploads\/2023\/03\/Echange-avec-Diaspora-2-768x432.jpg 768w, https:\/\/reconciliation.gouv.ci\/mrcn\/wp-content\/uploads\/2023\/03\/Echange-avec-Diaspora-2-1536x864.jpg 1536w, https:\/\/reconciliation.gouv.ci\/mrcn\/wp-content\/uploads\/2023\/03\/Echange-avec-Diaspora-2.jpg 1600w\" sizes=\"auto, (max-width: 1024px) 100vw, 1024px\" \/><\/figure>\n<\/div>\n<\/div>\n\n\n\n<div class=\"wp-block-columns is-layout-flex wp-container-core-columns-is-layout-9d6595d7 wp-block-columns-is-layout-flex\">\n<div class=\"wp-block-column is-layout-flow wp-block-column-is-layout-flow\">\n<figure class=\"wp-block-image size-large\"><img loading=\"lazy\" decoding=\"async\" width=\"1024\" height=\"768\" src=\"https:\/\/reconciliation.gouv.ci\/mrcn\/wp-content\/uploads\/2023\/03\/Echange-avec-Diaspora-7-1024x768.jpg\" alt=\"\" class=\"wp-image-9474\" srcset=\"https:\/\/reconciliation.gouv.ci\/mrcn\/wp-content\/uploads\/2023\/03\/Echange-avec-Diaspora-7-1024x768.jpg 1024w, https:\/\/reconciliation.gouv.ci\/mrcn\/wp-content\/uploads\/2023\/03\/Echange-avec-Diaspora-7-300x225.jpg 300w, https:\/\/reconciliation.gouv.ci\/mrcn\/wp-content\/uploads\/2023\/03\/Echange-avec-Diaspora-7-768x576.jpg 768w, https:\/\/reconciliation.gouv.ci\/mrcn\/wp-content\/uploads\/2023\/03\/Echange-avec-Diaspora-7.jpg 1280w\" sizes=\"auto, (max-width: 1024px) 100vw, 1024px\" \/><\/figure>\n<\/div>\n\n\n\n<div class=\"wp-block-column is-layout-flow wp-block-column-is-layout-flow\">\n<figure class=\"wp-block-image size-large\"><img loading=\"lazy\" decoding=\"async\" width=\"1024\" height=\"768\" src=\"https:\/\/reconciliation.gouv.ci\/mrcn\/wp-content\/uploads\/2023\/03\/Echange-avec-Diaspora-9-1024x768.jpg\" alt=\"\" class=\"wp-image-9476\" srcset=\"https:\/\/reconciliation.gouv.ci\/mrcn\/wp-content\/uploads\/2023\/03\/Echange-avec-Diaspora-9-1024x768.jpg 1024w, https:\/\/reconciliation.gouv.ci\/mrcn\/wp-content\/uploads\/2023\/03\/Echange-avec-Diaspora-9-300x225.jpg 300w, https:\/\/reconciliation.gouv.ci\/mrcn\/wp-content\/uploads\/2023\/03\/Echange-avec-Diaspora-9-768x576.jpg 768w, https:\/\/reconciliation.gouv.ci\/mrcn\/wp-content\/uploads\/2023\/03\/Echange-avec-Diaspora-9.jpg 1080w\" sizes=\"auto, (max-width: 1024px) 100vw, 1024px\" \/><\/figure>\n<\/div>\n\n\n\n<div class=\"wp-block-column is-layout-flow wp-block-column-is-layout-flow\">\n<figure class=\"wp-block-image size-large\"><img loading=\"lazy\" decoding=\"async\" width=\"1024\" height=\"768\" src=\"https:\/\/reconciliation.gouv.ci\/mrcn\/wp-content\/uploads\/2023\/03\/Echange-avec-Diaspora-10-1024x768.jpg\" alt=\"\" class=\"wp-image-9477\" srcset=\"https:\/\/reconciliation.gouv.ci\/mrcn\/wp-content\/uploads\/2023\/03\/Echange-avec-Diaspora-10-1024x768.jpg 1024w, https:\/\/reconciliation.gouv.ci\/mrcn\/wp-content\/uploads\/2023\/03\/Echange-avec-Diaspora-10-300x225.jpg 300w, https:\/\/reconciliation.gouv.ci\/mrcn\/wp-content\/uploads\/2023\/03\/Echange-avec-Diaspora-10-768x576.jpg 768w, https:\/\/reconciliation.gouv.ci\/mrcn\/wp-content\/uploads\/2023\/03\/Echange-avec-Diaspora-10.jpg 1280w\" sizes=\"auto, (max-width: 1024px) 100vw, 1024px\" \/><\/figure>\n<\/div>\n<\/div>\n\n\n\n<div class=\"wp-block-columns is-layout-flex wp-container-core-columns-is-layout-9d6595d7 wp-block-columns-is-layout-flex\">\n<div class=\"wp-block-column is-layout-flow wp-block-column-is-layout-flow\">\n<figure class=\"wp-block-image size-large\"><img loading=\"lazy\" decoding=\"async\" width=\"1024\" height=\"768\" src=\"https:\/\/reconciliation.gouv.ci\/mrcn\/wp-content\/uploads\/2023\/03\/Echange-avec-Diaspora-11-1024x768.jpg\" alt=\"\" class=\"wp-image-9478\" srcset=\"https:\/\/reconciliation.gouv.ci\/mrcn\/wp-content\/uploads\/2023\/03\/Echange-avec-Diaspora-11-1024x768.jpg 1024w, https:\/\/reconciliation.gouv.ci\/mrcn\/wp-content\/uploads\/2023\/03\/Echange-avec-Diaspora-11-300x225.jpg 300w, https:\/\/reconciliation.gouv.ci\/mrcn\/wp-content\/uploads\/2023\/03\/Echange-avec-Diaspora-11-768x576.jpg 768w, https:\/\/reconciliation.gouv.ci\/mrcn\/wp-content\/uploads\/2023\/03\/Echange-avec-Diaspora-11.jpg 1080w\" sizes=\"auto, (max-width: 1024px) 100vw, 1024px\" \/><\/figure>\n<\/div>\n\n\n\n<div class=\"wp-block-column is-layout-flow wp-block-column-is-layout-flow\">\n<figure class=\"wp-block-image size-large\"><img loading=\"lazy\" decoding=\"async\" width=\"1024\" height=\"768\" src=\"https:\/\/reconciliation.gouv.ci\/mrcn\/wp-content\/uploads\/2023\/03\/Echange-avec-Diaspora-8-1024x768.jpg\" alt=\"\" class=\"wp-image-9475\" srcset=\"https:\/\/reconciliation.gouv.ci\/mrcn\/wp-content\/uploads\/2023\/03\/Echange-avec-Diaspora-8-1024x768.jpg 1024w, https:\/\/reconciliation.gouv.ci\/mrcn\/wp-content\/uploads\/2023\/03\/Echange-avec-Diaspora-8-300x225.jpg 300w, https:\/\/reconciliation.gouv.ci\/mrcn\/wp-content\/uploads\/2023\/03\/Echange-avec-Diaspora-8-768x576.jpg 768w, https:\/\/reconciliation.gouv.ci\/mrcn\/wp-content\/uploads\/2023\/03\/Echange-avec-Diaspora-8.jpg 1280w\" sizes=\"auto, (max-width: 1024px) 100vw, 1024px\" \/><\/figure>\n<\/div>\n<\/div>\n","protected":false},"excerpt":{"rendered":"<div class=\"pvc_clear\"><\/div>\n<p class=\"pvc_stats total_only \" data-element-id=\"9467\" style=\"\"><i class=\"pvc-stats-icon medium\" aria-hidden=\"true\"><svg aria-hidden=\"true\" focusable=\"false\" data-prefix=\"far\" data-icon=\"chart-bar\" role=\"img\" xmlns=\"http:\/\/www.w3.org\/2000\/svg\" viewBox=\"0 0 512 512\" class=\"svg-inline--fa fa-chart-bar fa-w-16 fa-2x\"><path fill=\"currentColor\" d=\"M396.8 352h22.4c6.4 0 12.8-6.4 12.8-12.8V108.8c0-6.4-6.4-12.8-12.8-12.8h-22.4c-6.4 0-12.8 6.4-12.8 12.8v230.4c0 6.4 6.4 12.8 12.8 12.8zm-192 0h22.4c6.4 0 12.8-6.4 12.8-12.8V140.8c0-6.4-6.4-12.8-12.8-12.8h-22.4c-6.4 0-12.8 6.4-12.8 12.8v198.4c0 6.4 6.4 12.8 12.8 12.8zm96 0h22.4c6.4 0 12.8-6.4 12.8-12.8V204.8c0-6.4-6.4-12.8-12.8-12.8h-22.4c-6.4 0-12.8 6.4-12.8 12.8v134.4c0 6.4 6.4 12.8 12.8 12.8zM496 400H48V80c0-8.84-7.16-16-16-16H16C7.16 64 0 71.16 0 80v336c0 17.67 14.33 32 32 32h464c8.84 0 16-7.16 16-16v-16c0-8.84-7.16-16-16-16zm-387.2-48h22.4c6.4 0 12.8-6.4 12.8-12.8v-70.4c0-6.4-6.4-12.8-12.8-12.8h-22.4c-6.4 0-12.8 6.4-12.8 12.8v70.4c0 6.4 6.4 12.8 12.8 12.8z\" class=\"\"><\/path><\/svg><\/i> &nbsp;1,689&nbsp;vues<\/p>\n<div class=\"pvc_clear\"><\/div>\n<p>&nbsp;1,689&nbsp;vues En mission de paix en Allemagne, le Ministre Bertin Kouadio Konan a \u00e9chang\u00e9 avec la communaut\u00e9 ivoirienne vivant dans ce pays samedi 25 f\u00e9vrier 2023 sur l\u2019\u00e9tat d\u2019avancement du processus de R\u00e9conciliation et de Coh\u00e9sion Nationale. La municipalit\u00e9 choisie pour la premi\u00e8re \u00e9tape est Hambourg, ville<\/p>\n","protected":false},"author":1,"featured_media":9480,"comment_status":"closed","ping_status":"open","sticky":false,"template":"","format":"standard","meta":{"footnotes":""},"categories":[39],"tags":[],"class_list":["post-9467","post","type-post","status-publish","format-standard","has-post-thumbnail","hentry","category-activites-ministere-slider"],"_links":{"self":[{"href":"https:\/\/reconciliation.gouv.ci\/mrcn\/index.php?rest_route=\/wp\/v2\/posts\/9467","targetHints":{"allow":["GET"]}}],"collection":[{"href":"https:\/\/reconciliation.gouv.ci\/mrcn\/index.php?rest_route=\/wp\/v2\/posts"}],"about":[{"href":"https:\/\/reconciliation.gouv.ci\/mrcn\/index.php?rest_route=\/wp\/v2\/types\/post"}],"author":[{"embeddable":true,"href":"https:\/\/reconciliation.gouv.ci\/mrcn\/index.php?rest_route=\/wp\/v2\/users\/1"}],"replies":[{"embeddable":true,"href":"https:\/\/reconciliation.gouv.ci\/mrcn\/index.php?rest_route=%2Fwp%2Fv2%2Fcomments&post=9467"}],"version-history":[{"count":2,"href":"https:\/\/reconciliation.gouv.ci\/mrcn\/index.php?rest_route=\/wp\/v2\/posts\/9467\/revisions"}],"predecessor-version":[{"id":9482,"href":"https:\/\/reconciliation.gouv.ci\/mrcn\/index.php?rest_route=\/wp\/v2\/posts\/9467\/revisions\/9482"}],"wp:featuredmedia":[{"embeddable":true,"href":"https:\/\/reconciliation.gouv.ci\/mrcn\/index.php?rest_route=\/wp\/v2\/media\/9480"}],"wp:attachment":[{"href":"https:\/\/reconciliation.gouv.ci\/mrcn\/index.php?rest_route=%2Fwp%2Fv2%2Fmedia&parent=9467"}],"wp:term":[{"taxonomy":"category","embeddable":true,"href":"https:\/\/reconciliation.gouv.ci\/mrcn\/index.php?rest_route=%2Fwp%2Fv2%2Fcategories&post=9467"},{"taxonomy":"post_tag","embeddable":true,"href":"https:\/\/reconciliation.gouv.ci\/mrcn\/index.php?rest_route=%2Fwp%2Fv2%2Ftags&post=9467"}],"curies":[{"name":"wp","href":"https:\/\/api.w.org\/{rel}","templated":true}]}}