{"id":9405,"date":"2023-02-23T11:21:57","date_gmt":"2023-02-23T10:21:57","guid":{"rendered":"https:\/\/reconciliation.gouv.ci\/mrcn\/?p=9405"},"modified":"2023-02-23T11:21:59","modified_gmt":"2023-02-23T10:21:59","slug":"culture-15-pays-arabes-celebrent-lamitie-ivoiro-arabe-en-presence-de-membres-du-gouvernement-dont-le-ministre-kouadio-bertin-konan","status":"publish","type":"post","link":"https:\/\/reconciliation.gouv.ci\/mrcn\/?p=9405","title":{"rendered":"Culture :15 pays arabes c\u00e9l\u00e8brent l\u2019amiti\u00e9 ivoiro-arabe en pr\u00e9sence de membres du gouvernement dont le ministre KOUADIO Bertin Konan."},"content":{"rendered":"<div class=\"pvc_clear\"><\/div><p class=\"pvc_stats total_only \" data-element-id=\"9405\" style=\"\"><i class=\"pvc-stats-icon medium\" aria-hidden=\"true\"><svg aria-hidden=\"true\" focusable=\"false\" data-prefix=\"far\" data-icon=\"chart-bar\" role=\"img\" xmlns=\"http:\/\/www.w3.org\/2000\/svg\" viewBox=\"0 0 512 512\" class=\"svg-inline--fa fa-chart-bar fa-w-16 fa-2x\"><path fill=\"currentColor\" d=\"M396.8 352h22.4c6.4 0 12.8-6.4 12.8-12.8V108.8c0-6.4-6.4-12.8-12.8-12.8h-22.4c-6.4 0-12.8 6.4-12.8 12.8v230.4c0 6.4 6.4 12.8 12.8 12.8zm-192 0h22.4c6.4 0 12.8-6.4 12.8-12.8V140.8c0-6.4-6.4-12.8-12.8-12.8h-22.4c-6.4 0-12.8 6.4-12.8 12.8v198.4c0 6.4 6.4 12.8 12.8 12.8zm96 0h22.4c6.4 0 12.8-6.4 12.8-12.8V204.8c0-6.4-6.4-12.8-12.8-12.8h-22.4c-6.4 0-12.8 6.4-12.8 12.8v134.4c0 6.4 6.4 12.8 12.8 12.8zM496 400H48V80c0-8.84-7.16-16-16-16H16C7.16 64 0 71.16 0 80v336c0 17.67 14.33 32 32 32h464c8.84 0 16-7.16 16-16v-16c0-8.84-7.16-16-16-16zm-387.2-48h22.4c6.4 0 12.8-6.4 12.8-12.8v-70.4c0-6.4-6.4-12.8-12.8-12.8h-22.4c-6.4 0-12.8 6.4-12.8 12.8v70.4c0 6.4 6.4 12.8 12.8 12.8z\" class=\"\"><\/path><\/svg><\/i> &nbsp;1,931&nbsp;vues<\/p><div class=\"pvc_clear\"><\/div>\n<figure class=\"wp-block-image size-large\"><img loading=\"lazy\" decoding=\"async\" width=\"1024\" height=\"683\" src=\"https:\/\/reconciliation.gouv.ci\/mrcn\/wp-content\/uploads\/2023\/02\/Journee-Culturelle-Arabe-11-1024x683.jpg\" alt=\"\" class=\"wp-image-9416\" srcset=\"https:\/\/reconciliation.gouv.ci\/mrcn\/wp-content\/uploads\/2023\/02\/Journee-Culturelle-Arabe-11-1024x683.jpg 1024w, https:\/\/reconciliation.gouv.ci\/mrcn\/wp-content\/uploads\/2023\/02\/Journee-Culturelle-Arabe-11-300x200.jpg 300w, https:\/\/reconciliation.gouv.ci\/mrcn\/wp-content\/uploads\/2023\/02\/Journee-Culturelle-Arabe-11-768x512.jpg 768w, https:\/\/reconciliation.gouv.ci\/mrcn\/wp-content\/uploads\/2023\/02\/Journee-Culturelle-Arabe-11.jpg 1250w\" sizes=\"auto, (max-width: 1024px) 100vw, 1024px\" \/><\/figure>\n\n\n\n<p>Le Palais de la Culture de Treichville a abrit\u00e9 mardi 21 f\u00e9vrier 2023 la c\u00e9r\u00e9monie d\u2019ouverture de la premi\u00e8re \u00e9dition des journ\u00e9es culturelles arabes sous l\u2019\u00e9gide du conseil des Ambassadeurs arabes accr\u00e9dit\u00e9s en C\u00f4te d&rsquo;Ivoire.<\/p>\n\n\n\n<p>Cette c\u00e9r\u00e9monie a \u00e9t\u00e9 rehauss\u00e9e par la pr\u00e9sence des personnalit\u00e9s du monde arabe dont le repr\u00e9sentant du Pr\u00e9sident de la Ligue arabe et le ministre de la culture de la Palestine.<\/p>\n\n\n\n<p>L\u2019amiti\u00e9 ivoirienne s\u2019est mat\u00e9rialis\u00e9e par la solidarit\u00e9 des membres du gouvernement \u00e0 cette c\u00e9r\u00e9monie \u00e0 savoir le ministre d\u00e9l\u00e9gu\u00e9 aupr\u00e8s du ministre d\u2019\u00c9tat, ministre des Affaires \u00e9trang\u00e8res, de l\u2019Int\u00e9gration africaine et de la Diaspora, Kacou Houaja L\u00e9on Adom repr\u00e9sentant Madame Kandia CAMARA, Ministre d\u2019Etat, Ministre charg\u00e9 dudit&nbsp; d\u00e9partement minist\u00e9riel qui assure le haut patronage de cette premi\u00e8re \u00e9dition, Madame Fran\u00e7oise Remarck, Ministre de la Culture et de la Francophonie qui en est la marraine et Monsieur KOUADIO Bertin Konan, Ministre de la R\u00e9conciliation et de la Coh\u00e9sion Nationale, invit\u00e9 d\u2019honneur.<\/p>\n\n\n\n<p>Une initiative salu\u00e9e par les autorit\u00e9s ivoiriennes. \u00ab\u00a0Le choix de la C\u00f4te d\u2019Ivoire, pays dont la politique ext\u00e9rieure repose sur la doctrine \u00ab\u00a0C\u00f4te d\u2019Ivoire, amie de tous et ennemie de personne\u00a0\u00bb est per\u00e7ue comme une marque de reconnaissance de la dynamique int\u00e9grationniste qu\u2019elle entretient depuis son accession \u00e0 l\u2019ind\u00e9pendance.\u00a0\u00bb a d\u00e9clar\u00e9 le Ministre Kacou Houaja L\u00e9on Adom.<\/p>\n\n\n\n<p>\u00ab\u00a0En tant que Ministre de la Culture et de la Francophonie, je ne peux que me r\u00e9jouir. Plusieurs pays du monde arabe ont des accords culturels avec la Cote d\u2019Ivoire en particulier autours du cin\u00e9ma. Je peux vous assurer que c\u2019est une coop\u00e9ration qui est excellente et fructueuse\u00a0\u00bb a fait entendre de son c\u00f4t\u00e9 la Ministre Fran\u00e7oise Remarck.<\/p>\n\n\n\n<p>\u00ab\u00a0Je suis tr\u00e8s heureux de constater que pour la premi\u00e8re fois de son histoire nos fr\u00e8res arabes organisent dans notre pays des journ\u00e9es culturelles pour c\u00e9l\u00e9brer avec les ivoiriens et les africains de la diaspora l\u2019amiti\u00e9 ivoiro-arabe. Ce qui d\u00e9note qu\u2019il fait bon vivre en C\u00f4te d\u2019Ivoire car la paix est de retour gr\u00e2ce \u00e0 la vision politique du Pr\u00e9sident de la R\u00e9publique pour faire de ce pays d\u2019accueil et d\u2019hospitalit\u00e9 un havre de paix\u00a0\u00bb.<\/p>\n\n\n\n<p>Ces journ\u00e9es prendront fin au soir du jeudi 23 f\u00e9vrier. Au menu, des expositions de tout ce qui caract\u00e9rise culturellement (danse, etc.) les 15 pays participants, avec la pr\u00e9sence hautement salu\u00e9e de la Palestine.<\/p>\n\n\n\n<div class=\"wp-block-columns is-layout-flex wp-container-core-columns-is-layout-9d6595d7 wp-block-columns-is-layout-flex\">\n<div class=\"wp-block-column is-layout-flow wp-block-column-is-layout-flow\">\n<figure class=\"wp-block-image size-large\"><img loading=\"lazy\" decoding=\"async\" width=\"1024\" height=\"683\" src=\"https:\/\/reconciliation.gouv.ci\/mrcn\/wp-content\/uploads\/2023\/02\/Journee-Culturelle-Arabe-2-1024x683.jpg\" alt=\"\" class=\"wp-image-9407\" srcset=\"https:\/\/reconciliation.gouv.ci\/mrcn\/wp-content\/uploads\/2023\/02\/Journee-Culturelle-Arabe-2-1024x683.jpg 1024w, https:\/\/reconciliation.gouv.ci\/mrcn\/wp-content\/uploads\/2023\/02\/Journee-Culturelle-Arabe-2-300x200.jpg 300w, https:\/\/reconciliation.gouv.ci\/mrcn\/wp-content\/uploads\/2023\/02\/Journee-Culturelle-Arabe-2-768x512.jpg 768w, https:\/\/reconciliation.gouv.ci\/mrcn\/wp-content\/uploads\/2023\/02\/Journee-Culturelle-Arabe-2.jpg 1250w\" sizes=\"auto, (max-width: 1024px) 100vw, 1024px\" \/><\/figure>\n<\/div>\n\n\n\n<div class=\"wp-block-column is-layout-flow wp-block-column-is-layout-flow\">\n<figure class=\"wp-block-image size-large\"><img loading=\"lazy\" decoding=\"async\" width=\"1024\" height=\"683\" src=\"https:\/\/reconciliation.gouv.ci\/mrcn\/wp-content\/uploads\/2023\/02\/Journee-Culturelle-Arabe-3-1024x683.jpg\" alt=\"\" class=\"wp-image-9408\" srcset=\"https:\/\/reconciliation.gouv.ci\/mrcn\/wp-content\/uploads\/2023\/02\/Journee-Culturelle-Arabe-3-1024x683.jpg 1024w, https:\/\/reconciliation.gouv.ci\/mrcn\/wp-content\/uploads\/2023\/02\/Journee-Culturelle-Arabe-3-300x200.jpg 300w, https:\/\/reconciliation.gouv.ci\/mrcn\/wp-content\/uploads\/2023\/02\/Journee-Culturelle-Arabe-3-768x512.jpg 768w, https:\/\/reconciliation.gouv.ci\/mrcn\/wp-content\/uploads\/2023\/02\/Journee-Culturelle-Arabe-3.jpg 1250w\" sizes=\"auto, (max-width: 1024px) 100vw, 1024px\" \/><\/figure>\n<\/div>\n\n\n\n<div class=\"wp-block-column is-layout-flow wp-block-column-is-layout-flow\">\n<figure class=\"wp-block-image size-large\"><img loading=\"lazy\" decoding=\"async\" width=\"1024\" height=\"683\" src=\"https:\/\/reconciliation.gouv.ci\/mrcn\/wp-content\/uploads\/2023\/02\/Journee-Culturelle-Arabe-5-1024x683.jpg\" alt=\"\" class=\"wp-image-9410\" srcset=\"https:\/\/reconciliation.gouv.ci\/mrcn\/wp-content\/uploads\/2023\/02\/Journee-Culturelle-Arabe-5-1024x683.jpg 1024w, https:\/\/reconciliation.gouv.ci\/mrcn\/wp-content\/uploads\/2023\/02\/Journee-Culturelle-Arabe-5-300x200.jpg 300w, https:\/\/reconciliation.gouv.ci\/mrcn\/wp-content\/uploads\/2023\/02\/Journee-Culturelle-Arabe-5-768x512.jpg 768w, https:\/\/reconciliation.gouv.ci\/mrcn\/wp-content\/uploads\/2023\/02\/Journee-Culturelle-Arabe-5.jpg 1250w\" sizes=\"auto, (max-width: 1024px) 100vw, 1024px\" \/><\/figure>\n<\/div>\n<\/div>\n\n\n\n<div class=\"wp-block-columns is-layout-flex wp-container-core-columns-is-layout-9d6595d7 wp-block-columns-is-layout-flex\">\n<div class=\"wp-block-column is-layout-flow wp-block-column-is-layout-flow\">\n<figure class=\"wp-block-image size-large\"><img loading=\"lazy\" decoding=\"async\" width=\"1024\" height=\"683\" src=\"https:\/\/reconciliation.gouv.ci\/mrcn\/wp-content\/uploads\/2023\/02\/Journee-Culturelle-Arabe-8-1024x683.jpg\" alt=\"\" class=\"wp-image-9413\" srcset=\"https:\/\/reconciliation.gouv.ci\/mrcn\/wp-content\/uploads\/2023\/02\/Journee-Culturelle-Arabe-8-1024x683.jpg 1024w, https:\/\/reconciliation.gouv.ci\/mrcn\/wp-content\/uploads\/2023\/02\/Journee-Culturelle-Arabe-8-300x200.jpg 300w, https:\/\/reconciliation.gouv.ci\/mrcn\/wp-content\/uploads\/2023\/02\/Journee-Culturelle-Arabe-8-768x512.jpg 768w, https:\/\/reconciliation.gouv.ci\/mrcn\/wp-content\/uploads\/2023\/02\/Journee-Culturelle-Arabe-8.jpg 1250w\" sizes=\"auto, (max-width: 1024px) 100vw, 1024px\" \/><\/figure>\n<\/div>\n\n\n\n<div class=\"wp-block-column is-layout-flow wp-block-column-is-layout-flow\">\n<figure class=\"wp-block-image size-large\"><img loading=\"lazy\" decoding=\"async\" width=\"1024\" height=\"683\" src=\"https:\/\/reconciliation.gouv.ci\/mrcn\/wp-content\/uploads\/2023\/02\/Journee-Culturelle-Arabe-7-1024x683.jpg\" alt=\"\" class=\"wp-image-9412\" srcset=\"https:\/\/reconciliation.gouv.ci\/mrcn\/wp-content\/uploads\/2023\/02\/Journee-Culturelle-Arabe-7-1024x683.jpg 1024w, https:\/\/reconciliation.gouv.ci\/mrcn\/wp-content\/uploads\/2023\/02\/Journee-Culturelle-Arabe-7-300x200.jpg 300w, https:\/\/reconciliation.gouv.ci\/mrcn\/wp-content\/uploads\/2023\/02\/Journee-Culturelle-Arabe-7-768x512.jpg 768w, https:\/\/reconciliation.gouv.ci\/mrcn\/wp-content\/uploads\/2023\/02\/Journee-Culturelle-Arabe-7.jpg 1250w\" sizes=\"auto, (max-width: 1024px) 100vw, 1024px\" \/><\/figure>\n<\/div>\n\n\n\n<div class=\"wp-block-column is-layout-flow wp-block-column-is-layout-flow\">\n<figure class=\"wp-block-image size-large\"><img loading=\"lazy\" decoding=\"async\" width=\"1024\" height=\"683\" src=\"https:\/\/reconciliation.gouv.ci\/mrcn\/wp-content\/uploads\/2023\/02\/Journee-Culturelle-Arabe-6-1024x683.jpg\" alt=\"\" class=\"wp-image-9411\" srcset=\"https:\/\/reconciliation.gouv.ci\/mrcn\/wp-content\/uploads\/2023\/02\/Journee-Culturelle-Arabe-6-1024x683.jpg 1024w, https:\/\/reconciliation.gouv.ci\/mrcn\/wp-content\/uploads\/2023\/02\/Journee-Culturelle-Arabe-6-300x200.jpg 300w, https:\/\/reconciliation.gouv.ci\/mrcn\/wp-content\/uploads\/2023\/02\/Journee-Culturelle-Arabe-6-768x512.jpg 768w, https:\/\/reconciliation.gouv.ci\/mrcn\/wp-content\/uploads\/2023\/02\/Journee-Culturelle-Arabe-6.jpg 1250w\" sizes=\"auto, (max-width: 1024px) 100vw, 1024px\" \/><\/figure>\n<\/div>\n<\/div>\n\n\n\n<div class=\"wp-block-columns is-layout-flex wp-container-core-columns-is-layout-9d6595d7 wp-block-columns-is-layout-flex\">\n<div class=\"wp-block-column is-layout-flow wp-block-column-is-layout-flow\">\n<figure class=\"wp-block-image size-large\"><img loading=\"lazy\" decoding=\"async\" width=\"1024\" height=\"683\" src=\"https:\/\/reconciliation.gouv.ci\/mrcn\/wp-content\/uploads\/2023\/02\/Journee-Culturelle-Arabe-12-1024x683.jpg\" alt=\"\" class=\"wp-image-9417\" srcset=\"https:\/\/reconciliation.gouv.ci\/mrcn\/wp-content\/uploads\/2023\/02\/Journee-Culturelle-Arabe-12-1024x683.jpg 1024w, https:\/\/reconciliation.gouv.ci\/mrcn\/wp-content\/uploads\/2023\/02\/Journee-Culturelle-Arabe-12-300x200.jpg 300w, https:\/\/reconciliation.gouv.ci\/mrcn\/wp-content\/uploads\/2023\/02\/Journee-Culturelle-Arabe-12-768x512.jpg 768w, https:\/\/reconciliation.gouv.ci\/mrcn\/wp-content\/uploads\/2023\/02\/Journee-Culturelle-Arabe-12.jpg 1250w\" sizes=\"auto, (max-width: 1024px) 100vw, 1024px\" \/><\/figure>\n<\/div>\n\n\n\n<div class=\"wp-block-column is-layout-flow wp-block-column-is-layout-flow\">\n<figure class=\"wp-block-image size-large\"><img loading=\"lazy\" decoding=\"async\" width=\"1024\" height=\"683\" src=\"https:\/\/reconciliation.gouv.ci\/mrcn\/wp-content\/uploads\/2023\/02\/Journee-Culturelle-Arabe-4-1024x683.jpg\" alt=\"\" class=\"wp-image-9409\" srcset=\"https:\/\/reconciliation.gouv.ci\/mrcn\/wp-content\/uploads\/2023\/02\/Journee-Culturelle-Arabe-4-1024x683.jpg 1024w, https:\/\/reconciliation.gouv.ci\/mrcn\/wp-content\/uploads\/2023\/02\/Journee-Culturelle-Arabe-4-300x200.jpg 300w, https:\/\/reconciliation.gouv.ci\/mrcn\/wp-content\/uploads\/2023\/02\/Journee-Culturelle-Arabe-4-768x512.jpg 768w, https:\/\/reconciliation.gouv.ci\/mrcn\/wp-content\/uploads\/2023\/02\/Journee-Culturelle-Arabe-4.jpg 1250w\" sizes=\"auto, (max-width: 1024px) 100vw, 1024px\" \/><\/figure>\n<\/div>\n\n\n\n<div class=\"wp-block-column is-layout-flow wp-block-column-is-layout-flow\">\n<figure class=\"wp-block-image size-large\"><img loading=\"lazy\" decoding=\"async\" width=\"1024\" height=\"695\" src=\"https:\/\/reconciliation.gouv.ci\/mrcn\/wp-content\/uploads\/2023\/02\/Journee-Culturelle-Arabe-13-BIS-1024x695.jpg\" alt=\"\" class=\"wp-image-9420\" srcset=\"https:\/\/reconciliation.gouv.ci\/mrcn\/wp-content\/uploads\/2023\/02\/Journee-Culturelle-Arabe-13-BIS-1024x695.jpg 1024w, https:\/\/reconciliation.gouv.ci\/mrcn\/wp-content\/uploads\/2023\/02\/Journee-Culturelle-Arabe-13-BIS-300x204.jpg 300w, https:\/\/reconciliation.gouv.ci\/mrcn\/wp-content\/uploads\/2023\/02\/Journee-Culturelle-Arabe-13-BIS-768x521.jpg 768w, https:\/\/reconciliation.gouv.ci\/mrcn\/wp-content\/uploads\/2023\/02\/Journee-Culturelle-Arabe-13-BIS.jpg 1250w\" sizes=\"auto, (max-width: 1024px) 100vw, 1024px\" \/><\/figure>\n<\/div>\n<\/div>\n\n\n\n<div class=\"wp-block-columns is-layout-flex wp-container-core-columns-is-layout-9d6595d7 wp-block-columns-is-layout-flex\">\n<div class=\"wp-block-column is-layout-flow wp-block-column-is-layout-flow\">\n<figure class=\"wp-block-image size-large\"><img loading=\"lazy\" decoding=\"async\" width=\"1024\" height=\"683\" src=\"https:\/\/reconciliation.gouv.ci\/mrcn\/wp-content\/uploads\/2023\/02\/Journee-Culturelle-Arabe-10-1024x683.jpg\" alt=\"\" class=\"wp-image-9415\" srcset=\"https:\/\/reconciliation.gouv.ci\/mrcn\/wp-content\/uploads\/2023\/02\/Journee-Culturelle-Arabe-10-1024x683.jpg 1024w, https:\/\/reconciliation.gouv.ci\/mrcn\/wp-content\/uploads\/2023\/02\/Journee-Culturelle-Arabe-10-300x200.jpg 300w, https:\/\/reconciliation.gouv.ci\/mrcn\/wp-content\/uploads\/2023\/02\/Journee-Culturelle-Arabe-10-768x512.jpg 768w, https:\/\/reconciliation.gouv.ci\/mrcn\/wp-content\/uploads\/2023\/02\/Journee-Culturelle-Arabe-10.jpg 1250w\" sizes=\"auto, (max-width: 1024px) 100vw, 1024px\" \/><\/figure>\n<\/div>\n\n\n\n<div class=\"wp-block-column is-layout-flow wp-block-column-is-layout-flow\">\n<figure class=\"wp-block-image size-large\"><img loading=\"lazy\" decoding=\"async\" width=\"1024\" height=\"683\" src=\"https:\/\/reconciliation.gouv.ci\/mrcn\/wp-content\/uploads\/2023\/02\/Journee-Culturelle-Arabe-3-1024x683.jpg\" alt=\"\" class=\"wp-image-9408\" srcset=\"https:\/\/reconciliation.gouv.ci\/mrcn\/wp-content\/uploads\/2023\/02\/Journee-Culturelle-Arabe-3-1024x683.jpg 1024w, https:\/\/reconciliation.gouv.ci\/mrcn\/wp-content\/uploads\/2023\/02\/Journee-Culturelle-Arabe-3-300x200.jpg 300w, https:\/\/reconciliation.gouv.ci\/mrcn\/wp-content\/uploads\/2023\/02\/Journee-Culturelle-Arabe-3-768x512.jpg 768w, https:\/\/reconciliation.gouv.ci\/mrcn\/wp-content\/uploads\/2023\/02\/Journee-Culturelle-Arabe-3.jpg 1250w\" sizes=\"auto, (max-width: 1024px) 100vw, 1024px\" \/><\/figure>\n<\/div>\n\n\n\n<div class=\"wp-block-column is-layout-flow wp-block-column-is-layout-flow\">\n<figure class=\"wp-block-image size-large\"><img loading=\"lazy\" decoding=\"async\" width=\"1024\" height=\"683\" src=\"https:\/\/reconciliation.gouv.ci\/mrcn\/wp-content\/uploads\/2023\/02\/Journee-Culturelle-Arabe-14-1024x683.jpg\" alt=\"\" class=\"wp-image-9419\" srcset=\"https:\/\/reconciliation.gouv.ci\/mrcn\/wp-content\/uploads\/2023\/02\/Journee-Culturelle-Arabe-14-1024x683.jpg 1024w, https:\/\/reconciliation.gouv.ci\/mrcn\/wp-content\/uploads\/2023\/02\/Journee-Culturelle-Arabe-14-300x200.jpg 300w, https:\/\/reconciliation.gouv.ci\/mrcn\/wp-content\/uploads\/2023\/02\/Journee-Culturelle-Arabe-14-768x512.jpg 768w, https:\/\/reconciliation.gouv.ci\/mrcn\/wp-content\/uploads\/2023\/02\/Journee-Culturelle-Arabe-14.jpg 1250w\" sizes=\"auto, (max-width: 1024px) 100vw, 1024px\" \/><\/figure>\n<\/div>\n<\/div>\n","protected":false},"excerpt":{"rendered":"<div class=\"pvc_clear\"><\/div>\n<p class=\"pvc_stats total_only \" data-element-id=\"9405\" style=\"\"><i class=\"pvc-stats-icon medium\" aria-hidden=\"true\"><svg aria-hidden=\"true\" focusable=\"false\" data-prefix=\"far\" data-icon=\"chart-bar\" role=\"img\" xmlns=\"http:\/\/www.w3.org\/2000\/svg\" viewBox=\"0 0 512 512\" class=\"svg-inline--fa fa-chart-bar fa-w-16 fa-2x\"><path fill=\"currentColor\" d=\"M396.8 352h22.4c6.4 0 12.8-6.4 12.8-12.8V108.8c0-6.4-6.4-12.8-12.8-12.8h-22.4c-6.4 0-12.8 6.4-12.8 12.8v230.4c0 6.4 6.4 12.8 12.8 12.8zm-192 0h22.4c6.4 0 12.8-6.4 12.8-12.8V140.8c0-6.4-6.4-12.8-12.8-12.8h-22.4c-6.4 0-12.8 6.4-12.8 12.8v198.4c0 6.4 6.4 12.8 12.8 12.8zm96 0h22.4c6.4 0 12.8-6.4 12.8-12.8V204.8c0-6.4-6.4-12.8-12.8-12.8h-22.4c-6.4 0-12.8 6.4-12.8 12.8v134.4c0 6.4 6.4 12.8 12.8 12.8zM496 400H48V80c0-8.84-7.16-16-16-16H16C7.16 64 0 71.16 0 80v336c0 17.67 14.33 32 32 32h464c8.84 0 16-7.16 16-16v-16c0-8.84-7.16-16-16-16zm-387.2-48h22.4c6.4 0 12.8-6.4 12.8-12.8v-70.4c0-6.4-6.4-12.8-12.8-12.8h-22.4c-6.4 0-12.8 6.4-12.8 12.8v70.4c0 6.4 6.4 12.8 12.8 12.8z\" class=\"\"><\/path><\/svg><\/i> &nbsp;1,931&nbsp;vues<\/p>\n<div class=\"pvc_clear\"><\/div>\n<p>&nbsp;1,931&nbsp;vues Le Palais de la Culture de Treichville a abrit\u00e9 mardi 21 f\u00e9vrier 2023 la c\u00e9r\u00e9monie d\u2019ouverture de la premi\u00e8re \u00e9dition des journ\u00e9es culturelles arabes sous l\u2019\u00e9gide du conseil des Ambassadeurs arabes accr\u00e9dit\u00e9s en C\u00f4te d&rsquo;Ivoire. Cette c\u00e9r\u00e9monie a \u00e9t\u00e9 rehauss\u00e9e par la pr\u00e9sence des personnalit\u00e9s du<\/p>\n","protected":false},"author":1,"featured_media":9416,"comment_status":"closed","ping_status":"open","sticky":false,"template":"","format":"standard","meta":{"footnotes":""},"categories":[39],"tags":[],"class_list":["post-9405","post","type-post","status-publish","format-standard","has-post-thumbnail","hentry","category-activites-ministere-slider"],"_links":{"self":[{"href":"https:\/\/reconciliation.gouv.ci\/mrcn\/index.php?rest_route=\/wp\/v2\/posts\/9405","targetHints":{"allow":["GET"]}}],"collection":[{"href":"https:\/\/reconciliation.gouv.ci\/mrcn\/index.php?rest_route=\/wp\/v2\/posts"}],"about":[{"href":"https:\/\/reconciliation.gouv.ci\/mrcn\/index.php?rest_route=\/wp\/v2\/types\/post"}],"author":[{"embeddable":true,"href":"https:\/\/reconciliation.gouv.ci\/mrcn\/index.php?rest_route=\/wp\/v2\/users\/1"}],"replies":[{"embeddable":true,"href":"https:\/\/reconciliation.gouv.ci\/mrcn\/index.php?rest_route=%2Fwp%2Fv2%2Fcomments&post=9405"}],"version-history":[{"count":1,"href":"https:\/\/reconciliation.gouv.ci\/mrcn\/index.php?rest_route=\/wp\/v2\/posts\/9405\/revisions"}],"predecessor-version":[{"id":9421,"href":"https:\/\/reconciliation.gouv.ci\/mrcn\/index.php?rest_route=\/wp\/v2\/posts\/9405\/revisions\/9421"}],"wp:featuredmedia":[{"embeddable":true,"href":"https:\/\/reconciliation.gouv.ci\/mrcn\/index.php?rest_route=\/wp\/v2\/media\/9416"}],"wp:attachment":[{"href":"https:\/\/reconciliation.gouv.ci\/mrcn\/index.php?rest_route=%2Fwp%2Fv2%2Fmedia&parent=9405"}],"wp:term":[{"taxonomy":"category","embeddable":true,"href":"https:\/\/reconciliation.gouv.ci\/mrcn\/index.php?rest_route=%2Fwp%2Fv2%2Fcategories&post=9405"},{"taxonomy":"post_tag","embeddable":true,"href":"https:\/\/reconciliation.gouv.ci\/mrcn\/index.php?rest_route=%2Fwp%2Fv2%2Ftags&post=9405"}],"curies":[{"name":"wp","href":"https:\/\/api.w.org\/{rel}","templated":true}]}}