{"id":9389,"date":"2023-02-21T19:23:38","date_gmt":"2023-02-21T18:23:38","guid":{"rendered":"https:\/\/reconciliation.gouv.ci\/mrcn\/?p=9389"},"modified":"2023-02-21T19:23:41","modified_gmt":"2023-02-21T18:23:41","slug":"reconciliation-et-cohesion-nationale-lassociation-ivoirienne-des-professeurs-de-philosophie-se-met-a-la-disposition-du-ministre-kouadio-bertin-konan","status":"publish","type":"post","link":"https:\/\/reconciliation.gouv.ci\/mrcn\/?p=9389","title":{"rendered":"<strong>R\u00e9conciliation et Coh\u00e9sion Nationale : l&rsquo;Association Ivoirienne des Professeurs de Philosophie se met \u00e0 la disposition du Ministre KOUADIO Bertin Konan<\/strong>"},"content":{"rendered":"<div class=\"pvc_clear\"><\/div><p class=\"pvc_stats total_only \" data-element-id=\"9389\" style=\"\"><i class=\"pvc-stats-icon medium\" aria-hidden=\"true\"><svg aria-hidden=\"true\" focusable=\"false\" data-prefix=\"far\" data-icon=\"chart-bar\" role=\"img\" xmlns=\"http:\/\/www.w3.org\/2000\/svg\" viewBox=\"0 0 512 512\" class=\"svg-inline--fa fa-chart-bar fa-w-16 fa-2x\"><path fill=\"currentColor\" d=\"M396.8 352h22.4c6.4 0 12.8-6.4 12.8-12.8V108.8c0-6.4-6.4-12.8-12.8-12.8h-22.4c-6.4 0-12.8 6.4-12.8 12.8v230.4c0 6.4 6.4 12.8 12.8 12.8zm-192 0h22.4c6.4 0 12.8-6.4 12.8-12.8V140.8c0-6.4-6.4-12.8-12.8-12.8h-22.4c-6.4 0-12.8 6.4-12.8 12.8v198.4c0 6.4 6.4 12.8 12.8 12.8zm96 0h22.4c6.4 0 12.8-6.4 12.8-12.8V204.8c0-6.4-6.4-12.8-12.8-12.8h-22.4c-6.4 0-12.8 6.4-12.8 12.8v134.4c0 6.4 6.4 12.8 12.8 12.8zM496 400H48V80c0-8.84-7.16-16-16-16H16C7.16 64 0 71.16 0 80v336c0 17.67 14.33 32 32 32h464c8.84 0 16-7.16 16-16v-16c0-8.84-7.16-16-16-16zm-387.2-48h22.4c6.4 0 12.8-6.4 12.8-12.8v-70.4c0-6.4-6.4-12.8-12.8-12.8h-22.4c-6.4 0-12.8 6.4-12.8 12.8v70.4c0 6.4 6.4 12.8 12.8 12.8z\" class=\"\"><\/path><\/svg><\/i> &nbsp;2,217&nbsp;vues<\/p><div class=\"pvc_clear\"><\/div>\n<figure class=\"wp-block-image size-large\"><img loading=\"lazy\" decoding=\"async\" width=\"1024\" height=\"683\" src=\"https:\/\/reconciliation.gouv.ci\/mrcn\/wp-content\/uploads\/2023\/02\/Association-des-prof-de-Philo-6-1024x683.jpg\" alt=\"\" class=\"wp-image-9397\" srcset=\"https:\/\/reconciliation.gouv.ci\/mrcn\/wp-content\/uploads\/2023\/02\/Association-des-prof-de-Philo-6-1024x683.jpg 1024w, https:\/\/reconciliation.gouv.ci\/mrcn\/wp-content\/uploads\/2023\/02\/Association-des-prof-de-Philo-6-300x200.jpg 300w, https:\/\/reconciliation.gouv.ci\/mrcn\/wp-content\/uploads\/2023\/02\/Association-des-prof-de-Philo-6-768x512.jpg 768w, https:\/\/reconciliation.gouv.ci\/mrcn\/wp-content\/uploads\/2023\/02\/Association-des-prof-de-Philo-6.jpg 1500w\" sizes=\"auto, (max-width: 1024px) 100vw, 1024px\" \/><\/figure>\n\n\n\n<p>L&rsquo;association des professeurs de philosophie conduite par son Pr\u00e9sident, le Professeur Dion Simplice a \u00e9t\u00e9 re\u00e7ue par le Ministre de la R\u00e9conciliation et de la Coh\u00e9sion Nationale, monsieur KOUADIO Bertin Konan, ce lundi 20 f\u00e9vrier 2023 \u00e0 son cabinet sis \u00e0 la cit\u00e9 administrative du Plateau.<\/p>\n\n\n\n<p>Apr\u00e8s cette audience, les h\u00f4tes du jour par l&rsquo;interm\u00e9diaire de leur pr\u00e9sident ont fait savoir leur volont\u00e9 d&rsquo;apporter leur pierre \u00e0 l&rsquo;\u00e9difice pour accompagner le Ministre dans sa noble et difficile mission de r\u00e9conciliation et de coh\u00e9sion nationale. \u00ab\u00a0les philosophes sont venus ce matin pour se mettre \u00e0 la disposition du Ministre pour lui dire qu&rsquo;ils sont pr\u00eats et d\u00e9termin\u00e9s \u00e0 l&rsquo;accompagner dans ses t\u00e2ches pour la r\u00e9ussite de sa mission&rsquo;\u2019 a-t-il r\u00e9v\u00e9l\u00e9.<\/p>\n\n\n\n<p>Pour ce professeur titulaire, la philosophie, c\u2019est la paix, la promotion de la d\u00e9mocratie et de la parole. Ce qui naturellement les rapproche de la mission r\u00e9galienne assign\u00e9e au Ministre par le Pr\u00e9sident de la R\u00e9publique.<\/p>\n\n\n\n<p>Le messager de paix du Chef de l\u2019Etat a donc accueilli avec beaucoup d&rsquo;enthousiasme cette initiative : \u00ab\u00a0Je le redis, la r\u00e9conciliation n&rsquo;est pas l&rsquo;affaire uniquement du Pr\u00e9sident de la R\u00e9publique encore moins du Ministre de la R\u00e9conciliation et de la Coh\u00e9sion Nationale. C&rsquo;est l&rsquo;affaire de tous les ivoiriens. J&rsquo;ai m\u00eame entrepris une croisade pour sensibiliser, mobiliser toutes les forces vives car la r\u00e9ussite de cette mission requiert la mobilisation de tous\u00a0\u00bb.<\/p>\n\n\n\n<p>Le membre du gouvernement ivoirien consid\u00e8re que ceux-ci ont un r\u00f4le pr\u00e9pond\u00e9rant \u00e0 jouer et qui peut lui \u00eatre utile dans ce processus de r\u00e9conciliation. \u00ab\u00a0Ensemble, nous allons donc nous engager pour promouvoir les valeurs que v\u00e9hicule la philosophie \u00e0 l&rsquo;\u00e9dification de l\u2019ivoirien de demain, un ivoirien nouveau \u00e9pris de paix et qui sait que la politique est un d\u00e9bat ou un jeu qui se fait en dehors de toute violence\u00a0\u00bb a conclu le Ministre KOUADIO Bertin Konan.<\/p>\n\n\n\n<div class=\"wp-block-columns is-layout-flex wp-container-core-columns-is-layout-9d6595d7 wp-block-columns-is-layout-flex\">\n<div class=\"wp-block-column is-layout-flow wp-block-column-is-layout-flow\">\n<figure class=\"wp-block-image size-large\"><img loading=\"lazy\" decoding=\"async\" width=\"1024\" height=\"683\" src=\"https:\/\/reconciliation.gouv.ci\/mrcn\/wp-content\/uploads\/2023\/02\/Association-des-prof-de-Philo-9-1024x683.jpg\" alt=\"\" class=\"wp-image-9391\" srcset=\"https:\/\/reconciliation.gouv.ci\/mrcn\/wp-content\/uploads\/2023\/02\/Association-des-prof-de-Philo-9-1024x683.jpg 1024w, https:\/\/reconciliation.gouv.ci\/mrcn\/wp-content\/uploads\/2023\/02\/Association-des-prof-de-Philo-9-300x200.jpg 300w, https:\/\/reconciliation.gouv.ci\/mrcn\/wp-content\/uploads\/2023\/02\/Association-des-prof-de-Philo-9-768x512.jpg 768w, https:\/\/reconciliation.gouv.ci\/mrcn\/wp-content\/uploads\/2023\/02\/Association-des-prof-de-Philo-9.jpg 1500w\" sizes=\"auto, (max-width: 1024px) 100vw, 1024px\" \/><\/figure>\n<\/div>\n\n\n\n<div class=\"wp-block-column is-layout-flow wp-block-column-is-layout-flow\">\n<figure class=\"wp-block-image size-large\"><img loading=\"lazy\" decoding=\"async\" width=\"1024\" height=\"683\" src=\"https:\/\/reconciliation.gouv.ci\/mrcn\/wp-content\/uploads\/2023\/02\/Association-des-prof-de-Philo-4-1024x683.jpg\" alt=\"\" class=\"wp-image-9395\" srcset=\"https:\/\/reconciliation.gouv.ci\/mrcn\/wp-content\/uploads\/2023\/02\/Association-des-prof-de-Philo-4-1024x683.jpg 1024w, https:\/\/reconciliation.gouv.ci\/mrcn\/wp-content\/uploads\/2023\/02\/Association-des-prof-de-Philo-4-300x200.jpg 300w, https:\/\/reconciliation.gouv.ci\/mrcn\/wp-content\/uploads\/2023\/02\/Association-des-prof-de-Philo-4-768x512.jpg 768w, https:\/\/reconciliation.gouv.ci\/mrcn\/wp-content\/uploads\/2023\/02\/Association-des-prof-de-Philo-4.jpg 1500w\" sizes=\"auto, (max-width: 1024px) 100vw, 1024px\" \/><\/figure>\n<\/div>\n\n\n\n<div class=\"wp-block-column is-layout-flow wp-block-column-is-layout-flow\">\n<figure class=\"wp-block-image size-large\"><img loading=\"lazy\" decoding=\"async\" width=\"1024\" height=\"683\" src=\"https:\/\/reconciliation.gouv.ci\/mrcn\/wp-content\/uploads\/2023\/02\/Association-des-prof-de-Philo-5-1024x683.jpg\" alt=\"\" class=\"wp-image-9396\" srcset=\"https:\/\/reconciliation.gouv.ci\/mrcn\/wp-content\/uploads\/2023\/02\/Association-des-prof-de-Philo-5-1024x683.jpg 1024w, https:\/\/reconciliation.gouv.ci\/mrcn\/wp-content\/uploads\/2023\/02\/Association-des-prof-de-Philo-5-300x200.jpg 300w, https:\/\/reconciliation.gouv.ci\/mrcn\/wp-content\/uploads\/2023\/02\/Association-des-prof-de-Philo-5-768x512.jpg 768w, https:\/\/reconciliation.gouv.ci\/mrcn\/wp-content\/uploads\/2023\/02\/Association-des-prof-de-Philo-5.jpg 1500w\" sizes=\"auto, (max-width: 1024px) 100vw, 1024px\" \/><\/figure>\n<\/div>\n<\/div>\n\n\n\n<div class=\"wp-block-columns is-layout-flex wp-container-core-columns-is-layout-9d6595d7 wp-block-columns-is-layout-flex\">\n<div class=\"wp-block-column is-layout-flow wp-block-column-is-layout-flow\">\n<figure class=\"wp-block-image size-large\"><img loading=\"lazy\" decoding=\"async\" width=\"1024\" height=\"683\" src=\"https:\/\/reconciliation.gouv.ci\/mrcn\/wp-content\/uploads\/2023\/02\/Association-des-prof-de-Philo-8-1024x683.jpg\" alt=\"\" class=\"wp-image-9390\" srcset=\"https:\/\/reconciliation.gouv.ci\/mrcn\/wp-content\/uploads\/2023\/02\/Association-des-prof-de-Philo-8-1024x683.jpg 1024w, https:\/\/reconciliation.gouv.ci\/mrcn\/wp-content\/uploads\/2023\/02\/Association-des-prof-de-Philo-8-300x200.jpg 300w, https:\/\/reconciliation.gouv.ci\/mrcn\/wp-content\/uploads\/2023\/02\/Association-des-prof-de-Philo-8-768x512.jpg 768w, https:\/\/reconciliation.gouv.ci\/mrcn\/wp-content\/uploads\/2023\/02\/Association-des-prof-de-Philo-8.jpg 1500w\" sizes=\"auto, (max-width: 1024px) 100vw, 1024px\" \/><\/figure>\n<\/div>\n\n\n\n<div class=\"wp-block-column is-layout-flow wp-block-column-is-layout-flow\">\n<figure class=\"wp-block-image size-large\"><img loading=\"lazy\" decoding=\"async\" width=\"1024\" height=\"683\" src=\"https:\/\/reconciliation.gouv.ci\/mrcn\/wp-content\/uploads\/2023\/02\/Association-des-prof-de-Philo-10-1024x683.jpg\" alt=\"\" class=\"wp-image-9392\" srcset=\"https:\/\/reconciliation.gouv.ci\/mrcn\/wp-content\/uploads\/2023\/02\/Association-des-prof-de-Philo-10-1024x683.jpg 1024w, https:\/\/reconciliation.gouv.ci\/mrcn\/wp-content\/uploads\/2023\/02\/Association-des-prof-de-Philo-10-300x200.jpg 300w, https:\/\/reconciliation.gouv.ci\/mrcn\/wp-content\/uploads\/2023\/02\/Association-des-prof-de-Philo-10-768x512.jpg 768w, https:\/\/reconciliation.gouv.ci\/mrcn\/wp-content\/uploads\/2023\/02\/Association-des-prof-de-Philo-10.jpg 1500w\" sizes=\"auto, (max-width: 1024px) 100vw, 1024px\" \/><\/figure>\n<\/div>\n<\/div>\n","protected":false},"excerpt":{"rendered":"<div class=\"pvc_clear\"><\/div>\n<p class=\"pvc_stats total_only \" data-element-id=\"9389\" style=\"\"><i class=\"pvc-stats-icon medium\" aria-hidden=\"true\"><svg aria-hidden=\"true\" focusable=\"false\" data-prefix=\"far\" data-icon=\"chart-bar\" role=\"img\" xmlns=\"http:\/\/www.w3.org\/2000\/svg\" viewBox=\"0 0 512 512\" class=\"svg-inline--fa fa-chart-bar fa-w-16 fa-2x\"><path fill=\"currentColor\" d=\"M396.8 352h22.4c6.4 0 12.8-6.4 12.8-12.8V108.8c0-6.4-6.4-12.8-12.8-12.8h-22.4c-6.4 0-12.8 6.4-12.8 12.8v230.4c0 6.4 6.4 12.8 12.8 12.8zm-192 0h22.4c6.4 0 12.8-6.4 12.8-12.8V140.8c0-6.4-6.4-12.8-12.8-12.8h-22.4c-6.4 0-12.8 6.4-12.8 12.8v198.4c0 6.4 6.4 12.8 12.8 12.8zm96 0h22.4c6.4 0 12.8-6.4 12.8-12.8V204.8c0-6.4-6.4-12.8-12.8-12.8h-22.4c-6.4 0-12.8 6.4-12.8 12.8v134.4c0 6.4 6.4 12.8 12.8 12.8zM496 400H48V80c0-8.84-7.16-16-16-16H16C7.16 64 0 71.16 0 80v336c0 17.67 14.33 32 32 32h464c8.84 0 16-7.16 16-16v-16c0-8.84-7.16-16-16-16zm-387.2-48h22.4c6.4 0 12.8-6.4 12.8-12.8v-70.4c0-6.4-6.4-12.8-12.8-12.8h-22.4c-6.4 0-12.8 6.4-12.8 12.8v70.4c0 6.4 6.4 12.8 12.8 12.8z\" class=\"\"><\/path><\/svg><\/i> &nbsp;2,217&nbsp;vues<\/p>\n<div class=\"pvc_clear\"><\/div>\n<p>&nbsp;2,217&nbsp;vues L&rsquo;association des professeurs de philosophie conduite par son Pr\u00e9sident, le Professeur Dion Simplice a \u00e9t\u00e9 re\u00e7ue par le Ministre de la R\u00e9conciliation et de la Coh\u00e9sion Nationale, monsieur KOUADIO Bertin Konan, ce lundi 20 f\u00e9vrier 2023 \u00e0 son cabinet sis \u00e0 la cit\u00e9 administrative du Plateau.<\/p>\n","protected":false},"author":1,"featured_media":9397,"comment_status":"closed","ping_status":"open","sticky":false,"template":"","format":"standard","meta":{"footnotes":""},"categories":[39],"tags":[],"class_list":["post-9389","post","type-post","status-publish","format-standard","has-post-thumbnail","hentry","category-activites-ministere-slider"],"_links":{"self":[{"href":"https:\/\/reconciliation.gouv.ci\/mrcn\/index.php?rest_route=\/wp\/v2\/posts\/9389","targetHints":{"allow":["GET"]}}],"collection":[{"href":"https:\/\/reconciliation.gouv.ci\/mrcn\/index.php?rest_route=\/wp\/v2\/posts"}],"about":[{"href":"https:\/\/reconciliation.gouv.ci\/mrcn\/index.php?rest_route=\/wp\/v2\/types\/post"}],"author":[{"embeddable":true,"href":"https:\/\/reconciliation.gouv.ci\/mrcn\/index.php?rest_route=\/wp\/v2\/users\/1"}],"replies":[{"embeddable":true,"href":"https:\/\/reconciliation.gouv.ci\/mrcn\/index.php?rest_route=%2Fwp%2Fv2%2Fcomments&post=9389"}],"version-history":[{"count":2,"href":"https:\/\/reconciliation.gouv.ci\/mrcn\/index.php?rest_route=\/wp\/v2\/posts\/9389\/revisions"}],"predecessor-version":[{"id":9404,"href":"https:\/\/reconciliation.gouv.ci\/mrcn\/index.php?rest_route=\/wp\/v2\/posts\/9389\/revisions\/9404"}],"wp:featuredmedia":[{"embeddable":true,"href":"https:\/\/reconciliation.gouv.ci\/mrcn\/index.php?rest_route=\/wp\/v2\/media\/9397"}],"wp:attachment":[{"href":"https:\/\/reconciliation.gouv.ci\/mrcn\/index.php?rest_route=%2Fwp%2Fv2%2Fmedia&parent=9389"}],"wp:term":[{"taxonomy":"category","embeddable":true,"href":"https:\/\/reconciliation.gouv.ci\/mrcn\/index.php?rest_route=%2Fwp%2Fv2%2Fcategories&post=9389"},{"taxonomy":"post_tag","embeddable":true,"href":"https:\/\/reconciliation.gouv.ci\/mrcn\/index.php?rest_route=%2Fwp%2Fv2%2Ftags&post=9389"}],"curies":[{"name":"wp","href":"https:\/\/api.w.org\/{rel}","templated":true}]}}