{"id":9330,"date":"2023-02-15T10:46:25","date_gmt":"2023-02-15T09:46:25","guid":{"rendered":"https:\/\/reconciliation.gouv.ci\/mrcn\/?p=9330"},"modified":"2023-02-15T10:46:26","modified_gmt":"2023-02-15T09:46:26","slug":"paix-et-reconciliation-le-ministere-de-la-repentance-et-de-la-saintete-annonce-au-ministre-kouadio-konan-bertin-la-tenue-a-abidjan-de-la-15eme-conference-internationale-des-pasteurs-leaders","status":"publish","type":"post","link":"https:\/\/reconciliation.gouv.ci\/mrcn\/?p=9330","title":{"rendered":"Paix et R\u00e9conciliation : le Minist\u00e8re de la Repentance et de la Saintet\u00e9 annonce au Ministre KOUADIO Konan Bertin la tenue \u00e0 Abidjan de la 15\u00e8me conf\u00e9rence internationale des Pasteurs Leaders."},"content":{"rendered":"<div class=\"pvc_clear\"><\/div><p class=\"pvc_stats total_only \" data-element-id=\"9330\" style=\"\"><i class=\"pvc-stats-icon medium\" aria-hidden=\"true\"><svg aria-hidden=\"true\" focusable=\"false\" data-prefix=\"far\" data-icon=\"chart-bar\" role=\"img\" xmlns=\"http:\/\/www.w3.org\/2000\/svg\" viewBox=\"0 0 512 512\" class=\"svg-inline--fa fa-chart-bar fa-w-16 fa-2x\"><path fill=\"currentColor\" d=\"M396.8 352h22.4c6.4 0 12.8-6.4 12.8-12.8V108.8c0-6.4-6.4-12.8-12.8-12.8h-22.4c-6.4 0-12.8 6.4-12.8 12.8v230.4c0 6.4 6.4 12.8 12.8 12.8zm-192 0h22.4c6.4 0 12.8-6.4 12.8-12.8V140.8c0-6.4-6.4-12.8-12.8-12.8h-22.4c-6.4 0-12.8 6.4-12.8 12.8v198.4c0 6.4 6.4 12.8 12.8 12.8zm96 0h22.4c6.4 0 12.8-6.4 12.8-12.8V204.8c0-6.4-6.4-12.8-12.8-12.8h-22.4c-6.4 0-12.8 6.4-12.8 12.8v134.4c0 6.4 6.4 12.8 12.8 12.8zM496 400H48V80c0-8.84-7.16-16-16-16H16C7.16 64 0 71.16 0 80v336c0 17.67 14.33 32 32 32h464c8.84 0 16-7.16 16-16v-16c0-8.84-7.16-16-16-16zm-387.2-48h22.4c6.4 0 12.8-6.4 12.8-12.8v-70.4c0-6.4-6.4-12.8-12.8-12.8h-22.4c-6.4 0-12.8 6.4-12.8 12.8v70.4c0 6.4 6.4 12.8 12.8 12.8z\" class=\"\"><\/path><\/svg><\/i> &nbsp;2,144&nbsp;vues<\/p><div class=\"pvc_clear\"><\/div>\n<figure class=\"wp-block-image size-large\"><img loading=\"lazy\" decoding=\"async\" width=\"1024\" height=\"683\" src=\"https:\/\/reconciliation.gouv.ci\/mrcn\/wp-content\/uploads\/2023\/02\/Audience-KKB-avec-des-Pasteurs-Leaders-9-1024x683.jpg\" alt=\"\" class=\"wp-image-9343\" srcset=\"https:\/\/reconciliation.gouv.ci\/mrcn\/wp-content\/uploads\/2023\/02\/Audience-KKB-avec-des-Pasteurs-Leaders-9-1024x683.jpg 1024w, https:\/\/reconciliation.gouv.ci\/mrcn\/wp-content\/uploads\/2023\/02\/Audience-KKB-avec-des-Pasteurs-Leaders-9-300x200.jpg 300w, https:\/\/reconciliation.gouv.ci\/mrcn\/wp-content\/uploads\/2023\/02\/Audience-KKB-avec-des-Pasteurs-Leaders-9-768x512.jpg 768w, https:\/\/reconciliation.gouv.ci\/mrcn\/wp-content\/uploads\/2023\/02\/Audience-KKB-avec-des-Pasteurs-Leaders-9.jpg 1250w\" sizes=\"auto, (max-width: 1024px) 100vw, 1024px\" \/><\/figure>\n\n\n\n<p>Pr Augustin Maquengo, Fonctionnaire International \u00e0 la BAD par ailleurs Archev\u00eaque Senior et Coordonnateur international du Minist\u00e8re de la Repentance et de la Saintet\u00e9 dont le si\u00e8ge est \u00e0 Na\u00efrobi au Kenya a \u00e9t\u00e9 re\u00e7u en audience par le Ministre KOUADIO Konan Bertin \u00e0 son cabinet sis \u00e0 la cit\u00e9 administrative du Plateau mardi 14 f\u00e9vrier 2023.<\/p>\n\n\n\n<p>L&rsquo;h\u00f4te du jour a fait savoir que sa pr\u00e9sence se justifie par la mission r\u00e9galienne de son minist\u00e8re qui est de prier pour les nations du monde. La C\u00f4te d\u2019Ivoire qui vient de traverser une s\u00e9rie de crises post\u00e9lectorales, a besoin de booster sa coh\u00e9sion sociale et il n\u2019y a que par la pri\u00e8re.<\/p>\n\n\n\n<p>C&rsquo;est donc dans ce contexte que la mission du Minist\u00e8re de la Repentance et de la Saintet\u00e9 est venue annoncer au Ministre KOUADIO Konan Bertin la tenue \u00e0 Abidjan de la 15<sup>e<\/sup> Conf\u00e9rence Internationale des Pasteurs Leaders du 23 au 26 mars 2023 pour demander son soutien : \u00ab\u00a0Le Ministre KOUADIO Konan Bertin a une mission divine car \u00e9tant \u00e9galement un messager de la paix. La main dans la main, Dieu qui est amour pr\u00e9servera cette paix dans cette nation qui compte beaucoup dans la sous-r\u00e9gion et dans le monde francophone.\u00a0\u00bb.<\/p>\n\n\n\n<p>Un message bien re\u00e7u par KOUADIO Konan Bertin le Ministre charg\u00e9 de la R\u00e9conciliation et de la Coh\u00e9sion Nationale : \u00ab\u00a0Tout ce qui concerne Dieu, qui va dans le sens d\u2019invoquer son nom sur la C\u00f4te d\u2019Ivoire pour une paix et une stabilit\u00e9 durables ne peut qu\u2019\u00eatre soutenu par le Minist\u00e8re de la R\u00e9conciliation et de la Coh\u00e9sion Nationale\u00a0\u00bb.<\/p>\n\n\n\n<p>Pour cette audience, l\u2019Ap\u00f4tre de Dieu avait \u00e0 ses c\u00f4t\u00e9s le Bishop Yao Dron et Dr Assoko Heracles surintendant qui pilotent les activit\u00e9s de la repr\u00e9sentation de ce minist\u00e8re \u00e0 Abidjan.<\/p>\n\n\n\n<div class=\"wp-block-columns is-layout-flex wp-container-core-columns-is-layout-9d6595d7 wp-block-columns-is-layout-flex\">\n<div class=\"wp-block-column is-layout-flow wp-block-column-is-layout-flow\">\n<figure class=\"wp-block-image size-large\"><img loading=\"lazy\" decoding=\"async\" width=\"1024\" height=\"683\" src=\"https:\/\/reconciliation.gouv.ci\/mrcn\/wp-content\/uploads\/2023\/02\/Audience-KKB-avec-des-Pasteurs-Leaders-1-1024x683.jpg\" alt=\"\" class=\"wp-image-9335\" srcset=\"https:\/\/reconciliation.gouv.ci\/mrcn\/wp-content\/uploads\/2023\/02\/Audience-KKB-avec-des-Pasteurs-Leaders-1-1024x683.jpg 1024w, https:\/\/reconciliation.gouv.ci\/mrcn\/wp-content\/uploads\/2023\/02\/Audience-KKB-avec-des-Pasteurs-Leaders-1-300x200.jpg 300w, https:\/\/reconciliation.gouv.ci\/mrcn\/wp-content\/uploads\/2023\/02\/Audience-KKB-avec-des-Pasteurs-Leaders-1-768x512.jpg 768w, https:\/\/reconciliation.gouv.ci\/mrcn\/wp-content\/uploads\/2023\/02\/Audience-KKB-avec-des-Pasteurs-Leaders-1.jpg 1250w\" sizes=\"auto, (max-width: 1024px) 100vw, 1024px\" \/><\/figure>\n<\/div>\n\n\n\n<div class=\"wp-block-column is-layout-flow wp-block-column-is-layout-flow\">\n<figure class=\"wp-block-image size-large\"><img loading=\"lazy\" decoding=\"async\" width=\"1024\" height=\"683\" src=\"https:\/\/reconciliation.gouv.ci\/mrcn\/wp-content\/uploads\/2023\/02\/Audience-KKB-avec-des-Pasteurs-Leaders-2-1024x683.jpg\" alt=\"\" class=\"wp-image-9336\" srcset=\"https:\/\/reconciliation.gouv.ci\/mrcn\/wp-content\/uploads\/2023\/02\/Audience-KKB-avec-des-Pasteurs-Leaders-2-1024x683.jpg 1024w, https:\/\/reconciliation.gouv.ci\/mrcn\/wp-content\/uploads\/2023\/02\/Audience-KKB-avec-des-Pasteurs-Leaders-2-300x200.jpg 300w, https:\/\/reconciliation.gouv.ci\/mrcn\/wp-content\/uploads\/2023\/02\/Audience-KKB-avec-des-Pasteurs-Leaders-2-768x512.jpg 768w, https:\/\/reconciliation.gouv.ci\/mrcn\/wp-content\/uploads\/2023\/02\/Audience-KKB-avec-des-Pasteurs-Leaders-2.jpg 1250w\" sizes=\"auto, (max-width: 1024px) 100vw, 1024px\" \/><\/figure>\n<\/div>\n\n\n\n<div class=\"wp-block-column is-layout-flow wp-block-column-is-layout-flow\">\n<figure class=\"wp-block-image size-large\"><img loading=\"lazy\" decoding=\"async\" width=\"1024\" height=\"683\" src=\"https:\/\/reconciliation.gouv.ci\/mrcn\/wp-content\/uploads\/2023\/02\/Audience-KKB-avec-des-Pasteurs-Leaders-8-1024x683.jpg\" alt=\"\" class=\"wp-image-9342\" srcset=\"https:\/\/reconciliation.gouv.ci\/mrcn\/wp-content\/uploads\/2023\/02\/Audience-KKB-avec-des-Pasteurs-Leaders-8-1024x683.jpg 1024w, https:\/\/reconciliation.gouv.ci\/mrcn\/wp-content\/uploads\/2023\/02\/Audience-KKB-avec-des-Pasteurs-Leaders-8-300x200.jpg 300w, https:\/\/reconciliation.gouv.ci\/mrcn\/wp-content\/uploads\/2023\/02\/Audience-KKB-avec-des-Pasteurs-Leaders-8-768x512.jpg 768w, https:\/\/reconciliation.gouv.ci\/mrcn\/wp-content\/uploads\/2023\/02\/Audience-KKB-avec-des-Pasteurs-Leaders-8.jpg 1250w\" sizes=\"auto, (max-width: 1024px) 100vw, 1024px\" \/><\/figure>\n<\/div>\n<\/div>\n\n\n\n<div class=\"wp-block-columns is-layout-flex wp-container-core-columns-is-layout-9d6595d7 wp-block-columns-is-layout-flex\">\n<div class=\"wp-block-column is-layout-flow wp-block-column-is-layout-flow\">\n<figure class=\"wp-block-image size-large\"><img loading=\"lazy\" decoding=\"async\" width=\"1024\" height=\"683\" src=\"https:\/\/reconciliation.gouv.ci\/mrcn\/wp-content\/uploads\/2023\/02\/Audience-KKB-avec-des-Pasteurs-Leaders-4-1024x683.jpg\" alt=\"\" class=\"wp-image-9338\" srcset=\"https:\/\/reconciliation.gouv.ci\/mrcn\/wp-content\/uploads\/2023\/02\/Audience-KKB-avec-des-Pasteurs-Leaders-4-1024x683.jpg 1024w, https:\/\/reconciliation.gouv.ci\/mrcn\/wp-content\/uploads\/2023\/02\/Audience-KKB-avec-des-Pasteurs-Leaders-4-300x200.jpg 300w, https:\/\/reconciliation.gouv.ci\/mrcn\/wp-content\/uploads\/2023\/02\/Audience-KKB-avec-des-Pasteurs-Leaders-4-768x512.jpg 768w, https:\/\/reconciliation.gouv.ci\/mrcn\/wp-content\/uploads\/2023\/02\/Audience-KKB-avec-des-Pasteurs-Leaders-4.jpg 1250w\" sizes=\"auto, (max-width: 1024px) 100vw, 1024px\" \/><\/figure>\n<\/div>\n\n\n\n<div class=\"wp-block-column is-layout-flow wp-block-column-is-layout-flow\">\n<figure class=\"wp-block-image size-large\"><img loading=\"lazy\" decoding=\"async\" width=\"1024\" height=\"683\" src=\"https:\/\/reconciliation.gouv.ci\/mrcn\/wp-content\/uploads\/2023\/02\/Audience-KKB-avec-des-Pasteurs-Leaders-5-1024x683.jpg\" alt=\"\" class=\"wp-image-9339\" srcset=\"https:\/\/reconciliation.gouv.ci\/mrcn\/wp-content\/uploads\/2023\/02\/Audience-KKB-avec-des-Pasteurs-Leaders-5-1024x683.jpg 1024w, https:\/\/reconciliation.gouv.ci\/mrcn\/wp-content\/uploads\/2023\/02\/Audience-KKB-avec-des-Pasteurs-Leaders-5-300x200.jpg 300w, https:\/\/reconciliation.gouv.ci\/mrcn\/wp-content\/uploads\/2023\/02\/Audience-KKB-avec-des-Pasteurs-Leaders-5-768x512.jpg 768w, https:\/\/reconciliation.gouv.ci\/mrcn\/wp-content\/uploads\/2023\/02\/Audience-KKB-avec-des-Pasteurs-Leaders-5.jpg 1250w\" sizes=\"auto, (max-width: 1024px) 100vw, 1024px\" \/><\/figure>\n<\/div>\n\n\n\n<div class=\"wp-block-column is-layout-flow wp-block-column-is-layout-flow\">\n<figure class=\"wp-block-image size-large\"><img loading=\"lazy\" decoding=\"async\" width=\"1024\" height=\"683\" src=\"https:\/\/reconciliation.gouv.ci\/mrcn\/wp-content\/uploads\/2023\/02\/Audience-KKB-avec-des-Pasteurs-Leaders-3-1024x683.jpg\" alt=\"\" class=\"wp-image-9337\" srcset=\"https:\/\/reconciliation.gouv.ci\/mrcn\/wp-content\/uploads\/2023\/02\/Audience-KKB-avec-des-Pasteurs-Leaders-3-1024x683.jpg 1024w, https:\/\/reconciliation.gouv.ci\/mrcn\/wp-content\/uploads\/2023\/02\/Audience-KKB-avec-des-Pasteurs-Leaders-3-300x200.jpg 300w, https:\/\/reconciliation.gouv.ci\/mrcn\/wp-content\/uploads\/2023\/02\/Audience-KKB-avec-des-Pasteurs-Leaders-3-768x512.jpg 768w, https:\/\/reconciliation.gouv.ci\/mrcn\/wp-content\/uploads\/2023\/02\/Audience-KKB-avec-des-Pasteurs-Leaders-3.jpg 1250w\" sizes=\"auto, (max-width: 1024px) 100vw, 1024px\" \/><\/figure>\n<\/div>\n<\/div>\n\n\n\n<div class=\"wp-block-columns is-layout-flex wp-container-core-columns-is-layout-9d6595d7 wp-block-columns-is-layout-flex\">\n<div class=\"wp-block-column is-layout-flow wp-block-column-is-layout-flow\">\n<figure class=\"wp-block-image size-large\"><img loading=\"lazy\" decoding=\"async\" width=\"1024\" height=\"683\" src=\"https:\/\/reconciliation.gouv.ci\/mrcn\/wp-content\/uploads\/2023\/02\/Audience-KKB-avec-des-Pasteurs-Leaders-7-1024x683.jpg\" alt=\"\" class=\"wp-image-9341\" srcset=\"https:\/\/reconciliation.gouv.ci\/mrcn\/wp-content\/uploads\/2023\/02\/Audience-KKB-avec-des-Pasteurs-Leaders-7-1024x683.jpg 1024w, https:\/\/reconciliation.gouv.ci\/mrcn\/wp-content\/uploads\/2023\/02\/Audience-KKB-avec-des-Pasteurs-Leaders-7-300x200.jpg 300w, https:\/\/reconciliation.gouv.ci\/mrcn\/wp-content\/uploads\/2023\/02\/Audience-KKB-avec-des-Pasteurs-Leaders-7-768x512.jpg 768w, https:\/\/reconciliation.gouv.ci\/mrcn\/wp-content\/uploads\/2023\/02\/Audience-KKB-avec-des-Pasteurs-Leaders-7.jpg 1250w\" sizes=\"auto, (max-width: 1024px) 100vw, 1024px\" \/><\/figure>\n<\/div>\n\n\n\n<div class=\"wp-block-column is-layout-flow wp-block-column-is-layout-flow\">\n<figure class=\"wp-block-image size-large\"><img loading=\"lazy\" decoding=\"async\" width=\"1024\" height=\"683\" src=\"https:\/\/reconciliation.gouv.ci\/mrcn\/wp-content\/uploads\/2023\/02\/Audience-KKB-avec-des-Pasteurs-Leaders-10-1024x683.jpg\" alt=\"\" class=\"wp-image-9331\" srcset=\"https:\/\/reconciliation.gouv.ci\/mrcn\/wp-content\/uploads\/2023\/02\/Audience-KKB-avec-des-Pasteurs-Leaders-10-1024x683.jpg 1024w, https:\/\/reconciliation.gouv.ci\/mrcn\/wp-content\/uploads\/2023\/02\/Audience-KKB-avec-des-Pasteurs-Leaders-10-300x200.jpg 300w, https:\/\/reconciliation.gouv.ci\/mrcn\/wp-content\/uploads\/2023\/02\/Audience-KKB-avec-des-Pasteurs-Leaders-10-768x512.jpg 768w, https:\/\/reconciliation.gouv.ci\/mrcn\/wp-content\/uploads\/2023\/02\/Audience-KKB-avec-des-Pasteurs-Leaders-10.jpg 1250w\" sizes=\"auto, (max-width: 1024px) 100vw, 1024px\" \/><\/figure>\n<\/div>\n\n\n\n<div class=\"wp-block-column is-layout-flow wp-block-column-is-layout-flow\">\n<figure class=\"wp-block-image size-large\"><img loading=\"lazy\" decoding=\"async\" width=\"1024\" height=\"683\" src=\"https:\/\/reconciliation.gouv.ci\/mrcn\/wp-content\/uploads\/2023\/02\/Audience-KKB-avec-des-Pasteurs-Leaders-12-1024x683.jpg\" alt=\"\" class=\"wp-image-9333\" srcset=\"https:\/\/reconciliation.gouv.ci\/mrcn\/wp-content\/uploads\/2023\/02\/Audience-KKB-avec-des-Pasteurs-Leaders-12-1024x683.jpg 1024w, https:\/\/reconciliation.gouv.ci\/mrcn\/wp-content\/uploads\/2023\/02\/Audience-KKB-avec-des-Pasteurs-Leaders-12-300x200.jpg 300w, https:\/\/reconciliation.gouv.ci\/mrcn\/wp-content\/uploads\/2023\/02\/Audience-KKB-avec-des-Pasteurs-Leaders-12-768x512.jpg 768w, https:\/\/reconciliation.gouv.ci\/mrcn\/wp-content\/uploads\/2023\/02\/Audience-KKB-avec-des-Pasteurs-Leaders-12.jpg 1250w\" sizes=\"auto, (max-width: 1024px) 100vw, 1024px\" \/><\/figure>\n<\/div>\n<\/div>\n","protected":false},"excerpt":{"rendered":"<div class=\"pvc_clear\"><\/div>\n<p class=\"pvc_stats total_only \" data-element-id=\"9330\" style=\"\"><i class=\"pvc-stats-icon medium\" aria-hidden=\"true\"><svg aria-hidden=\"true\" focusable=\"false\" data-prefix=\"far\" data-icon=\"chart-bar\" role=\"img\" xmlns=\"http:\/\/www.w3.org\/2000\/svg\" viewBox=\"0 0 512 512\" class=\"svg-inline--fa fa-chart-bar fa-w-16 fa-2x\"><path fill=\"currentColor\" d=\"M396.8 352h22.4c6.4 0 12.8-6.4 12.8-12.8V108.8c0-6.4-6.4-12.8-12.8-12.8h-22.4c-6.4 0-12.8 6.4-12.8 12.8v230.4c0 6.4 6.4 12.8 12.8 12.8zm-192 0h22.4c6.4 0 12.8-6.4 12.8-12.8V140.8c0-6.4-6.4-12.8-12.8-12.8h-22.4c-6.4 0-12.8 6.4-12.8 12.8v198.4c0 6.4 6.4 12.8 12.8 12.8zm96 0h22.4c6.4 0 12.8-6.4 12.8-12.8V204.8c0-6.4-6.4-12.8-12.8-12.8h-22.4c-6.4 0-12.8 6.4-12.8 12.8v134.4c0 6.4 6.4 12.8 12.8 12.8zM496 400H48V80c0-8.84-7.16-16-16-16H16C7.16 64 0 71.16 0 80v336c0 17.67 14.33 32 32 32h464c8.84 0 16-7.16 16-16v-16c0-8.84-7.16-16-16-16zm-387.2-48h22.4c6.4 0 12.8-6.4 12.8-12.8v-70.4c0-6.4-6.4-12.8-12.8-12.8h-22.4c-6.4 0-12.8 6.4-12.8 12.8v70.4c0 6.4 6.4 12.8 12.8 12.8z\" class=\"\"><\/path><\/svg><\/i> &nbsp;2,144&nbsp;vues<\/p>\n<div class=\"pvc_clear\"><\/div>\n<p>&nbsp;2,144&nbsp;vues Pr Augustin Maquengo, Fonctionnaire International \u00e0 la BAD par ailleurs Archev\u00eaque Senior et Coordonnateur international du Minist\u00e8re de la Repentance et de la Saintet\u00e9 dont le si\u00e8ge est \u00e0 Na\u00efrobi au Kenya a \u00e9t\u00e9 re\u00e7u en audience par le Ministre KOUADIO Konan Bertin \u00e0 son cabinet<\/p>\n","protected":false},"author":1,"featured_media":9343,"comment_status":"closed","ping_status":"open","sticky":false,"template":"","format":"standard","meta":{"footnotes":""},"categories":[39],"tags":[],"class_list":["post-9330","post","type-post","status-publish","format-standard","has-post-thumbnail","hentry","category-activites-ministere-slider"],"_links":{"self":[{"href":"https:\/\/reconciliation.gouv.ci\/mrcn\/index.php?rest_route=\/wp\/v2\/posts\/9330","targetHints":{"allow":["GET"]}}],"collection":[{"href":"https:\/\/reconciliation.gouv.ci\/mrcn\/index.php?rest_route=\/wp\/v2\/posts"}],"about":[{"href":"https:\/\/reconciliation.gouv.ci\/mrcn\/index.php?rest_route=\/wp\/v2\/types\/post"}],"author":[{"embeddable":true,"href":"https:\/\/reconciliation.gouv.ci\/mrcn\/index.php?rest_route=\/wp\/v2\/users\/1"}],"replies":[{"embeddable":true,"href":"https:\/\/reconciliation.gouv.ci\/mrcn\/index.php?rest_route=%2Fwp%2Fv2%2Fcomments&post=9330"}],"version-history":[{"count":1,"href":"https:\/\/reconciliation.gouv.ci\/mrcn\/index.php?rest_route=\/wp\/v2\/posts\/9330\/revisions"}],"predecessor-version":[{"id":9344,"href":"https:\/\/reconciliation.gouv.ci\/mrcn\/index.php?rest_route=\/wp\/v2\/posts\/9330\/revisions\/9344"}],"wp:featuredmedia":[{"embeddable":true,"href":"https:\/\/reconciliation.gouv.ci\/mrcn\/index.php?rest_route=\/wp\/v2\/media\/9343"}],"wp:attachment":[{"href":"https:\/\/reconciliation.gouv.ci\/mrcn\/index.php?rest_route=%2Fwp%2Fv2%2Fmedia&parent=9330"}],"wp:term":[{"taxonomy":"category","embeddable":true,"href":"https:\/\/reconciliation.gouv.ci\/mrcn\/index.php?rest_route=%2Fwp%2Fv2%2Fcategories&post=9330"},{"taxonomy":"post_tag","embeddable":true,"href":"https:\/\/reconciliation.gouv.ci\/mrcn\/index.php?rest_route=%2Fwp%2Fv2%2Ftags&post=9330"}],"curies":[{"name":"wp","href":"https:\/\/api.w.org\/{rel}","templated":true}]}}