{"id":9314,"date":"2023-02-13T22:03:44","date_gmt":"2023-02-13T21:03:44","guid":{"rendered":"https:\/\/reconciliation.gouv.ci\/mrcn\/?p=9314"},"modified":"2023-02-13T22:03:46","modified_gmt":"2023-02-13T21:03:46","slug":"cohesion-sociale-le-ndi-et-le-ministere-de-la-reconciliation-et-de-la-cohesion-nationale-pour-des-actions-communes-de-consolidation-de-la-paix-en-cote-divoire","status":"publish","type":"post","link":"https:\/\/reconciliation.gouv.ci\/mrcn\/?p=9314","title":{"rendered":"Coh\u00e9sion Sociale : le NDI et le Minist\u00e8re de la R\u00e9conciliation et de la Coh\u00e9sion Nationale pour des actions communes de consolidation de la paix en C\u00f4te d\u2019Ivoire."},"content":{"rendered":"<div class=\"pvc_clear\"><\/div><p class=\"pvc_stats total_only \" data-element-id=\"9314\" style=\"\"><i class=\"pvc-stats-icon medium\" aria-hidden=\"true\"><svg aria-hidden=\"true\" focusable=\"false\" data-prefix=\"far\" data-icon=\"chart-bar\" role=\"img\" xmlns=\"http:\/\/www.w3.org\/2000\/svg\" viewBox=\"0 0 512 512\" class=\"svg-inline--fa fa-chart-bar fa-w-16 fa-2x\"><path fill=\"currentColor\" d=\"M396.8 352h22.4c6.4 0 12.8-6.4 12.8-12.8V108.8c0-6.4-6.4-12.8-12.8-12.8h-22.4c-6.4 0-12.8 6.4-12.8 12.8v230.4c0 6.4 6.4 12.8 12.8 12.8zm-192 0h22.4c6.4 0 12.8-6.4 12.8-12.8V140.8c0-6.4-6.4-12.8-12.8-12.8h-22.4c-6.4 0-12.8 6.4-12.8 12.8v198.4c0 6.4 6.4 12.8 12.8 12.8zm96 0h22.4c6.4 0 12.8-6.4 12.8-12.8V204.8c0-6.4-6.4-12.8-12.8-12.8h-22.4c-6.4 0-12.8 6.4-12.8 12.8v134.4c0 6.4 6.4 12.8 12.8 12.8zM496 400H48V80c0-8.84-7.16-16-16-16H16C7.16 64 0 71.16 0 80v336c0 17.67 14.33 32 32 32h464c8.84 0 16-7.16 16-16v-16c0-8.84-7.16-16-16-16zm-387.2-48h22.4c6.4 0 12.8-6.4 12.8-12.8v-70.4c0-6.4-6.4-12.8-12.8-12.8h-22.4c-6.4 0-12.8 6.4-12.8 12.8v70.4c0 6.4 6.4 12.8 12.8 12.8z\" class=\"\"><\/path><\/svg><\/i> &nbsp;1,750&nbsp;vues<\/p><div class=\"pvc_clear\"><\/div>\n<figure class=\"wp-block-image size-large\"><img loading=\"lazy\" decoding=\"async\" width=\"1024\" height=\"683\" src=\"https:\/\/reconciliation.gouv.ci\/mrcn\/wp-content\/uploads\/2023\/02\/NDI-et-le-Ministere-actions-communes-paix-7-1024x683.jpg\" alt=\"\" class=\"wp-image-9321\" srcset=\"https:\/\/reconciliation.gouv.ci\/mrcn\/wp-content\/uploads\/2023\/02\/NDI-et-le-Ministere-actions-communes-paix-7-1024x683.jpg 1024w, https:\/\/reconciliation.gouv.ci\/mrcn\/wp-content\/uploads\/2023\/02\/NDI-et-le-Ministere-actions-communes-paix-7-300x200.jpg 300w, https:\/\/reconciliation.gouv.ci\/mrcn\/wp-content\/uploads\/2023\/02\/NDI-et-le-Ministere-actions-communes-paix-7-768x512.jpg 768w, https:\/\/reconciliation.gouv.ci\/mrcn\/wp-content\/uploads\/2023\/02\/NDI-et-le-Ministere-actions-communes-paix-7.jpg 1250w\" sizes=\"auto, (max-width: 1024px) 100vw, 1024px\" \/><\/figure>\n\n\n\n<p>C&rsquo;est ce qui ressort de l\u2019audience que Monsieur KOUADIO Konan Bertin, Ministre de la R\u00e9conciliation et de la Coh\u00e9sion Nationale a accord\u00e9 \u00e0 la d\u00e9l\u00e9gation de NDI (National Democratic Institue) conduite par son Directeur r\u00e9sident Monsieur Fran\u00e7ois Traor\u00e9 ce lundi 13 f\u00e9vrier 2023 \u00e0 son cabinet sis \u00e0 la tour A de la cit\u00e9 administrative du Plateau.<\/p>\n\n\n\n<p>Ce dernier a fait savoir \u00e0 sa sortie d\u2019audience les raisons de leur pr\u00e9sence aupr\u00e8s du membre du gouvernement : \u00a0\u00bb Cette visite cadre v\u00e9ritablement dans une activit\u00e9 que nous menons il y a bient\u00f4t deux ans sur les questions de coh\u00e9sion sociale \u00e0 travers la C\u00f4te d\u2019Ivoire au lendemain des \u00e9lections de 2020. Nous avons tous v\u00e9cu ces \u00e9v\u00e8nements douloureux. Le NDI a eu \u00e0 accompagner les communaut\u00e9s bellig\u00e9rantes pour les aider \u00e0 revenir ensemble, \u00e0 apprendre et \u00e0 vivre ensemble dans le dialogue concert\u00e9. Des activit\u00e9s qui cadrent avec la strat\u00e9gie du Minist\u00e8re ont donc \u00e9t\u00e9 men\u00e9es \u00e0 Daoukro. Nous voulons qu\u2019il s\u2019approprie tout ce que nous apportons. Nous voulons que monsieur le Ministre nous accompagne dans cette initiative pour aider ces communaut\u00e9s \u00e0 tourner cette page sombre de leur histoire avant les \u00e9lections locales qui sont sources de conflit.\u00a0\u00bb<\/p>\n\n\n\n<p>Naturellement, le messager de paix du Pr\u00e9sident de la R\u00e9publique ne peut que saluer cette initiative : \u00a0\u00bbIls nous ont pr\u00e9sent\u00e9 un programme all\u00e9chant qui rentre dans le cadre g\u00e9n\u00e9ral de ce que nous avons con\u00e7u dans la Strat\u00e9gie Nationale de la R\u00e9conciliation et de la Coh\u00e9sion Sociale (SNRCS). C\u2019est une bonne chose, ensemble la main dans la main, nous allons conduire ce programme pour le grand bonheur du peuple de C\u00f4te d\u2019Ivoire qui a soif de paix\u00a0\u00bb.<\/p>\n\n\n\n<p>A noter que le NDI structure am\u00e9ricaine est bien connue en C\u00f4te d\u2019Ivoire depuis 1993. Il a pour principale mission de veiller \u00e0 la consolidation de la coh\u00e9sion sociale par la recherche permanente de la qui\u00e9tude, de la paix et de la stabilit\u00e9 par la non-violence.<\/p>\n\n\n\n<div class=\"wp-block-columns is-layout-flex wp-container-core-columns-is-layout-9d6595d7 wp-block-columns-is-layout-flex\">\n<div class=\"wp-block-column is-layout-flow wp-block-column-is-layout-flow\">\n<figure class=\"wp-block-image size-large\"><img loading=\"lazy\" decoding=\"async\" width=\"1024\" height=\"683\" src=\"https:\/\/reconciliation.gouv.ci\/mrcn\/wp-content\/uploads\/2023\/02\/NDI-et-le-Ministere-actions-communes-paix-4-1024x683.jpg\" alt=\"\" class=\"wp-image-9318\" srcset=\"https:\/\/reconciliation.gouv.ci\/mrcn\/wp-content\/uploads\/2023\/02\/NDI-et-le-Ministere-actions-communes-paix-4-1024x683.jpg 1024w, https:\/\/reconciliation.gouv.ci\/mrcn\/wp-content\/uploads\/2023\/02\/NDI-et-le-Ministere-actions-communes-paix-4-300x200.jpg 300w, https:\/\/reconciliation.gouv.ci\/mrcn\/wp-content\/uploads\/2023\/02\/NDI-et-le-Ministere-actions-communes-paix-4-768x512.jpg 768w, https:\/\/reconciliation.gouv.ci\/mrcn\/wp-content\/uploads\/2023\/02\/NDI-et-le-Ministere-actions-communes-paix-4.jpg 1250w\" sizes=\"auto, (max-width: 1024px) 100vw, 1024px\" \/><\/figure>\n<\/div>\n\n\n\n<div class=\"wp-block-column is-layout-flow wp-block-column-is-layout-flow\">\n<figure class=\"wp-block-image size-large\"><img loading=\"lazy\" decoding=\"async\" width=\"1024\" height=\"683\" src=\"https:\/\/reconciliation.gouv.ci\/mrcn\/wp-content\/uploads\/2023\/02\/NDI-et-le-Ministere-actions-communes-paix-6-1024x683.jpg\" alt=\"\" class=\"wp-image-9320\" srcset=\"https:\/\/reconciliation.gouv.ci\/mrcn\/wp-content\/uploads\/2023\/02\/NDI-et-le-Ministere-actions-communes-paix-6-1024x683.jpg 1024w, https:\/\/reconciliation.gouv.ci\/mrcn\/wp-content\/uploads\/2023\/02\/NDI-et-le-Ministere-actions-communes-paix-6-300x200.jpg 300w, https:\/\/reconciliation.gouv.ci\/mrcn\/wp-content\/uploads\/2023\/02\/NDI-et-le-Ministere-actions-communes-paix-6-768x512.jpg 768w, https:\/\/reconciliation.gouv.ci\/mrcn\/wp-content\/uploads\/2023\/02\/NDI-et-le-Ministere-actions-communes-paix-6.jpg 1250w\" sizes=\"auto, (max-width: 1024px) 100vw, 1024px\" \/><\/figure>\n<\/div>\n\n\n\n<div class=\"wp-block-column is-layout-flow wp-block-column-is-layout-flow\">\n<figure class=\"wp-block-image size-large\"><img loading=\"lazy\" decoding=\"async\" width=\"1024\" height=\"683\" src=\"https:\/\/reconciliation.gouv.ci\/mrcn\/wp-content\/uploads\/2023\/02\/NDI-et-le-Ministere-actions-communes-paix-2-1024x683.jpg\" alt=\"\" class=\"wp-image-9316\" srcset=\"https:\/\/reconciliation.gouv.ci\/mrcn\/wp-content\/uploads\/2023\/02\/NDI-et-le-Ministere-actions-communes-paix-2-1024x683.jpg 1024w, https:\/\/reconciliation.gouv.ci\/mrcn\/wp-content\/uploads\/2023\/02\/NDI-et-le-Ministere-actions-communes-paix-2-300x200.jpg 300w, https:\/\/reconciliation.gouv.ci\/mrcn\/wp-content\/uploads\/2023\/02\/NDI-et-le-Ministere-actions-communes-paix-2-768x512.jpg 768w, https:\/\/reconciliation.gouv.ci\/mrcn\/wp-content\/uploads\/2023\/02\/NDI-et-le-Ministere-actions-communes-paix-2.jpg 1250w\" sizes=\"auto, (max-width: 1024px) 100vw, 1024px\" \/><\/figure>\n<\/div>\n<\/div>\n\n\n\n<div class=\"wp-block-columns is-layout-flex wp-container-core-columns-is-layout-9d6595d7 wp-block-columns-is-layout-flex\">\n<div class=\"wp-block-column is-layout-flow wp-block-column-is-layout-flow\">\n<figure class=\"wp-block-image size-large\"><img loading=\"lazy\" decoding=\"async\" width=\"1024\" height=\"683\" src=\"https:\/\/reconciliation.gouv.ci\/mrcn\/wp-content\/uploads\/2023\/02\/NDI-et-le-Ministere-actions-communes-paix-1-1024x683.jpg\" alt=\"\" class=\"wp-image-9315\" srcset=\"https:\/\/reconciliation.gouv.ci\/mrcn\/wp-content\/uploads\/2023\/02\/NDI-et-le-Ministere-actions-communes-paix-1-1024x683.jpg 1024w, https:\/\/reconciliation.gouv.ci\/mrcn\/wp-content\/uploads\/2023\/02\/NDI-et-le-Ministere-actions-communes-paix-1-300x200.jpg 300w, https:\/\/reconciliation.gouv.ci\/mrcn\/wp-content\/uploads\/2023\/02\/NDI-et-le-Ministere-actions-communes-paix-1-768x512.jpg 768w, https:\/\/reconciliation.gouv.ci\/mrcn\/wp-content\/uploads\/2023\/02\/NDI-et-le-Ministere-actions-communes-paix-1.jpg 1250w\" sizes=\"auto, (max-width: 1024px) 100vw, 1024px\" \/><\/figure>\n<\/div>\n\n\n\n<div class=\"wp-block-column is-layout-flow wp-block-column-is-layout-flow\">\n<figure class=\"wp-block-image size-large\"><img loading=\"lazy\" decoding=\"async\" width=\"1024\" height=\"683\" src=\"https:\/\/reconciliation.gouv.ci\/mrcn\/wp-content\/uploads\/2023\/02\/NDI-et-le-Ministere-actions-communes-paix-10-1024x683.jpg\" alt=\"\" class=\"wp-image-9324\" srcset=\"https:\/\/reconciliation.gouv.ci\/mrcn\/wp-content\/uploads\/2023\/02\/NDI-et-le-Ministere-actions-communes-paix-10-1024x683.jpg 1024w, https:\/\/reconciliation.gouv.ci\/mrcn\/wp-content\/uploads\/2023\/02\/NDI-et-le-Ministere-actions-communes-paix-10-300x200.jpg 300w, https:\/\/reconciliation.gouv.ci\/mrcn\/wp-content\/uploads\/2023\/02\/NDI-et-le-Ministere-actions-communes-paix-10-768x512.jpg 768w, https:\/\/reconciliation.gouv.ci\/mrcn\/wp-content\/uploads\/2023\/02\/NDI-et-le-Ministere-actions-communes-paix-10.jpg 1250w\" sizes=\"auto, (max-width: 1024px) 100vw, 1024px\" \/><\/figure>\n<\/div>\n\n\n\n<div class=\"wp-block-column is-layout-flow wp-block-column-is-layout-flow\">\n<figure class=\"wp-block-image size-large\"><img loading=\"lazy\" decoding=\"async\" width=\"1024\" height=\"683\" src=\"https:\/\/reconciliation.gouv.ci\/mrcn\/wp-content\/uploads\/2023\/02\/NDI-et-le-Ministere-actions-communes-paix-12-1024x683.jpg\" alt=\"\" class=\"wp-image-9326\" srcset=\"https:\/\/reconciliation.gouv.ci\/mrcn\/wp-content\/uploads\/2023\/02\/NDI-et-le-Ministere-actions-communes-paix-12-1024x683.jpg 1024w, https:\/\/reconciliation.gouv.ci\/mrcn\/wp-content\/uploads\/2023\/02\/NDI-et-le-Ministere-actions-communes-paix-12-300x200.jpg 300w, https:\/\/reconciliation.gouv.ci\/mrcn\/wp-content\/uploads\/2023\/02\/NDI-et-le-Ministere-actions-communes-paix-12-768x512.jpg 768w, https:\/\/reconciliation.gouv.ci\/mrcn\/wp-content\/uploads\/2023\/02\/NDI-et-le-Ministere-actions-communes-paix-12.jpg 1250w\" sizes=\"auto, (max-width: 1024px) 100vw, 1024px\" \/><\/figure>\n<\/div>\n<\/div>\n\n\n\n<div class=\"wp-block-columns is-layout-flex wp-container-core-columns-is-layout-9d6595d7 wp-block-columns-is-layout-flex\">\n<div class=\"wp-block-column is-layout-flow wp-block-column-is-layout-flow\">\n<figure class=\"wp-block-image size-large\"><img loading=\"lazy\" decoding=\"async\" width=\"1024\" height=\"683\" src=\"https:\/\/reconciliation.gouv.ci\/mrcn\/wp-content\/uploads\/2023\/02\/NDI-et-le-Ministere-actions-communes-paix-9-1024x683.jpg\" alt=\"\" class=\"wp-image-9323\" srcset=\"https:\/\/reconciliation.gouv.ci\/mrcn\/wp-content\/uploads\/2023\/02\/NDI-et-le-Ministere-actions-communes-paix-9-1024x683.jpg 1024w, https:\/\/reconciliation.gouv.ci\/mrcn\/wp-content\/uploads\/2023\/02\/NDI-et-le-Ministere-actions-communes-paix-9-300x200.jpg 300w, https:\/\/reconciliation.gouv.ci\/mrcn\/wp-content\/uploads\/2023\/02\/NDI-et-le-Ministere-actions-communes-paix-9-768x512.jpg 768w, https:\/\/reconciliation.gouv.ci\/mrcn\/wp-content\/uploads\/2023\/02\/NDI-et-le-Ministere-actions-communes-paix-9.jpg 1250w\" sizes=\"auto, (max-width: 1024px) 100vw, 1024px\" \/><\/figure>\n<\/div>\n\n\n\n<div class=\"wp-block-column is-layout-flow wp-block-column-is-layout-flow\">\n<figure class=\"wp-block-image size-large\"><img loading=\"lazy\" decoding=\"async\" width=\"1024\" height=\"683\" src=\"https:\/\/reconciliation.gouv.ci\/mrcn\/wp-content\/uploads\/2023\/02\/NDI-et-le-Ministere-actions-communes-paix-8-1024x683.jpg\" alt=\"\" class=\"wp-image-9322\" srcset=\"https:\/\/reconciliation.gouv.ci\/mrcn\/wp-content\/uploads\/2023\/02\/NDI-et-le-Ministere-actions-communes-paix-8-1024x683.jpg 1024w, https:\/\/reconciliation.gouv.ci\/mrcn\/wp-content\/uploads\/2023\/02\/NDI-et-le-Ministere-actions-communes-paix-8-300x200.jpg 300w, https:\/\/reconciliation.gouv.ci\/mrcn\/wp-content\/uploads\/2023\/02\/NDI-et-le-Ministere-actions-communes-paix-8-768x512.jpg 768w, https:\/\/reconciliation.gouv.ci\/mrcn\/wp-content\/uploads\/2023\/02\/NDI-et-le-Ministere-actions-communes-paix-8.jpg 1250w\" sizes=\"auto, (max-width: 1024px) 100vw, 1024px\" \/><\/figure>\n<\/div>\n<\/div>\n","protected":false},"excerpt":{"rendered":"<div class=\"pvc_clear\"><\/div>\n<p class=\"pvc_stats total_only \" data-element-id=\"9314\" style=\"\"><i class=\"pvc-stats-icon medium\" aria-hidden=\"true\"><svg aria-hidden=\"true\" focusable=\"false\" data-prefix=\"far\" data-icon=\"chart-bar\" role=\"img\" xmlns=\"http:\/\/www.w3.org\/2000\/svg\" viewBox=\"0 0 512 512\" class=\"svg-inline--fa fa-chart-bar fa-w-16 fa-2x\"><path fill=\"currentColor\" d=\"M396.8 352h22.4c6.4 0 12.8-6.4 12.8-12.8V108.8c0-6.4-6.4-12.8-12.8-12.8h-22.4c-6.4 0-12.8 6.4-12.8 12.8v230.4c0 6.4 6.4 12.8 12.8 12.8zm-192 0h22.4c6.4 0 12.8-6.4 12.8-12.8V140.8c0-6.4-6.4-12.8-12.8-12.8h-22.4c-6.4 0-12.8 6.4-12.8 12.8v198.4c0 6.4 6.4 12.8 12.8 12.8zm96 0h22.4c6.4 0 12.8-6.4 12.8-12.8V204.8c0-6.4-6.4-12.8-12.8-12.8h-22.4c-6.4 0-12.8 6.4-12.8 12.8v134.4c0 6.4 6.4 12.8 12.8 12.8zM496 400H48V80c0-8.84-7.16-16-16-16H16C7.16 64 0 71.16 0 80v336c0 17.67 14.33 32 32 32h464c8.84 0 16-7.16 16-16v-16c0-8.84-7.16-16-16-16zm-387.2-48h22.4c6.4 0 12.8-6.4 12.8-12.8v-70.4c0-6.4-6.4-12.8-12.8-12.8h-22.4c-6.4 0-12.8 6.4-12.8 12.8v70.4c0 6.4 6.4 12.8 12.8 12.8z\" class=\"\"><\/path><\/svg><\/i> &nbsp;1,750&nbsp;vues<\/p>\n<div class=\"pvc_clear\"><\/div>\n<p>&nbsp;1,750&nbsp;vues C&rsquo;est ce qui ressort de l\u2019audience que Monsieur KOUADIO Konan Bertin, Ministre de la R\u00e9conciliation et de la Coh\u00e9sion Nationale a accord\u00e9 \u00e0 la d\u00e9l\u00e9gation de NDI (National Democratic Institue) conduite par son Directeur r\u00e9sident Monsieur Fran\u00e7ois Traor\u00e9 ce lundi 13 f\u00e9vrier 2023 \u00e0 son cabinet<\/p>\n","protected":false},"author":1,"featured_media":9321,"comment_status":"closed","ping_status":"open","sticky":false,"template":"","format":"standard","meta":{"footnotes":""},"categories":[39],"tags":[],"class_list":["post-9314","post","type-post","status-publish","format-standard","has-post-thumbnail","hentry","category-activites-ministere-slider"],"_links":{"self":[{"href":"https:\/\/reconciliation.gouv.ci\/mrcn\/index.php?rest_route=\/wp\/v2\/posts\/9314","targetHints":{"allow":["GET"]}}],"collection":[{"href":"https:\/\/reconciliation.gouv.ci\/mrcn\/index.php?rest_route=\/wp\/v2\/posts"}],"about":[{"href":"https:\/\/reconciliation.gouv.ci\/mrcn\/index.php?rest_route=\/wp\/v2\/types\/post"}],"author":[{"embeddable":true,"href":"https:\/\/reconciliation.gouv.ci\/mrcn\/index.php?rest_route=\/wp\/v2\/users\/1"}],"replies":[{"embeddable":true,"href":"https:\/\/reconciliation.gouv.ci\/mrcn\/index.php?rest_route=%2Fwp%2Fv2%2Fcomments&post=9314"}],"version-history":[{"count":1,"href":"https:\/\/reconciliation.gouv.ci\/mrcn\/index.php?rest_route=\/wp\/v2\/posts\/9314\/revisions"}],"predecessor-version":[{"id":9327,"href":"https:\/\/reconciliation.gouv.ci\/mrcn\/index.php?rest_route=\/wp\/v2\/posts\/9314\/revisions\/9327"}],"wp:featuredmedia":[{"embeddable":true,"href":"https:\/\/reconciliation.gouv.ci\/mrcn\/index.php?rest_route=\/wp\/v2\/media\/9321"}],"wp:attachment":[{"href":"https:\/\/reconciliation.gouv.ci\/mrcn\/index.php?rest_route=%2Fwp%2Fv2%2Fmedia&parent=9314"}],"wp:term":[{"taxonomy":"category","embeddable":true,"href":"https:\/\/reconciliation.gouv.ci\/mrcn\/index.php?rest_route=%2Fwp%2Fv2%2Fcategories&post=9314"},{"taxonomy":"post_tag","embeddable":true,"href":"https:\/\/reconciliation.gouv.ci\/mrcn\/index.php?rest_route=%2Fwp%2Fv2%2Ftags&post=9314"}],"curies":[{"name":"wp","href":"https:\/\/api.w.org\/{rel}","templated":true}]}}