{"id":9246,"date":"2023-02-02T23:09:53","date_gmt":"2023-02-02T22:09:53","guid":{"rendered":"https:\/\/reconciliation.gouv.ci\/mrcn\/?p=9246"},"modified":"2023-02-02T23:09:55","modified_gmt":"2023-02-02T22:09:55","slug":"prevention-et-de-la-gestion-des-conflits-mission-decoute-et-dimpregnation-a-dabou-suite-aux-affrontements-du-24-janvier-2023","status":"publish","type":"post","link":"https:\/\/reconciliation.gouv.ci\/mrcn\/?p=9246","title":{"rendered":"Pr\u00e9vention et de la Gestion des Conflits\u00a0: Mission d\u2019\u00e9coute et d\u2019impr\u00e9gnation \u00e0 Dabou suite aux affrontements du 24 janvier 2023."},"content":{"rendered":"<div class=\"pvc_clear\"><\/div><p class=\"pvc_stats total_only \" data-element-id=\"9246\" style=\"\"><i class=\"pvc-stats-icon medium\" aria-hidden=\"true\"><svg aria-hidden=\"true\" focusable=\"false\" data-prefix=\"far\" data-icon=\"chart-bar\" role=\"img\" xmlns=\"http:\/\/www.w3.org\/2000\/svg\" viewBox=\"0 0 512 512\" class=\"svg-inline--fa fa-chart-bar fa-w-16 fa-2x\"><path fill=\"currentColor\" d=\"M396.8 352h22.4c6.4 0 12.8-6.4 12.8-12.8V108.8c0-6.4-6.4-12.8-12.8-12.8h-22.4c-6.4 0-12.8 6.4-12.8 12.8v230.4c0 6.4 6.4 12.8 12.8 12.8zm-192 0h22.4c6.4 0 12.8-6.4 12.8-12.8V140.8c0-6.4-6.4-12.8-12.8-12.8h-22.4c-6.4 0-12.8 6.4-12.8 12.8v198.4c0 6.4 6.4 12.8 12.8 12.8zm96 0h22.4c6.4 0 12.8-6.4 12.8-12.8V204.8c0-6.4-6.4-12.8-12.8-12.8h-22.4c-6.4 0-12.8 6.4-12.8 12.8v134.4c0 6.4 6.4 12.8 12.8 12.8zM496 400H48V80c0-8.84-7.16-16-16-16H16C7.16 64 0 71.16 0 80v336c0 17.67 14.33 32 32 32h464c8.84 0 16-7.16 16-16v-16c0-8.84-7.16-16-16-16zm-387.2-48h22.4c6.4 0 12.8-6.4 12.8-12.8v-70.4c0-6.4-6.4-12.8-12.8-12.8h-22.4c-6.4 0-12.8 6.4-12.8 12.8v70.4c0 6.4 6.4 12.8 12.8 12.8z\" class=\"\"><\/path><\/svg><\/i> &nbsp;3,122&nbsp;vues<\/p><div class=\"pvc_clear\"><\/div>\n<figure class=\"wp-block-image size-full\"><img loading=\"lazy\" decoding=\"async\" width=\"1020\" height=\"765\" src=\"https:\/\/reconciliation.gouv.ci\/mrcn\/wp-content\/uploads\/2023\/02\/PHOTO-2023-02-02-15-57-22.jpg\" alt=\"\" class=\"wp-image-9247\" srcset=\"https:\/\/reconciliation.gouv.ci\/mrcn\/wp-content\/uploads\/2023\/02\/PHOTO-2023-02-02-15-57-22.jpg 1020w, https:\/\/reconciliation.gouv.ci\/mrcn\/wp-content\/uploads\/2023\/02\/PHOTO-2023-02-02-15-57-22-300x225.jpg 300w, https:\/\/reconciliation.gouv.ci\/mrcn\/wp-content\/uploads\/2023\/02\/PHOTO-2023-02-02-15-57-22-768x576.jpg 768w\" sizes=\"auto, (max-width: 1020px) 100vw, 1020px\" \/><\/figure>\n\n\n\n<p><\/p>\n\n\n\n<p>Le mardi 31 janvier 2023, sur instruction du Directeur G\u00e9n\u00e9ral de la Coh\u00e9sion Nationale, une mission d\u2019\u00e9coute et d\u2019impr\u00e9gnation de la Direction de la Pr\u00e9vention et de la Gestion des Conflits conduite par Professeur BAMBA Abdoulaye, accompagn\u00e9 par messieurs SERI Landry, Sous-directeur de Veille, d\u2019Alerte et de Diagnostic et SYLLA Yacouba, Sous-directeur de la Gestion des conflits communautaires s\u2019est rendue \u00e0 la pr\u00e9fecture de Dabou.<\/p>\n\n\n\n<p>Le Directeur de la Pr\u00e9vention et de la Gestion des Conflits et sa d\u00e9l\u00e9gation ont eu une s\u00e9ance de travail avec monsieur le Pr\u00e9fet de la r\u00e9gion des Grands Ponts, Pr\u00e9fet du d\u00e9partement de Dabou, assist\u00e9 du Commandant TCHIRIKE D\u00e9sir\u00e9, Commandant de la Compagnie de la Gendarmerie de Dabou, en pr\u00e9sence de monsieur DJAMAN Djaman Albert, Chef de village de Cosrou.<\/p>\n\n\n\n<p>Cette mission fait suite aux affrontements du mardi 24 janvier 2023, qui ont oppos\u00e9 les jeunes Abidji du village de B\u00e9c\u00e9di (Sikensi) et\u00a0les jeunes Adjoukrou de Cosrou (Dabou). Bilan\u00a0: \u00a0un (01) mort et plusieurs bless\u00e9s.<\/p>\n\n\n\n<div class=\"wp-block-columns is-layout-flex wp-container-core-columns-is-layout-9d6595d7 wp-block-columns-is-layout-flex\">\n<div class=\"wp-block-column is-layout-flow wp-block-column-is-layout-flow\">\n<figure class=\"wp-block-image size-large\"><img loading=\"lazy\" decoding=\"async\" width=\"1024\" height=\"768\" src=\"https:\/\/reconciliation.gouv.ci\/mrcn\/wp-content\/uploads\/2023\/02\/PHOTO-2023-02-02-15-57-22-Copie-2-1024x768.jpg\" alt=\"\" class=\"wp-image-9249\" srcset=\"https:\/\/reconciliation.gouv.ci\/mrcn\/wp-content\/uploads\/2023\/02\/PHOTO-2023-02-02-15-57-22-Copie-2-1024x768.jpg 1024w, https:\/\/reconciliation.gouv.ci\/mrcn\/wp-content\/uploads\/2023\/02\/PHOTO-2023-02-02-15-57-22-Copie-2-300x225.jpg 300w, https:\/\/reconciliation.gouv.ci\/mrcn\/wp-content\/uploads\/2023\/02\/PHOTO-2023-02-02-15-57-22-Copie-2-768x576.jpg 768w, https:\/\/reconciliation.gouv.ci\/mrcn\/wp-content\/uploads\/2023\/02\/PHOTO-2023-02-02-15-57-22-Copie-2.jpg 1080w\" sizes=\"auto, (max-width: 1024px) 100vw, 1024px\" \/><\/figure>\n<\/div>\n\n\n\n<div class=\"wp-block-column is-layout-flow wp-block-column-is-layout-flow\">\n<figure class=\"wp-block-image size-full\"><img loading=\"lazy\" decoding=\"async\" width=\"1020\" height=\"765\" src=\"https:\/\/reconciliation.gouv.ci\/mrcn\/wp-content\/uploads\/2023\/02\/PHOTO-2023-02-02-15-57-21.jpg\" alt=\"\" class=\"wp-image-9248\" srcset=\"https:\/\/reconciliation.gouv.ci\/mrcn\/wp-content\/uploads\/2023\/02\/PHOTO-2023-02-02-15-57-21.jpg 1020w, https:\/\/reconciliation.gouv.ci\/mrcn\/wp-content\/uploads\/2023\/02\/PHOTO-2023-02-02-15-57-21-300x225.jpg 300w, https:\/\/reconciliation.gouv.ci\/mrcn\/wp-content\/uploads\/2023\/02\/PHOTO-2023-02-02-15-57-21-768x576.jpg 768w\" sizes=\"auto, (max-width: 1020px) 100vw, 1020px\" \/><\/figure>\n<\/div>\n<\/div>\n","protected":false},"excerpt":{"rendered":"<div class=\"pvc_clear\"><\/div>\n<p class=\"pvc_stats total_only \" data-element-id=\"9246\" style=\"\"><i class=\"pvc-stats-icon medium\" aria-hidden=\"true\"><svg aria-hidden=\"true\" focusable=\"false\" data-prefix=\"far\" data-icon=\"chart-bar\" role=\"img\" xmlns=\"http:\/\/www.w3.org\/2000\/svg\" viewBox=\"0 0 512 512\" class=\"svg-inline--fa fa-chart-bar fa-w-16 fa-2x\"><path fill=\"currentColor\" d=\"M396.8 352h22.4c6.4 0 12.8-6.4 12.8-12.8V108.8c0-6.4-6.4-12.8-12.8-12.8h-22.4c-6.4 0-12.8 6.4-12.8 12.8v230.4c0 6.4 6.4 12.8 12.8 12.8zm-192 0h22.4c6.4 0 12.8-6.4 12.8-12.8V140.8c0-6.4-6.4-12.8-12.8-12.8h-22.4c-6.4 0-12.8 6.4-12.8 12.8v198.4c0 6.4 6.4 12.8 12.8 12.8zm96 0h22.4c6.4 0 12.8-6.4 12.8-12.8V204.8c0-6.4-6.4-12.8-12.8-12.8h-22.4c-6.4 0-12.8 6.4-12.8 12.8v134.4c0 6.4 6.4 12.8 12.8 12.8zM496 400H48V80c0-8.84-7.16-16-16-16H16C7.16 64 0 71.16 0 80v336c0 17.67 14.33 32 32 32h464c8.84 0 16-7.16 16-16v-16c0-8.84-7.16-16-16-16zm-387.2-48h22.4c6.4 0 12.8-6.4 12.8-12.8v-70.4c0-6.4-6.4-12.8-12.8-12.8h-22.4c-6.4 0-12.8 6.4-12.8 12.8v70.4c0 6.4 6.4 12.8 12.8 12.8z\" class=\"\"><\/path><\/svg><\/i> &nbsp;3,122&nbsp;vues<\/p>\n<div class=\"pvc_clear\"><\/div>\n<p>&nbsp;3,122&nbsp;vues Le mardi 31 janvier 2023, sur instruction du Directeur G\u00e9n\u00e9ral de la Coh\u00e9sion Nationale, une mission d\u2019\u00e9coute et d\u2019impr\u00e9gnation de la Direction de la Pr\u00e9vention et de la Gestion des Conflits conduite par Professeur BAMBA Abdoulaye, accompagn\u00e9 par messieurs SERI Landry, Sous-directeur de Veille, d\u2019Alerte et<\/p>\n","protected":false},"author":1,"featured_media":9247,"comment_status":"closed","ping_status":"open","sticky":false,"template":"","format":"standard","meta":{"footnotes":""},"categories":[39],"tags":[],"class_list":["post-9246","post","type-post","status-publish","format-standard","has-post-thumbnail","hentry","category-activites-ministere-slider"],"_links":{"self":[{"href":"https:\/\/reconciliation.gouv.ci\/mrcn\/index.php?rest_route=\/wp\/v2\/posts\/9246","targetHints":{"allow":["GET"]}}],"collection":[{"href":"https:\/\/reconciliation.gouv.ci\/mrcn\/index.php?rest_route=\/wp\/v2\/posts"}],"about":[{"href":"https:\/\/reconciliation.gouv.ci\/mrcn\/index.php?rest_route=\/wp\/v2\/types\/post"}],"author":[{"embeddable":true,"href":"https:\/\/reconciliation.gouv.ci\/mrcn\/index.php?rest_route=\/wp\/v2\/users\/1"}],"replies":[{"embeddable":true,"href":"https:\/\/reconciliation.gouv.ci\/mrcn\/index.php?rest_route=%2Fwp%2Fv2%2Fcomments&post=9246"}],"version-history":[{"count":1,"href":"https:\/\/reconciliation.gouv.ci\/mrcn\/index.php?rest_route=\/wp\/v2\/posts\/9246\/revisions"}],"predecessor-version":[{"id":9250,"href":"https:\/\/reconciliation.gouv.ci\/mrcn\/index.php?rest_route=\/wp\/v2\/posts\/9246\/revisions\/9250"}],"wp:featuredmedia":[{"embeddable":true,"href":"https:\/\/reconciliation.gouv.ci\/mrcn\/index.php?rest_route=\/wp\/v2\/media\/9247"}],"wp:attachment":[{"href":"https:\/\/reconciliation.gouv.ci\/mrcn\/index.php?rest_route=%2Fwp%2Fv2%2Fmedia&parent=9246"}],"wp:term":[{"taxonomy":"category","embeddable":true,"href":"https:\/\/reconciliation.gouv.ci\/mrcn\/index.php?rest_route=%2Fwp%2Fv2%2Fcategories&post=9246"},{"taxonomy":"post_tag","embeddable":true,"href":"https:\/\/reconciliation.gouv.ci\/mrcn\/index.php?rest_route=%2Fwp%2Fv2%2Ftags&post=9246"}],"curies":[{"name":"wp","href":"https:\/\/api.w.org\/{rel}","templated":true}]}}