{"id":9100,"date":"2023-01-27T21:17:34","date_gmt":"2023-01-27T20:17:34","guid":{"rendered":"https:\/\/reconciliation.gouv.ci\/mrcn\/?p=9100"},"modified":"2023-01-27T21:17:35","modified_gmt":"2023-01-27T20:17:35","slug":"reconciliation-la-federation-ivoirienne-de-karate-shotokan-apporte-sa-solidarite-au-ministre-kouadio-konan-bertin","status":"publish","type":"post","link":"https:\/\/reconciliation.gouv.ci\/mrcn\/?p=9100","title":{"rendered":"<strong>R\u00e9conciliation : La F\u00e9d\u00e9ration Ivoirienne de Karat\u00e9 <em>Shotokan<\/em> apporte sa solidarit\u00e9 au Ministre KOUADIO Konan Bertin.<\/strong>"},"content":{"rendered":"<div class=\"pvc_clear\"><\/div><p class=\"pvc_stats total_only \" data-element-id=\"9100\" style=\"\"><i class=\"pvc-stats-icon medium\" aria-hidden=\"true\"><svg aria-hidden=\"true\" focusable=\"false\" data-prefix=\"far\" data-icon=\"chart-bar\" role=\"img\" xmlns=\"http:\/\/www.w3.org\/2000\/svg\" viewBox=\"0 0 512 512\" class=\"svg-inline--fa fa-chart-bar fa-w-16 fa-2x\"><path fill=\"currentColor\" d=\"M396.8 352h22.4c6.4 0 12.8-6.4 12.8-12.8V108.8c0-6.4-6.4-12.8-12.8-12.8h-22.4c-6.4 0-12.8 6.4-12.8 12.8v230.4c0 6.4 6.4 12.8 12.8 12.8zm-192 0h22.4c6.4 0 12.8-6.4 12.8-12.8V140.8c0-6.4-6.4-12.8-12.8-12.8h-22.4c-6.4 0-12.8 6.4-12.8 12.8v198.4c0 6.4 6.4 12.8 12.8 12.8zm96 0h22.4c6.4 0 12.8-6.4 12.8-12.8V204.8c0-6.4-6.4-12.8-12.8-12.8h-22.4c-6.4 0-12.8 6.4-12.8 12.8v134.4c0 6.4 6.4 12.8 12.8 12.8zM496 400H48V80c0-8.84-7.16-16-16-16H16C7.16 64 0 71.16 0 80v336c0 17.67 14.33 32 32 32h464c8.84 0 16-7.16 16-16v-16c0-8.84-7.16-16-16-16zm-387.2-48h22.4c6.4 0 12.8-6.4 12.8-12.8v-70.4c0-6.4-6.4-12.8-12.8-12.8h-22.4c-6.4 0-12.8 6.4-12.8 12.8v70.4c0 6.4 6.4 12.8 12.8 12.8z\" class=\"\"><\/path><\/svg><\/i> &nbsp;1,311&nbsp;vues<\/p><div class=\"pvc_clear\"><\/div>\n<figure class=\"wp-block-image size-full\"><img loading=\"lazy\" decoding=\"async\" width=\"960\" height=\"641\" src=\"https:\/\/reconciliation.gouv.ci\/mrcn\/wp-content\/uploads\/2023\/01\/Karate-Shotokan-3.jpg\" alt=\"\" class=\"wp-image-9103\" srcset=\"https:\/\/reconciliation.gouv.ci\/mrcn\/wp-content\/uploads\/2023\/01\/Karate-Shotokan-3.jpg 960w, https:\/\/reconciliation.gouv.ci\/mrcn\/wp-content\/uploads\/2023\/01\/Karate-Shotokan-3-300x200.jpg 300w, https:\/\/reconciliation.gouv.ci\/mrcn\/wp-content\/uploads\/2023\/01\/Karate-Shotokan-3-768x513.jpg 768w\" sizes=\"auto, (max-width: 960px) 100vw, 960px\" \/><\/figure>\n\n\n\n<p>Me N\u2019guessan Yao Ulrich, Pr\u00e9sident de la F\u00e9d\u00e9ration Ivoirienne de Karat\u00e9 Shotokan (AIKASH) \u00e0 la t\u00eate d\u2019une forte d\u00e9l\u00e9gation a \u00e9t\u00e9 re\u00e7u en audience mercredi 25 janvier 2023 par Monsieur KOUADIO Konan Bertin, Chef du D\u00e9partement minist\u00e9riel de la R\u00e9conciliation et de la Coh\u00e9sion Nationale \u00e0 son cabinet sis \u00e0 la Cit\u00e9 Administrative du Plateau.<\/p>\n\n\n\n<p>Aux dires du Porte-parole de l\u2019Association en la personne de Me St\u00e9phane Gago par ailleurs premier Vice-Pr\u00e9sident, leur pr\u00e9sence en ce lieu s\u2019explique par le fait que le Ministre fait partie des leurs en son temps. Il \u00e9tait donc biens\u00e9ant que les membres de cette association lui apportent leur solidarit\u00e9 dans l\u2019exercice de sa mission r\u00e9galienne qu\u2019a bien voulue lui confier le Pr\u00e9sident de la R\u00e9publique SEM Alassane Ouattara.<\/p>\n\n\n\n<p>De l\u2019acte \u00e0 la parole, il a donc \u00e9t\u00e9 promis \u00e0 titre honorifique au grade de Ceinture noire 6\u00e8 dan avec une tenue de sport et un dipl\u00f4me d\u2019honneur. Bien plus qu&rsquo;un sport, dira Me St\u00e9phane Gago, les arts martiaux permettent aux pratiquants de b\u00e9n\u00e9ficier de nombreux avantages :\u00a0 La bonne forme en continu et la stabilit\u00e9 corporelle puisque tous les muscles du corps travaillent en harmonie et en coordination avec un encha\u00eenement des mouvements en toute agilit\u00e9, force et souplesse. Des qualit\u00e9s qui permettront au membre du Gouvernement de mieux accomplir ses t\u00e2ches sans \u00eatre rel\u00e2che.<\/p>\n\n\n\n<div class=\"wp-block-columns is-layout-flex wp-container-core-columns-is-layout-9d6595d7 wp-block-columns-is-layout-flex\">\n<div class=\"wp-block-column is-layout-flow wp-block-column-is-layout-flow\">\n<figure class=\"wp-block-image size-full\"><img loading=\"lazy\" decoding=\"async\" width=\"960\" height=\"641\" src=\"https:\/\/reconciliation.gouv.ci\/mrcn\/wp-content\/uploads\/2023\/01\/Karate-Shotokan-1.jpg\" alt=\"\" class=\"wp-image-9101\" srcset=\"https:\/\/reconciliation.gouv.ci\/mrcn\/wp-content\/uploads\/2023\/01\/Karate-Shotokan-1.jpg 960w, https:\/\/reconciliation.gouv.ci\/mrcn\/wp-content\/uploads\/2023\/01\/Karate-Shotokan-1-300x200.jpg 300w, https:\/\/reconciliation.gouv.ci\/mrcn\/wp-content\/uploads\/2023\/01\/Karate-Shotokan-1-768x513.jpg 768w\" sizes=\"auto, (max-width: 960px) 100vw, 960px\" \/><\/figure>\n<\/div>\n\n\n\n<div class=\"wp-block-column is-layout-flow wp-block-column-is-layout-flow\">\n<figure class=\"wp-block-image size-full\"><img loading=\"lazy\" decoding=\"async\" width=\"960\" height=\"641\" src=\"https:\/\/reconciliation.gouv.ci\/mrcn\/wp-content\/uploads\/2023\/01\/Karate-Shotokan-4.jpg\" alt=\"\" class=\"wp-image-9104\" srcset=\"https:\/\/reconciliation.gouv.ci\/mrcn\/wp-content\/uploads\/2023\/01\/Karate-Shotokan-4.jpg 960w, https:\/\/reconciliation.gouv.ci\/mrcn\/wp-content\/uploads\/2023\/01\/Karate-Shotokan-4-300x200.jpg 300w, https:\/\/reconciliation.gouv.ci\/mrcn\/wp-content\/uploads\/2023\/01\/Karate-Shotokan-4-768x513.jpg 768w\" sizes=\"auto, (max-width: 960px) 100vw, 960px\" \/><\/figure>\n<\/div>\n<\/div>\n\n\n\n<div class=\"wp-block-columns is-layout-flex wp-container-core-columns-is-layout-9d6595d7 wp-block-columns-is-layout-flex\">\n<div class=\"wp-block-column is-layout-flow wp-block-column-is-layout-flow\">\n<figure class=\"wp-block-image size-full\"><img loading=\"lazy\" decoding=\"async\" width=\"960\" height=\"641\" src=\"https:\/\/reconciliation.gouv.ci\/mrcn\/wp-content\/uploads\/2023\/01\/Karate-Shotokan-2.jpg\" alt=\"\" class=\"wp-image-9102\" srcset=\"https:\/\/reconciliation.gouv.ci\/mrcn\/wp-content\/uploads\/2023\/01\/Karate-Shotokan-2.jpg 960w, https:\/\/reconciliation.gouv.ci\/mrcn\/wp-content\/uploads\/2023\/01\/Karate-Shotokan-2-300x200.jpg 300w, https:\/\/reconciliation.gouv.ci\/mrcn\/wp-content\/uploads\/2023\/01\/Karate-Shotokan-2-768x513.jpg 768w\" sizes=\"auto, (max-width: 960px) 100vw, 960px\" \/><\/figure>\n<\/div>\n\n\n\n<div class=\"wp-block-column is-layout-flow wp-block-column-is-layout-flow\">\n<figure class=\"wp-block-image size-large\"><img loading=\"lazy\" decoding=\"async\" width=\"1024\" height=\"683\" src=\"https:\/\/reconciliation.gouv.ci\/mrcn\/wp-content\/uploads\/2023\/01\/Karate-Shotokan-5-1024x683.jpg\" alt=\"\" class=\"wp-image-9105\" srcset=\"https:\/\/reconciliation.gouv.ci\/mrcn\/wp-content\/uploads\/2023\/01\/Karate-Shotokan-5-1024x683.jpg 1024w, https:\/\/reconciliation.gouv.ci\/mrcn\/wp-content\/uploads\/2023\/01\/Karate-Shotokan-5-300x200.jpg 300w, https:\/\/reconciliation.gouv.ci\/mrcn\/wp-content\/uploads\/2023\/01\/Karate-Shotokan-5-768x512.jpg 768w, https:\/\/reconciliation.gouv.ci\/mrcn\/wp-content\/uploads\/2023\/01\/Karate-Shotokan-5.jpg 1250w\" sizes=\"auto, (max-width: 1024px) 100vw, 1024px\" \/><\/figure>\n<\/div>\n<\/div>\n","protected":false},"excerpt":{"rendered":"<div class=\"pvc_clear\"><\/div>\n<p class=\"pvc_stats total_only \" data-element-id=\"9100\" style=\"\"><i class=\"pvc-stats-icon medium\" aria-hidden=\"true\"><svg aria-hidden=\"true\" focusable=\"false\" data-prefix=\"far\" data-icon=\"chart-bar\" role=\"img\" xmlns=\"http:\/\/www.w3.org\/2000\/svg\" viewBox=\"0 0 512 512\" class=\"svg-inline--fa fa-chart-bar fa-w-16 fa-2x\"><path fill=\"currentColor\" d=\"M396.8 352h22.4c6.4 0 12.8-6.4 12.8-12.8V108.8c0-6.4-6.4-12.8-12.8-12.8h-22.4c-6.4 0-12.8 6.4-12.8 12.8v230.4c0 6.4 6.4 12.8 12.8 12.8zm-192 0h22.4c6.4 0 12.8-6.4 12.8-12.8V140.8c0-6.4-6.4-12.8-12.8-12.8h-22.4c-6.4 0-12.8 6.4-12.8 12.8v198.4c0 6.4 6.4 12.8 12.8 12.8zm96 0h22.4c6.4 0 12.8-6.4 12.8-12.8V204.8c0-6.4-6.4-12.8-12.8-12.8h-22.4c-6.4 0-12.8 6.4-12.8 12.8v134.4c0 6.4 6.4 12.8 12.8 12.8zM496 400H48V80c0-8.84-7.16-16-16-16H16C7.16 64 0 71.16 0 80v336c0 17.67 14.33 32 32 32h464c8.84 0 16-7.16 16-16v-16c0-8.84-7.16-16-16-16zm-387.2-48h22.4c6.4 0 12.8-6.4 12.8-12.8v-70.4c0-6.4-6.4-12.8-12.8-12.8h-22.4c-6.4 0-12.8 6.4-12.8 12.8v70.4c0 6.4 6.4 12.8 12.8 12.8z\" class=\"\"><\/path><\/svg><\/i> &nbsp;1,311&nbsp;vues<\/p>\n<div class=\"pvc_clear\"><\/div>\n<p>&nbsp;1,311&nbsp;vues Me N\u2019guessan Yao Ulrich, Pr\u00e9sident de la F\u00e9d\u00e9ration Ivoirienne de Karat\u00e9 Shotokan (AIKASH) \u00e0 la t\u00eate d\u2019une forte d\u00e9l\u00e9gation a \u00e9t\u00e9 re\u00e7u en audience mercredi 25 janvier 2023 par Monsieur KOUADIO Konan Bertin, Chef du D\u00e9partement minist\u00e9riel de la R\u00e9conciliation et de la Coh\u00e9sion Nationale \u00e0<\/p>\n","protected":false},"author":1,"featured_media":9103,"comment_status":"closed","ping_status":"open","sticky":false,"template":"","format":"standard","meta":{"footnotes":""},"categories":[39],"tags":[],"class_list":["post-9100","post","type-post","status-publish","format-standard","has-post-thumbnail","hentry","category-activites-ministere-slider"],"_links":{"self":[{"href":"https:\/\/reconciliation.gouv.ci\/mrcn\/index.php?rest_route=\/wp\/v2\/posts\/9100","targetHints":{"allow":["GET"]}}],"collection":[{"href":"https:\/\/reconciliation.gouv.ci\/mrcn\/index.php?rest_route=\/wp\/v2\/posts"}],"about":[{"href":"https:\/\/reconciliation.gouv.ci\/mrcn\/index.php?rest_route=\/wp\/v2\/types\/post"}],"author":[{"embeddable":true,"href":"https:\/\/reconciliation.gouv.ci\/mrcn\/index.php?rest_route=\/wp\/v2\/users\/1"}],"replies":[{"embeddable":true,"href":"https:\/\/reconciliation.gouv.ci\/mrcn\/index.php?rest_route=%2Fwp%2Fv2%2Fcomments&post=9100"}],"version-history":[{"count":1,"href":"https:\/\/reconciliation.gouv.ci\/mrcn\/index.php?rest_route=\/wp\/v2\/posts\/9100\/revisions"}],"predecessor-version":[{"id":9106,"href":"https:\/\/reconciliation.gouv.ci\/mrcn\/index.php?rest_route=\/wp\/v2\/posts\/9100\/revisions\/9106"}],"wp:featuredmedia":[{"embeddable":true,"href":"https:\/\/reconciliation.gouv.ci\/mrcn\/index.php?rest_route=\/wp\/v2\/media\/9103"}],"wp:attachment":[{"href":"https:\/\/reconciliation.gouv.ci\/mrcn\/index.php?rest_route=%2Fwp%2Fv2%2Fmedia&parent=9100"}],"wp:term":[{"taxonomy":"category","embeddable":true,"href":"https:\/\/reconciliation.gouv.ci\/mrcn\/index.php?rest_route=%2Fwp%2Fv2%2Fcategories&post=9100"},{"taxonomy":"post_tag","embeddable":true,"href":"https:\/\/reconciliation.gouv.ci\/mrcn\/index.php?rest_route=%2Fwp%2Fv2%2Ftags&post=9100"}],"curies":[{"name":"wp","href":"https:\/\/api.w.org\/{rel}","templated":true}]}}