{"id":8955,"date":"2023-01-14T18:07:05","date_gmt":"2023-01-14T17:07:05","guid":{"rendered":"https:\/\/reconciliation.gouv.ci\/mrcn\/?p=8955"},"modified":"2023-01-14T18:10:27","modified_gmt":"2023-01-14T17:10:27","slug":"cohesion-nationale-kouadio-konan-bertin-aux-atchans-le-grand-abidjan-sera-au-coeur-de-notre-preoccupation-en-2023-pour-quil-redevienne-ce-climat-de-paix-retrouve-dans-les-villages-ebries","status":"publish","type":"post","link":"https:\/\/reconciliation.gouv.ci\/mrcn\/?p=8955","title":{"rendered":"<strong>Coh\u00e9sion Nationale : KOUADIO Konan Bertin aux Atchans :\u00a0\u00ab\u00a0le grand Abidjan sera au c\u0153ur de notre pr\u00e9occupation en 2023 pour qu&rsquo;il redevienne ce climat de paix retrouv\u00e9 dans les villages Ebri\u00e9s.\u00a0\u00bb<\/strong>"},"content":{"rendered":"<div class=\"pvc_clear\"><\/div><p class=\"pvc_stats total_only \" data-element-id=\"8955\" style=\"\"><i class=\"pvc-stats-icon medium\" aria-hidden=\"true\"><svg aria-hidden=\"true\" focusable=\"false\" data-prefix=\"far\" data-icon=\"chart-bar\" role=\"img\" xmlns=\"http:\/\/www.w3.org\/2000\/svg\" viewBox=\"0 0 512 512\" class=\"svg-inline--fa fa-chart-bar fa-w-16 fa-2x\"><path fill=\"currentColor\" d=\"M396.8 352h22.4c6.4 0 12.8-6.4 12.8-12.8V108.8c0-6.4-6.4-12.8-12.8-12.8h-22.4c-6.4 0-12.8 6.4-12.8 12.8v230.4c0 6.4 6.4 12.8 12.8 12.8zm-192 0h22.4c6.4 0 12.8-6.4 12.8-12.8V140.8c0-6.4-6.4-12.8-12.8-12.8h-22.4c-6.4 0-12.8 6.4-12.8 12.8v198.4c0 6.4 6.4 12.8 12.8 12.8zm96 0h22.4c6.4 0 12.8-6.4 12.8-12.8V204.8c0-6.4-6.4-12.8-12.8-12.8h-22.4c-6.4 0-12.8 6.4-12.8 12.8v134.4c0 6.4 6.4 12.8 12.8 12.8zM496 400H48V80c0-8.84-7.16-16-16-16H16C7.16 64 0 71.16 0 80v336c0 17.67 14.33 32 32 32h464c8.84 0 16-7.16 16-16v-16c0-8.84-7.16-16-16-16zm-387.2-48h22.4c6.4 0 12.8-6.4 12.8-12.8v-70.4c0-6.4-6.4-12.8-12.8-12.8h-22.4c-6.4 0-12.8 6.4-12.8 12.8v70.4c0 6.4 6.4 12.8 12.8 12.8z\" class=\"\"><\/path><\/svg><\/i> &nbsp;2,843&nbsp;vues<\/p><div class=\"pvc_clear\"><\/div>\n<figure class=\"wp-block-image size-full\"><img loading=\"lazy\" decoding=\"async\" width=\"1009\" height=\"443\" src=\"https:\/\/reconciliation.gouv.ci\/mrcn\/wp-content\/uploads\/2023\/01\/Cohesion-Villages-Atchan-5BIS.jpg\" alt=\"\" class=\"wp-image-8973\" srcset=\"https:\/\/reconciliation.gouv.ci\/mrcn\/wp-content\/uploads\/2023\/01\/Cohesion-Villages-Atchan-5BIS.jpg 1009w, https:\/\/reconciliation.gouv.ci\/mrcn\/wp-content\/uploads\/2023\/01\/Cohesion-Villages-Atchan-5BIS-300x132.jpg 300w, https:\/\/reconciliation.gouv.ci\/mrcn\/wp-content\/uploads\/2023\/01\/Cohesion-Villages-Atchan-5BIS-768x337.jpg 768w\" sizes=\"auto, (max-width: 1009px) 100vw, 1009px\" \/><\/figure>\n\n\n\n<p>Le Ministre de la R\u00e9conciliation et de la Coh\u00e9sion Nationale Monsieur KOUADIO Konan Bertin a re\u00e7u en audience mercredi 11 janvier 2023 \u00e0 son cabinet sis \u00e0 la Cit\u00e9 Administrative d&rsquo;Abidjan Plateau, le collectif des Chefs des villages atchans issu des trois grandes r\u00e9gions \u00e0 savoir Abidjan, Akouai et Songon.<\/p>\n\n\n\n<p>Les raisons de cette pr\u00e9sence sont donn\u00e9es par le membre du Gouvernement : \u00ab\u00a0Nous vivons \u00e0 Abidjan et nous devons faire en sorte que notre capitale soit un mod\u00e8le dans tous les domaines notamment en mati\u00e8re de d\u00e9veloppement, de paix et de coh\u00e9sion\u00a0\u00bb.<\/p>\n\n\n\n<p>Un appel cons\u00e9cutif aux remous r\u00e9currents dans plusieurs villages dudit peuple sudiste du fait des crises de succession au tr\u00f4ne de la chefferie.<\/p>\n\n\n\n<p>Cons\u00e9quence, certains chefs ont leur arr\u00eat\u00e9 pr\u00e9fectoral certes, mais ne peuvent avoir acc\u00e8s \u00e0 leur village sans les forces de d\u00e9fense et de s\u00e9curit\u00e9. Au m\u00eame moment d&rsquo;autres sont toujours dans l&rsquo;attente de leur arr\u00eat\u00e9 depuis des mois apr\u00e8s les consultations populaires.<\/p>\n\n\n\n<p>En tant que ministre en charge de la R\u00e9conciliation et de la Coh\u00e9sion Nationale, il se sent interpell\u00e9 au plus haut niveau eu \u00e9gard \u00e0 la mission \u00e0 lui assign\u00e9e par le Pr\u00e9sident de la R\u00e9publique pour faire de la C\u00f4te d&rsquo;Ivoire un pays o\u00f9 la haine laisse sa place \u00e0 la paix.<\/p>\n\n\n\n<p>\u00ab\u00a0Le grand Abidjan sera au c\u0153ur de notre pr\u00e9occupation en 2023 pour qu&rsquo;elle redevienne ce climat de paix retrouv\u00e9 dans les villages ebri\u00e9s.\u00a0\u00bb a- t-il fait attendre.<\/p>\n\n\n\n<p>Pour lui, il n&rsquo;y a pas de raison qu&rsquo;on ne puisse pas r\u00e9gler ces conflits par le dialogue et dans la v\u00e9rit\u00e9.<\/p>\n\n\n\n<p>Pour la r\u00e9ussite de cette mission, il compte donc sur toutes les forces vives de ces trois grandes r\u00e9gions dont la plupart d\u00e9tient son arr\u00eat\u00e9 avec le soutien des membres du gouvernement appartenant \u00e0 cette m\u00eame fratrie \u00e0 savoir les Ministres des Sports Claude Paulin Danho, de L&rsquo;Hydraulique Laurent Tchagba et le Ministre Gouverneur Beugr\u00e9 Mamb\u00e9.<\/p>\n\n\n\n<p>Le Ministre de l&rsquo;Int\u00e9rieur et de la S\u00e9curit\u00e9 Vagondo Diomand\u00e9 y sera aussi convi\u00e9.<\/p>\n\n\n\n<p>Tr\u00e8s \u00e9mu par l&rsquo;int\u00e9r\u00eat que le Ministre KOUADIO Konan Bertin accorde \u00e0 la paix au sein de sa communaut\u00e9, Nanan Djorogo Nangui, Chef de village d&rsquo;Anono et Pr\u00e9sident dudit collectif des t\u00eates couronn\u00e9es lui a exprim\u00e9 sa gratitude et ses vifs remerciements au Chef de l&rsquo;Etat avant de montrer son optimisme :\u00a0\u00bbNous irons donner la bonne nouvelle \u00e0 notre communaut\u00e9 et nous pensons que la main dans la main, nous y arriverons\u00a0\u00bb.<\/p>\n\n\n\n<p>Il a \u00e0 cet effet offert au Ministre une documentation concernant les villages encore en crise et ceux sans histoire.<\/p>\n\n\n\n<p>Le missionnaire du Pr\u00e9sident de la R\u00e9publique esp\u00e8re que la mission sera accomplie avant les \u00e9ch\u00e9ances \u00e9lectorales locales pour \u00e9viter que cela soit un pr\u00e9texte pour semer le trouble.<\/p>\n\n\n\n<div class=\"wp-block-columns is-layout-flex wp-container-core-columns-is-layout-9d6595d7 wp-block-columns-is-layout-flex\">\n<div class=\"wp-block-column is-layout-flow wp-block-column-is-layout-flow\">\n<figure class=\"wp-block-image size-large\"><img loading=\"lazy\" decoding=\"async\" width=\"1024\" height=\"683\" src=\"https:\/\/reconciliation.gouv.ci\/mrcn\/wp-content\/uploads\/2023\/01\/Cohesion-Villages-Atchan-1-1024x683.jpg\" alt=\"\" class=\"wp-image-8956\" srcset=\"https:\/\/reconciliation.gouv.ci\/mrcn\/wp-content\/uploads\/2023\/01\/Cohesion-Villages-Atchan-1-1024x683.jpg 1024w, https:\/\/reconciliation.gouv.ci\/mrcn\/wp-content\/uploads\/2023\/01\/Cohesion-Villages-Atchan-1-300x200.jpg 300w, https:\/\/reconciliation.gouv.ci\/mrcn\/wp-content\/uploads\/2023\/01\/Cohesion-Villages-Atchan-1-768x512.jpg 768w, https:\/\/reconciliation.gouv.ci\/mrcn\/wp-content\/uploads\/2023\/01\/Cohesion-Villages-Atchan-1.jpg 1080w\" sizes=\"auto, (max-width: 1024px) 100vw, 1024px\" \/><\/figure>\n<\/div>\n\n\n\n<div class=\"wp-block-column is-layout-flow wp-block-column-is-layout-flow\">\n<figure class=\"wp-block-image size-large\"><img loading=\"lazy\" decoding=\"async\" width=\"1024\" height=\"683\" src=\"https:\/\/reconciliation.gouv.ci\/mrcn\/wp-content\/uploads\/2023\/01\/Cohesion-Villages-Atchan-7-1024x683.jpg\" alt=\"\" class=\"wp-image-8961\" srcset=\"https:\/\/reconciliation.gouv.ci\/mrcn\/wp-content\/uploads\/2023\/01\/Cohesion-Villages-Atchan-7-1024x683.jpg 1024w, https:\/\/reconciliation.gouv.ci\/mrcn\/wp-content\/uploads\/2023\/01\/Cohesion-Villages-Atchan-7-300x200.jpg 300w, https:\/\/reconciliation.gouv.ci\/mrcn\/wp-content\/uploads\/2023\/01\/Cohesion-Villages-Atchan-7-768x512.jpg 768w, https:\/\/reconciliation.gouv.ci\/mrcn\/wp-content\/uploads\/2023\/01\/Cohesion-Villages-Atchan-7.jpg 1080w\" sizes=\"auto, (max-width: 1024px) 100vw, 1024px\" \/><\/figure>\n<\/div>\n\n\n\n<div class=\"wp-block-column is-layout-flow wp-block-column-is-layout-flow\">\n<figure class=\"wp-block-image size-large\"><img loading=\"lazy\" decoding=\"async\" width=\"1024\" height=\"683\" src=\"https:\/\/reconciliation.gouv.ci\/mrcn\/wp-content\/uploads\/2023\/01\/Cohesion-Villages-Atchan-5-1024x683.jpg\" alt=\"\" class=\"wp-image-8959\" srcset=\"https:\/\/reconciliation.gouv.ci\/mrcn\/wp-content\/uploads\/2023\/01\/Cohesion-Villages-Atchan-5-1024x683.jpg 1024w, https:\/\/reconciliation.gouv.ci\/mrcn\/wp-content\/uploads\/2023\/01\/Cohesion-Villages-Atchan-5-300x200.jpg 300w, https:\/\/reconciliation.gouv.ci\/mrcn\/wp-content\/uploads\/2023\/01\/Cohesion-Villages-Atchan-5-768x512.jpg 768w, https:\/\/reconciliation.gouv.ci\/mrcn\/wp-content\/uploads\/2023\/01\/Cohesion-Villages-Atchan-5.jpg 1080w\" sizes=\"auto, (max-width: 1024px) 100vw, 1024px\" \/><\/figure>\n<\/div>\n<\/div>\n\n\n\n<div class=\"wp-block-columns is-layout-flex wp-container-core-columns-is-layout-9d6595d7 wp-block-columns-is-layout-flex\">\n<div class=\"wp-block-column is-layout-flow wp-block-column-is-layout-flow\">\n<figure class=\"wp-block-image size-large\"><img loading=\"lazy\" decoding=\"async\" width=\"1024\" height=\"682\" src=\"https:\/\/reconciliation.gouv.ci\/mrcn\/wp-content\/uploads\/2023\/01\/Cohesion-Villages-Atchan-10-1024x682.jpg\" alt=\"\" class=\"wp-image-8964\" srcset=\"https:\/\/reconciliation.gouv.ci\/mrcn\/wp-content\/uploads\/2023\/01\/Cohesion-Villages-Atchan-10-1024x682.jpg 1024w, https:\/\/reconciliation.gouv.ci\/mrcn\/wp-content\/uploads\/2023\/01\/Cohesion-Villages-Atchan-10-300x200.jpg 300w, https:\/\/reconciliation.gouv.ci\/mrcn\/wp-content\/uploads\/2023\/01\/Cohesion-Villages-Atchan-10-768x511.jpg 768w, https:\/\/reconciliation.gouv.ci\/mrcn\/wp-content\/uploads\/2023\/01\/Cohesion-Villages-Atchan-10.jpg 1080w\" sizes=\"auto, (max-width: 1024px) 100vw, 1024px\" \/><\/figure>\n<\/div>\n\n\n\n<div class=\"wp-block-column is-layout-flow wp-block-column-is-layout-flow\">\n<figure class=\"wp-block-image size-large\"><img loading=\"lazy\" decoding=\"async\" width=\"1024\" height=\"683\" src=\"https:\/\/reconciliation.gouv.ci\/mrcn\/wp-content\/uploads\/2023\/01\/Cohesion-Villages-Atchan-11-1024x683.jpg\" alt=\"\" class=\"wp-image-8965\" srcset=\"https:\/\/reconciliation.gouv.ci\/mrcn\/wp-content\/uploads\/2023\/01\/Cohesion-Villages-Atchan-11-1024x683.jpg 1024w, https:\/\/reconciliation.gouv.ci\/mrcn\/wp-content\/uploads\/2023\/01\/Cohesion-Villages-Atchan-11-300x200.jpg 300w, https:\/\/reconciliation.gouv.ci\/mrcn\/wp-content\/uploads\/2023\/01\/Cohesion-Villages-Atchan-11-768x512.jpg 768w, https:\/\/reconciliation.gouv.ci\/mrcn\/wp-content\/uploads\/2023\/01\/Cohesion-Villages-Atchan-11.jpg 1080w\" sizes=\"auto, (max-width: 1024px) 100vw, 1024px\" \/><\/figure>\n<\/div>\n\n\n\n<div class=\"wp-block-column is-layout-flow wp-block-column-is-layout-flow\">\n<figure class=\"wp-block-image size-large\"><img loading=\"lazy\" decoding=\"async\" width=\"1024\" height=\"683\" src=\"https:\/\/reconciliation.gouv.ci\/mrcn\/wp-content\/uploads\/2023\/01\/Cohesion-Villages-Atchan-13-1024x683.jpg\" alt=\"\" class=\"wp-image-8967\" srcset=\"https:\/\/reconciliation.gouv.ci\/mrcn\/wp-content\/uploads\/2023\/01\/Cohesion-Villages-Atchan-13-1024x683.jpg 1024w, https:\/\/reconciliation.gouv.ci\/mrcn\/wp-content\/uploads\/2023\/01\/Cohesion-Villages-Atchan-13-300x200.jpg 300w, https:\/\/reconciliation.gouv.ci\/mrcn\/wp-content\/uploads\/2023\/01\/Cohesion-Villages-Atchan-13-768x512.jpg 768w, https:\/\/reconciliation.gouv.ci\/mrcn\/wp-content\/uploads\/2023\/01\/Cohesion-Villages-Atchan-13.jpg 1080w\" sizes=\"auto, (max-width: 1024px) 100vw, 1024px\" \/><\/figure>\n<\/div>\n<\/div>\n\n\n\n<div class=\"wp-block-columns is-layout-flex wp-container-core-columns-is-layout-9d6595d7 wp-block-columns-is-layout-flex\">\n<div class=\"wp-block-column is-layout-flow wp-block-column-is-layout-flow\">\n<figure class=\"wp-block-image size-large\"><img loading=\"lazy\" decoding=\"async\" width=\"1024\" height=\"683\" src=\"https:\/\/reconciliation.gouv.ci\/mrcn\/wp-content\/uploads\/2023\/01\/Cohesion-Villages-Atchan-8-1024x683.jpg\" alt=\"\" class=\"wp-image-8962\" srcset=\"https:\/\/reconciliation.gouv.ci\/mrcn\/wp-content\/uploads\/2023\/01\/Cohesion-Villages-Atchan-8-1024x683.jpg 1024w, https:\/\/reconciliation.gouv.ci\/mrcn\/wp-content\/uploads\/2023\/01\/Cohesion-Villages-Atchan-8-300x200.jpg 300w, https:\/\/reconciliation.gouv.ci\/mrcn\/wp-content\/uploads\/2023\/01\/Cohesion-Villages-Atchan-8-768x512.jpg 768w, https:\/\/reconciliation.gouv.ci\/mrcn\/wp-content\/uploads\/2023\/01\/Cohesion-Villages-Atchan-8.jpg 1080w\" sizes=\"auto, (max-width: 1024px) 100vw, 1024px\" \/><\/figure>\n<\/div>\n\n\n\n<div class=\"wp-block-column is-layout-flow wp-block-column-is-layout-flow\">\n<figure class=\"wp-block-image size-large\"><img loading=\"lazy\" decoding=\"async\" width=\"1024\" height=\"683\" src=\"https:\/\/reconciliation.gouv.ci\/mrcn\/wp-content\/uploads\/2023\/01\/Cohesion-Villages-Atchan-12-1024x683.jpg\" alt=\"\" class=\"wp-image-8966\" srcset=\"https:\/\/reconciliation.gouv.ci\/mrcn\/wp-content\/uploads\/2023\/01\/Cohesion-Villages-Atchan-12-1024x683.jpg 1024w, https:\/\/reconciliation.gouv.ci\/mrcn\/wp-content\/uploads\/2023\/01\/Cohesion-Villages-Atchan-12-300x200.jpg 300w, https:\/\/reconciliation.gouv.ci\/mrcn\/wp-content\/uploads\/2023\/01\/Cohesion-Villages-Atchan-12-768x512.jpg 768w, https:\/\/reconciliation.gouv.ci\/mrcn\/wp-content\/uploads\/2023\/01\/Cohesion-Villages-Atchan-12.jpg 1080w\" sizes=\"auto, (max-width: 1024px) 100vw, 1024px\" \/><\/figure>\n<\/div>\n\n\n\n<div class=\"wp-block-column is-layout-flow wp-block-column-is-layout-flow\">\n<figure class=\"wp-block-image size-large\"><img loading=\"lazy\" decoding=\"async\" width=\"1024\" height=\"683\" src=\"https:\/\/reconciliation.gouv.ci\/mrcn\/wp-content\/uploads\/2023\/01\/Cohesion-Villages-Atchan-4-1024x683.jpg\" alt=\"\" class=\"wp-image-8958\" srcset=\"https:\/\/reconciliation.gouv.ci\/mrcn\/wp-content\/uploads\/2023\/01\/Cohesion-Villages-Atchan-4-1024x683.jpg 1024w, https:\/\/reconciliation.gouv.ci\/mrcn\/wp-content\/uploads\/2023\/01\/Cohesion-Villages-Atchan-4-300x200.jpg 300w, https:\/\/reconciliation.gouv.ci\/mrcn\/wp-content\/uploads\/2023\/01\/Cohesion-Villages-Atchan-4-768x512.jpg 768w, https:\/\/reconciliation.gouv.ci\/mrcn\/wp-content\/uploads\/2023\/01\/Cohesion-Villages-Atchan-4.jpg 1080w\" sizes=\"auto, (max-width: 1024px) 100vw, 1024px\" \/><\/figure>\n<\/div>\n<\/div>\n\n\n\n<div class=\"wp-block-columns is-layout-flex wp-container-core-columns-is-layout-9d6595d7 wp-block-columns-is-layout-flex\">\n<div class=\"wp-block-column is-layout-flow wp-block-column-is-layout-flow\">\n<figure class=\"wp-block-image size-large\"><img loading=\"lazy\" decoding=\"async\" width=\"1024\" height=\"683\" src=\"https:\/\/reconciliation.gouv.ci\/mrcn\/wp-content\/uploads\/2023\/01\/Cohesion-Villages-Atchan-14-1024x683.jpg\" alt=\"\" class=\"wp-image-8968\" srcset=\"https:\/\/reconciliation.gouv.ci\/mrcn\/wp-content\/uploads\/2023\/01\/Cohesion-Villages-Atchan-14-1024x683.jpg 1024w, https:\/\/reconciliation.gouv.ci\/mrcn\/wp-content\/uploads\/2023\/01\/Cohesion-Villages-Atchan-14-300x200.jpg 300w, https:\/\/reconciliation.gouv.ci\/mrcn\/wp-content\/uploads\/2023\/01\/Cohesion-Villages-Atchan-14-768x512.jpg 768w, https:\/\/reconciliation.gouv.ci\/mrcn\/wp-content\/uploads\/2023\/01\/Cohesion-Villages-Atchan-14.jpg 1080w\" sizes=\"auto, (max-width: 1024px) 100vw, 1024px\" \/><\/figure>\n<\/div>\n\n\n\n<div class=\"wp-block-column is-layout-flow wp-block-column-is-layout-flow\">\n<figure class=\"wp-block-image size-large\"><img loading=\"lazy\" decoding=\"async\" width=\"1024\" height=\"682\" src=\"https:\/\/reconciliation.gouv.ci\/mrcn\/wp-content\/uploads\/2023\/01\/Cohesion-Villages-Atchan-16-1024x682.jpg\" alt=\"\" class=\"wp-image-8972\" srcset=\"https:\/\/reconciliation.gouv.ci\/mrcn\/wp-content\/uploads\/2023\/01\/Cohesion-Villages-Atchan-16-1024x682.jpg 1024w, https:\/\/reconciliation.gouv.ci\/mrcn\/wp-content\/uploads\/2023\/01\/Cohesion-Villages-Atchan-16-300x200.jpg 300w, https:\/\/reconciliation.gouv.ci\/mrcn\/wp-content\/uploads\/2023\/01\/Cohesion-Villages-Atchan-16-768x511.jpg 768w, https:\/\/reconciliation.gouv.ci\/mrcn\/wp-content\/uploads\/2023\/01\/Cohesion-Villages-Atchan-16.jpg 1080w\" sizes=\"auto, (max-width: 1024px) 100vw, 1024px\" \/><\/figure>\n<\/div>\n<\/div>\n","protected":false},"excerpt":{"rendered":"<div class=\"pvc_clear\"><\/div>\n<p class=\"pvc_stats total_only \" data-element-id=\"8955\" style=\"\"><i class=\"pvc-stats-icon medium\" aria-hidden=\"true\"><svg aria-hidden=\"true\" focusable=\"false\" data-prefix=\"far\" data-icon=\"chart-bar\" role=\"img\" xmlns=\"http:\/\/www.w3.org\/2000\/svg\" viewBox=\"0 0 512 512\" class=\"svg-inline--fa fa-chart-bar fa-w-16 fa-2x\"><path fill=\"currentColor\" d=\"M396.8 352h22.4c6.4 0 12.8-6.4 12.8-12.8V108.8c0-6.4-6.4-12.8-12.8-12.8h-22.4c-6.4 0-12.8 6.4-12.8 12.8v230.4c0 6.4 6.4 12.8 12.8 12.8zm-192 0h22.4c6.4 0 12.8-6.4 12.8-12.8V140.8c0-6.4-6.4-12.8-12.8-12.8h-22.4c-6.4 0-12.8 6.4-12.8 12.8v198.4c0 6.4 6.4 12.8 12.8 12.8zm96 0h22.4c6.4 0 12.8-6.4 12.8-12.8V204.8c0-6.4-6.4-12.8-12.8-12.8h-22.4c-6.4 0-12.8 6.4-12.8 12.8v134.4c0 6.4 6.4 12.8 12.8 12.8zM496 400H48V80c0-8.84-7.16-16-16-16H16C7.16 64 0 71.16 0 80v336c0 17.67 14.33 32 32 32h464c8.84 0 16-7.16 16-16v-16c0-8.84-7.16-16-16-16zm-387.2-48h22.4c6.4 0 12.8-6.4 12.8-12.8v-70.4c0-6.4-6.4-12.8-12.8-12.8h-22.4c-6.4 0-12.8 6.4-12.8 12.8v70.4c0 6.4 6.4 12.8 12.8 12.8z\" class=\"\"><\/path><\/svg><\/i> &nbsp;2,843&nbsp;vues<\/p>\n<div class=\"pvc_clear\"><\/div>\n<p>&nbsp;2,843&nbsp;vues Le Ministre de la R\u00e9conciliation et de la Coh\u00e9sion Nationale Monsieur KOUADIO Konan Bertin a re\u00e7u en audience mercredi 11 janvier 2023 \u00e0 son cabinet sis \u00e0 la Cit\u00e9 Administrative d&rsquo;Abidjan Plateau, le collectif des Chefs des villages atchans issu des trois grandes r\u00e9gions \u00e0 savoir<\/p>\n","protected":false},"author":1,"featured_media":8973,"comment_status":"closed","ping_status":"open","sticky":false,"template":"","format":"standard","meta":{"footnotes":""},"categories":[39],"tags":[],"class_list":["post-8955","post","type-post","status-publish","format-standard","has-post-thumbnail","hentry","category-activites-ministere-slider"],"_links":{"self":[{"href":"https:\/\/reconciliation.gouv.ci\/mrcn\/index.php?rest_route=\/wp\/v2\/posts\/8955","targetHints":{"allow":["GET"]}}],"collection":[{"href":"https:\/\/reconciliation.gouv.ci\/mrcn\/index.php?rest_route=\/wp\/v2\/posts"}],"about":[{"href":"https:\/\/reconciliation.gouv.ci\/mrcn\/index.php?rest_route=\/wp\/v2\/types\/post"}],"author":[{"embeddable":true,"href":"https:\/\/reconciliation.gouv.ci\/mrcn\/index.php?rest_route=\/wp\/v2\/users\/1"}],"replies":[{"embeddable":true,"href":"https:\/\/reconciliation.gouv.ci\/mrcn\/index.php?rest_route=%2Fwp%2Fv2%2Fcomments&post=8955"}],"version-history":[{"count":3,"href":"https:\/\/reconciliation.gouv.ci\/mrcn\/index.php?rest_route=\/wp\/v2\/posts\/8955\/revisions"}],"predecessor-version":[{"id":8977,"href":"https:\/\/reconciliation.gouv.ci\/mrcn\/index.php?rest_route=\/wp\/v2\/posts\/8955\/revisions\/8977"}],"wp:featuredmedia":[{"embeddable":true,"href":"https:\/\/reconciliation.gouv.ci\/mrcn\/index.php?rest_route=\/wp\/v2\/media\/8973"}],"wp:attachment":[{"href":"https:\/\/reconciliation.gouv.ci\/mrcn\/index.php?rest_route=%2Fwp%2Fv2%2Fmedia&parent=8955"}],"wp:term":[{"taxonomy":"category","embeddable":true,"href":"https:\/\/reconciliation.gouv.ci\/mrcn\/index.php?rest_route=%2Fwp%2Fv2%2Fcategories&post=8955"},{"taxonomy":"post_tag","embeddable":true,"href":"https:\/\/reconciliation.gouv.ci\/mrcn\/index.php?rest_route=%2Fwp%2Fv2%2Ftags&post=8955"}],"curies":[{"name":"wp","href":"https:\/\/api.w.org\/{rel}","templated":true}]}}