{"id":8941,"date":"2023-01-11T08:25:17","date_gmt":"2023-01-11T07:25:17","guid":{"rendered":"https:\/\/reconciliation.gouv.ci\/mrcn\/?p=8941"},"modified":"2023-01-11T08:25:18","modified_gmt":"2023-01-11T07:25:18","slug":"rencontre-du-ministre-kouadio-konan-bertin-avec-la-diaspora-ivoirienne-en-allemagne","status":"publish","type":"post","link":"https:\/\/reconciliation.gouv.ci\/mrcn\/?p=8941","title":{"rendered":"Rencontre du Ministre KOUADIO Konan Bertin avec la diaspora ivoirienne en Allemagne."},"content":{"rendered":"<div class=\"pvc_clear\"><\/div><p class=\"pvc_stats total_only \" data-element-id=\"8941\" style=\"\"><i class=\"pvc-stats-icon medium\" aria-hidden=\"true\"><svg aria-hidden=\"true\" focusable=\"false\" data-prefix=\"far\" data-icon=\"chart-bar\" role=\"img\" xmlns=\"http:\/\/www.w3.org\/2000\/svg\" viewBox=\"0 0 512 512\" class=\"svg-inline--fa fa-chart-bar fa-w-16 fa-2x\"><path fill=\"currentColor\" d=\"M396.8 352h22.4c6.4 0 12.8-6.4 12.8-12.8V108.8c0-6.4-6.4-12.8-12.8-12.8h-22.4c-6.4 0-12.8 6.4-12.8 12.8v230.4c0 6.4 6.4 12.8 12.8 12.8zm-192 0h22.4c6.4 0 12.8-6.4 12.8-12.8V140.8c0-6.4-6.4-12.8-12.8-12.8h-22.4c-6.4 0-12.8 6.4-12.8 12.8v198.4c0 6.4 6.4 12.8 12.8 12.8zm96 0h22.4c6.4 0 12.8-6.4 12.8-12.8V204.8c0-6.4-6.4-12.8-12.8-12.8h-22.4c-6.4 0-12.8 6.4-12.8 12.8v134.4c0 6.4 6.4 12.8 12.8 12.8zM496 400H48V80c0-8.84-7.16-16-16-16H16C7.16 64 0 71.16 0 80v336c0 17.67 14.33 32 32 32h464c8.84 0 16-7.16 16-16v-16c0-8.84-7.16-16-16-16zm-387.2-48h22.4c6.4 0 12.8-6.4 12.8-12.8v-70.4c0-6.4-6.4-12.8-12.8-12.8h-22.4c-6.4 0-12.8 6.4-12.8 12.8v70.4c0 6.4 6.4 12.8 12.8 12.8z\" class=\"\"><\/path><\/svg><\/i> &nbsp;2,543&nbsp;vues<\/p><div class=\"pvc_clear\"><\/div>\n<figure class=\"wp-block-image size-large\"><img loading=\"lazy\" decoding=\"async\" width=\"1024\" height=\"1024\" src=\"https:\/\/reconciliation.gouv.ci\/mrcn\/wp-content\/uploads\/2023\/01\/Mission-en-Allemagne-1-1024x1024.jpg\" alt=\"\" class=\"wp-image-8942\" srcset=\"https:\/\/reconciliation.gouv.ci\/mrcn\/wp-content\/uploads\/2023\/01\/Mission-en-Allemagne-1-1024x1024.jpg 1024w, https:\/\/reconciliation.gouv.ci\/mrcn\/wp-content\/uploads\/2023\/01\/Mission-en-Allemagne-1-300x300.jpg 300w, https:\/\/reconciliation.gouv.ci\/mrcn\/wp-content\/uploads\/2023\/01\/Mission-en-Allemagne-1-150x150.jpg 150w, https:\/\/reconciliation.gouv.ci\/mrcn\/wp-content\/uploads\/2023\/01\/Mission-en-Allemagne-1-768x768.jpg 768w, https:\/\/reconciliation.gouv.ci\/mrcn\/wp-content\/uploads\/2023\/01\/Mission-en-Allemagne-1.jpg 1496w\" sizes=\"auto, (max-width: 1024px) 100vw, 1024px\" \/><\/figure>\n\n\n\n<p>Depuis quelques mois, le Ministre de la R\u00e9conciliation et de la Coh\u00e9sion Nationale, Monsieur KOUADIO Konan Bertin, multiplie les d\u00e9placements \u00e0 l\u2019\u00e9tranger pour rencontrer les Ivoiriennes et Ivoiriens de la diaspora.<\/p>\n\n\n\n<p>Apr\u00e8s les \u00e9tapes de la France, du Royaume-Uni et des Etats-Unis respectivement en juin, juillet et octobre 2022, le Ministre KOUADIO Konan Bertin mettra le cap avec sa d\u00e9l\u00e9gation sur l\u2019Allemagne du 11 au 12 f\u00e9vrier 2023. Durant les pr\u00e9c\u00e9dentes missions, le Ministre a ressenti la m\u00eame \u00e9nergie, la m\u00eame vigueur et le m\u00eame bonheur de la part de nos concitoyens vivant \u00e0 l\u2019\u00e9tranger, signe de leur attachement \u00e0 la paix dans notre ch\u00e8re patrie.<\/p>\n\n\n\n<p>Notre diaspora qui repr\u00e9sente la 32<sup>\u00e8me<\/sup> r\u00e9gion de la C\u00f4te d\u2019Ivoire est compos\u00e9e de plus d\u2019un million de personnes qui ont leur mot \u00e0 dire et leur contribution \u00e0 apporter au processus de r\u00e9conciliation impuls\u00e9 par le Pr\u00e9sident de la R\u00e9publique, Son Excellence Monsieur Alassane Ouattara.<\/p>\n\n\n\n<p>Un \u00e9missaire du Ministre, Monsieur Th\u00e9odore KONIMI, est d\u00e9j\u00e0 sur le terrain en Allemagne pour pr\u00e9parer cette importante mission. Il a en ce sens rencontr\u00e9 l\u2019Ambassadeur de la C\u00f4te d\u2019Ivoire accr\u00e9dit\u00e9 en Allemagne, Son Excellence Monsieur Philippe MANGOU.<\/p>\n\n\n\n<div class=\"wp-block-columns is-layout-flex wp-container-core-columns-is-layout-9d6595d7 wp-block-columns-is-layout-flex\">\n<div class=\"wp-block-column is-layout-flow wp-block-column-is-layout-flow\">\n<figure class=\"wp-block-image size-large\"><img loading=\"lazy\" decoding=\"async\" width=\"461\" height=\"1024\" src=\"https:\/\/reconciliation.gouv.ci\/mrcn\/wp-content\/uploads\/2023\/01\/Mission-en-Allemagne-4-461x1024.jpg\" alt=\"\" class=\"wp-image-8945\" srcset=\"https:\/\/reconciliation.gouv.ci\/mrcn\/wp-content\/uploads\/2023\/01\/Mission-en-Allemagne-4-461x1024.jpg 461w, https:\/\/reconciliation.gouv.ci\/mrcn\/wp-content\/uploads\/2023\/01\/Mission-en-Allemagne-4-135x300.jpg 135w, https:\/\/reconciliation.gouv.ci\/mrcn\/wp-content\/uploads\/2023\/01\/Mission-en-Allemagne-4-768x1707.jpg 768w, https:\/\/reconciliation.gouv.ci\/mrcn\/wp-content\/uploads\/2023\/01\/Mission-en-Allemagne-4-691x1536.jpg 691w, https:\/\/reconciliation.gouv.ci\/mrcn\/wp-content\/uploads\/2023\/01\/Mission-en-Allemagne-4.jpg 900w\" sizes=\"auto, (max-width: 461px) 100vw, 461px\" \/><\/figure>\n<\/div>\n\n\n\n<div class=\"wp-block-column is-layout-flow wp-block-column-is-layout-flow\">\n<figure class=\"wp-block-image size-large\"><img loading=\"lazy\" decoding=\"async\" width=\"461\" height=\"1024\" src=\"https:\/\/reconciliation.gouv.ci\/mrcn\/wp-content\/uploads\/2023\/01\/Mission-en-Allemagne-2-461x1024.jpg\" alt=\"\" class=\"wp-image-8943\" srcset=\"https:\/\/reconciliation.gouv.ci\/mrcn\/wp-content\/uploads\/2023\/01\/Mission-en-Allemagne-2-461x1024.jpg 461w, https:\/\/reconciliation.gouv.ci\/mrcn\/wp-content\/uploads\/2023\/01\/Mission-en-Allemagne-2-135x300.jpg 135w, https:\/\/reconciliation.gouv.ci\/mrcn\/wp-content\/uploads\/2023\/01\/Mission-en-Allemagne-2-768x1707.jpg 768w, https:\/\/reconciliation.gouv.ci\/mrcn\/wp-content\/uploads\/2023\/01\/Mission-en-Allemagne-2-691x1536.jpg 691w, https:\/\/reconciliation.gouv.ci\/mrcn\/wp-content\/uploads\/2023\/01\/Mission-en-Allemagne-2.jpg 900w\" sizes=\"auto, (max-width: 461px) 100vw, 461px\" \/><\/figure>\n<\/div>\n\n\n\n<div class=\"wp-block-column is-layout-flow wp-block-column-is-layout-flow\">\n<figure class=\"wp-block-image size-large\"><img loading=\"lazy\" decoding=\"async\" width=\"461\" height=\"1024\" src=\"https:\/\/reconciliation.gouv.ci\/mrcn\/wp-content\/uploads\/2023\/01\/Mission-en-Allemagne-3-461x1024.jpg\" alt=\"\" class=\"wp-image-8944\" srcset=\"https:\/\/reconciliation.gouv.ci\/mrcn\/wp-content\/uploads\/2023\/01\/Mission-en-Allemagne-3-461x1024.jpg 461w, https:\/\/reconciliation.gouv.ci\/mrcn\/wp-content\/uploads\/2023\/01\/Mission-en-Allemagne-3-135x300.jpg 135w, https:\/\/reconciliation.gouv.ci\/mrcn\/wp-content\/uploads\/2023\/01\/Mission-en-Allemagne-3-768x1707.jpg 768w, https:\/\/reconciliation.gouv.ci\/mrcn\/wp-content\/uploads\/2023\/01\/Mission-en-Allemagne-3-691x1536.jpg 691w, https:\/\/reconciliation.gouv.ci\/mrcn\/wp-content\/uploads\/2023\/01\/Mission-en-Allemagne-3.jpg 900w\" sizes=\"auto, (max-width: 461px) 100vw, 461px\" \/><\/figure>\n<\/div>\n<\/div>\n","protected":false},"excerpt":{"rendered":"<div class=\"pvc_clear\"><\/div>\n<p class=\"pvc_stats total_only \" data-element-id=\"8941\" style=\"\"><i class=\"pvc-stats-icon medium\" aria-hidden=\"true\"><svg aria-hidden=\"true\" focusable=\"false\" data-prefix=\"far\" data-icon=\"chart-bar\" role=\"img\" xmlns=\"http:\/\/www.w3.org\/2000\/svg\" viewBox=\"0 0 512 512\" class=\"svg-inline--fa fa-chart-bar fa-w-16 fa-2x\"><path fill=\"currentColor\" d=\"M396.8 352h22.4c6.4 0 12.8-6.4 12.8-12.8V108.8c0-6.4-6.4-12.8-12.8-12.8h-22.4c-6.4 0-12.8 6.4-12.8 12.8v230.4c0 6.4 6.4 12.8 12.8 12.8zm-192 0h22.4c6.4 0 12.8-6.4 12.8-12.8V140.8c0-6.4-6.4-12.8-12.8-12.8h-22.4c-6.4 0-12.8 6.4-12.8 12.8v198.4c0 6.4 6.4 12.8 12.8 12.8zm96 0h22.4c6.4 0 12.8-6.4 12.8-12.8V204.8c0-6.4-6.4-12.8-12.8-12.8h-22.4c-6.4 0-12.8 6.4-12.8 12.8v134.4c0 6.4 6.4 12.8 12.8 12.8zM496 400H48V80c0-8.84-7.16-16-16-16H16C7.16 64 0 71.16 0 80v336c0 17.67 14.33 32 32 32h464c8.84 0 16-7.16 16-16v-16c0-8.84-7.16-16-16-16zm-387.2-48h22.4c6.4 0 12.8-6.4 12.8-12.8v-70.4c0-6.4-6.4-12.8-12.8-12.8h-22.4c-6.4 0-12.8 6.4-12.8 12.8v70.4c0 6.4 6.4 12.8 12.8 12.8z\" class=\"\"><\/path><\/svg><\/i> &nbsp;2,543&nbsp;vues<\/p>\n<div class=\"pvc_clear\"><\/div>\n<p>&nbsp;2,543&nbsp;vues Depuis quelques mois, le Ministre de la R\u00e9conciliation et de la Coh\u00e9sion Nationale, Monsieur KOUADIO Konan Bertin, multiplie les d\u00e9placements \u00e0 l\u2019\u00e9tranger pour rencontrer les Ivoiriennes et Ivoiriens de la diaspora. Apr\u00e8s les \u00e9tapes de la France, du Royaume-Uni et des Etats-Unis respectivement en juin, juillet<\/p>\n","protected":false},"author":1,"featured_media":8942,"comment_status":"closed","ping_status":"open","sticky":false,"template":"","format":"standard","meta":{"footnotes":""},"categories":[39],"tags":[],"class_list":["post-8941","post","type-post","status-publish","format-standard","has-post-thumbnail","hentry","category-activites-ministere-slider"],"_links":{"self":[{"href":"https:\/\/reconciliation.gouv.ci\/mrcn\/index.php?rest_route=\/wp\/v2\/posts\/8941","targetHints":{"allow":["GET"]}}],"collection":[{"href":"https:\/\/reconciliation.gouv.ci\/mrcn\/index.php?rest_route=\/wp\/v2\/posts"}],"about":[{"href":"https:\/\/reconciliation.gouv.ci\/mrcn\/index.php?rest_route=\/wp\/v2\/types\/post"}],"author":[{"embeddable":true,"href":"https:\/\/reconciliation.gouv.ci\/mrcn\/index.php?rest_route=\/wp\/v2\/users\/1"}],"replies":[{"embeddable":true,"href":"https:\/\/reconciliation.gouv.ci\/mrcn\/index.php?rest_route=%2Fwp%2Fv2%2Fcomments&post=8941"}],"version-history":[{"count":1,"href":"https:\/\/reconciliation.gouv.ci\/mrcn\/index.php?rest_route=\/wp\/v2\/posts\/8941\/revisions"}],"predecessor-version":[{"id":8946,"href":"https:\/\/reconciliation.gouv.ci\/mrcn\/index.php?rest_route=\/wp\/v2\/posts\/8941\/revisions\/8946"}],"wp:featuredmedia":[{"embeddable":true,"href":"https:\/\/reconciliation.gouv.ci\/mrcn\/index.php?rest_route=\/wp\/v2\/media\/8942"}],"wp:attachment":[{"href":"https:\/\/reconciliation.gouv.ci\/mrcn\/index.php?rest_route=%2Fwp%2Fv2%2Fmedia&parent=8941"}],"wp:term":[{"taxonomy":"category","embeddable":true,"href":"https:\/\/reconciliation.gouv.ci\/mrcn\/index.php?rest_route=%2Fwp%2Fv2%2Fcategories&post=8941"},{"taxonomy":"post_tag","embeddable":true,"href":"https:\/\/reconciliation.gouv.ci\/mrcn\/index.php?rest_route=%2Fwp%2Fv2%2Ftags&post=8941"}],"curies":[{"name":"wp","href":"https:\/\/api.w.org\/{rel}","templated":true}]}}