{"id":8820,"date":"2022-12-27T20:35:59","date_gmt":"2022-12-27T19:35:59","guid":{"rendered":"https:\/\/reconciliation.gouv.ci\/mrcn\/?p=8820"},"modified":"2022-12-27T20:36:01","modified_gmt":"2022-12-27T19:36:01","slug":"reconciliation-et-cohesion-nationale-les-laureats-du-concours-de-la-conception-du-logo-du-ministere-recompenses","status":"publish","type":"post","link":"https:\/\/reconciliation.gouv.ci\/mrcn\/?p=8820","title":{"rendered":"<strong>R\u00e9conciliation et Coh\u00e9sion Nationale : les laur\u00e9ats du concours de la conception du logo du Minist\u00e8re r\u00e9compens\u00e9s.<\/strong>"},"content":{"rendered":"<div class=\"pvc_clear\"><\/div><p class=\"pvc_stats total_only \" data-element-id=\"8820\" style=\"\"><i class=\"pvc-stats-icon medium\" aria-hidden=\"true\"><svg aria-hidden=\"true\" focusable=\"false\" data-prefix=\"far\" data-icon=\"chart-bar\" role=\"img\" xmlns=\"http:\/\/www.w3.org\/2000\/svg\" viewBox=\"0 0 512 512\" class=\"svg-inline--fa fa-chart-bar fa-w-16 fa-2x\"><path fill=\"currentColor\" d=\"M396.8 352h22.4c6.4 0 12.8-6.4 12.8-12.8V108.8c0-6.4-6.4-12.8-12.8-12.8h-22.4c-6.4 0-12.8 6.4-12.8 12.8v230.4c0 6.4 6.4 12.8 12.8 12.8zm-192 0h22.4c6.4 0 12.8-6.4 12.8-12.8V140.8c0-6.4-6.4-12.8-12.8-12.8h-22.4c-6.4 0-12.8 6.4-12.8 12.8v198.4c0 6.4 6.4 12.8 12.8 12.8zm96 0h22.4c6.4 0 12.8-6.4 12.8-12.8V204.8c0-6.4-6.4-12.8-12.8-12.8h-22.4c-6.4 0-12.8 6.4-12.8 12.8v134.4c0 6.4 6.4 12.8 12.8 12.8zM496 400H48V80c0-8.84-7.16-16-16-16H16C7.16 64 0 71.16 0 80v336c0 17.67 14.33 32 32 32h464c8.84 0 16-7.16 16-16v-16c0-8.84-7.16-16-16-16zm-387.2-48h22.4c6.4 0 12.8-6.4 12.8-12.8v-70.4c0-6.4-6.4-12.8-12.8-12.8h-22.4c-6.4 0-12.8 6.4-12.8 12.8v70.4c0 6.4 6.4 12.8 12.8 12.8z\" class=\"\"><\/path><\/svg><\/i> &nbsp;3,294&nbsp;vues<\/p><div class=\"pvc_clear\"><\/div>\n<figure class=\"wp-block-image size-large\"><img loading=\"lazy\" decoding=\"async\" width=\"1024\" height=\"560\" src=\"https:\/\/reconciliation.gouv.ci\/mrcn\/wp-content\/uploads\/2022\/12\/Laureats-Logo-du-Ministere-17-BIS-1024x560.jpg\" alt=\"\" class=\"wp-image-8841\" srcset=\"https:\/\/reconciliation.gouv.ci\/mrcn\/wp-content\/uploads\/2022\/12\/Laureats-Logo-du-Ministere-17-BIS-1024x560.jpg 1024w, https:\/\/reconciliation.gouv.ci\/mrcn\/wp-content\/uploads\/2022\/12\/Laureats-Logo-du-Ministere-17-BIS-300x164.jpg 300w, https:\/\/reconciliation.gouv.ci\/mrcn\/wp-content\/uploads\/2022\/12\/Laureats-Logo-du-Ministere-17-BIS-768x420.jpg 768w, https:\/\/reconciliation.gouv.ci\/mrcn\/wp-content\/uploads\/2022\/12\/Laureats-Logo-du-Ministere-17-BIS.jpg 1043w\" sizes=\"auto, (max-width: 1024px) 100vw, 1024px\" \/><\/figure>\n\n\n\n<p>La c\u00e9r\u00e9monie aff\u00e9rente a eu lieu mardi 27 d\u00e9cembre 2022 sous la pr\u00e9sidence de Monsieur KOUASSI Konan Vincent, Chef de cabinet dudit Minist\u00e8re en l&rsquo;absence du Ministre KOUADIO Bertin Konan.<\/p>\n\n\n\n<p>La salle de conf\u00e9rence du minist\u00e8re sise \u00e0 la Cit\u00e9 Administrative d&rsquo;Abidjan Plateau, Tour A.<\/p>\n\n\n\n<p>L&rsquo;occasion pour le repr\u00e9sentant du Ministre de saluer et de f\u00e9liciter les candidats \u00e0 ce concours concernant la cr\u00e9ation du logo, retra\u00e7ant la mission dudit Minist\u00e8re. Un concours ouvert aux \u00e9tudiants ou dipl\u00f4m\u00e9s de l&rsquo;INSAAC (Institut National Sup\u00e9rieur des Arts et de l&rsquo;Action Culturelle).<\/p>\n\n\n\n<p>Il a fait savoir que le Ministre entend \u00e0 travers ce concours p\u00e9renniser ce partenariat pour d&rsquo;autres actions en faveur de la Paix non sans inviter les autres minist\u00e8res \u00e0 lui emboiter le pas pour valoriser cet \u00e9tablissement d&rsquo;utilit\u00e9 publique.<\/p>\n\n\n\n<p>Au nom du Ministre, il a proc\u00e9d\u00e9 \u00e0 la c\u00e9r\u00e9monie de r\u00e9compense.<\/p>\n\n\n\n<p>Le grand vainqueur est Monsieur N&rsquo;GUESSAN Mamphayssou. Celui-ci gagne un ordinateur et une somme de 80.000 FCFA.<\/p>\n\n\n\n<p>Le deuxi\u00e8me, KOUASSI Kouam\u00e9 Eric obtient la somme de 80.000 FCFA et le troisi\u00e8me, Brou Yao R\u00e9gis 70.000 FCFA.<\/p>\n\n\n\n<p>Il est aussi important de souligner que de la 4<sup>e<\/sup> \u00e0 la 10<sup>e<\/sup> place, chacun a eu la somme de 50.000 FCFA.<\/p>\n\n\n\n<p>En retour, Madame Mathilde Moreau, Directrice des Beaux Arts et Cheffe de la d\u00e9l\u00e9gation a exprim\u00e9 sa gratitude au Ministre pour la confiance plac\u00e9e \u00e0 l&rsquo;\u00c9cole des Beaux Arts. Idem pour les diff\u00e9rents laur\u00e9ats qui se sentent ainsi valoris\u00e9s.<\/p>\n\n\n\n<p>Ce logo pr\u00e9sente un pays, terre d&rsquo;accueil, d&rsquo;hospitalit\u00e9 et de paix, dans toute sa diversit\u00e9 culturelle.<\/p>\n\n\n\n<div class=\"wp-block-columns is-layout-flex wp-container-core-columns-is-layout-9d6595d7 wp-block-columns-is-layout-flex\">\n<div class=\"wp-block-column is-layout-flow wp-block-column-is-layout-flow\">\n<figure class=\"wp-block-image size-large\"><img loading=\"lazy\" decoding=\"async\" width=\"1024\" height=\"683\" src=\"https:\/\/reconciliation.gouv.ci\/mrcn\/wp-content\/uploads\/2022\/12\/Laureats-Logo-du-Ministere-22-1024x683.jpg\" alt=\"\" class=\"wp-image-8823\" srcset=\"https:\/\/reconciliation.gouv.ci\/mrcn\/wp-content\/uploads\/2022\/12\/Laureats-Logo-du-Ministere-22-1024x683.jpg 1024w, https:\/\/reconciliation.gouv.ci\/mrcn\/wp-content\/uploads\/2022\/12\/Laureats-Logo-du-Ministere-22-300x200.jpg 300w, https:\/\/reconciliation.gouv.ci\/mrcn\/wp-content\/uploads\/2022\/12\/Laureats-Logo-du-Ministere-22-768x512.jpg 768w, https:\/\/reconciliation.gouv.ci\/mrcn\/wp-content\/uploads\/2022\/12\/Laureats-Logo-du-Ministere-22.jpg 1080w\" sizes=\"auto, (max-width: 1024px) 100vw, 1024px\" \/><\/figure>\n<\/div>\n\n\n\n<div class=\"wp-block-column is-layout-flow wp-block-column-is-layout-flow\">\n<figure class=\"wp-block-image size-large\"><img loading=\"lazy\" decoding=\"async\" width=\"1024\" height=\"683\" src=\"https:\/\/reconciliation.gouv.ci\/mrcn\/wp-content\/uploads\/2022\/12\/Laureats-Logo-du-Ministere-1-1024x683.jpg\" alt=\"\" class=\"wp-image-8825\" srcset=\"https:\/\/reconciliation.gouv.ci\/mrcn\/wp-content\/uploads\/2022\/12\/Laureats-Logo-du-Ministere-1-1024x683.jpg 1024w, https:\/\/reconciliation.gouv.ci\/mrcn\/wp-content\/uploads\/2022\/12\/Laureats-Logo-du-Ministere-1-300x200.jpg 300w, https:\/\/reconciliation.gouv.ci\/mrcn\/wp-content\/uploads\/2022\/12\/Laureats-Logo-du-Ministere-1-768x512.jpg 768w, https:\/\/reconciliation.gouv.ci\/mrcn\/wp-content\/uploads\/2022\/12\/Laureats-Logo-du-Ministere-1.jpg 1080w\" sizes=\"auto, (max-width: 1024px) 100vw, 1024px\" \/><\/figure>\n<\/div>\n\n\n\n<div class=\"wp-block-column is-layout-flow wp-block-column-is-layout-flow\">\n<figure class=\"wp-block-image size-large\"><img loading=\"lazy\" decoding=\"async\" width=\"1024\" height=\"683\" src=\"https:\/\/reconciliation.gouv.ci\/mrcn\/wp-content\/uploads\/2022\/12\/Laureats-Logo-du-Ministere-6-1024x683.jpg\" alt=\"\" class=\"wp-image-8829\" srcset=\"https:\/\/reconciliation.gouv.ci\/mrcn\/wp-content\/uploads\/2022\/12\/Laureats-Logo-du-Ministere-6-1024x683.jpg 1024w, https:\/\/reconciliation.gouv.ci\/mrcn\/wp-content\/uploads\/2022\/12\/Laureats-Logo-du-Ministere-6-300x200.jpg 300w, https:\/\/reconciliation.gouv.ci\/mrcn\/wp-content\/uploads\/2022\/12\/Laureats-Logo-du-Ministere-6-768x512.jpg 768w, https:\/\/reconciliation.gouv.ci\/mrcn\/wp-content\/uploads\/2022\/12\/Laureats-Logo-du-Ministere-6.jpg 1080w\" sizes=\"auto, (max-width: 1024px) 100vw, 1024px\" \/><\/figure>\n<\/div>\n<\/div>\n\n\n\n<div class=\"wp-block-columns is-layout-flex wp-container-core-columns-is-layout-9d6595d7 wp-block-columns-is-layout-flex\">\n<div class=\"wp-block-column is-layout-flow wp-block-column-is-layout-flow\">\n<figure class=\"wp-block-image size-large\"><img loading=\"lazy\" decoding=\"async\" width=\"1024\" height=\"683\" src=\"https:\/\/reconciliation.gouv.ci\/mrcn\/wp-content\/uploads\/2022\/12\/Laureats-Logo-du-Ministere-8-1024x683.jpg\" alt=\"\" class=\"wp-image-8830\" srcset=\"https:\/\/reconciliation.gouv.ci\/mrcn\/wp-content\/uploads\/2022\/12\/Laureats-Logo-du-Ministere-8-1024x683.jpg 1024w, https:\/\/reconciliation.gouv.ci\/mrcn\/wp-content\/uploads\/2022\/12\/Laureats-Logo-du-Ministere-8-300x200.jpg 300w, https:\/\/reconciliation.gouv.ci\/mrcn\/wp-content\/uploads\/2022\/12\/Laureats-Logo-du-Ministere-8-768x512.jpg 768w, https:\/\/reconciliation.gouv.ci\/mrcn\/wp-content\/uploads\/2022\/12\/Laureats-Logo-du-Ministere-8.jpg 1080w\" sizes=\"auto, (max-width: 1024px) 100vw, 1024px\" \/><\/figure>\n<\/div>\n\n\n\n<div class=\"wp-block-column is-layout-flow wp-block-column-is-layout-flow\">\n<figure class=\"wp-block-image size-large\"><img loading=\"lazy\" decoding=\"async\" width=\"1024\" height=\"683\" src=\"https:\/\/reconciliation.gouv.ci\/mrcn\/wp-content\/uploads\/2022\/12\/Laureats-Logo-du-Ministere-10-1024x683.jpg\" alt=\"\" class=\"wp-image-8832\" srcset=\"https:\/\/reconciliation.gouv.ci\/mrcn\/wp-content\/uploads\/2022\/12\/Laureats-Logo-du-Ministere-10-1024x683.jpg 1024w, https:\/\/reconciliation.gouv.ci\/mrcn\/wp-content\/uploads\/2022\/12\/Laureats-Logo-du-Ministere-10-300x200.jpg 300w, https:\/\/reconciliation.gouv.ci\/mrcn\/wp-content\/uploads\/2022\/12\/Laureats-Logo-du-Ministere-10-768x512.jpg 768w, https:\/\/reconciliation.gouv.ci\/mrcn\/wp-content\/uploads\/2022\/12\/Laureats-Logo-du-Ministere-10.jpg 1080w\" sizes=\"auto, (max-width: 1024px) 100vw, 1024px\" \/><\/figure>\n<\/div>\n\n\n\n<div class=\"wp-block-column is-layout-flow wp-block-column-is-layout-flow\">\n<figure class=\"wp-block-image size-large\"><img loading=\"lazy\" decoding=\"async\" width=\"1024\" height=\"683\" src=\"https:\/\/reconciliation.gouv.ci\/mrcn\/wp-content\/uploads\/2022\/12\/Laureats-Logo-du-Ministere-5-1024x683.jpg\" alt=\"\" class=\"wp-image-8828\" srcset=\"https:\/\/reconciliation.gouv.ci\/mrcn\/wp-content\/uploads\/2022\/12\/Laureats-Logo-du-Ministere-5-1024x683.jpg 1024w, https:\/\/reconciliation.gouv.ci\/mrcn\/wp-content\/uploads\/2022\/12\/Laureats-Logo-du-Ministere-5-300x200.jpg 300w, https:\/\/reconciliation.gouv.ci\/mrcn\/wp-content\/uploads\/2022\/12\/Laureats-Logo-du-Ministere-5-768x512.jpg 768w, https:\/\/reconciliation.gouv.ci\/mrcn\/wp-content\/uploads\/2022\/12\/Laureats-Logo-du-Ministere-5.jpg 1080w\" sizes=\"auto, (max-width: 1024px) 100vw, 1024px\" \/><\/figure>\n<\/div>\n<\/div>\n\n\n\n<div class=\"wp-block-columns is-layout-flex wp-container-core-columns-is-layout-9d6595d7 wp-block-columns-is-layout-flex\">\n<div class=\"wp-block-column is-layout-flow wp-block-column-is-layout-flow\">\n<figure class=\"wp-block-image size-large\"><img loading=\"lazy\" decoding=\"async\" width=\"1024\" height=\"683\" src=\"https:\/\/reconciliation.gouv.ci\/mrcn\/wp-content\/uploads\/2022\/12\/Laureats-Logo-du-Ministere-9-1024x683.jpg\" alt=\"\" class=\"wp-image-8831\" srcset=\"https:\/\/reconciliation.gouv.ci\/mrcn\/wp-content\/uploads\/2022\/12\/Laureats-Logo-du-Ministere-9-1024x683.jpg 1024w, https:\/\/reconciliation.gouv.ci\/mrcn\/wp-content\/uploads\/2022\/12\/Laureats-Logo-du-Ministere-9-300x200.jpg 300w, https:\/\/reconciliation.gouv.ci\/mrcn\/wp-content\/uploads\/2022\/12\/Laureats-Logo-du-Ministere-9-768x512.jpg 768w, https:\/\/reconciliation.gouv.ci\/mrcn\/wp-content\/uploads\/2022\/12\/Laureats-Logo-du-Ministere-9.jpg 1080w\" sizes=\"auto, (max-width: 1024px) 100vw, 1024px\" \/><\/figure>\n<\/div>\n\n\n\n<div class=\"wp-block-column is-layout-flow wp-block-column-is-layout-flow\">\n<figure class=\"wp-block-image size-large\"><img loading=\"lazy\" decoding=\"async\" width=\"1024\" height=\"683\" src=\"https:\/\/reconciliation.gouv.ci\/mrcn\/wp-content\/uploads\/2022\/12\/Laureats-Logo-du-Ministere-23-1024x683.jpg\" alt=\"\" class=\"wp-image-8824\" srcset=\"https:\/\/reconciliation.gouv.ci\/mrcn\/wp-content\/uploads\/2022\/12\/Laureats-Logo-du-Ministere-23-1024x683.jpg 1024w, https:\/\/reconciliation.gouv.ci\/mrcn\/wp-content\/uploads\/2022\/12\/Laureats-Logo-du-Ministere-23-300x200.jpg 300w, https:\/\/reconciliation.gouv.ci\/mrcn\/wp-content\/uploads\/2022\/12\/Laureats-Logo-du-Ministere-23-768x512.jpg 768w, https:\/\/reconciliation.gouv.ci\/mrcn\/wp-content\/uploads\/2022\/12\/Laureats-Logo-du-Ministere-23.jpg 1080w\" sizes=\"auto, (max-width: 1024px) 100vw, 1024px\" \/><\/figure>\n<\/div>\n\n\n\n<div class=\"wp-block-column is-layout-flow wp-block-column-is-layout-flow\">\n<figure class=\"wp-block-image size-large\"><img loading=\"lazy\" decoding=\"async\" width=\"1024\" height=\"683\" src=\"https:\/\/reconciliation.gouv.ci\/mrcn\/wp-content\/uploads\/2022\/12\/Laureats-Logo-du-Ministere-4-1024x683.jpg\" alt=\"\" class=\"wp-image-8827\" srcset=\"https:\/\/reconciliation.gouv.ci\/mrcn\/wp-content\/uploads\/2022\/12\/Laureats-Logo-du-Ministere-4-1024x683.jpg 1024w, https:\/\/reconciliation.gouv.ci\/mrcn\/wp-content\/uploads\/2022\/12\/Laureats-Logo-du-Ministere-4-300x200.jpg 300w, https:\/\/reconciliation.gouv.ci\/mrcn\/wp-content\/uploads\/2022\/12\/Laureats-Logo-du-Ministere-4-768x512.jpg 768w, https:\/\/reconciliation.gouv.ci\/mrcn\/wp-content\/uploads\/2022\/12\/Laureats-Logo-du-Ministere-4.jpg 1080w\" sizes=\"auto, (max-width: 1024px) 100vw, 1024px\" \/><\/figure>\n<\/div>\n<\/div>\n\n\n\n<div class=\"wp-block-columns is-layout-flex wp-container-core-columns-is-layout-9d6595d7 wp-block-columns-is-layout-flex\">\n<div class=\"wp-block-column is-layout-flow wp-block-column-is-layout-flow\">\n<figure class=\"wp-block-image size-large\"><img loading=\"lazy\" decoding=\"async\" width=\"1024\" height=\"683\" src=\"https:\/\/reconciliation.gouv.ci\/mrcn\/wp-content\/uploads\/2022\/12\/Laureats-Logo-du-Ministere-13-1024x683.jpg\" alt=\"\" class=\"wp-image-8834\" srcset=\"https:\/\/reconciliation.gouv.ci\/mrcn\/wp-content\/uploads\/2022\/12\/Laureats-Logo-du-Ministere-13-1024x683.jpg 1024w, https:\/\/reconciliation.gouv.ci\/mrcn\/wp-content\/uploads\/2022\/12\/Laureats-Logo-du-Ministere-13-300x200.jpg 300w, https:\/\/reconciliation.gouv.ci\/mrcn\/wp-content\/uploads\/2022\/12\/Laureats-Logo-du-Ministere-13-768x512.jpg 768w, https:\/\/reconciliation.gouv.ci\/mrcn\/wp-content\/uploads\/2022\/12\/Laureats-Logo-du-Ministere-13.jpg 1080w\" sizes=\"auto, (max-width: 1024px) 100vw, 1024px\" \/><\/figure>\n<\/div>\n\n\n\n<div class=\"wp-block-column is-layout-flow wp-block-column-is-layout-flow\">\n<figure class=\"wp-block-image size-large\"><img loading=\"lazy\" decoding=\"async\" width=\"1024\" height=\"683\" src=\"https:\/\/reconciliation.gouv.ci\/mrcn\/wp-content\/uploads\/2022\/12\/Laureats-Logo-du-Ministere-11-1024x683.jpg\" alt=\"\" class=\"wp-image-8833\" srcset=\"https:\/\/reconciliation.gouv.ci\/mrcn\/wp-content\/uploads\/2022\/12\/Laureats-Logo-du-Ministere-11-1024x683.jpg 1024w, https:\/\/reconciliation.gouv.ci\/mrcn\/wp-content\/uploads\/2022\/12\/Laureats-Logo-du-Ministere-11-300x200.jpg 300w, https:\/\/reconciliation.gouv.ci\/mrcn\/wp-content\/uploads\/2022\/12\/Laureats-Logo-du-Ministere-11-768x512.jpg 768w, https:\/\/reconciliation.gouv.ci\/mrcn\/wp-content\/uploads\/2022\/12\/Laureats-Logo-du-Ministere-11.jpg 1080w\" sizes=\"auto, (max-width: 1024px) 100vw, 1024px\" \/><\/figure>\n<\/div>\n\n\n\n<div class=\"wp-block-column is-layout-flow wp-block-column-is-layout-flow\">\n<figure class=\"wp-block-image size-large\"><img loading=\"lazy\" decoding=\"async\" width=\"1024\" height=\"683\" src=\"https:\/\/reconciliation.gouv.ci\/mrcn\/wp-content\/uploads\/2022\/12\/Laureats-Logo-du-Ministere-14-1024x683.jpg\" alt=\"\" class=\"wp-image-8835\" srcset=\"https:\/\/reconciliation.gouv.ci\/mrcn\/wp-content\/uploads\/2022\/12\/Laureats-Logo-du-Ministere-14-1024x683.jpg 1024w, https:\/\/reconciliation.gouv.ci\/mrcn\/wp-content\/uploads\/2022\/12\/Laureats-Logo-du-Ministere-14-300x200.jpg 300w, https:\/\/reconciliation.gouv.ci\/mrcn\/wp-content\/uploads\/2022\/12\/Laureats-Logo-du-Ministere-14-768x512.jpg 768w, https:\/\/reconciliation.gouv.ci\/mrcn\/wp-content\/uploads\/2022\/12\/Laureats-Logo-du-Ministere-14.jpg 1080w\" sizes=\"auto, (max-width: 1024px) 100vw, 1024px\" \/><\/figure>\n<\/div>\n<\/div>\n\n\n\n<div class=\"wp-block-columns is-layout-flex wp-container-core-columns-is-layout-9d6595d7 wp-block-columns-is-layout-flex\">\n<div class=\"wp-block-column is-layout-flow wp-block-column-is-layout-flow\">\n<figure class=\"wp-block-image size-large\"><img loading=\"lazy\" decoding=\"async\" width=\"1024\" height=\"683\" src=\"https:\/\/reconciliation.gouv.ci\/mrcn\/wp-content\/uploads\/2022\/12\/Laureats-Logo-du-Ministere-21-1024x683.jpg\" alt=\"\" class=\"wp-image-8822\" srcset=\"https:\/\/reconciliation.gouv.ci\/mrcn\/wp-content\/uploads\/2022\/12\/Laureats-Logo-du-Ministere-21-1024x683.jpg 1024w, https:\/\/reconciliation.gouv.ci\/mrcn\/wp-content\/uploads\/2022\/12\/Laureats-Logo-du-Ministere-21-300x200.jpg 300w, https:\/\/reconciliation.gouv.ci\/mrcn\/wp-content\/uploads\/2022\/12\/Laureats-Logo-du-Ministere-21-768x512.jpg 768w, https:\/\/reconciliation.gouv.ci\/mrcn\/wp-content\/uploads\/2022\/12\/Laureats-Logo-du-Ministere-21.jpg 1080w\" sizes=\"auto, (max-width: 1024px) 100vw, 1024px\" \/><\/figure>\n<\/div>\n\n\n\n<div class=\"wp-block-column is-layout-flow wp-block-column-is-layout-flow\">\n<figure class=\"wp-block-image size-large\"><img loading=\"lazy\" decoding=\"async\" width=\"1024\" height=\"683\" src=\"https:\/\/reconciliation.gouv.ci\/mrcn\/wp-content\/uploads\/2022\/12\/Laureats-Logo-du-Ministere-16-1024x683.jpg\" alt=\"\" class=\"wp-image-8837\" srcset=\"https:\/\/reconciliation.gouv.ci\/mrcn\/wp-content\/uploads\/2022\/12\/Laureats-Logo-du-Ministere-16-1024x683.jpg 1024w, https:\/\/reconciliation.gouv.ci\/mrcn\/wp-content\/uploads\/2022\/12\/Laureats-Logo-du-Ministere-16-300x200.jpg 300w, https:\/\/reconciliation.gouv.ci\/mrcn\/wp-content\/uploads\/2022\/12\/Laureats-Logo-du-Ministere-16-768x512.jpg 768w, https:\/\/reconciliation.gouv.ci\/mrcn\/wp-content\/uploads\/2022\/12\/Laureats-Logo-du-Ministere-16.jpg 1080w\" sizes=\"auto, (max-width: 1024px) 100vw, 1024px\" \/><\/figure>\n<\/div>\n\n\n\n<div class=\"wp-block-column is-layout-flow wp-block-column-is-layout-flow\">\n<figure class=\"wp-block-image size-large\"><img loading=\"lazy\" decoding=\"async\" width=\"1024\" height=\"683\" src=\"https:\/\/reconciliation.gouv.ci\/mrcn\/wp-content\/uploads\/2022\/12\/Laureats-Logo-du-Ministere-18-1024x683.jpg\" alt=\"\" class=\"wp-image-8839\" srcset=\"https:\/\/reconciliation.gouv.ci\/mrcn\/wp-content\/uploads\/2022\/12\/Laureats-Logo-du-Ministere-18-1024x683.jpg 1024w, https:\/\/reconciliation.gouv.ci\/mrcn\/wp-content\/uploads\/2022\/12\/Laureats-Logo-du-Ministere-18-300x200.jpg 300w, https:\/\/reconciliation.gouv.ci\/mrcn\/wp-content\/uploads\/2022\/12\/Laureats-Logo-du-Ministere-18-768x512.jpg 768w, https:\/\/reconciliation.gouv.ci\/mrcn\/wp-content\/uploads\/2022\/12\/Laureats-Logo-du-Ministere-18.jpg 1080w\" sizes=\"auto, (max-width: 1024px) 100vw, 1024px\" \/><\/figure>\n<\/div>\n<\/div>\n","protected":false},"excerpt":{"rendered":"<div class=\"pvc_clear\"><\/div>\n<p class=\"pvc_stats total_only \" data-element-id=\"8820\" style=\"\"><i class=\"pvc-stats-icon medium\" aria-hidden=\"true\"><svg aria-hidden=\"true\" focusable=\"false\" data-prefix=\"far\" data-icon=\"chart-bar\" role=\"img\" xmlns=\"http:\/\/www.w3.org\/2000\/svg\" viewBox=\"0 0 512 512\" class=\"svg-inline--fa fa-chart-bar fa-w-16 fa-2x\"><path fill=\"currentColor\" d=\"M396.8 352h22.4c6.4 0 12.8-6.4 12.8-12.8V108.8c0-6.4-6.4-12.8-12.8-12.8h-22.4c-6.4 0-12.8 6.4-12.8 12.8v230.4c0 6.4 6.4 12.8 12.8 12.8zm-192 0h22.4c6.4 0 12.8-6.4 12.8-12.8V140.8c0-6.4-6.4-12.8-12.8-12.8h-22.4c-6.4 0-12.8 6.4-12.8 12.8v198.4c0 6.4 6.4 12.8 12.8 12.8zm96 0h22.4c6.4 0 12.8-6.4 12.8-12.8V204.8c0-6.4-6.4-12.8-12.8-12.8h-22.4c-6.4 0-12.8 6.4-12.8 12.8v134.4c0 6.4 6.4 12.8 12.8 12.8zM496 400H48V80c0-8.84-7.16-16-16-16H16C7.16 64 0 71.16 0 80v336c0 17.67 14.33 32 32 32h464c8.84 0 16-7.16 16-16v-16c0-8.84-7.16-16-16-16zm-387.2-48h22.4c6.4 0 12.8-6.4 12.8-12.8v-70.4c0-6.4-6.4-12.8-12.8-12.8h-22.4c-6.4 0-12.8 6.4-12.8 12.8v70.4c0 6.4 6.4 12.8 12.8 12.8z\" class=\"\"><\/path><\/svg><\/i> &nbsp;3,294&nbsp;vues<\/p>\n<div class=\"pvc_clear\"><\/div>\n<p>&nbsp;3,294&nbsp;vues La c\u00e9r\u00e9monie aff\u00e9rente a eu lieu mardi 27 d\u00e9cembre 2022 sous la pr\u00e9sidence de Monsieur KOUASSI Konan Vincent, Chef de cabinet dudit Minist\u00e8re en l&rsquo;absence du Ministre KOUADIO Bertin Konan. La salle de conf\u00e9rence du minist\u00e8re sise \u00e0 la Cit\u00e9 Administrative d&rsquo;Abidjan Plateau, Tour A. L&rsquo;occasion<\/p>\n","protected":false},"author":1,"featured_media":8841,"comment_status":"closed","ping_status":"open","sticky":false,"template":"","format":"standard","meta":{"footnotes":""},"categories":[39],"tags":[],"class_list":["post-8820","post","type-post","status-publish","format-standard","has-post-thumbnail","hentry","category-activites-ministere-slider"],"_links":{"self":[{"href":"https:\/\/reconciliation.gouv.ci\/mrcn\/index.php?rest_route=\/wp\/v2\/posts\/8820","targetHints":{"allow":["GET"]}}],"collection":[{"href":"https:\/\/reconciliation.gouv.ci\/mrcn\/index.php?rest_route=\/wp\/v2\/posts"}],"about":[{"href":"https:\/\/reconciliation.gouv.ci\/mrcn\/index.php?rest_route=\/wp\/v2\/types\/post"}],"author":[{"embeddable":true,"href":"https:\/\/reconciliation.gouv.ci\/mrcn\/index.php?rest_route=\/wp\/v2\/users\/1"}],"replies":[{"embeddable":true,"href":"https:\/\/reconciliation.gouv.ci\/mrcn\/index.php?rest_route=%2Fwp%2Fv2%2Fcomments&post=8820"}],"version-history":[{"count":1,"href":"https:\/\/reconciliation.gouv.ci\/mrcn\/index.php?rest_route=\/wp\/v2\/posts\/8820\/revisions"}],"predecessor-version":[{"id":8842,"href":"https:\/\/reconciliation.gouv.ci\/mrcn\/index.php?rest_route=\/wp\/v2\/posts\/8820\/revisions\/8842"}],"wp:featuredmedia":[{"embeddable":true,"href":"https:\/\/reconciliation.gouv.ci\/mrcn\/index.php?rest_route=\/wp\/v2\/media\/8841"}],"wp:attachment":[{"href":"https:\/\/reconciliation.gouv.ci\/mrcn\/index.php?rest_route=%2Fwp%2Fv2%2Fmedia&parent=8820"}],"wp:term":[{"taxonomy":"category","embeddable":true,"href":"https:\/\/reconciliation.gouv.ci\/mrcn\/index.php?rest_route=%2Fwp%2Fv2%2Fcategories&post=8820"},{"taxonomy":"post_tag","embeddable":true,"href":"https:\/\/reconciliation.gouv.ci\/mrcn\/index.php?rest_route=%2Fwp%2Fv2%2Ftags&post=8820"}],"curies":[{"name":"wp","href":"https:\/\/api.w.org\/{rel}","templated":true}]}}