{"id":8544,"date":"2022-12-10T20:16:09","date_gmt":"2022-12-10T19:16:09","guid":{"rendered":"https:\/\/reconciliation.gouv.ci\/mrcn\/?p=8544"},"modified":"2022-12-10T20:16:10","modified_gmt":"2022-12-10T19:16:10","slug":"celebration-du-top-management-le-ministre-kouadio-konan-bertin-laureat-du-prix-special-de-la-cohesion-sociale-de-la-reconciliation-nationale-et-la-paix","status":"publish","type":"post","link":"https:\/\/reconciliation.gouv.ci\/mrcn\/?p=8544","title":{"rendered":"C\u00e9l\u00e9bration du Top management : Le Ministre KOUADIO Konan Bertin laur\u00e9at du Prix Sp\u00e9cial de la Coh\u00e9sion Sociale, de la R\u00e9conciliation Nationale et la Paix."},"content":{"rendered":"<div class=\"pvc_clear\"><\/div><p class=\"pvc_stats total_only \" data-element-id=\"8544\" style=\"\"><i class=\"pvc-stats-icon medium\" aria-hidden=\"true\"><svg aria-hidden=\"true\" focusable=\"false\" data-prefix=\"far\" data-icon=\"chart-bar\" role=\"img\" xmlns=\"http:\/\/www.w3.org\/2000\/svg\" viewBox=\"0 0 512 512\" class=\"svg-inline--fa fa-chart-bar fa-w-16 fa-2x\"><path fill=\"currentColor\" d=\"M396.8 352h22.4c6.4 0 12.8-6.4 12.8-12.8V108.8c0-6.4-6.4-12.8-12.8-12.8h-22.4c-6.4 0-12.8 6.4-12.8 12.8v230.4c0 6.4 6.4 12.8 12.8 12.8zm-192 0h22.4c6.4 0 12.8-6.4 12.8-12.8V140.8c0-6.4-6.4-12.8-12.8-12.8h-22.4c-6.4 0-12.8 6.4-12.8 12.8v198.4c0 6.4 6.4 12.8 12.8 12.8zm96 0h22.4c6.4 0 12.8-6.4 12.8-12.8V204.8c0-6.4-6.4-12.8-12.8-12.8h-22.4c-6.4 0-12.8 6.4-12.8 12.8v134.4c0 6.4 6.4 12.8 12.8 12.8zM496 400H48V80c0-8.84-7.16-16-16-16H16C7.16 64 0 71.16 0 80v336c0 17.67 14.33 32 32 32h464c8.84 0 16-7.16 16-16v-16c0-8.84-7.16-16-16-16zm-387.2-48h22.4c6.4 0 12.8-6.4 12.8-12.8v-70.4c0-6.4-6.4-12.8-12.8-12.8h-22.4c-6.4 0-12.8 6.4-12.8 12.8v70.4c0 6.4 6.4 12.8 12.8 12.8z\" class=\"\"><\/path><\/svg><\/i> &nbsp;1,161&nbsp;vues<\/p><div class=\"pvc_clear\"><\/div>\n<figure class=\"wp-block-image size-large\"><img loading=\"lazy\" decoding=\"async\" width=\"1024\" height=\"683\" src=\"https:\/\/reconciliation.gouv.ci\/mrcn\/wp-content\/uploads\/2022\/12\/Top-Management-11-1024x683.jpg\" alt=\"\" class=\"wp-image-8549\" srcset=\"https:\/\/reconciliation.gouv.ci\/mrcn\/wp-content\/uploads\/2022\/12\/Top-Management-11-1024x683.jpg 1024w, https:\/\/reconciliation.gouv.ci\/mrcn\/wp-content\/uploads\/2022\/12\/Top-Management-11-300x200.jpg 300w, https:\/\/reconciliation.gouv.ci\/mrcn\/wp-content\/uploads\/2022\/12\/Top-Management-11-768x512.jpg 768w, https:\/\/reconciliation.gouv.ci\/mrcn\/wp-content\/uploads\/2022\/12\/Top-Management-11.jpg 1080w\" sizes=\"auto, (max-width: 1024px) 100vw, 1024px\" \/><\/figure>\n\n\n\n<p>Ce rendez-vous de distinction d\u00e9nomm\u00e9 les Awards des Entreprises et des institutions socio-\u00e9conomiques<\/p>\n\n\n\n<p><strong>\u2018\u2019Africaines\u2019\u2019<\/strong> s&rsquo;est d\u00e9roul\u00e9 au Palais des Congr\u00e8s de Sofitel H\u00f4tel Ivoire dans la nuit du jeudi 8 au vendredi 9 d\u00e9cembre 2022.<\/p>\n\n\n\n<p>Selon le jury, les activit\u00e9s men\u00e9es par cette personnalit\u00e9 politique qui pilote la vision de paix du Pr\u00e9sident de la R\u00e9publique en faveur de la Paix, ont milit\u00e9 en sa faveur.<\/p>\n\n\n\n<p>Revenons donc sur le bilan exceptionnel de ce disciple de l&rsquo;Ap\u00f4tre de la Paix, feu F\u00e9lix Houphou\u00ebt-Boigny.<\/p>\n\n\n\n<p>15 d\u00e9cembre 2020 &#8211; 15 d\u00e9cembre 2022, cela fait deux (02) ans qu&rsquo;il pilote le D\u00e9partement Minist\u00e9riel charg\u00e9 de la R\u00e9conciliation et de la Coh\u00e9sion Nationale. En termes de bilan, une grande avanc\u00e9e notable quoique beaucoup reste encore \u00e0 faire selon ses dires lors de la 26<sup>e<\/sup> Journ\u00e9e Nationale de la Paix \u00e0 Du\u00e9kou\u00e9 le 15 novembre 2022.<\/p>\n\n\n\n<p>Pour lui la stabilit\u00e9 d\u2019un pays pr\u00e9c\u00e8de le d\u00e9veloppement. Nul n\u2019est sans ignorer que le tissu social en C\u00f4te d\u2019Ivoire a \u00e9t\u00e9 davantage fragilis\u00e9 par la crise \u00e9lectorale n\u00e9e \u00e0 l\u2019occasion des pr\u00e9sidentielles d\u2019octobre 2020.<\/p>\n\n\n\n<p>Les ivoiriens se regardant en chien de fa\u00efence, un danger pour la coh\u00e9sion nationale profilait \u00e0 l\u2019horizon. Une situation qui met donc en mal la notion de Nation qui doit rassembler les peuples dans leurs diversit\u00e9s. Pour y rem\u00e9dier, SEM Alassane Ouattara, nouvellement r\u00e9\u00e9lu \u00e0 la Pr\u00e9sidence de la R\u00e9publique, opte pour la cr\u00e9ation d\u2019un Minist\u00e8re en charge de la R\u00e9conciliation et de Coh\u00e9sion Nationale le 15 d\u00e9cembre 2020. Il a pour mission de faire une \u00e9valuation des actions du gouvernement, avec pour objectifs le renforcement de la coh\u00e9sion nationale et la r\u00e9conciliation des filles et des fils de la C\u00f4te d\u2019Ivoire.<\/p>\n\n\n\n<p>Une situation d\u00e9licate surtout que la crise post-\u00e9lectorale de 2010 est encore fraiche dans la m\u00e9moire des ivoiriens ainsi que les souvenirs douloureux des diff\u00e9rentes crises ant\u00e9rieures avec leur lot de victimes et d\u2019exil\u00e9s.<\/p>\n\n\n\n<p>Et comme \u00e0 c\u0153ur vaillant, rien n\u2019est impossible, le fils de Bocanda et de Lakota a fait de la vision du Chef de l\u2019Etat Alassane Ouattara pour la Paix un cr\u00e9do et je cite : \u00ab\u00a0La paix demeure notre acquis le plus pr\u00e9cieux et soutient les progr\u00e8s socio-\u00e9conomiques de notre pays. Elle est notre \u0153uvre commune et notre succ\u00e8s collectif. Sachons la pr\u00e9server \u00bb. Sans oublier \u00e9galement de se faire inspirer par les notions en faveur de la Paix que le P\u00e8re de la Nation feu F\u00e9lix Houphou\u00ebt-Boigny a laiss\u00e9 comme h\u00e9ritage : <strong>\u00ab\u00a0La Paix n\u2019est pas un vain mot, mais un Comportement\u00a0\u00bb<\/strong>.<\/p>\n\n\n\n<p>D\u00e8s lors, le missionnaire de la Paix a pris son b\u00e2ton de p\u00e8lerin pour faire le tour de la C\u00f4te d\u2019Ivoire en cr\u00e9ant naturellement les conditions pour rapprocher de nouveaux les ivoiriens. \u00ab&nbsp;Ce qui nous lie est plus fort que ce qui nous divise&nbsp;\u00bb ne cesse de clamer celui que l\u2019on appelle affectueusement KKB.<\/p>\n\n\n\n<p>Ainsi, sous sa houlette, des actions fortes ont \u00e9t\u00e9 pos\u00e9es par le gouvernement en faveur de la r\u00e9conciliation nationale et pour une stabilit\u00e9 dans un pays en pleine reconstruction.<\/p>\n\n\n\n<p>\u00ab\u00a0Un peuple en paix est un peuple qui peut connaitre le d\u00e9veloppement, le progr\u00e8s et la prosp\u00e9rit\u00e9\u00a0\u00bb ne cesse-t-il de rappeler \u00e0 chacune de ses rencontres communautaires en se r\u00e9jouissant du renouveau du pays sous l\u2019impulsion du Pr\u00e9sident de la R\u00e9publique, l\u2019architecte principal du retour de cette Paix. Si cette denr\u00e9e rare est une sorte de seconde religion, sa qu\u00eate en C\u00f4te d\u2019Ivoire est loin de se limiter \u00e0 de simples bonnes intentions.<\/p>\n\n\n\n<p>Sur le plan politique, la C\u00f4te d\u2019Ivoire a cr\u00e9\u00e9 un cadre de concertation pour que la confiance renaisse entre les acteurs politiques et les Ivoiriens. Ainsi, lors du 5e Dialogue politique ouvert le 16 d\u00e9cembre 2021, les repr\u00e9sentants du gouvernement, de 21 partis et groupements politiques et de 26 organisations de la soci\u00e9t\u00e9 civile, se sont engag\u00e9s fermement \u00e0 entreprendre conjointement la promotion et le renforcement de la coh\u00e9sion sociale.<\/p>\n\n\n\n<p>Le retour en C\u00f4te d\u2019Ivoire de l\u2019ex-Pr\u00e9sident Laurent Gbagbo et de Charles Bl\u00e9 Goud\u00e9, Pr\u00e9sident du COJEP et la rencontre entre les trois grandes figures de la politique ivoirienne, le 14 juillet 2022, au palais pr\u00e9sidentiel ont sans conteste contribu\u00e9 \u00e0 apaiser le climat politique et social.<\/p>\n\n\n\n<p>Sur le plan social, plus de 310 000 r\u00e9fugi\u00e9s ivoiriens, soit 96% de ceux enregistr\u00e9s en Afrique de l\u2019Ouest, sont rentr\u00e9s. Les autorit\u00e9s ont, notamment, facilit\u00e9 la r\u00e9int\u00e9gration dans l\u2019administration de ceux qui \u00e9taient des fonctionnaires et autoris\u00e9 le d\u00e9gel des avoirs de plusieurs personnalit\u00e9s. Voici d\u2019ailleurs son adresse pour ceux qui doutent encore de rentrer au pays : \u00ab&nbsp;La main du Pr\u00e9sident de la R\u00e9publique est toujours tendue. Saisissez-la&nbsp;\u00bb.<\/p>\n\n\n\n<p>Pour consolider la paix et la stabilit\u00e9, le pays s\u2019appuie \u00e9galement sur des modes alternatifs de r\u00e8glement des conflits en impliquant, notamment, les chefs coutumiers, les guides religieux et les organisations de la soci\u00e9t\u00e9 civile.<\/p>\n\n\n\n<p>Lors de leurs diff\u00e9rents d\u00e9placements \u00e0 l\u2019int\u00e9rieur du pays, les membres du gouvernement \u00e9changent r\u00e9guli\u00e8rement avec les chefs coutumiers, les guides religieux dont le r\u00f4le est d\u00e9terminant dans le renforcement de la coh\u00e9sion sociale.<\/p>\n\n\n\n<p>KKB l\u2019a d\u2019ailleurs affirm\u00e9 \u00e0 la faveur d\u2019une conf\u00e9rence sur le th\u00e8me, \u00ab R\u00e9conciliation et coh\u00e9sion nationale en C\u00f4te d\u2019Ivoire : des raisons d\u2019y croire \u00bb, organis\u00e9e dans le cadre de la conf\u00e9rence inaugurale de la Tribune politique de l\u2019Organisation de la presse diplomatique et politique de C\u00f4te d\u2019Ivoire (OPDP-CI).<\/p>\n\n\n\n<p>Ces deux derni\u00e8res ann\u00e9es, la c\u00e9l\u00e9bration des Journ\u00e9es Nationales ont \u00e9t\u00e9 marqu\u00e9es par l\u2019implication enti\u00e8re des familles des victimes pour tourner \u00e0 jamais la page de l\u2019histoire sombre v\u00e9cue lors des \u00e9v\u00e8nements malheureux. La derni\u00e8re en date a \u00e9t\u00e9 la c\u00e9l\u00e9bration de la 26<sup>e<\/sup> \u00e9dition desdites journ\u00e9es \u00e0 Du\u00e9kou\u00e9 en pr\u00e9sence du Premier Ministre J\u00e9r\u00f4me Patrick Achi.<\/p>\n\n\n\n<p>Elles ont \u00e9t\u00e9 sous le th\u00e8me : \u00ab&nbsp;Se souvenir et se pardonner pour construire l\u2019avenir&nbsp;\u00bb.<\/p>\n\n\n\n<p>Le peuple W\u00ea a dit haut et fort que cette approche du gouvernement a fini par d\u00e9sarmer les c\u0153urs. D\u2019o\u00f9 l\u2019adh\u00e9sion totale au processus de R\u00e9conciliation engag\u00e9 par le Gouvernement ivoirien.<\/p>\n\n\n\n<p>Pour les perspectives, plusieurs chantiers attendent le Ministre de la R\u00e9conciliation dont celui des prochaines \u00e9lections qui doivent se d\u00e9rouler dans un environnement de paix et les conflits fonciers \u00e0 n\u2019en point finir.<\/p>\n\n\n\n<p>Cette reconnaissance sonne comme un stimulant pour le Laur\u00e9at dudit prix pour plus d&rsquo;actions en faveur de la R\u00e9conciliation et de la Coh\u00e9sion Nationale.<\/p>\n\n\n\n<p><\/p>\n\n\n\n<div class=\"wp-block-columns is-layout-flex wp-container-core-columns-is-layout-9d6595d7 wp-block-columns-is-layout-flex\">\n<div class=\"wp-block-column is-layout-flow wp-block-column-is-layout-flow\">\n<figure class=\"wp-block-image size-large\"><img loading=\"lazy\" decoding=\"async\" width=\"1024\" height=\"683\" src=\"https:\/\/reconciliation.gouv.ci\/mrcn\/wp-content\/uploads\/2022\/12\/Top-Management-6-1024x683.jpg\" alt=\"\" class=\"wp-image-8546\" srcset=\"https:\/\/reconciliation.gouv.ci\/mrcn\/wp-content\/uploads\/2022\/12\/Top-Management-6-1024x683.jpg 1024w, https:\/\/reconciliation.gouv.ci\/mrcn\/wp-content\/uploads\/2022\/12\/Top-Management-6-300x200.jpg 300w, https:\/\/reconciliation.gouv.ci\/mrcn\/wp-content\/uploads\/2022\/12\/Top-Management-6-768x512.jpg 768w, https:\/\/reconciliation.gouv.ci\/mrcn\/wp-content\/uploads\/2022\/12\/Top-Management-6.jpg 1080w\" sizes=\"auto, (max-width: 1024px) 100vw, 1024px\" \/><\/figure>\n<\/div>\n\n\n\n<div class=\"wp-block-column is-layout-flow wp-block-column-is-layout-flow\">\n<figure class=\"wp-block-image size-large\"><img loading=\"lazy\" decoding=\"async\" width=\"1024\" height=\"683\" src=\"https:\/\/reconciliation.gouv.ci\/mrcn\/wp-content\/uploads\/2022\/12\/Top-Management-3-1024x683.jpg\" alt=\"\" class=\"wp-image-8563\" srcset=\"https:\/\/reconciliation.gouv.ci\/mrcn\/wp-content\/uploads\/2022\/12\/Top-Management-3-1024x683.jpg 1024w, https:\/\/reconciliation.gouv.ci\/mrcn\/wp-content\/uploads\/2022\/12\/Top-Management-3-300x200.jpg 300w, https:\/\/reconciliation.gouv.ci\/mrcn\/wp-content\/uploads\/2022\/12\/Top-Management-3-768x512.jpg 768w, https:\/\/reconciliation.gouv.ci\/mrcn\/wp-content\/uploads\/2022\/12\/Top-Management-3.jpg 1080w\" sizes=\"auto, (max-width: 1024px) 100vw, 1024px\" \/><\/figure>\n<\/div>\n\n\n\n<div class=\"wp-block-column is-layout-flow wp-block-column-is-layout-flow\">\n<figure class=\"wp-block-image size-large\"><img loading=\"lazy\" decoding=\"async\" width=\"1024\" height=\"683\" src=\"https:\/\/reconciliation.gouv.ci\/mrcn\/wp-content\/uploads\/2022\/12\/Top-Management-2-1024x683.jpg\" alt=\"\" class=\"wp-image-8562\" srcset=\"https:\/\/reconciliation.gouv.ci\/mrcn\/wp-content\/uploads\/2022\/12\/Top-Management-2-1024x683.jpg 1024w, https:\/\/reconciliation.gouv.ci\/mrcn\/wp-content\/uploads\/2022\/12\/Top-Management-2-300x200.jpg 300w, https:\/\/reconciliation.gouv.ci\/mrcn\/wp-content\/uploads\/2022\/12\/Top-Management-2-768x512.jpg 768w, https:\/\/reconciliation.gouv.ci\/mrcn\/wp-content\/uploads\/2022\/12\/Top-Management-2.jpg 1080w\" sizes=\"auto, (max-width: 1024px) 100vw, 1024px\" \/><\/figure>\n<\/div>\n<\/div>\n\n\n\n<div class=\"wp-block-columns is-layout-flex wp-container-core-columns-is-layout-9d6595d7 wp-block-columns-is-layout-flex\">\n<div class=\"wp-block-column is-layout-flow wp-block-column-is-layout-flow\">\n<figure class=\"wp-block-image size-large\"><img loading=\"lazy\" decoding=\"async\" width=\"1024\" height=\"683\" src=\"https:\/\/reconciliation.gouv.ci\/mrcn\/wp-content\/uploads\/2022\/12\/Top-Management-12-1024x683.jpg\" alt=\"\" class=\"wp-image-8550\" srcset=\"https:\/\/reconciliation.gouv.ci\/mrcn\/wp-content\/uploads\/2022\/12\/Top-Management-12-1024x683.jpg 1024w, https:\/\/reconciliation.gouv.ci\/mrcn\/wp-content\/uploads\/2022\/12\/Top-Management-12-300x200.jpg 300w, https:\/\/reconciliation.gouv.ci\/mrcn\/wp-content\/uploads\/2022\/12\/Top-Management-12-768x512.jpg 768w, https:\/\/reconciliation.gouv.ci\/mrcn\/wp-content\/uploads\/2022\/12\/Top-Management-12.jpg 1080w\" sizes=\"auto, (max-width: 1024px) 100vw, 1024px\" \/><\/figure>\n<\/div>\n\n\n\n<div class=\"wp-block-column is-layout-flow wp-block-column-is-layout-flow\">\n<figure class=\"wp-block-image size-large\"><img loading=\"lazy\" decoding=\"async\" width=\"1024\" height=\"682\" src=\"https:\/\/reconciliation.gouv.ci\/mrcn\/wp-content\/uploads\/2022\/12\/Top-Management-16-1024x682.jpg\" alt=\"\" class=\"wp-image-8553\" srcset=\"https:\/\/reconciliation.gouv.ci\/mrcn\/wp-content\/uploads\/2022\/12\/Top-Management-16-1024x682.jpg 1024w, https:\/\/reconciliation.gouv.ci\/mrcn\/wp-content\/uploads\/2022\/12\/Top-Management-16-300x200.jpg 300w, https:\/\/reconciliation.gouv.ci\/mrcn\/wp-content\/uploads\/2022\/12\/Top-Management-16-768x512.jpg 768w, https:\/\/reconciliation.gouv.ci\/mrcn\/wp-content\/uploads\/2022\/12\/Top-Management-16.jpg 1280w\" sizes=\"auto, (max-width: 1024px) 100vw, 1024px\" \/><\/figure>\n<\/div>\n\n\n\n<div class=\"wp-block-column is-layout-flow wp-block-column-is-layout-flow\">\n<figure class=\"wp-block-image size-large\"><img loading=\"lazy\" decoding=\"async\" width=\"1024\" height=\"682\" src=\"https:\/\/reconciliation.gouv.ci\/mrcn\/wp-content\/uploads\/2022\/12\/Top-Management-13-1024x682.jpg\" alt=\"\" class=\"wp-image-8551\" srcset=\"https:\/\/reconciliation.gouv.ci\/mrcn\/wp-content\/uploads\/2022\/12\/Top-Management-13-1024x682.jpg 1024w, https:\/\/reconciliation.gouv.ci\/mrcn\/wp-content\/uploads\/2022\/12\/Top-Management-13-300x200.jpg 300w, https:\/\/reconciliation.gouv.ci\/mrcn\/wp-content\/uploads\/2022\/12\/Top-Management-13-768x512.jpg 768w, https:\/\/reconciliation.gouv.ci\/mrcn\/wp-content\/uploads\/2022\/12\/Top-Management-13.jpg 1280w\" sizes=\"auto, (max-width: 1024px) 100vw, 1024px\" \/><\/figure>\n<\/div>\n<\/div>\n\n\n\n<div class=\"wp-block-columns is-layout-flex wp-container-core-columns-is-layout-9d6595d7 wp-block-columns-is-layout-flex\">\n<div class=\"wp-block-column is-layout-flow wp-block-column-is-layout-flow\">\n<figure class=\"wp-block-image size-large\"><img loading=\"lazy\" decoding=\"async\" width=\"682\" height=\"1024\" src=\"https:\/\/reconciliation.gouv.ci\/mrcn\/wp-content\/uploads\/2022\/12\/Top-Management-1-682x1024.jpg\" alt=\"\" class=\"wp-image-8561\" srcset=\"https:\/\/reconciliation.gouv.ci\/mrcn\/wp-content\/uploads\/2022\/12\/Top-Management-1-682x1024.jpg 682w, https:\/\/reconciliation.gouv.ci\/mrcn\/wp-content\/uploads\/2022\/12\/Top-Management-1-200x300.jpg 200w, https:\/\/reconciliation.gouv.ci\/mrcn\/wp-content\/uploads\/2022\/12\/Top-Management-1-768x1152.jpg 768w, https:\/\/reconciliation.gouv.ci\/mrcn\/wp-content\/uploads\/2022\/12\/Top-Management-1.jpg 853w\" sizes=\"auto, (max-width: 682px) 100vw, 682px\" \/><\/figure>\n<\/div>\n\n\n\n<div class=\"wp-block-column is-layout-flow wp-block-column-is-layout-flow\">\n<figure class=\"wp-block-image size-large\"><img loading=\"lazy\" decoding=\"async\" width=\"1024\" height=\"683\" src=\"https:\/\/reconciliation.gouv.ci\/mrcn\/wp-content\/uploads\/2022\/12\/Top-Management-22-1024x683.jpg\" alt=\"\" class=\"wp-image-8559\" srcset=\"https:\/\/reconciliation.gouv.ci\/mrcn\/wp-content\/uploads\/2022\/12\/Top-Management-22-1024x683.jpg 1024w, https:\/\/reconciliation.gouv.ci\/mrcn\/wp-content\/uploads\/2022\/12\/Top-Management-22-300x200.jpg 300w, https:\/\/reconciliation.gouv.ci\/mrcn\/wp-content\/uploads\/2022\/12\/Top-Management-22-768x512.jpg 768w, https:\/\/reconciliation.gouv.ci\/mrcn\/wp-content\/uploads\/2022\/12\/Top-Management-22.jpg 1080w\" sizes=\"auto, (max-width: 1024px) 100vw, 1024px\" \/><\/figure>\n\n\n\n<figure class=\"wp-block-image size-large\"><img loading=\"lazy\" decoding=\"async\" width=\"1024\" height=\"682\" src=\"https:\/\/reconciliation.gouv.ci\/mrcn\/wp-content\/uploads\/2022\/12\/Top-Management-21-1024x682.jpg\" alt=\"\" class=\"wp-image-8558\" srcset=\"https:\/\/reconciliation.gouv.ci\/mrcn\/wp-content\/uploads\/2022\/12\/Top-Management-21-1024x682.jpg 1024w, https:\/\/reconciliation.gouv.ci\/mrcn\/wp-content\/uploads\/2022\/12\/Top-Management-21-300x200.jpg 300w, https:\/\/reconciliation.gouv.ci\/mrcn\/wp-content\/uploads\/2022\/12\/Top-Management-21-768x512.jpg 768w, https:\/\/reconciliation.gouv.ci\/mrcn\/wp-content\/uploads\/2022\/12\/Top-Management-21.jpg 1280w\" sizes=\"auto, (max-width: 1024px) 100vw, 1024px\" \/><\/figure>\n<\/div>\n\n\n\n<div class=\"wp-block-column is-layout-flow wp-block-column-is-layout-flow\">\n<figure class=\"wp-block-image size-large\"><img loading=\"lazy\" decoding=\"async\" width=\"1024\" height=\"683\" src=\"https:\/\/reconciliation.gouv.ci\/mrcn\/wp-content\/uploads\/2022\/12\/Top-Management-23-1024x683.jpg\" alt=\"\" class=\"wp-image-8560\" srcset=\"https:\/\/reconciliation.gouv.ci\/mrcn\/wp-content\/uploads\/2022\/12\/Top-Management-23-1024x683.jpg 1024w, https:\/\/reconciliation.gouv.ci\/mrcn\/wp-content\/uploads\/2022\/12\/Top-Management-23-300x200.jpg 300w, https:\/\/reconciliation.gouv.ci\/mrcn\/wp-content\/uploads\/2022\/12\/Top-Management-23-768x512.jpg 768w, https:\/\/reconciliation.gouv.ci\/mrcn\/wp-content\/uploads\/2022\/12\/Top-Management-23.jpg 1080w\" sizes=\"auto, (max-width: 1024px) 100vw, 1024px\" \/><\/figure>\n\n\n\n<figure class=\"wp-block-image size-large\"><img loading=\"lazy\" decoding=\"async\" width=\"1024\" height=\"683\" src=\"https:\/\/reconciliation.gouv.ci\/mrcn\/wp-content\/uploads\/2022\/12\/Top-Management-5-1024x683.jpg\" alt=\"\" class=\"wp-image-8545\" srcset=\"https:\/\/reconciliation.gouv.ci\/mrcn\/wp-content\/uploads\/2022\/12\/Top-Management-5-1024x683.jpg 1024w, https:\/\/reconciliation.gouv.ci\/mrcn\/wp-content\/uploads\/2022\/12\/Top-Management-5-300x200.jpg 300w, https:\/\/reconciliation.gouv.ci\/mrcn\/wp-content\/uploads\/2022\/12\/Top-Management-5-768x512.jpg 768w, https:\/\/reconciliation.gouv.ci\/mrcn\/wp-content\/uploads\/2022\/12\/Top-Management-5.jpg 1080w\" sizes=\"auto, (max-width: 1024px) 100vw, 1024px\" \/><\/figure>\n<\/div>\n<\/div>\n\n\n\n<div class=\"wp-block-columns is-layout-flex wp-container-core-columns-is-layout-9d6595d7 wp-block-columns-is-layout-flex\">\n<div class=\"wp-block-column is-layout-flow wp-block-column-is-layout-flow\">\n<figure class=\"wp-block-image size-large\"><img loading=\"lazy\" decoding=\"async\" width=\"1024\" height=\"682\" src=\"https:\/\/reconciliation.gouv.ci\/mrcn\/wp-content\/uploads\/2022\/12\/Top-Management-15-1024x682.jpg\" alt=\"\" class=\"wp-image-8552\" srcset=\"https:\/\/reconciliation.gouv.ci\/mrcn\/wp-content\/uploads\/2022\/12\/Top-Management-15-1024x682.jpg 1024w, https:\/\/reconciliation.gouv.ci\/mrcn\/wp-content\/uploads\/2022\/12\/Top-Management-15-300x200.jpg 300w, https:\/\/reconciliation.gouv.ci\/mrcn\/wp-content\/uploads\/2022\/12\/Top-Management-15-768x512.jpg 768w, https:\/\/reconciliation.gouv.ci\/mrcn\/wp-content\/uploads\/2022\/12\/Top-Management-15.jpg 1280w\" sizes=\"auto, (max-width: 1024px) 100vw, 1024px\" \/><\/figure>\n<\/div>\n\n\n\n<div class=\"wp-block-column is-layout-flow wp-block-column-is-layout-flow\">\n<figure class=\"wp-block-image size-large\"><img loading=\"lazy\" decoding=\"async\" width=\"1024\" height=\"682\" src=\"https:\/\/reconciliation.gouv.ci\/mrcn\/wp-content\/uploads\/2022\/12\/Top-Management-17-1024x682.jpg\" alt=\"\" class=\"wp-image-8554\" srcset=\"https:\/\/reconciliation.gouv.ci\/mrcn\/wp-content\/uploads\/2022\/12\/Top-Management-17-1024x682.jpg 1024w, https:\/\/reconciliation.gouv.ci\/mrcn\/wp-content\/uploads\/2022\/12\/Top-Management-17-300x200.jpg 300w, https:\/\/reconciliation.gouv.ci\/mrcn\/wp-content\/uploads\/2022\/12\/Top-Management-17-768x512.jpg 768w, https:\/\/reconciliation.gouv.ci\/mrcn\/wp-content\/uploads\/2022\/12\/Top-Management-17.jpg 1280w\" sizes=\"auto, (max-width: 1024px) 100vw, 1024px\" \/><\/figure>\n<\/div>\n\n\n\n<div class=\"wp-block-column is-layout-flow wp-block-column-is-layout-flow\">\n<figure class=\"wp-block-image size-large\"><img loading=\"lazy\" decoding=\"async\" width=\"1024\" height=\"682\" src=\"https:\/\/reconciliation.gouv.ci\/mrcn\/wp-content\/uploads\/2022\/12\/Top-Management-20-1024x682.jpg\" alt=\"\" class=\"wp-image-8557\" srcset=\"https:\/\/reconciliation.gouv.ci\/mrcn\/wp-content\/uploads\/2022\/12\/Top-Management-20-1024x682.jpg 1024w, https:\/\/reconciliation.gouv.ci\/mrcn\/wp-content\/uploads\/2022\/12\/Top-Management-20-300x200.jpg 300w, https:\/\/reconciliation.gouv.ci\/mrcn\/wp-content\/uploads\/2022\/12\/Top-Management-20-768x512.jpg 768w, https:\/\/reconciliation.gouv.ci\/mrcn\/wp-content\/uploads\/2022\/12\/Top-Management-20.jpg 1280w\" sizes=\"auto, (max-width: 1024px) 100vw, 1024px\" \/><\/figure>\n<\/div>\n<\/div>\n\n\n\n<div class=\"wp-block-columns is-layout-flex wp-container-core-columns-is-layout-9d6595d7 wp-block-columns-is-layout-flex\">\n<div class=\"wp-block-column is-layout-flow wp-block-column-is-layout-flow\">\n<figure class=\"wp-block-image size-large\"><img loading=\"lazy\" decoding=\"async\" width=\"1024\" height=\"682\" src=\"https:\/\/reconciliation.gouv.ci\/mrcn\/wp-content\/uploads\/2022\/12\/Top-Management-19-1024x682.jpg\" alt=\"\" class=\"wp-image-8556\" srcset=\"https:\/\/reconciliation.gouv.ci\/mrcn\/wp-content\/uploads\/2022\/12\/Top-Management-19-1024x682.jpg 1024w, https:\/\/reconciliation.gouv.ci\/mrcn\/wp-content\/uploads\/2022\/12\/Top-Management-19-300x200.jpg 300w, https:\/\/reconciliation.gouv.ci\/mrcn\/wp-content\/uploads\/2022\/12\/Top-Management-19-768x512.jpg 768w, https:\/\/reconciliation.gouv.ci\/mrcn\/wp-content\/uploads\/2022\/12\/Top-Management-19.jpg 1280w\" sizes=\"auto, (max-width: 1024px) 100vw, 1024px\" \/><\/figure>\n<\/div>\n\n\n\n<div class=\"wp-block-column is-layout-flow wp-block-column-is-layout-flow\">\n<figure class=\"wp-block-image size-large\"><img loading=\"lazy\" decoding=\"async\" width=\"1024\" height=\"682\" src=\"https:\/\/reconciliation.gouv.ci\/mrcn\/wp-content\/uploads\/2022\/12\/Top-Management-18-1024x682.jpg\" alt=\"\" class=\"wp-image-8555\" srcset=\"https:\/\/reconciliation.gouv.ci\/mrcn\/wp-content\/uploads\/2022\/12\/Top-Management-18-1024x682.jpg 1024w, https:\/\/reconciliation.gouv.ci\/mrcn\/wp-content\/uploads\/2022\/12\/Top-Management-18-300x200.jpg 300w, https:\/\/reconciliation.gouv.ci\/mrcn\/wp-content\/uploads\/2022\/12\/Top-Management-18-768x512.jpg 768w, https:\/\/reconciliation.gouv.ci\/mrcn\/wp-content\/uploads\/2022\/12\/Top-Management-18.jpg 1280w\" sizes=\"auto, (max-width: 1024px) 100vw, 1024px\" \/><\/figure>\n<\/div>\n<\/div>\n","protected":false},"excerpt":{"rendered":"<div class=\"pvc_clear\"><\/div>\n<p class=\"pvc_stats total_only \" data-element-id=\"8544\" style=\"\"><i class=\"pvc-stats-icon medium\" aria-hidden=\"true\"><svg aria-hidden=\"true\" focusable=\"false\" data-prefix=\"far\" data-icon=\"chart-bar\" role=\"img\" xmlns=\"http:\/\/www.w3.org\/2000\/svg\" viewBox=\"0 0 512 512\" class=\"svg-inline--fa fa-chart-bar fa-w-16 fa-2x\"><path fill=\"currentColor\" d=\"M396.8 352h22.4c6.4 0 12.8-6.4 12.8-12.8V108.8c0-6.4-6.4-12.8-12.8-12.8h-22.4c-6.4 0-12.8 6.4-12.8 12.8v230.4c0 6.4 6.4 12.8 12.8 12.8zm-192 0h22.4c6.4 0 12.8-6.4 12.8-12.8V140.8c0-6.4-6.4-12.8-12.8-12.8h-22.4c-6.4 0-12.8 6.4-12.8 12.8v198.4c0 6.4 6.4 12.8 12.8 12.8zm96 0h22.4c6.4 0 12.8-6.4 12.8-12.8V204.8c0-6.4-6.4-12.8-12.8-12.8h-22.4c-6.4 0-12.8 6.4-12.8 12.8v134.4c0 6.4 6.4 12.8 12.8 12.8zM496 400H48V80c0-8.84-7.16-16-16-16H16C7.16 64 0 71.16 0 80v336c0 17.67 14.33 32 32 32h464c8.84 0 16-7.16 16-16v-16c0-8.84-7.16-16-16-16zm-387.2-48h22.4c6.4 0 12.8-6.4 12.8-12.8v-70.4c0-6.4-6.4-12.8-12.8-12.8h-22.4c-6.4 0-12.8 6.4-12.8 12.8v70.4c0 6.4 6.4 12.8 12.8 12.8z\" class=\"\"><\/path><\/svg><\/i> &nbsp;1,161&nbsp;vues<\/p>\n<div class=\"pvc_clear\"><\/div>\n<p>&nbsp;1,161&nbsp;vues Ce rendez-vous de distinction d\u00e9nomm\u00e9 les Awards des Entreprises et des institutions socio-\u00e9conomiques \u2018\u2019Africaines\u2019\u2019 s&rsquo;est d\u00e9roul\u00e9 au Palais des Congr\u00e8s de Sofitel H\u00f4tel Ivoire dans la nuit du jeudi 8 au vendredi 9 d\u00e9cembre 2022. Selon le jury, les activit\u00e9s men\u00e9es par cette personnalit\u00e9 politique qui<\/p>\n","protected":false},"author":1,"featured_media":8549,"comment_status":"closed","ping_status":"open","sticky":false,"template":"","format":"standard","meta":{"footnotes":""},"categories":[39],"tags":[],"class_list":["post-8544","post","type-post","status-publish","format-standard","has-post-thumbnail","hentry","category-activites-ministere-slider"],"_links":{"self":[{"href":"https:\/\/reconciliation.gouv.ci\/mrcn\/index.php?rest_route=\/wp\/v2\/posts\/8544","targetHints":{"allow":["GET"]}}],"collection":[{"href":"https:\/\/reconciliation.gouv.ci\/mrcn\/index.php?rest_route=\/wp\/v2\/posts"}],"about":[{"href":"https:\/\/reconciliation.gouv.ci\/mrcn\/index.php?rest_route=\/wp\/v2\/types\/post"}],"author":[{"embeddable":true,"href":"https:\/\/reconciliation.gouv.ci\/mrcn\/index.php?rest_route=\/wp\/v2\/users\/1"}],"replies":[{"embeddable":true,"href":"https:\/\/reconciliation.gouv.ci\/mrcn\/index.php?rest_route=%2Fwp%2Fv2%2Fcomments&post=8544"}],"version-history":[{"count":1,"href":"https:\/\/reconciliation.gouv.ci\/mrcn\/index.php?rest_route=\/wp\/v2\/posts\/8544\/revisions"}],"predecessor-version":[{"id":8564,"href":"https:\/\/reconciliation.gouv.ci\/mrcn\/index.php?rest_route=\/wp\/v2\/posts\/8544\/revisions\/8564"}],"wp:featuredmedia":[{"embeddable":true,"href":"https:\/\/reconciliation.gouv.ci\/mrcn\/index.php?rest_route=\/wp\/v2\/media\/8549"}],"wp:attachment":[{"href":"https:\/\/reconciliation.gouv.ci\/mrcn\/index.php?rest_route=%2Fwp%2Fv2%2Fmedia&parent=8544"}],"wp:term":[{"taxonomy":"category","embeddable":true,"href":"https:\/\/reconciliation.gouv.ci\/mrcn\/index.php?rest_route=%2Fwp%2Fv2%2Fcategories&post=8544"},{"taxonomy":"post_tag","embeddable":true,"href":"https:\/\/reconciliation.gouv.ci\/mrcn\/index.php?rest_route=%2Fwp%2Fv2%2Ftags&post=8544"}],"curies":[{"name":"wp","href":"https:\/\/api.w.org\/{rel}","templated":true}]}}