{"id":8534,"date":"2022-12-10T19:31:47","date_gmt":"2022-12-10T18:31:47","guid":{"rendered":"https:\/\/reconciliation.gouv.ci\/mrcn\/?p=8534"},"modified":"2022-12-10T19:31:48","modified_gmt":"2022-12-10T18:31:48","slug":"%f0%9d%97%a3%f0%9d%97%ae%f0%9d%97%b6%f0%9d%98%85-%f0%9d%97%b2%f0%9d%98%81-%f0%9d%97%a5e%f0%9d%97%b0%f0%9d%97%bc%f0%9d%97%bb%f0%9d%97%b0%f0%9d%97%b6%f0%9d%97%b9%f0%9d%97%b6%f0%9d%97%ae%f0%9d%98%81","status":"publish","type":"post","link":"https:\/\/reconciliation.gouv.ci\/mrcn\/?p=8534","title":{"rendered":"\ud835\udde3\ud835\uddee\ud835\uddf6\ud835\ude05 \ud835\uddf2\ud835\ude01 \ud835\udde5\u00e9\ud835\uddf0\ud835\uddfc\ud835\uddfb\ud835\uddf0\ud835\uddf6\ud835\uddf9\ud835\uddf6\ud835\uddee\ud835\ude01\ud835\uddf6\ud835\uddfc\ud835\uddfb : \ud835\uddf9\ud835\uddf2 \ud835\uddd6\ud835\uddfc\ud835\uddf9\ud835\uddf9\ud835\uddf2\ud835\uddf0\ud835\ude01\ud835\uddf6\ud835\uddf3 \ud835\uddf1\ud835\ude02 \ud835\uddef\ud835\ude02\ud835\uddff\ud835\uddf2\ud835\uddee\ud835\ude02 \ud835\uddf1\ud835\uddf2\ud835\ude00 \ud835\uddd6\ud835\uddf5\ud835\uddf2\ud835\uddf3\ud835\ude00 \ud835\uddd4\ud835\ude01\ud835\uddf0\ud835\uddf5\ud835\uddee\ud835\uddfb \ud835\uddf0\ud835\uddf5\ud835\uddf2\ud835\ude07 \ud835\uddf9\ud835\uddf2 \ud835\udde0\ud835\uddf6\ud835\uddfb\ud835\uddf6\ud835\ude00\ud835\ude01\ud835\uddff\ud835\uddf2 \ud835\uddde\ud835\uddfc\ud835\ude02\ud835\uddee\ud835\uddf1\ud835\uddf6\ud835\uddfc \ud835\uddde\ud835\uddfc\ud835\uddfb\ud835\uddee\ud835\uddfb \ud835\uddd5\ud835\uddf2\ud835\uddff\ud835\ude01\ud835\uddf6\ud835\uddfb. \u00ab \ud835\udde9\ud835\uddfc\ud835\ude02\ud835\ude00 \u00ea\ud835\ude01\ud835\uddf2\ud835\ude00 \ud835\ude02\ud835\uddfb \ud835\uddfd\ud835\uddf2\ud835\ude02\ud835\uddfd\ud835\uddf9\ud835\uddf2 \ud835\uddf1\ud835\uddf6\ud835\uddf4\ud835\uddfb\ud835\uddf2, \ud835\ude03\ud835\uddfc\ud835\ude02\ud835\ude00 \u00ea\ud835\ude01\ud835\uddf2\ud835\ude00 \ud835\uddfc\ud835\uddef\ud835\uddf9\ud835\uddf6\ud835\uddf4\u00e9\ud835\ude00 \ud835\uddf1\ud835\uddf2 \ud835\uddf3\ud835\uddee\ud835\uddf6\ud835\uddff\ud835\uddf2 \ud835\uddf9\ud835\uddee \ud835\udde3\ud835\uddd4\ud835\udddc\ud835\uddeb \u00bb."},"content":{"rendered":"<div class=\"pvc_clear\"><\/div><p class=\"pvc_stats total_only \" data-element-id=\"8534\" style=\"\"><i class=\"pvc-stats-icon medium\" aria-hidden=\"true\"><svg aria-hidden=\"true\" focusable=\"false\" data-prefix=\"far\" data-icon=\"chart-bar\" role=\"img\" xmlns=\"http:\/\/www.w3.org\/2000\/svg\" viewBox=\"0 0 512 512\" class=\"svg-inline--fa fa-chart-bar fa-w-16 fa-2x\"><path fill=\"currentColor\" d=\"M396.8 352h22.4c6.4 0 12.8-6.4 12.8-12.8V108.8c0-6.4-6.4-12.8-12.8-12.8h-22.4c-6.4 0-12.8 6.4-12.8 12.8v230.4c0 6.4 6.4 12.8 12.8 12.8zm-192 0h22.4c6.4 0 12.8-6.4 12.8-12.8V140.8c0-6.4-6.4-12.8-12.8-12.8h-22.4c-6.4 0-12.8 6.4-12.8 12.8v198.4c0 6.4 6.4 12.8 12.8 12.8zm96 0h22.4c6.4 0 12.8-6.4 12.8-12.8V204.8c0-6.4-6.4-12.8-12.8-12.8h-22.4c-6.4 0-12.8 6.4-12.8 12.8v134.4c0 6.4 6.4 12.8 12.8 12.8zM496 400H48V80c0-8.84-7.16-16-16-16H16C7.16 64 0 71.16 0 80v336c0 17.67 14.33 32 32 32h464c8.84 0 16-7.16 16-16v-16c0-8.84-7.16-16-16-16zm-387.2-48h22.4c6.4 0 12.8-6.4 12.8-12.8v-70.4c0-6.4-6.4-12.8-12.8-12.8h-22.4c-6.4 0-12.8 6.4-12.8 12.8v70.4c0 6.4 6.4 12.8 12.8 12.8z\" class=\"\"><\/path><\/svg><\/i> &nbsp;910&nbsp;vues<\/p><div class=\"pvc_clear\"><\/div>\n<p><\/p>\n\n\n\n<figure class=\"wp-block-image size-full\"><img loading=\"lazy\" decoding=\"async\" width=\"960\" height=\"640\" src=\"https:\/\/reconciliation.gouv.ci\/mrcn\/wp-content\/uploads\/2022\/12\/Chefs-Atchan-chez-KKB-1.jpg\" alt=\"\" class=\"wp-image-8536\" srcset=\"https:\/\/reconciliation.gouv.ci\/mrcn\/wp-content\/uploads\/2022\/12\/Chefs-Atchan-chez-KKB-1.jpg 960w, https:\/\/reconciliation.gouv.ci\/mrcn\/wp-content\/uploads\/2022\/12\/Chefs-Atchan-chez-KKB-1-300x200.jpg 300w, https:\/\/reconciliation.gouv.ci\/mrcn\/wp-content\/uploads\/2022\/12\/Chefs-Atchan-chez-KKB-1-768x512.jpg 768w\" sizes=\"auto, (max-width: 960px) 100vw, 960px\" \/><\/figure>\n\n\n\n<p>Le collectif des chefs Atchan conduit par son premier responsable Nanan Djorobo Nangui a \u00e9t\u00e9 re\u00e7u en audience par le Ministre charg\u00e9 de la R\u00e9conciliation et de la Coh\u00e9sion Nationale \u00e0 son cabinet lundi 7 d\u00e9cembre 2022.<\/p>\n\n\n\n<p>Bien avant cette rencontre avec le collectif des chefs Atchan, Monsieur KOUADIO Konan Bertin a \u00e9chang\u00e9 avec le Ministre des Sports DANHO Paulin, cadre dudit groupe ethnique. Au centre des d\u00e9bats, la R\u00e9conciliation qui s\u2019impose pour une Coh\u00e9sion sociale en leur sein eu \u00e9gard aux incessantes crises de succession au tr\u00f4ne de la Chefferie \u00e0 n\u2019en point finir.<\/p>\n\n\n\n<p>L\u2019occasion a donc \u00e9t\u00e9 donn\u00e9e au chef de la d\u00e9l\u00e9gation h\u00f4te de pr\u00e9senter la situation qui pr\u00e9vaut au Ministre. L\u2019on ne retient que ce peuple autochtone d&rsquo;Abidjan n\u2019est pas encore au bout de sa peine.<\/p>\n\n\n\n<p>En effet, dans l\u2019un de leur village, il s\u2019av\u00e8re que le Chef qui a eu la l\u00e9gitimit\u00e9 administrative est contest\u00e9 par une partie de la population le consid\u00e9rant comme ill\u00e9gitime devant les r\u00e8gles coutumi\u00e8res. Un autre Chef est d\u00e9c\u00e9d\u00e9 et une d\u00e9cision Pr\u00e9fectorale emp\u00eache l\u2019organisation de ses obs\u00e8ques car le Corps est toujours bloqu\u00e9 \u00e0 la morgue : Leur pr\u00e9sence aupr\u00e8s du Ministre est donc la concertation motiv\u00e9e \u00e0 aller \u00e0 la paix sous son arbitrage<\/p>\n\n\n\n<p>En retour, le Ministre les a remerci\u00e9s pour cette marque de consid\u00e9ration \u00e0 sa personne et leur a rappel\u00e9 la vision de Paix du Pr\u00e9sident de la R\u00e9publique SEM Alassane Ouattara pour la C\u00f4te d\u2019Ivoire qu\u2019il a l\u2019insigne honneur de conduire. A cet effet, il associe \u00e0 cette d\u00e9marche son coll\u00e8gue des Sports pour une paix durable, gage de tout d\u00e9veloppement harmonieux.<\/p>\n\n\n\n<p>Une autre rencontre au sommet est donc pr\u00e9vue lundi 12 d\u00e9cembre avec toutes les parties prenantes pour une concertation pouvant faciliter le retour de la paix et de coh\u00e9sion au sein de ce peuple sudiste.<\/p>\n\n\n\n<div class=\"wp-block-columns is-layout-flex wp-container-core-columns-is-layout-9d6595d7 wp-block-columns-is-layout-flex\">\n<div class=\"wp-block-column is-layout-flow wp-block-column-is-layout-flow\">\n<figure class=\"wp-block-image size-full\"><img loading=\"lazy\" decoding=\"async\" width=\"960\" height=\"640\" src=\"https:\/\/reconciliation.gouv.ci\/mrcn\/wp-content\/uploads\/2022\/12\/Chefs-Atchan-chez-KKB-5.jpg\" alt=\"\" class=\"wp-image-8540\" srcset=\"https:\/\/reconciliation.gouv.ci\/mrcn\/wp-content\/uploads\/2022\/12\/Chefs-Atchan-chez-KKB-5.jpg 960w, https:\/\/reconciliation.gouv.ci\/mrcn\/wp-content\/uploads\/2022\/12\/Chefs-Atchan-chez-KKB-5-300x200.jpg 300w, https:\/\/reconciliation.gouv.ci\/mrcn\/wp-content\/uploads\/2022\/12\/Chefs-Atchan-chez-KKB-5-768x512.jpg 768w\" sizes=\"auto, (max-width: 960px) 100vw, 960px\" \/><\/figure>\n<\/div>\n\n\n\n<div class=\"wp-block-column is-layout-flow wp-block-column-is-layout-flow\">\n<figure class=\"wp-block-image size-large\"><img loading=\"lazy\" decoding=\"async\" width=\"1024\" height=\"683\" src=\"https:\/\/reconciliation.gouv.ci\/mrcn\/wp-content\/uploads\/2022\/12\/Chefs-Atchan-chez-KKB-7-1024x683.jpg\" alt=\"\" class=\"wp-image-8542\" srcset=\"https:\/\/reconciliation.gouv.ci\/mrcn\/wp-content\/uploads\/2022\/12\/Chefs-Atchan-chez-KKB-7-1024x683.jpg 1024w, https:\/\/reconciliation.gouv.ci\/mrcn\/wp-content\/uploads\/2022\/12\/Chefs-Atchan-chez-KKB-7-300x200.jpg 300w, https:\/\/reconciliation.gouv.ci\/mrcn\/wp-content\/uploads\/2022\/12\/Chefs-Atchan-chez-KKB-7-768x512.jpg 768w, https:\/\/reconciliation.gouv.ci\/mrcn\/wp-content\/uploads\/2022\/12\/Chefs-Atchan-chez-KKB-7.jpg 1080w\" sizes=\"auto, (max-width: 1024px) 100vw, 1024px\" \/><\/figure>\n<\/div>\n\n\n\n<div class=\"wp-block-column is-layout-flow wp-block-column-is-layout-flow\">\n<figure class=\"wp-block-image size-full\"><img loading=\"lazy\" decoding=\"async\" width=\"960\" height=\"640\" src=\"https:\/\/reconciliation.gouv.ci\/mrcn\/wp-content\/uploads\/2022\/12\/Chefs-Atchan-chez-KKB-6.jpg\" alt=\"\" class=\"wp-image-8541\" srcset=\"https:\/\/reconciliation.gouv.ci\/mrcn\/wp-content\/uploads\/2022\/12\/Chefs-Atchan-chez-KKB-6.jpg 960w, https:\/\/reconciliation.gouv.ci\/mrcn\/wp-content\/uploads\/2022\/12\/Chefs-Atchan-chez-KKB-6-300x200.jpg 300w, https:\/\/reconciliation.gouv.ci\/mrcn\/wp-content\/uploads\/2022\/12\/Chefs-Atchan-chez-KKB-6-768x512.jpg 768w\" sizes=\"auto, (max-width: 960px) 100vw, 960px\" \/><\/figure>\n<\/div>\n<\/div>\n\n\n\n<div class=\"wp-block-columns is-layout-flex wp-container-core-columns-is-layout-9d6595d7 wp-block-columns-is-layout-flex\">\n<div class=\"wp-block-column is-layout-flow wp-block-column-is-layout-flow\">\n<figure class=\"wp-block-image size-full\"><img loading=\"lazy\" decoding=\"async\" width=\"640\" height=\"960\" src=\"https:\/\/reconciliation.gouv.ci\/mrcn\/wp-content\/uploads\/2022\/12\/Chefs-Atchan-chez-KKB-4.jpg\" alt=\"\" class=\"wp-image-8539\" srcset=\"https:\/\/reconciliation.gouv.ci\/mrcn\/wp-content\/uploads\/2022\/12\/Chefs-Atchan-chez-KKB-4.jpg 640w, https:\/\/reconciliation.gouv.ci\/mrcn\/wp-content\/uploads\/2022\/12\/Chefs-Atchan-chez-KKB-4-200x300.jpg 200w\" sizes=\"auto, (max-width: 640px) 100vw, 640px\" \/><\/figure>\n<\/div>\n\n\n\n<div class=\"wp-block-column is-layout-flow wp-block-column-is-layout-flow\">\n<figure class=\"wp-block-image size-full\"><img loading=\"lazy\" decoding=\"async\" width=\"960\" height=\"640\" src=\"https:\/\/reconciliation.gouv.ci\/mrcn\/wp-content\/uploads\/2022\/12\/Chefs-Atchan-chez-KKB-3.jpg\" alt=\"\" class=\"wp-image-8538\" srcset=\"https:\/\/reconciliation.gouv.ci\/mrcn\/wp-content\/uploads\/2022\/12\/Chefs-Atchan-chez-KKB-3.jpg 960w, https:\/\/reconciliation.gouv.ci\/mrcn\/wp-content\/uploads\/2022\/12\/Chefs-Atchan-chez-KKB-3-300x200.jpg 300w, https:\/\/reconciliation.gouv.ci\/mrcn\/wp-content\/uploads\/2022\/12\/Chefs-Atchan-chez-KKB-3-768x512.jpg 768w\" sizes=\"auto, (max-width: 960px) 100vw, 960px\" \/><\/figure>\n\n\n\n<figure class=\"wp-block-image size-large\"><img loading=\"lazy\" decoding=\"async\" width=\"1024\" height=\"683\" src=\"https:\/\/reconciliation.gouv.ci\/mrcn\/wp-content\/uploads\/2022\/12\/Chefs-Atchan-chez-KKB-8-1024x683.jpg\" alt=\"\" class=\"wp-image-8535\" srcset=\"https:\/\/reconciliation.gouv.ci\/mrcn\/wp-content\/uploads\/2022\/12\/Chefs-Atchan-chez-KKB-8-1024x683.jpg 1024w, https:\/\/reconciliation.gouv.ci\/mrcn\/wp-content\/uploads\/2022\/12\/Chefs-Atchan-chez-KKB-8-300x200.jpg 300w, https:\/\/reconciliation.gouv.ci\/mrcn\/wp-content\/uploads\/2022\/12\/Chefs-Atchan-chez-KKB-8-768x512.jpg 768w, https:\/\/reconciliation.gouv.ci\/mrcn\/wp-content\/uploads\/2022\/12\/Chefs-Atchan-chez-KKB-8.jpg 1080w\" sizes=\"auto, (max-width: 1024px) 100vw, 1024px\" \/><\/figure>\n<\/div>\n\n\n\n<div class=\"wp-block-column is-layout-flow wp-block-column-is-layout-flow\">\n<figure class=\"wp-block-image size-full\"><img loading=\"lazy\" decoding=\"async\" width=\"960\" height=\"640\" src=\"https:\/\/reconciliation.gouv.ci\/mrcn\/wp-content\/uploads\/2022\/12\/Chefs-Atchan-chez-KKB-2.jpg\" alt=\"\" class=\"wp-image-8537\" srcset=\"https:\/\/reconciliation.gouv.ci\/mrcn\/wp-content\/uploads\/2022\/12\/Chefs-Atchan-chez-KKB-2.jpg 960w, https:\/\/reconciliation.gouv.ci\/mrcn\/wp-content\/uploads\/2022\/12\/Chefs-Atchan-chez-KKB-2-300x200.jpg 300w, https:\/\/reconciliation.gouv.ci\/mrcn\/wp-content\/uploads\/2022\/12\/Chefs-Atchan-chez-KKB-2-768x512.jpg 768w\" sizes=\"auto, (max-width: 960px) 100vw, 960px\" \/><\/figure>\n\n\n\n<figure class=\"wp-block-image size-full\"><img loading=\"lazy\" decoding=\"async\" width=\"960\" height=\"640\" src=\"https:\/\/reconciliation.gouv.ci\/mrcn\/wp-content\/uploads\/2022\/12\/Chefs-Atchan-chez-KKB-1.jpg\" alt=\"\" class=\"wp-image-8536\" srcset=\"https:\/\/reconciliation.gouv.ci\/mrcn\/wp-content\/uploads\/2022\/12\/Chefs-Atchan-chez-KKB-1.jpg 960w, https:\/\/reconciliation.gouv.ci\/mrcn\/wp-content\/uploads\/2022\/12\/Chefs-Atchan-chez-KKB-1-300x200.jpg 300w, https:\/\/reconciliation.gouv.ci\/mrcn\/wp-content\/uploads\/2022\/12\/Chefs-Atchan-chez-KKB-1-768x512.jpg 768w\" sizes=\"auto, (max-width: 960px) 100vw, 960px\" \/><\/figure>\n<\/div>\n<\/div>\n","protected":false},"excerpt":{"rendered":"<div class=\"pvc_clear\"><\/div>\n<p class=\"pvc_stats total_only \" data-element-id=\"8534\" style=\"\"><i class=\"pvc-stats-icon medium\" aria-hidden=\"true\"><svg aria-hidden=\"true\" focusable=\"false\" data-prefix=\"far\" data-icon=\"chart-bar\" role=\"img\" xmlns=\"http:\/\/www.w3.org\/2000\/svg\" viewBox=\"0 0 512 512\" class=\"svg-inline--fa fa-chart-bar fa-w-16 fa-2x\"><path fill=\"currentColor\" d=\"M396.8 352h22.4c6.4 0 12.8-6.4 12.8-12.8V108.8c0-6.4-6.4-12.8-12.8-12.8h-22.4c-6.4 0-12.8 6.4-12.8 12.8v230.4c0 6.4 6.4 12.8 12.8 12.8zm-192 0h22.4c6.4 0 12.8-6.4 12.8-12.8V140.8c0-6.4-6.4-12.8-12.8-12.8h-22.4c-6.4 0-12.8 6.4-12.8 12.8v198.4c0 6.4 6.4 12.8 12.8 12.8zm96 0h22.4c6.4 0 12.8-6.4 12.8-12.8V204.8c0-6.4-6.4-12.8-12.8-12.8h-22.4c-6.4 0-12.8 6.4-12.8 12.8v134.4c0 6.4 6.4 12.8 12.8 12.8zM496 400H48V80c0-8.84-7.16-16-16-16H16C7.16 64 0 71.16 0 80v336c0 17.67 14.33 32 32 32h464c8.84 0 16-7.16 16-16v-16c0-8.84-7.16-16-16-16zm-387.2-48h22.4c6.4 0 12.8-6.4 12.8-12.8v-70.4c0-6.4-6.4-12.8-12.8-12.8h-22.4c-6.4 0-12.8 6.4-12.8 12.8v70.4c0 6.4 6.4 12.8 12.8 12.8z\" class=\"\"><\/path><\/svg><\/i> &nbsp;910&nbsp;vues<\/p>\n<div class=\"pvc_clear\"><\/div>\n<p>&nbsp;910&nbsp;vues Le collectif des chefs Atchan conduit par son premier responsable Nanan Djorobo Nangui a \u00e9t\u00e9 re\u00e7u en audience par le Ministre charg\u00e9 de la R\u00e9conciliation et de la Coh\u00e9sion Nationale \u00e0 son cabinet lundi 7 d\u00e9cembre 2022. Bien avant cette rencontre avec le collectif des chefs<\/p>\n","protected":false},"author":1,"featured_media":8536,"comment_status":"closed","ping_status":"open","sticky":false,"template":"","format":"standard","meta":{"footnotes":""},"categories":[39],"tags":[],"class_list":["post-8534","post","type-post","status-publish","format-standard","has-post-thumbnail","hentry","category-activites-ministere-slider"],"_links":{"self":[{"href":"https:\/\/reconciliation.gouv.ci\/mrcn\/index.php?rest_route=\/wp\/v2\/posts\/8534","targetHints":{"allow":["GET"]}}],"collection":[{"href":"https:\/\/reconciliation.gouv.ci\/mrcn\/index.php?rest_route=\/wp\/v2\/posts"}],"about":[{"href":"https:\/\/reconciliation.gouv.ci\/mrcn\/index.php?rest_route=\/wp\/v2\/types\/post"}],"author":[{"embeddable":true,"href":"https:\/\/reconciliation.gouv.ci\/mrcn\/index.php?rest_route=\/wp\/v2\/users\/1"}],"replies":[{"embeddable":true,"href":"https:\/\/reconciliation.gouv.ci\/mrcn\/index.php?rest_route=%2Fwp%2Fv2%2Fcomments&post=8534"}],"version-history":[{"count":1,"href":"https:\/\/reconciliation.gouv.ci\/mrcn\/index.php?rest_route=\/wp\/v2\/posts\/8534\/revisions"}],"predecessor-version":[{"id":8543,"href":"https:\/\/reconciliation.gouv.ci\/mrcn\/index.php?rest_route=\/wp\/v2\/posts\/8534\/revisions\/8543"}],"wp:featuredmedia":[{"embeddable":true,"href":"https:\/\/reconciliation.gouv.ci\/mrcn\/index.php?rest_route=\/wp\/v2\/media\/8536"}],"wp:attachment":[{"href":"https:\/\/reconciliation.gouv.ci\/mrcn\/index.php?rest_route=%2Fwp%2Fv2%2Fmedia&parent=8534"}],"wp:term":[{"taxonomy":"category","embeddable":true,"href":"https:\/\/reconciliation.gouv.ci\/mrcn\/index.php?rest_route=%2Fwp%2Fv2%2Fcategories&post=8534"},{"taxonomy":"post_tag","embeddable":true,"href":"https:\/\/reconciliation.gouv.ci\/mrcn\/index.php?rest_route=%2Fwp%2Fv2%2Ftags&post=8534"}],"curies":[{"name":"wp","href":"https:\/\/api.w.org\/{rel}","templated":true}]}}