{"id":7877,"date":"2022-10-19T16:53:50","date_gmt":"2022-10-19T14:53:50","guid":{"rendered":"https:\/\/reconciliation.gouv.ci\/mrcn\/?p=7877"},"modified":"2022-10-19T16:53:52","modified_gmt":"2022-10-19T14:53:52","slug":"reconciliation-et-consolidation-de-la-paix-dialogue-avec-les-acteurs-sociopolitiques-du-departement-de-ouelle","status":"publish","type":"post","link":"https:\/\/reconciliation.gouv.ci\/mrcn\/?p=7877","title":{"rendered":"R\u00e9conciliation et consolidation de la Paix\u00a0: Dialogue avec les acteurs sociopolitiques du d\u00e9partement de Ouell\u00e9."},"content":{"rendered":"<div class=\"pvc_clear\"><\/div><p class=\"pvc_stats total_only \" data-element-id=\"7877\" style=\"\"><i class=\"pvc-stats-icon medium\" aria-hidden=\"true\"><svg aria-hidden=\"true\" focusable=\"false\" data-prefix=\"far\" data-icon=\"chart-bar\" role=\"img\" xmlns=\"http:\/\/www.w3.org\/2000\/svg\" viewBox=\"0 0 512 512\" class=\"svg-inline--fa fa-chart-bar fa-w-16 fa-2x\"><path fill=\"currentColor\" d=\"M396.8 352h22.4c6.4 0 12.8-6.4 12.8-12.8V108.8c0-6.4-6.4-12.8-12.8-12.8h-22.4c-6.4 0-12.8 6.4-12.8 12.8v230.4c0 6.4 6.4 12.8 12.8 12.8zm-192 0h22.4c6.4 0 12.8-6.4 12.8-12.8V140.8c0-6.4-6.4-12.8-12.8-12.8h-22.4c-6.4 0-12.8 6.4-12.8 12.8v198.4c0 6.4 6.4 12.8 12.8 12.8zm96 0h22.4c6.4 0 12.8-6.4 12.8-12.8V204.8c0-6.4-6.4-12.8-12.8-12.8h-22.4c-6.4 0-12.8 6.4-12.8 12.8v134.4c0 6.4 6.4 12.8 12.8 12.8zM496 400H48V80c0-8.84-7.16-16-16-16H16C7.16 64 0 71.16 0 80v336c0 17.67 14.33 32 32 32h464c8.84 0 16-7.16 16-16v-16c0-8.84-7.16-16-16-16zm-387.2-48h22.4c6.4 0 12.8-6.4 12.8-12.8v-70.4c0-6.4-6.4-12.8-12.8-12.8h-22.4c-6.4 0-12.8 6.4-12.8 12.8v70.4c0 6.4 6.4 12.8 12.8 12.8z\" class=\"\"><\/path><\/svg><\/i> &nbsp;1,361&nbsp;vues<\/p><div class=\"pvc_clear\"><\/div>\n<figure class=\"wp-block-image size-large\"><img loading=\"lazy\" decoding=\"async\" width=\"1024\" height=\"516\" src=\"https:\/\/reconciliation.gouv.ci\/mrcn\/wp-content\/uploads\/2022\/10\/Dialogue-avec-les-acteurs-sociopolitiques-Ouelle-1024x516.jpg\" alt=\"\" class=\"wp-image-7911\" srcset=\"https:\/\/reconciliation.gouv.ci\/mrcn\/wp-content\/uploads\/2022\/10\/Dialogue-avec-les-acteurs-sociopolitiques-Ouelle-1024x516.jpg 1024w, https:\/\/reconciliation.gouv.ci\/mrcn\/wp-content\/uploads\/2022\/10\/Dialogue-avec-les-acteurs-sociopolitiques-Ouelle-300x151.jpg 300w, https:\/\/reconciliation.gouv.ci\/mrcn\/wp-content\/uploads\/2022\/10\/Dialogue-avec-les-acteurs-sociopolitiques-Ouelle-768x387.jpg 768w, https:\/\/reconciliation.gouv.ci\/mrcn\/wp-content\/uploads\/2022\/10\/Dialogue-avec-les-acteurs-sociopolitiques-Ouelle.jpg 1076w\" sizes=\"auto, (max-width: 1024px) 100vw, 1024px\" \/><\/figure>\n\n\n\n<p><strong>Dans le cadre du processus de r\u00e9conciliation et de consolidation de la paix en C\u00f4te d&rsquo;Ivoire, une \u00e9quipe du Minist\u00e8re de la R\u00e9conciliation et de la Coh\u00e9sion Nationale conduite par Madame la Directrice G\u00e9n\u00e9rale de la R\u00e9conciliation, Madame Simone AYERI, a effectu\u00e9 une mission d&rsquo;\u00e9coutes et de dialogues dans le d\u00e9partement de Ouell\u00e9 du Mardi 11 au Mercredi 12 octobre 2022.<\/strong><\/p>\n\n\n\n<p>Cette mission avait pour objectifs d&rsquo;\u00e9couter les acteurs sociopolitiques pour recueillir leurs ressentis et leurs attentes, sensibiliser les populations \u00e0 recourir en premier lieu aux m\u00e9canismes traditionnels de r\u00e8glement pacifique des conflits, encourager les populations \u00e0 privil\u00e9gier le dialogue comme instrument de r\u00e8glement des diff\u00e9rends et conflits, impliquer toutes les couches sociales et politiques dans les actions en faveur de la r\u00e9conciliation et de la coh\u00e9sion nationale, promouvoir les vertus du pardon et du vivre-ensemble intercommunautaire dans la r\u00e9gion du IFFOU.<\/p>\n\n\n\n<p>Le d\u00e9partement de Ouell\u00e9, il faut le rappeler, a \u00e9t\u00e9 lourdement impact\u00e9e par la crise \u00e9lectorale qu\u2019a connue la C\u00f4te d\u2019Ivoire en 2020.<\/p>\n\n\n\n<p>En effet, elle a \u00e9t\u00e9 le th\u00e9\u00e2tre de vives tensions entre diff\u00e9rentes factions politiques qui militaient pour ou contre les mots d\u2019ordre de d\u00e9sob\u00e9issance civile et de boycott actif de l\u2019\u00e9lection pr\u00e9sidentielle d\u2019octobre 2020. Ces tensions ont entrain\u00e9 des pertes de vies humaines dues \u00e0 l\u2019incapacit\u00e9 d\u2019\u00e9vacuer les malades et les femmes en couche, des pertes de r\u00e9coltes, d\u2019importants d\u00e9g\u00e2ts mat\u00e9riels et des violences physiques de toutes sortes.<\/p>\n\n\n\n<p>En outre, le ressentiment des populations et l\u2019esprit de vengeance persistent encore fortement \u00e0 Ouell\u00e9, occasionnant parfois des \u00e9chauffour\u00e9es.<\/p>\n\n\n\n<p>L\u2019organisation d\u2019un dialogue entre les acteurs socio-politiques de Ouell\u00e9 a donc \u00e9t\u00e9 une v\u00e9ritable occasion pour les populations, affect\u00e9es par cette crise, d\u2019ext\u00e9rioriser leurs ranc\u0153urs, d\u2019exprimer leurs ressentis et de faire des propositions et recommandations pour une r\u00e9conciliation r\u00e9ussie et une paix durable.<\/p>\n\n\n\n<div class=\"wp-block-columns is-layout-flex wp-container-core-columns-is-layout-9d6595d7 wp-block-columns-is-layout-flex\">\n<div class=\"wp-block-column is-layout-flow wp-block-column-is-layout-flow\">\n<figure class=\"wp-block-image size-large\"><img loading=\"lazy\" decoding=\"async\" width=\"1024\" height=\"683\" src=\"https:\/\/reconciliation.gouv.ci\/mrcn\/wp-content\/uploads\/2022\/10\/Dialogue-avec-les-acteurs-sociopolitiques-IFFOU-15-1024x683.jpeg\" alt=\"\" class=\"wp-image-7886\" srcset=\"https:\/\/reconciliation.gouv.ci\/mrcn\/wp-content\/uploads\/2022\/10\/Dialogue-avec-les-acteurs-sociopolitiques-IFFOU-15-1024x683.jpeg 1024w, https:\/\/reconciliation.gouv.ci\/mrcn\/wp-content\/uploads\/2022\/10\/Dialogue-avec-les-acteurs-sociopolitiques-IFFOU-15-300x200.jpeg 300w, https:\/\/reconciliation.gouv.ci\/mrcn\/wp-content\/uploads\/2022\/10\/Dialogue-avec-les-acteurs-sociopolitiques-IFFOU-15-768x512.jpeg 768w, https:\/\/reconciliation.gouv.ci\/mrcn\/wp-content\/uploads\/2022\/10\/Dialogue-avec-les-acteurs-sociopolitiques-IFFOU-15.jpeg 1080w\" sizes=\"auto, (max-width: 1024px) 100vw, 1024px\" \/><\/figure>\n<\/div>\n\n\n\n<div class=\"wp-block-column is-layout-flow wp-block-column-is-layout-flow\">\n<figure class=\"wp-block-image size-large\"><img loading=\"lazy\" decoding=\"async\" width=\"1024\" height=\"683\" src=\"https:\/\/reconciliation.gouv.ci\/mrcn\/wp-content\/uploads\/2022\/10\/Dialogue-avec-les-acteurs-sociopolitiques-IFFOU-4-1024x683.jpeg\" alt=\"\" class=\"wp-image-7910\" srcset=\"https:\/\/reconciliation.gouv.ci\/mrcn\/wp-content\/uploads\/2022\/10\/Dialogue-avec-les-acteurs-sociopolitiques-IFFOU-4-1024x683.jpeg 1024w, https:\/\/reconciliation.gouv.ci\/mrcn\/wp-content\/uploads\/2022\/10\/Dialogue-avec-les-acteurs-sociopolitiques-IFFOU-4-300x200.jpeg 300w, https:\/\/reconciliation.gouv.ci\/mrcn\/wp-content\/uploads\/2022\/10\/Dialogue-avec-les-acteurs-sociopolitiques-IFFOU-4-768x512.jpeg 768w, https:\/\/reconciliation.gouv.ci\/mrcn\/wp-content\/uploads\/2022\/10\/Dialogue-avec-les-acteurs-sociopolitiques-IFFOU-4.jpeg 1080w\" sizes=\"auto, (max-width: 1024px) 100vw, 1024px\" \/><\/figure>\n<\/div>\n\n\n\n<div class=\"wp-block-column is-layout-flow wp-block-column-is-layout-flow\">\n<figure class=\"wp-block-image size-large\"><img loading=\"lazy\" decoding=\"async\" width=\"1024\" height=\"683\" src=\"https:\/\/reconciliation.gouv.ci\/mrcn\/wp-content\/uploads\/2022\/10\/Dialogue-avec-les-acteurs-sociopolitiques-IFFOU-29-1024x683.jpeg\" alt=\"\" class=\"wp-image-7900\" srcset=\"https:\/\/reconciliation.gouv.ci\/mrcn\/wp-content\/uploads\/2022\/10\/Dialogue-avec-les-acteurs-sociopolitiques-IFFOU-29-1024x683.jpeg 1024w, https:\/\/reconciliation.gouv.ci\/mrcn\/wp-content\/uploads\/2022\/10\/Dialogue-avec-les-acteurs-sociopolitiques-IFFOU-29-300x200.jpeg 300w, https:\/\/reconciliation.gouv.ci\/mrcn\/wp-content\/uploads\/2022\/10\/Dialogue-avec-les-acteurs-sociopolitiques-IFFOU-29-768x512.jpeg 768w, https:\/\/reconciliation.gouv.ci\/mrcn\/wp-content\/uploads\/2022\/10\/Dialogue-avec-les-acteurs-sociopolitiques-IFFOU-29.jpeg 1080w\" sizes=\"auto, (max-width: 1024px) 100vw, 1024px\" \/><\/figure>\n<\/div>\n<\/div>\n\n\n\n<div class=\"wp-block-columns is-layout-flex wp-container-core-columns-is-layout-9d6595d7 wp-block-columns-is-layout-flex\">\n<div class=\"wp-block-column is-layout-flow wp-block-column-is-layout-flow\">\n<figure class=\"wp-block-image size-large\"><img loading=\"lazy\" decoding=\"async\" width=\"1024\" height=\"683\" src=\"https:\/\/reconciliation.gouv.ci\/mrcn\/wp-content\/uploads\/2022\/10\/Dialogue-avec-les-acteurs-sociopolitiques-IFFOU-33-1024x683.jpeg\" alt=\"\" class=\"wp-image-7904\" srcset=\"https:\/\/reconciliation.gouv.ci\/mrcn\/wp-content\/uploads\/2022\/10\/Dialogue-avec-les-acteurs-sociopolitiques-IFFOU-33-1024x683.jpeg 1024w, https:\/\/reconciliation.gouv.ci\/mrcn\/wp-content\/uploads\/2022\/10\/Dialogue-avec-les-acteurs-sociopolitiques-IFFOU-33-300x200.jpeg 300w, https:\/\/reconciliation.gouv.ci\/mrcn\/wp-content\/uploads\/2022\/10\/Dialogue-avec-les-acteurs-sociopolitiques-IFFOU-33-768x512.jpeg 768w, https:\/\/reconciliation.gouv.ci\/mrcn\/wp-content\/uploads\/2022\/10\/Dialogue-avec-les-acteurs-sociopolitiques-IFFOU-33.jpeg 1080w\" sizes=\"auto, (max-width: 1024px) 100vw, 1024px\" \/><\/figure>\n<\/div>\n\n\n\n<div class=\"wp-block-column is-layout-flow wp-block-column-is-layout-flow\">\n<figure class=\"wp-block-image size-large\"><img loading=\"lazy\" decoding=\"async\" width=\"1024\" height=\"683\" src=\"https:\/\/reconciliation.gouv.ci\/mrcn\/wp-content\/uploads\/2022\/10\/Dialogue-avec-les-acteurs-sociopolitiques-IFFOU-14-1024x683.jpeg\" alt=\"\" class=\"wp-image-7885\" srcset=\"https:\/\/reconciliation.gouv.ci\/mrcn\/wp-content\/uploads\/2022\/10\/Dialogue-avec-les-acteurs-sociopolitiques-IFFOU-14-1024x683.jpeg 1024w, https:\/\/reconciliation.gouv.ci\/mrcn\/wp-content\/uploads\/2022\/10\/Dialogue-avec-les-acteurs-sociopolitiques-IFFOU-14-300x200.jpeg 300w, https:\/\/reconciliation.gouv.ci\/mrcn\/wp-content\/uploads\/2022\/10\/Dialogue-avec-les-acteurs-sociopolitiques-IFFOU-14-768x512.jpeg 768w, https:\/\/reconciliation.gouv.ci\/mrcn\/wp-content\/uploads\/2022\/10\/Dialogue-avec-les-acteurs-sociopolitiques-IFFOU-14.jpeg 1080w\" sizes=\"auto, (max-width: 1024px) 100vw, 1024px\" \/><\/figure>\n<\/div>\n\n\n\n<div class=\"wp-block-column is-layout-flow wp-block-column-is-layout-flow\">\n<figure class=\"wp-block-image size-large\"><img loading=\"lazy\" decoding=\"async\" width=\"1024\" height=\"683\" src=\"https:\/\/reconciliation.gouv.ci\/mrcn\/wp-content\/uploads\/2022\/10\/Dialogue-avec-les-acteurs-sociopolitiques-IFFOU-5-1024x683.jpeg\" alt=\"\" class=\"wp-image-7878\" srcset=\"https:\/\/reconciliation.gouv.ci\/mrcn\/wp-content\/uploads\/2022\/10\/Dialogue-avec-les-acteurs-sociopolitiques-IFFOU-5-1024x683.jpeg 1024w, https:\/\/reconciliation.gouv.ci\/mrcn\/wp-content\/uploads\/2022\/10\/Dialogue-avec-les-acteurs-sociopolitiques-IFFOU-5-300x200.jpeg 300w, https:\/\/reconciliation.gouv.ci\/mrcn\/wp-content\/uploads\/2022\/10\/Dialogue-avec-les-acteurs-sociopolitiques-IFFOU-5-768x512.jpeg 768w, https:\/\/reconciliation.gouv.ci\/mrcn\/wp-content\/uploads\/2022\/10\/Dialogue-avec-les-acteurs-sociopolitiques-IFFOU-5.jpeg 1080w\" sizes=\"auto, (max-width: 1024px) 100vw, 1024px\" \/><\/figure>\n<\/div>\n<\/div>\n\n\n\n<div class=\"wp-block-columns is-layout-flex wp-container-core-columns-is-layout-9d6595d7 wp-block-columns-is-layout-flex\">\n<div class=\"wp-block-column is-layout-flow wp-block-column-is-layout-flow\">\n<figure class=\"wp-block-image size-large\"><img loading=\"lazy\" decoding=\"async\" width=\"683\" height=\"1024\" src=\"https:\/\/reconciliation.gouv.ci\/mrcn\/wp-content\/uploads\/2022\/10\/Dialogue-avec-les-acteurs-sociopolitiques-IFFOU-8-683x1024.jpeg\" alt=\"\" class=\"wp-image-7880\" srcset=\"https:\/\/reconciliation.gouv.ci\/mrcn\/wp-content\/uploads\/2022\/10\/Dialogue-avec-les-acteurs-sociopolitiques-IFFOU-8-683x1024.jpeg 683w, https:\/\/reconciliation.gouv.ci\/mrcn\/wp-content\/uploads\/2022\/10\/Dialogue-avec-les-acteurs-sociopolitiques-IFFOU-8-200x300.jpeg 200w, https:\/\/reconciliation.gouv.ci\/mrcn\/wp-content\/uploads\/2022\/10\/Dialogue-avec-les-acteurs-sociopolitiques-IFFOU-8.jpeg 720w\" sizes=\"auto, (max-width: 683px) 100vw, 683px\" \/><\/figure>\n<\/div>\n\n\n\n<div class=\"wp-block-column is-layout-flow wp-block-column-is-layout-flow\">\n<figure class=\"wp-block-image size-large\"><img loading=\"lazy\" decoding=\"async\" width=\"683\" height=\"1024\" src=\"https:\/\/reconciliation.gouv.ci\/mrcn\/wp-content\/uploads\/2022\/10\/Dialogue-avec-les-acteurs-sociopolitiques-IFFOU-25-683x1024.jpeg\" alt=\"\" class=\"wp-image-7896\" srcset=\"https:\/\/reconciliation.gouv.ci\/mrcn\/wp-content\/uploads\/2022\/10\/Dialogue-avec-les-acteurs-sociopolitiques-IFFOU-25-683x1024.jpeg 683w, https:\/\/reconciliation.gouv.ci\/mrcn\/wp-content\/uploads\/2022\/10\/Dialogue-avec-les-acteurs-sociopolitiques-IFFOU-25-200x300.jpeg 200w, https:\/\/reconciliation.gouv.ci\/mrcn\/wp-content\/uploads\/2022\/10\/Dialogue-avec-les-acteurs-sociopolitiques-IFFOU-25.jpeg 720w\" sizes=\"auto, (max-width: 683px) 100vw, 683px\" \/><\/figure>\n<\/div>\n\n\n\n<div class=\"wp-block-column is-layout-flow wp-block-column-is-layout-flow\">\n<figure class=\"wp-block-image size-large\"><img loading=\"lazy\" decoding=\"async\" width=\"683\" height=\"1024\" src=\"https:\/\/reconciliation.gouv.ci\/mrcn\/wp-content\/uploads\/2022\/10\/Dialogue-avec-les-acteurs-sociopolitiques-IFFOU-26-683x1024.jpeg\" alt=\"\" class=\"wp-image-7897\" srcset=\"https:\/\/reconciliation.gouv.ci\/mrcn\/wp-content\/uploads\/2022\/10\/Dialogue-avec-les-acteurs-sociopolitiques-IFFOU-26-683x1024.jpeg 683w, https:\/\/reconciliation.gouv.ci\/mrcn\/wp-content\/uploads\/2022\/10\/Dialogue-avec-les-acteurs-sociopolitiques-IFFOU-26-200x300.jpeg 200w, https:\/\/reconciliation.gouv.ci\/mrcn\/wp-content\/uploads\/2022\/10\/Dialogue-avec-les-acteurs-sociopolitiques-IFFOU-26.jpeg 720w\" sizes=\"auto, (max-width: 683px) 100vw, 683px\" \/><\/figure>\n<\/div>\n<\/div>\n\n\n\n<div class=\"wp-block-columns is-layout-flex wp-container-core-columns-is-layout-9d6595d7 wp-block-columns-is-layout-flex\">\n<div class=\"wp-block-column is-layout-flow wp-block-column-is-layout-flow\">\n<figure class=\"wp-block-image size-large\"><img loading=\"lazy\" decoding=\"async\" width=\"1024\" height=\"683\" src=\"https:\/\/reconciliation.gouv.ci\/mrcn\/wp-content\/uploads\/2022\/10\/Dialogue-avec-les-acteurs-sociopolitiques-IFFOU-23-1024x683.jpeg\" alt=\"\" class=\"wp-image-7894\" srcset=\"https:\/\/reconciliation.gouv.ci\/mrcn\/wp-content\/uploads\/2022\/10\/Dialogue-avec-les-acteurs-sociopolitiques-IFFOU-23-1024x683.jpeg 1024w, https:\/\/reconciliation.gouv.ci\/mrcn\/wp-content\/uploads\/2022\/10\/Dialogue-avec-les-acteurs-sociopolitiques-IFFOU-23-300x200.jpeg 300w, https:\/\/reconciliation.gouv.ci\/mrcn\/wp-content\/uploads\/2022\/10\/Dialogue-avec-les-acteurs-sociopolitiques-IFFOU-23-768x512.jpeg 768w, https:\/\/reconciliation.gouv.ci\/mrcn\/wp-content\/uploads\/2022\/10\/Dialogue-avec-les-acteurs-sociopolitiques-IFFOU-23.jpeg 1080w\" sizes=\"auto, (max-width: 1024px) 100vw, 1024px\" \/><\/figure>\n<\/div>\n\n\n\n<div class=\"wp-block-column is-layout-flow wp-block-column-is-layout-flow\">\n<figure class=\"wp-block-image size-large\"><img loading=\"lazy\" decoding=\"async\" width=\"1024\" height=\"683\" src=\"https:\/\/reconciliation.gouv.ci\/mrcn\/wp-content\/uploads\/2022\/10\/Dialogue-avec-les-acteurs-sociopolitiques-IFFOU-2-1024x683.jpeg\" alt=\"\" class=\"wp-image-7908\" srcset=\"https:\/\/reconciliation.gouv.ci\/mrcn\/wp-content\/uploads\/2022\/10\/Dialogue-avec-les-acteurs-sociopolitiques-IFFOU-2-1024x683.jpeg 1024w, https:\/\/reconciliation.gouv.ci\/mrcn\/wp-content\/uploads\/2022\/10\/Dialogue-avec-les-acteurs-sociopolitiques-IFFOU-2-300x200.jpeg 300w, https:\/\/reconciliation.gouv.ci\/mrcn\/wp-content\/uploads\/2022\/10\/Dialogue-avec-les-acteurs-sociopolitiques-IFFOU-2-768x512.jpeg 768w, https:\/\/reconciliation.gouv.ci\/mrcn\/wp-content\/uploads\/2022\/10\/Dialogue-avec-les-acteurs-sociopolitiques-IFFOU-2.jpeg 1080w\" sizes=\"auto, (max-width: 1024px) 100vw, 1024px\" \/><\/figure>\n<\/div>\n\n\n\n<div class=\"wp-block-column is-layout-flow wp-block-column-is-layout-flow\">\n<figure class=\"wp-block-image size-large\"><img loading=\"lazy\" decoding=\"async\" width=\"1024\" height=\"683\" src=\"https:\/\/reconciliation.gouv.ci\/mrcn\/wp-content\/uploads\/2022\/10\/Dialogue-avec-les-acteurs-sociopolitiques-IFFOU-3-1024x683.jpeg\" alt=\"\" class=\"wp-image-7909\" srcset=\"https:\/\/reconciliation.gouv.ci\/mrcn\/wp-content\/uploads\/2022\/10\/Dialogue-avec-les-acteurs-sociopolitiques-IFFOU-3-1024x683.jpeg 1024w, https:\/\/reconciliation.gouv.ci\/mrcn\/wp-content\/uploads\/2022\/10\/Dialogue-avec-les-acteurs-sociopolitiques-IFFOU-3-300x200.jpeg 300w, https:\/\/reconciliation.gouv.ci\/mrcn\/wp-content\/uploads\/2022\/10\/Dialogue-avec-les-acteurs-sociopolitiques-IFFOU-3-768x512.jpeg 768w, https:\/\/reconciliation.gouv.ci\/mrcn\/wp-content\/uploads\/2022\/10\/Dialogue-avec-les-acteurs-sociopolitiques-IFFOU-3.jpeg 1080w\" sizes=\"auto, (max-width: 1024px) 100vw, 1024px\" \/><\/figure>\n<\/div>\n<\/div>\n\n\n\n<div class=\"wp-block-columns is-layout-flex wp-container-core-columns-is-layout-9d6595d7 wp-block-columns-is-layout-flex\">\n<div class=\"wp-block-column is-layout-flow wp-block-column-is-layout-flow\">\n<figure class=\"wp-block-image size-large\"><img loading=\"lazy\" decoding=\"async\" width=\"1024\" height=\"683\" src=\"https:\/\/reconciliation.gouv.ci\/mrcn\/wp-content\/uploads\/2022\/10\/Dialogue-avec-les-acteurs-sociopolitiques-Ouelle-1-1024x683.jpeg\" alt=\"\" class=\"wp-image-7905\" srcset=\"https:\/\/reconciliation.gouv.ci\/mrcn\/wp-content\/uploads\/2022\/10\/Dialogue-avec-les-acteurs-sociopolitiques-Ouelle-1-1024x683.jpeg 1024w, https:\/\/reconciliation.gouv.ci\/mrcn\/wp-content\/uploads\/2022\/10\/Dialogue-avec-les-acteurs-sociopolitiques-Ouelle-1-300x200.jpeg 300w, https:\/\/reconciliation.gouv.ci\/mrcn\/wp-content\/uploads\/2022\/10\/Dialogue-avec-les-acteurs-sociopolitiques-Ouelle-1-768x512.jpeg 768w, https:\/\/reconciliation.gouv.ci\/mrcn\/wp-content\/uploads\/2022\/10\/Dialogue-avec-les-acteurs-sociopolitiques-Ouelle-1.jpeg 1080w\" sizes=\"auto, (max-width: 1024px) 100vw, 1024px\" \/><\/figure>\n<\/div>\n\n\n\n<div class=\"wp-block-column is-layout-flow wp-block-column-is-layout-flow\">\n<figure class=\"wp-block-image size-large\"><img loading=\"lazy\" decoding=\"async\" width=\"1024\" height=\"683\" src=\"https:\/\/reconciliation.gouv.ci\/mrcn\/wp-content\/uploads\/2022\/10\/Dialogue-avec-les-acteurs-sociopolitiques-IFFOU-6-1024x683.jpeg\" alt=\"\" class=\"wp-image-7879\" srcset=\"https:\/\/reconciliation.gouv.ci\/mrcn\/wp-content\/uploads\/2022\/10\/Dialogue-avec-les-acteurs-sociopolitiques-IFFOU-6-1024x683.jpeg 1024w, https:\/\/reconciliation.gouv.ci\/mrcn\/wp-content\/uploads\/2022\/10\/Dialogue-avec-les-acteurs-sociopolitiques-IFFOU-6-300x200.jpeg 300w, https:\/\/reconciliation.gouv.ci\/mrcn\/wp-content\/uploads\/2022\/10\/Dialogue-avec-les-acteurs-sociopolitiques-IFFOU-6-768x512.jpeg 768w, https:\/\/reconciliation.gouv.ci\/mrcn\/wp-content\/uploads\/2022\/10\/Dialogue-avec-les-acteurs-sociopolitiques-IFFOU-6.jpeg 1080w\" sizes=\"auto, (max-width: 1024px) 100vw, 1024px\" \/><\/figure>\n<\/div>\n\n\n\n<div class=\"wp-block-column is-layout-flow wp-block-column-is-layout-flow\">\n<figure class=\"wp-block-image size-large\"><img loading=\"lazy\" decoding=\"async\" width=\"1024\" height=\"683\" src=\"https:\/\/reconciliation.gouv.ci\/mrcn\/wp-content\/uploads\/2022\/10\/Dialogue-avec-les-acteurs-sociopolitiques-Ouelle-2-1024x683.jpeg\" alt=\"\" class=\"wp-image-7906\" srcset=\"https:\/\/reconciliation.gouv.ci\/mrcn\/wp-content\/uploads\/2022\/10\/Dialogue-avec-les-acteurs-sociopolitiques-Ouelle-2-1024x683.jpeg 1024w, https:\/\/reconciliation.gouv.ci\/mrcn\/wp-content\/uploads\/2022\/10\/Dialogue-avec-les-acteurs-sociopolitiques-Ouelle-2-300x200.jpeg 300w, https:\/\/reconciliation.gouv.ci\/mrcn\/wp-content\/uploads\/2022\/10\/Dialogue-avec-les-acteurs-sociopolitiques-Ouelle-2-768x512.jpeg 768w, https:\/\/reconciliation.gouv.ci\/mrcn\/wp-content\/uploads\/2022\/10\/Dialogue-avec-les-acteurs-sociopolitiques-Ouelle-2.jpeg 1080w\" sizes=\"auto, (max-width: 1024px) 100vw, 1024px\" \/><\/figure>\n<\/div>\n<\/div>\n\n\n\n<div class=\"wp-block-columns is-layout-flex wp-container-core-columns-is-layout-9d6595d7 wp-block-columns-is-layout-flex\">\n<div class=\"wp-block-column is-layout-flow wp-block-column-is-layout-flow\">\n<figure class=\"wp-block-image size-full\"><img loading=\"lazy\" decoding=\"async\" width=\"886\" height=\"591\" src=\"https:\/\/reconciliation.gouv.ci\/mrcn\/wp-content\/uploads\/2022\/10\/Dialogue-avec-les-acteurs-sociopolitiques-IFFOU-31.jpeg\" alt=\"\" class=\"wp-image-7902\" srcset=\"https:\/\/reconciliation.gouv.ci\/mrcn\/wp-content\/uploads\/2022\/10\/Dialogue-avec-les-acteurs-sociopolitiques-IFFOU-31.jpeg 886w, https:\/\/reconciliation.gouv.ci\/mrcn\/wp-content\/uploads\/2022\/10\/Dialogue-avec-les-acteurs-sociopolitiques-IFFOU-31-300x200.jpeg 300w, https:\/\/reconciliation.gouv.ci\/mrcn\/wp-content\/uploads\/2022\/10\/Dialogue-avec-les-acteurs-sociopolitiques-IFFOU-31-768x512.jpeg 768w\" sizes=\"auto, (max-width: 886px) 100vw, 886px\" \/><\/figure>\n<\/div>\n\n\n\n<div class=\"wp-block-column is-layout-flow wp-block-column-is-layout-flow\">\n<figure class=\"wp-block-image size-large\"><img loading=\"lazy\" decoding=\"async\" width=\"1024\" height=\"683\" src=\"https:\/\/reconciliation.gouv.ci\/mrcn\/wp-content\/uploads\/2022\/10\/Dialogue-avec-les-acteurs-sociopolitiques-IFFOU-30-1024x683.jpeg\" alt=\"\" class=\"wp-image-7901\" srcset=\"https:\/\/reconciliation.gouv.ci\/mrcn\/wp-content\/uploads\/2022\/10\/Dialogue-avec-les-acteurs-sociopolitiques-IFFOU-30-1024x683.jpeg 1024w, https:\/\/reconciliation.gouv.ci\/mrcn\/wp-content\/uploads\/2022\/10\/Dialogue-avec-les-acteurs-sociopolitiques-IFFOU-30-300x200.jpeg 300w, https:\/\/reconciliation.gouv.ci\/mrcn\/wp-content\/uploads\/2022\/10\/Dialogue-avec-les-acteurs-sociopolitiques-IFFOU-30-768x512.jpeg 768w, https:\/\/reconciliation.gouv.ci\/mrcn\/wp-content\/uploads\/2022\/10\/Dialogue-avec-les-acteurs-sociopolitiques-IFFOU-30.jpeg 1080w\" sizes=\"auto, (max-width: 1024px) 100vw, 1024px\" \/><\/figure>\n<\/div>\n\n\n\n<div class=\"wp-block-column is-layout-flow wp-block-column-is-layout-flow\">\n<figure class=\"wp-block-image size-large\"><img loading=\"lazy\" decoding=\"async\" width=\"1024\" height=\"683\" src=\"https:\/\/reconciliation.gouv.ci\/mrcn\/wp-content\/uploads\/2022\/10\/Dialogue-avec-les-acteurs-sociopolitiques-IFFOU-27-1024x683.jpeg\" alt=\"\" class=\"wp-image-7898\" srcset=\"https:\/\/reconciliation.gouv.ci\/mrcn\/wp-content\/uploads\/2022\/10\/Dialogue-avec-les-acteurs-sociopolitiques-IFFOU-27-1024x683.jpeg 1024w, https:\/\/reconciliation.gouv.ci\/mrcn\/wp-content\/uploads\/2022\/10\/Dialogue-avec-les-acteurs-sociopolitiques-IFFOU-27-300x200.jpeg 300w, https:\/\/reconciliation.gouv.ci\/mrcn\/wp-content\/uploads\/2022\/10\/Dialogue-avec-les-acteurs-sociopolitiques-IFFOU-27-768x512.jpeg 768w, https:\/\/reconciliation.gouv.ci\/mrcn\/wp-content\/uploads\/2022\/10\/Dialogue-avec-les-acteurs-sociopolitiques-IFFOU-27.jpeg 1080w\" sizes=\"auto, (max-width: 1024px) 100vw, 1024px\" \/><\/figure>\n<\/div>\n<\/div>\n\n\n\n<div class=\"wp-block-columns is-layout-flex wp-container-core-columns-is-layout-9d6595d7 wp-block-columns-is-layout-flex\">\n<div class=\"wp-block-column is-layout-flow wp-block-column-is-layout-flow\">\n<figure class=\"wp-block-image size-large\"><img loading=\"lazy\" decoding=\"async\" width=\"1024\" height=\"683\" src=\"https:\/\/reconciliation.gouv.ci\/mrcn\/wp-content\/uploads\/2022\/10\/Dialogue-avec-les-acteurs-sociopolitiques-IFFOU-22-1024x683.jpeg\" alt=\"\" class=\"wp-image-7893\" srcset=\"https:\/\/reconciliation.gouv.ci\/mrcn\/wp-content\/uploads\/2022\/10\/Dialogue-avec-les-acteurs-sociopolitiques-IFFOU-22-1024x683.jpeg 1024w, https:\/\/reconciliation.gouv.ci\/mrcn\/wp-content\/uploads\/2022\/10\/Dialogue-avec-les-acteurs-sociopolitiques-IFFOU-22-300x200.jpeg 300w, https:\/\/reconciliation.gouv.ci\/mrcn\/wp-content\/uploads\/2022\/10\/Dialogue-avec-les-acteurs-sociopolitiques-IFFOU-22-768x512.jpeg 768w, https:\/\/reconciliation.gouv.ci\/mrcn\/wp-content\/uploads\/2022\/10\/Dialogue-avec-les-acteurs-sociopolitiques-IFFOU-22.jpeg 1080w\" sizes=\"auto, (max-width: 1024px) 100vw, 1024px\" \/><\/figure>\n<\/div>\n\n\n\n<div class=\"wp-block-column is-layout-flow wp-block-column-is-layout-flow\">\n<figure class=\"wp-block-image size-large\"><img loading=\"lazy\" decoding=\"async\" width=\"1024\" height=\"683\" src=\"https:\/\/reconciliation.gouv.ci\/mrcn\/wp-content\/uploads\/2022\/10\/Dialogue-avec-les-acteurs-sociopolitiques-IFFOU-18-1024x683.jpeg\" alt=\"\" class=\"wp-image-7889\" srcset=\"https:\/\/reconciliation.gouv.ci\/mrcn\/wp-content\/uploads\/2022\/10\/Dialogue-avec-les-acteurs-sociopolitiques-IFFOU-18-1024x683.jpeg 1024w, https:\/\/reconciliation.gouv.ci\/mrcn\/wp-content\/uploads\/2022\/10\/Dialogue-avec-les-acteurs-sociopolitiques-IFFOU-18-300x200.jpeg 300w, https:\/\/reconciliation.gouv.ci\/mrcn\/wp-content\/uploads\/2022\/10\/Dialogue-avec-les-acteurs-sociopolitiques-IFFOU-18-768x512.jpeg 768w, https:\/\/reconciliation.gouv.ci\/mrcn\/wp-content\/uploads\/2022\/10\/Dialogue-avec-les-acteurs-sociopolitiques-IFFOU-18.jpeg 1080w\" sizes=\"auto, (max-width: 1024px) 100vw, 1024px\" \/><\/figure>\n<\/div>\n\n\n\n<div class=\"wp-block-column is-layout-flow wp-block-column-is-layout-flow\">\n<figure class=\"wp-block-image size-large\"><img loading=\"lazy\" decoding=\"async\" width=\"1024\" height=\"683\" src=\"https:\/\/reconciliation.gouv.ci\/mrcn\/wp-content\/uploads\/2022\/10\/Dialogue-avec-les-acteurs-sociopolitiques-IFFOU-24-1024x683.jpeg\" alt=\"\" class=\"wp-image-7895\" srcset=\"https:\/\/reconciliation.gouv.ci\/mrcn\/wp-content\/uploads\/2022\/10\/Dialogue-avec-les-acteurs-sociopolitiques-IFFOU-24-1024x683.jpeg 1024w, https:\/\/reconciliation.gouv.ci\/mrcn\/wp-content\/uploads\/2022\/10\/Dialogue-avec-les-acteurs-sociopolitiques-IFFOU-24-300x200.jpeg 300w, https:\/\/reconciliation.gouv.ci\/mrcn\/wp-content\/uploads\/2022\/10\/Dialogue-avec-les-acteurs-sociopolitiques-IFFOU-24-768x512.jpeg 768w, https:\/\/reconciliation.gouv.ci\/mrcn\/wp-content\/uploads\/2022\/10\/Dialogue-avec-les-acteurs-sociopolitiques-IFFOU-24.jpeg 1080w\" sizes=\"auto, (max-width: 1024px) 100vw, 1024px\" \/><\/figure>\n<\/div>\n<\/div>\n\n\n\n<div class=\"wp-block-columns is-layout-flex wp-container-core-columns-is-layout-9d6595d7 wp-block-columns-is-layout-flex\">\n<div class=\"wp-block-column is-layout-flow wp-block-column-is-layout-flow\">\n<figure class=\"wp-block-image size-large\"><img loading=\"lazy\" decoding=\"async\" width=\"1024\" height=\"683\" src=\"https:\/\/reconciliation.gouv.ci\/mrcn\/wp-content\/uploads\/2022\/10\/Dialogue-avec-les-acteurs-sociopolitiques-IFFOU-16-1024x683.jpeg\" alt=\"\" class=\"wp-image-7887\" srcset=\"https:\/\/reconciliation.gouv.ci\/mrcn\/wp-content\/uploads\/2022\/10\/Dialogue-avec-les-acteurs-sociopolitiques-IFFOU-16-1024x683.jpeg 1024w, https:\/\/reconciliation.gouv.ci\/mrcn\/wp-content\/uploads\/2022\/10\/Dialogue-avec-les-acteurs-sociopolitiques-IFFOU-16-300x200.jpeg 300w, https:\/\/reconciliation.gouv.ci\/mrcn\/wp-content\/uploads\/2022\/10\/Dialogue-avec-les-acteurs-sociopolitiques-IFFOU-16-768x512.jpeg 768w, https:\/\/reconciliation.gouv.ci\/mrcn\/wp-content\/uploads\/2022\/10\/Dialogue-avec-les-acteurs-sociopolitiques-IFFOU-16.jpeg 1080w\" sizes=\"auto, (max-width: 1024px) 100vw, 1024px\" \/><\/figure>\n<\/div>\n\n\n\n<div class=\"wp-block-column is-layout-flow wp-block-column-is-layout-flow\">\n<figure class=\"wp-block-image size-large\"><img loading=\"lazy\" decoding=\"async\" width=\"1024\" height=\"683\" src=\"https:\/\/reconciliation.gouv.ci\/mrcn\/wp-content\/uploads\/2022\/10\/Dialogue-avec-les-acteurs-sociopolitiques-IFFOU-10-1024x683.jpeg\" alt=\"\" class=\"wp-image-7881\" srcset=\"https:\/\/reconciliation.gouv.ci\/mrcn\/wp-content\/uploads\/2022\/10\/Dialogue-avec-les-acteurs-sociopolitiques-IFFOU-10-1024x683.jpeg 1024w, https:\/\/reconciliation.gouv.ci\/mrcn\/wp-content\/uploads\/2022\/10\/Dialogue-avec-les-acteurs-sociopolitiques-IFFOU-10-300x200.jpeg 300w, https:\/\/reconciliation.gouv.ci\/mrcn\/wp-content\/uploads\/2022\/10\/Dialogue-avec-les-acteurs-sociopolitiques-IFFOU-10-768x512.jpeg 768w, https:\/\/reconciliation.gouv.ci\/mrcn\/wp-content\/uploads\/2022\/10\/Dialogue-avec-les-acteurs-sociopolitiques-IFFOU-10.jpeg 1080w\" sizes=\"auto, (max-width: 1024px) 100vw, 1024px\" \/><\/figure>\n<\/div>\n<\/div>\n","protected":false},"excerpt":{"rendered":"<div class=\"pvc_clear\"><\/div>\n<p class=\"pvc_stats total_only \" data-element-id=\"7877\" style=\"\"><i class=\"pvc-stats-icon medium\" aria-hidden=\"true\"><svg aria-hidden=\"true\" focusable=\"false\" data-prefix=\"far\" data-icon=\"chart-bar\" role=\"img\" xmlns=\"http:\/\/www.w3.org\/2000\/svg\" viewBox=\"0 0 512 512\" class=\"svg-inline--fa fa-chart-bar fa-w-16 fa-2x\"><path fill=\"currentColor\" d=\"M396.8 352h22.4c6.4 0 12.8-6.4 12.8-12.8V108.8c0-6.4-6.4-12.8-12.8-12.8h-22.4c-6.4 0-12.8 6.4-12.8 12.8v230.4c0 6.4 6.4 12.8 12.8 12.8zm-192 0h22.4c6.4 0 12.8-6.4 12.8-12.8V140.8c0-6.4-6.4-12.8-12.8-12.8h-22.4c-6.4 0-12.8 6.4-12.8 12.8v198.4c0 6.4 6.4 12.8 12.8 12.8zm96 0h22.4c6.4 0 12.8-6.4 12.8-12.8V204.8c0-6.4-6.4-12.8-12.8-12.8h-22.4c-6.4 0-12.8 6.4-12.8 12.8v134.4c0 6.4 6.4 12.8 12.8 12.8zM496 400H48V80c0-8.84-7.16-16-16-16H16C7.16 64 0 71.16 0 80v336c0 17.67 14.33 32 32 32h464c8.84 0 16-7.16 16-16v-16c0-8.84-7.16-16-16-16zm-387.2-48h22.4c6.4 0 12.8-6.4 12.8-12.8v-70.4c0-6.4-6.4-12.8-12.8-12.8h-22.4c-6.4 0-12.8 6.4-12.8 12.8v70.4c0 6.4 6.4 12.8 12.8 12.8z\" class=\"\"><\/path><\/svg><\/i> &nbsp;1,361&nbsp;vues<\/p>\n<div class=\"pvc_clear\"><\/div>\n<p>&nbsp;1,361&nbsp;vues Dans le cadre du processus de r\u00e9conciliation et de consolidation de la paix en C\u00f4te d&rsquo;Ivoire, une \u00e9quipe du Minist\u00e8re de la R\u00e9conciliation et de la Coh\u00e9sion Nationale conduite par Madame la Directrice G\u00e9n\u00e9rale de la R\u00e9conciliation, Madame Simone AYERI, a effectu\u00e9 une mission d&rsquo;\u00e9coutes et<\/p>\n","protected":false},"author":1,"featured_media":7911,"comment_status":"closed","ping_status":"open","sticky":false,"template":"","format":"standard","meta":{"footnotes":""},"categories":[39],"tags":[],"class_list":["post-7877","post","type-post","status-publish","format-standard","has-post-thumbnail","hentry","category-activites-ministere-slider"],"_links":{"self":[{"href":"https:\/\/reconciliation.gouv.ci\/mrcn\/index.php?rest_route=\/wp\/v2\/posts\/7877","targetHints":{"allow":["GET"]}}],"collection":[{"href":"https:\/\/reconciliation.gouv.ci\/mrcn\/index.php?rest_route=\/wp\/v2\/posts"}],"about":[{"href":"https:\/\/reconciliation.gouv.ci\/mrcn\/index.php?rest_route=\/wp\/v2\/types\/post"}],"author":[{"embeddable":true,"href":"https:\/\/reconciliation.gouv.ci\/mrcn\/index.php?rest_route=\/wp\/v2\/users\/1"}],"replies":[{"embeddable":true,"href":"https:\/\/reconciliation.gouv.ci\/mrcn\/index.php?rest_route=%2Fwp%2Fv2%2Fcomments&post=7877"}],"version-history":[{"count":1,"href":"https:\/\/reconciliation.gouv.ci\/mrcn\/index.php?rest_route=\/wp\/v2\/posts\/7877\/revisions"}],"predecessor-version":[{"id":7912,"href":"https:\/\/reconciliation.gouv.ci\/mrcn\/index.php?rest_route=\/wp\/v2\/posts\/7877\/revisions\/7912"}],"wp:featuredmedia":[{"embeddable":true,"href":"https:\/\/reconciliation.gouv.ci\/mrcn\/index.php?rest_route=\/wp\/v2\/media\/7911"}],"wp:attachment":[{"href":"https:\/\/reconciliation.gouv.ci\/mrcn\/index.php?rest_route=%2Fwp%2Fv2%2Fmedia&parent=7877"}],"wp:term":[{"taxonomy":"category","embeddable":true,"href":"https:\/\/reconciliation.gouv.ci\/mrcn\/index.php?rest_route=%2Fwp%2Fv2%2Fcategories&post=7877"},{"taxonomy":"post_tag","embeddable":true,"href":"https:\/\/reconciliation.gouv.ci\/mrcn\/index.php?rest_route=%2Fwp%2Fv2%2Ftags&post=7877"}],"curies":[{"name":"wp","href":"https:\/\/api.w.org\/{rel}","templated":true}]}}