{"id":7773,"date":"2022-10-14T17:25:56","date_gmt":"2022-10-14T15:25:56","guid":{"rendered":"https:\/\/reconciliation.gouv.ci\/mrcn\/?p=7773"},"modified":"2022-10-14T17:25:58","modified_gmt":"2022-10-14T15:25:58","slug":"installation-du-comite-local-de-reconciliation-et-de-cohesion-de-ndouci-clrcn","status":"publish","type":"post","link":"https:\/\/reconciliation.gouv.ci\/mrcn\/?p=7773","title":{"rendered":"Installation du Comit\u00e9 Local de R\u00e9conciliation et de Coh\u00e9sion de N\u2019Douci (CLRCN)"},"content":{"rendered":"<div class=\"pvc_clear\"><\/div><p class=\"pvc_stats total_only \" data-element-id=\"7773\" style=\"\"><i class=\"pvc-stats-icon medium\" aria-hidden=\"true\"><svg aria-hidden=\"true\" focusable=\"false\" data-prefix=\"far\" data-icon=\"chart-bar\" role=\"img\" xmlns=\"http:\/\/www.w3.org\/2000\/svg\" viewBox=\"0 0 512 512\" class=\"svg-inline--fa fa-chart-bar fa-w-16 fa-2x\"><path fill=\"currentColor\" d=\"M396.8 352h22.4c6.4 0 12.8-6.4 12.8-12.8V108.8c0-6.4-6.4-12.8-12.8-12.8h-22.4c-6.4 0-12.8 6.4-12.8 12.8v230.4c0 6.4 6.4 12.8 12.8 12.8zm-192 0h22.4c6.4 0 12.8-6.4 12.8-12.8V140.8c0-6.4-6.4-12.8-12.8-12.8h-22.4c-6.4 0-12.8 6.4-12.8 12.8v198.4c0 6.4 6.4 12.8 12.8 12.8zm96 0h22.4c6.4 0 12.8-6.4 12.8-12.8V204.8c0-6.4-6.4-12.8-12.8-12.8h-22.4c-6.4 0-12.8 6.4-12.8 12.8v134.4c0 6.4 6.4 12.8 12.8 12.8zM496 400H48V80c0-8.84-7.16-16-16-16H16C7.16 64 0 71.16 0 80v336c0 17.67 14.33 32 32 32h464c8.84 0 16-7.16 16-16v-16c0-8.84-7.16-16-16-16zm-387.2-48h22.4c6.4 0 12.8-6.4 12.8-12.8v-70.4c0-6.4-6.4-12.8-12.8-12.8h-22.4c-6.4 0-12.8 6.4-12.8 12.8v70.4c0 6.4 6.4 12.8 12.8 12.8z\" class=\"\"><\/path><\/svg><\/i> &nbsp;1,352&nbsp;vues<\/p><div class=\"pvc_clear\"><\/div>\n<figure class=\"wp-block-image size-large\"><img loading=\"lazy\" decoding=\"async\" width=\"1024\" height=\"433\" src=\"https:\/\/reconciliation.gouv.ci\/mrcn\/wp-content\/uploads\/2022\/10\/NDOUCI-CLRCN-35-1024x433.jpeg\" alt=\"\" class=\"wp-image-7809\" srcset=\"https:\/\/reconciliation.gouv.ci\/mrcn\/wp-content\/uploads\/2022\/10\/NDOUCI-CLRCN-35-1024x433.jpeg 1024w, https:\/\/reconciliation.gouv.ci\/mrcn\/wp-content\/uploads\/2022\/10\/NDOUCI-CLRCN-35-300x127.jpeg 300w, https:\/\/reconciliation.gouv.ci\/mrcn\/wp-content\/uploads\/2022\/10\/NDOUCI-CLRCN-35-768x325.jpeg 768w, https:\/\/reconciliation.gouv.ci\/mrcn\/wp-content\/uploads\/2022\/10\/NDOUCI-CLRCN-35.jpeg 1280w\" sizes=\"auto, (max-width: 1024px) 100vw, 1024px\" \/><\/figure>\n\n\n\n<p><strong>N\u2019Douci dans la r\u00e9gion de l\u2019Agneby-Tiassa vient d\u2019avoir son Comit\u00e9 Local de R\u00e9conciliation et de Coh\u00e9sion \u00e0 la suite d\u2019un atelier de r\u00e9flexion qui a eu lieu du 10 au 12 Octobre dernier.<\/strong><\/p>\n\n\n\n<p><strong>Cet atelier fait suite \u00e0 un conflit fratricide ayant occasionn\u00e9 des d\u00e9g\u00e2ts mat\u00e9riels et humains.<\/strong><\/p>\n\n\n\n<p><strong>Le Minist\u00e8re de la R\u00e9conciliation et de la Coh\u00e9sion Nationale apr\u00e8s avoir \u00e9teint le feu a trouv\u00e9 bon de pr\u00e9venir ce genre de d\u00e9g\u00e2t en mettant en place un Comit\u00e9 R\u00e9gional de la R\u00e9conciliation et de la Coh\u00e9sion dans la r\u00e9gion de l\u2019Agneby-Tiassa. Comit\u00e9 qui sera dirig\u00e9 par l\u2019actuel pr\u00e9fet de l\u2019Agneby \u00e0 l\u2019instar des autres r\u00e9gions de C\u00f4te d\u2019Ivoire.<\/strong><\/p>\n\n\n\n<p>Un conflit fratricide qui a eu lieu le 12 Ao\u00fbt dernier \u00e0 N\u2019Douci ayant enregistr\u00e9 trois (3) morts, des bless\u00e9s et de nombreux d\u00e9g\u00e2ts mat\u00e9riels.<\/p>\n\n\n\n<p>Le Minist\u00e8re de la R\u00e9conciliation et de la Coh\u00e9sion Nationale par l\u2019entremise de la Direction G\u00e9n\u00e9rale de la Coh\u00e9sion a pris son b\u00e2ton de p\u00e8lerin afin de circonscrire le mal et limiter les d\u00e9g\u00e2ts.<\/p>\n\n\n\n<p>La population n\u2019a pu cacher sa satisfaction de voir la situation revenir \u00e0 la normal apr\u00e8s cette intervention \u00e9missaire du Minist\u00e8re de la R\u00e9conciliation et de la Coh\u00e9sion Nationale.<\/p>\n\n\n\n<p>Pour sa part, le Ministre de la R\u00e9conciliation et de la Coh\u00e9sion Nationale a proc\u00e9d\u00e9 \u00e0 la nomination du Directeur R\u00e9gional de R\u00e9conciliation en la personne de Monsieur ESSAN Jules. Un accent particulier a \u00e9t\u00e9 mis sur fonctionnement de la ladite Direction afin d\u2019\u00eatre pr\u00e9ventif et pr\u00e9voyant dans le cadre d\u2019un \u00e9ventuel conflit.<\/p>\n\n\n\n<p>Le Ministre de la R\u00e9conciliation et de la Coh\u00e9sion Nationale a invit\u00e9 la population de N\u2019Douci \u00e0 r\u00e9apprendre \u00e0 vivre ensemble et \u00e0 faire fi des propos des politiciens.<\/p>\n\n\n\n<p>Le retour de la paix \u00e0 N\u2019Douci et dans l\u2019Agneby-Tiassa sonne le d\u00e9part de la mise en fonction des 486 comit\u00e9s locaux \u00e0 installer sur toute l\u2019\u00e9tendue du territoire nationale.<\/p>\n\n\n\n<div class=\"wp-block-columns is-layout-flex wp-container-core-columns-is-layout-9d6595d7 wp-block-columns-is-layout-flex\">\n<div class=\"wp-block-column is-layout-flow wp-block-column-is-layout-flow\">\n<figure class=\"wp-block-image size-large\"><img loading=\"lazy\" decoding=\"async\" width=\"1024\" height=\"683\" src=\"https:\/\/reconciliation.gouv.ci\/mrcn\/wp-content\/uploads\/2022\/10\/NDOUCI-CLRCN-1-1024x683.jpeg\" alt=\"\" class=\"wp-image-7775\" srcset=\"https:\/\/reconciliation.gouv.ci\/mrcn\/wp-content\/uploads\/2022\/10\/NDOUCI-CLRCN-1-1024x683.jpeg 1024w, https:\/\/reconciliation.gouv.ci\/mrcn\/wp-content\/uploads\/2022\/10\/NDOUCI-CLRCN-1-300x200.jpeg 300w, https:\/\/reconciliation.gouv.ci\/mrcn\/wp-content\/uploads\/2022\/10\/NDOUCI-CLRCN-1-768x512.jpeg 768w, https:\/\/reconciliation.gouv.ci\/mrcn\/wp-content\/uploads\/2022\/10\/NDOUCI-CLRCN-1.jpeg 1280w\" sizes=\"auto, (max-width: 1024px) 100vw, 1024px\" \/><\/figure>\n<\/div>\n\n\n\n<div class=\"wp-block-column is-layout-flow wp-block-column-is-layout-flow\">\n<figure class=\"wp-block-image size-large\"><img loading=\"lazy\" decoding=\"async\" width=\"1024\" height=\"683\" src=\"https:\/\/reconciliation.gouv.ci\/mrcn\/wp-content\/uploads\/2022\/10\/NDOUCI-CLRCN-2-1024x683.jpeg\" alt=\"\" class=\"wp-image-7776\" srcset=\"https:\/\/reconciliation.gouv.ci\/mrcn\/wp-content\/uploads\/2022\/10\/NDOUCI-CLRCN-2-1024x683.jpeg 1024w, https:\/\/reconciliation.gouv.ci\/mrcn\/wp-content\/uploads\/2022\/10\/NDOUCI-CLRCN-2-300x200.jpeg 300w, https:\/\/reconciliation.gouv.ci\/mrcn\/wp-content\/uploads\/2022\/10\/NDOUCI-CLRCN-2-768x512.jpeg 768w, https:\/\/reconciliation.gouv.ci\/mrcn\/wp-content\/uploads\/2022\/10\/NDOUCI-CLRCN-2.jpeg 1280w\" sizes=\"auto, (max-width: 1024px) 100vw, 1024px\" \/><\/figure>\n<\/div>\n\n\n\n<div class=\"wp-block-column is-layout-flow wp-block-column-is-layout-flow\">\n<figure class=\"wp-block-image size-large\"><img loading=\"lazy\" decoding=\"async\" width=\"1024\" height=\"683\" src=\"https:\/\/reconciliation.gouv.ci\/mrcn\/wp-content\/uploads\/2022\/10\/NDOUCI-CLRCN-6-1024x683.jpeg\" alt=\"\" class=\"wp-image-7780\" srcset=\"https:\/\/reconciliation.gouv.ci\/mrcn\/wp-content\/uploads\/2022\/10\/NDOUCI-CLRCN-6-1024x683.jpeg 1024w, https:\/\/reconciliation.gouv.ci\/mrcn\/wp-content\/uploads\/2022\/10\/NDOUCI-CLRCN-6-300x200.jpeg 300w, https:\/\/reconciliation.gouv.ci\/mrcn\/wp-content\/uploads\/2022\/10\/NDOUCI-CLRCN-6-768x512.jpeg 768w, https:\/\/reconciliation.gouv.ci\/mrcn\/wp-content\/uploads\/2022\/10\/NDOUCI-CLRCN-6.jpeg 1280w\" sizes=\"auto, (max-width: 1024px) 100vw, 1024px\" \/><\/figure>\n<\/div>\n<\/div>\n\n\n\n<div class=\"wp-block-columns is-layout-flex wp-container-core-columns-is-layout-9d6595d7 wp-block-columns-is-layout-flex\">\n<div class=\"wp-block-column is-layout-flow wp-block-column-is-layout-flow\">\n<figure class=\"wp-block-image size-large\"><img loading=\"lazy\" decoding=\"async\" width=\"1024\" height=\"683\" src=\"https:\/\/reconciliation.gouv.ci\/mrcn\/wp-content\/uploads\/2022\/10\/NDOUCI-CLRCN-8-1024x683.jpeg\" alt=\"\" class=\"wp-image-7782\" srcset=\"https:\/\/reconciliation.gouv.ci\/mrcn\/wp-content\/uploads\/2022\/10\/NDOUCI-CLRCN-8-1024x683.jpeg 1024w, https:\/\/reconciliation.gouv.ci\/mrcn\/wp-content\/uploads\/2022\/10\/NDOUCI-CLRCN-8-300x200.jpeg 300w, https:\/\/reconciliation.gouv.ci\/mrcn\/wp-content\/uploads\/2022\/10\/NDOUCI-CLRCN-8-768x512.jpeg 768w, https:\/\/reconciliation.gouv.ci\/mrcn\/wp-content\/uploads\/2022\/10\/NDOUCI-CLRCN-8.jpeg 1280w\" sizes=\"auto, (max-width: 1024px) 100vw, 1024px\" \/><\/figure>\n<\/div>\n\n\n\n<div class=\"wp-block-column is-layout-flow wp-block-column-is-layout-flow\">\n<figure class=\"wp-block-image size-large\"><img loading=\"lazy\" decoding=\"async\" width=\"1024\" height=\"630\" src=\"https:\/\/reconciliation.gouv.ci\/mrcn\/wp-content\/uploads\/2022\/10\/NDOUCI-CLRCN-33-1024x630.jpeg\" alt=\"\" class=\"wp-image-7807\" srcset=\"https:\/\/reconciliation.gouv.ci\/mrcn\/wp-content\/uploads\/2022\/10\/NDOUCI-CLRCN-33-1024x630.jpeg 1024w, https:\/\/reconciliation.gouv.ci\/mrcn\/wp-content\/uploads\/2022\/10\/NDOUCI-CLRCN-33-300x185.jpeg 300w, https:\/\/reconciliation.gouv.ci\/mrcn\/wp-content\/uploads\/2022\/10\/NDOUCI-CLRCN-33-768x473.jpeg 768w, https:\/\/reconciliation.gouv.ci\/mrcn\/wp-content\/uploads\/2022\/10\/NDOUCI-CLRCN-33.jpeg 1280w\" sizes=\"auto, (max-width: 1024px) 100vw, 1024px\" \/><\/figure>\n<\/div>\n\n\n\n<div class=\"wp-block-column is-layout-flow wp-block-column-is-layout-flow\">\n<figure class=\"wp-block-image size-large\"><img loading=\"lazy\" decoding=\"async\" width=\"1024\" height=\"683\" src=\"https:\/\/reconciliation.gouv.ci\/mrcn\/wp-content\/uploads\/2022\/10\/NDOUCI-CLRCN-29-1024x683.jpeg\" alt=\"\" class=\"wp-image-7803\" srcset=\"https:\/\/reconciliation.gouv.ci\/mrcn\/wp-content\/uploads\/2022\/10\/NDOUCI-CLRCN-29-1024x683.jpeg 1024w, https:\/\/reconciliation.gouv.ci\/mrcn\/wp-content\/uploads\/2022\/10\/NDOUCI-CLRCN-29-300x200.jpeg 300w, https:\/\/reconciliation.gouv.ci\/mrcn\/wp-content\/uploads\/2022\/10\/NDOUCI-CLRCN-29-768x512.jpeg 768w, https:\/\/reconciliation.gouv.ci\/mrcn\/wp-content\/uploads\/2022\/10\/NDOUCI-CLRCN-29.jpeg 1280w\" sizes=\"auto, (max-width: 1024px) 100vw, 1024px\" \/><\/figure>\n<\/div>\n<\/div>\n\n\n\n<div class=\"wp-block-columns is-layout-flex wp-container-core-columns-is-layout-9d6595d7 wp-block-columns-is-layout-flex\">\n<div class=\"wp-block-column is-layout-flow wp-block-column-is-layout-flow\">\n<figure class=\"wp-block-image size-large\"><img loading=\"lazy\" decoding=\"async\" width=\"683\" height=\"1024\" src=\"https:\/\/reconciliation.gouv.ci\/mrcn\/wp-content\/uploads\/2022\/10\/NDOUCI-CLRCN-24-683x1024.jpeg\" alt=\"\" class=\"wp-image-7798\" srcset=\"https:\/\/reconciliation.gouv.ci\/mrcn\/wp-content\/uploads\/2022\/10\/NDOUCI-CLRCN-24-683x1024.jpeg 683w, https:\/\/reconciliation.gouv.ci\/mrcn\/wp-content\/uploads\/2022\/10\/NDOUCI-CLRCN-24-200x300.jpeg 200w, https:\/\/reconciliation.gouv.ci\/mrcn\/wp-content\/uploads\/2022\/10\/NDOUCI-CLRCN-24-768x1151.jpeg 768w, https:\/\/reconciliation.gouv.ci\/mrcn\/wp-content\/uploads\/2022\/10\/NDOUCI-CLRCN-24.jpeg 854w\" sizes=\"auto, (max-width: 683px) 100vw, 683px\" \/><\/figure>\n<\/div>\n\n\n\n<div class=\"wp-block-column is-layout-flow wp-block-column-is-layout-flow\">\n<figure class=\"wp-block-image size-large\"><img loading=\"lazy\" decoding=\"async\" width=\"683\" height=\"1024\" src=\"https:\/\/reconciliation.gouv.ci\/mrcn\/wp-content\/uploads\/2022\/10\/NDOUCI-CLRCN-22-683x1024.jpeg\" alt=\"\" class=\"wp-image-7796\" srcset=\"https:\/\/reconciliation.gouv.ci\/mrcn\/wp-content\/uploads\/2022\/10\/NDOUCI-CLRCN-22-683x1024.jpeg 683w, https:\/\/reconciliation.gouv.ci\/mrcn\/wp-content\/uploads\/2022\/10\/NDOUCI-CLRCN-22-200x300.jpeg 200w, https:\/\/reconciliation.gouv.ci\/mrcn\/wp-content\/uploads\/2022\/10\/NDOUCI-CLRCN-22-768x1151.jpeg 768w, https:\/\/reconciliation.gouv.ci\/mrcn\/wp-content\/uploads\/2022\/10\/NDOUCI-CLRCN-22.jpeg 854w\" sizes=\"auto, (max-width: 683px) 100vw, 683px\" \/><\/figure>\n<\/div>\n\n\n\n<div class=\"wp-block-column is-layout-flow wp-block-column-is-layout-flow\">\n<figure class=\"wp-block-image size-large\"><img loading=\"lazy\" decoding=\"async\" width=\"683\" height=\"1024\" src=\"https:\/\/reconciliation.gouv.ci\/mrcn\/wp-content\/uploads\/2022\/10\/NDOUCI-CLRCN-26-683x1024.jpeg\" alt=\"\" class=\"wp-image-7800\" srcset=\"https:\/\/reconciliation.gouv.ci\/mrcn\/wp-content\/uploads\/2022\/10\/NDOUCI-CLRCN-26-683x1024.jpeg 683w, https:\/\/reconciliation.gouv.ci\/mrcn\/wp-content\/uploads\/2022\/10\/NDOUCI-CLRCN-26-200x300.jpeg 200w, https:\/\/reconciliation.gouv.ci\/mrcn\/wp-content\/uploads\/2022\/10\/NDOUCI-CLRCN-26-768x1151.jpeg 768w, https:\/\/reconciliation.gouv.ci\/mrcn\/wp-content\/uploads\/2022\/10\/NDOUCI-CLRCN-26.jpeg 854w\" sizes=\"auto, (max-width: 683px) 100vw, 683px\" \/><\/figure>\n<\/div>\n<\/div>\n\n\n\n<div class=\"wp-block-columns is-layout-flex wp-container-core-columns-is-layout-9d6595d7 wp-block-columns-is-layout-flex\">\n<div class=\"wp-block-column is-layout-flow wp-block-column-is-layout-flow\">\n<figure class=\"wp-block-image size-large\"><img loading=\"lazy\" decoding=\"async\" width=\"1024\" height=\"631\" src=\"https:\/\/reconciliation.gouv.ci\/mrcn\/wp-content\/uploads\/2022\/10\/NDOUCI-CLRCN-30-1024x631.jpeg\" alt=\"\" class=\"wp-image-7804\" srcset=\"https:\/\/reconciliation.gouv.ci\/mrcn\/wp-content\/uploads\/2022\/10\/NDOUCI-CLRCN-30-1024x631.jpeg 1024w, https:\/\/reconciliation.gouv.ci\/mrcn\/wp-content\/uploads\/2022\/10\/NDOUCI-CLRCN-30-300x185.jpeg 300w, https:\/\/reconciliation.gouv.ci\/mrcn\/wp-content\/uploads\/2022\/10\/NDOUCI-CLRCN-30-768x473.jpeg 768w, https:\/\/reconciliation.gouv.ci\/mrcn\/wp-content\/uploads\/2022\/10\/NDOUCI-CLRCN-30.jpeg 1222w\" sizes=\"auto, (max-width: 1024px) 100vw, 1024px\" \/><\/figure>\n<\/div>\n\n\n\n<div class=\"wp-block-column is-layout-flow wp-block-column-is-layout-flow\">\n<figure class=\"wp-block-image size-large\"><img loading=\"lazy\" decoding=\"async\" width=\"1024\" height=\"683\" src=\"https:\/\/reconciliation.gouv.ci\/mrcn\/wp-content\/uploads\/2022\/10\/NDOUCI-CLRCN-16-1024x683.jpeg\" alt=\"\" class=\"wp-image-7790\" srcset=\"https:\/\/reconciliation.gouv.ci\/mrcn\/wp-content\/uploads\/2022\/10\/NDOUCI-CLRCN-16-1024x683.jpeg 1024w, https:\/\/reconciliation.gouv.ci\/mrcn\/wp-content\/uploads\/2022\/10\/NDOUCI-CLRCN-16-300x200.jpeg 300w, https:\/\/reconciliation.gouv.ci\/mrcn\/wp-content\/uploads\/2022\/10\/NDOUCI-CLRCN-16-768x512.jpeg 768w, https:\/\/reconciliation.gouv.ci\/mrcn\/wp-content\/uploads\/2022\/10\/NDOUCI-CLRCN-16.jpeg 1280w\" sizes=\"auto, (max-width: 1024px) 100vw, 1024px\" \/><\/figure>\n<\/div>\n\n\n\n<div class=\"wp-block-column is-layout-flow wp-block-column-is-layout-flow\">\n<figure class=\"wp-block-image size-large\"><img loading=\"lazy\" decoding=\"async\" width=\"1024\" height=\"683\" src=\"https:\/\/reconciliation.gouv.ci\/mrcn\/wp-content\/uploads\/2022\/10\/NDOUCI-CLRCN-14-1024x683.jpeg\" alt=\"\" class=\"wp-image-7788\" srcset=\"https:\/\/reconciliation.gouv.ci\/mrcn\/wp-content\/uploads\/2022\/10\/NDOUCI-CLRCN-14-1024x683.jpeg 1024w, https:\/\/reconciliation.gouv.ci\/mrcn\/wp-content\/uploads\/2022\/10\/NDOUCI-CLRCN-14-300x200.jpeg 300w, https:\/\/reconciliation.gouv.ci\/mrcn\/wp-content\/uploads\/2022\/10\/NDOUCI-CLRCN-14-768x512.jpeg 768w, https:\/\/reconciliation.gouv.ci\/mrcn\/wp-content\/uploads\/2022\/10\/NDOUCI-CLRCN-14.jpeg 1280w\" sizes=\"auto, (max-width: 1024px) 100vw, 1024px\" \/><\/figure>\n<\/div>\n<\/div>\n\n\n\n<div class=\"wp-block-columns is-layout-flex wp-container-core-columns-is-layout-9d6595d7 wp-block-columns-is-layout-flex\">\n<div class=\"wp-block-column is-layout-flow wp-block-column-is-layout-flow\">\n<figure class=\"wp-block-image size-large\"><img loading=\"lazy\" decoding=\"async\" width=\"1024\" height=\"683\" src=\"https:\/\/reconciliation.gouv.ci\/mrcn\/wp-content\/uploads\/2022\/10\/NDOUCI-CLRCN-18-1024x683.jpeg\" alt=\"\" class=\"wp-image-7792\" srcset=\"https:\/\/reconciliation.gouv.ci\/mrcn\/wp-content\/uploads\/2022\/10\/NDOUCI-CLRCN-18-1024x683.jpeg 1024w, https:\/\/reconciliation.gouv.ci\/mrcn\/wp-content\/uploads\/2022\/10\/NDOUCI-CLRCN-18-300x200.jpeg 300w, https:\/\/reconciliation.gouv.ci\/mrcn\/wp-content\/uploads\/2022\/10\/NDOUCI-CLRCN-18-768x512.jpeg 768w, https:\/\/reconciliation.gouv.ci\/mrcn\/wp-content\/uploads\/2022\/10\/NDOUCI-CLRCN-18.jpeg 1280w\" sizes=\"auto, (max-width: 1024px) 100vw, 1024px\" \/><\/figure>\n<\/div>\n\n\n\n<div class=\"wp-block-column is-layout-flow wp-block-column-is-layout-flow\">\n<figure class=\"wp-block-image size-large\"><img loading=\"lazy\" decoding=\"async\" width=\"1024\" height=\"683\" src=\"https:\/\/reconciliation.gouv.ci\/mrcn\/wp-content\/uploads\/2022\/10\/NDOUCI-CLRCN-13-1024x683.jpeg\" alt=\"\" class=\"wp-image-7787\" srcset=\"https:\/\/reconciliation.gouv.ci\/mrcn\/wp-content\/uploads\/2022\/10\/NDOUCI-CLRCN-13-1024x683.jpeg 1024w, https:\/\/reconciliation.gouv.ci\/mrcn\/wp-content\/uploads\/2022\/10\/NDOUCI-CLRCN-13-300x200.jpeg 300w, https:\/\/reconciliation.gouv.ci\/mrcn\/wp-content\/uploads\/2022\/10\/NDOUCI-CLRCN-13-768x512.jpeg 768w, https:\/\/reconciliation.gouv.ci\/mrcn\/wp-content\/uploads\/2022\/10\/NDOUCI-CLRCN-13.jpeg 1280w\" sizes=\"auto, (max-width: 1024px) 100vw, 1024px\" \/><\/figure>\n<\/div>\n\n\n\n<div class=\"wp-block-column is-layout-flow wp-block-column-is-layout-flow\">\n<figure class=\"wp-block-image size-large\"><img loading=\"lazy\" decoding=\"async\" width=\"1024\" height=\"683\" src=\"https:\/\/reconciliation.gouv.ci\/mrcn\/wp-content\/uploads\/2022\/10\/NDOUCI-CLRCN-15-1024x683.jpeg\" alt=\"\" class=\"wp-image-7789\" srcset=\"https:\/\/reconciliation.gouv.ci\/mrcn\/wp-content\/uploads\/2022\/10\/NDOUCI-CLRCN-15-1024x683.jpeg 1024w, https:\/\/reconciliation.gouv.ci\/mrcn\/wp-content\/uploads\/2022\/10\/NDOUCI-CLRCN-15-300x200.jpeg 300w, https:\/\/reconciliation.gouv.ci\/mrcn\/wp-content\/uploads\/2022\/10\/NDOUCI-CLRCN-15-768x512.jpeg 768w, https:\/\/reconciliation.gouv.ci\/mrcn\/wp-content\/uploads\/2022\/10\/NDOUCI-CLRCN-15.jpeg 1280w\" sizes=\"auto, (max-width: 1024px) 100vw, 1024px\" \/><\/figure>\n<\/div>\n<\/div>\n\n\n\n<div class=\"wp-block-columns is-layout-flex wp-container-core-columns-is-layout-9d6595d7 wp-block-columns-is-layout-flex\">\n<div class=\"wp-block-column is-layout-flow wp-block-column-is-layout-flow\">\n<figure class=\"wp-block-image size-large\"><img loading=\"lazy\" decoding=\"async\" width=\"1024\" height=\"683\" src=\"https:\/\/reconciliation.gouv.ci\/mrcn\/wp-content\/uploads\/2022\/10\/NDOUCI-CLRCN-7-1024x683.jpeg\" alt=\"\" class=\"wp-image-7781\" srcset=\"https:\/\/reconciliation.gouv.ci\/mrcn\/wp-content\/uploads\/2022\/10\/NDOUCI-CLRCN-7-1024x683.jpeg 1024w, https:\/\/reconciliation.gouv.ci\/mrcn\/wp-content\/uploads\/2022\/10\/NDOUCI-CLRCN-7-300x200.jpeg 300w, https:\/\/reconciliation.gouv.ci\/mrcn\/wp-content\/uploads\/2022\/10\/NDOUCI-CLRCN-7-768x512.jpeg 768w, https:\/\/reconciliation.gouv.ci\/mrcn\/wp-content\/uploads\/2022\/10\/NDOUCI-CLRCN-7.jpeg 1280w\" sizes=\"auto, (max-width: 1024px) 100vw, 1024px\" \/><\/figure>\n<\/div>\n\n\n\n<div class=\"wp-block-column is-layout-flow wp-block-column-is-layout-flow\">\n<figure class=\"wp-block-image size-large\"><img loading=\"lazy\" decoding=\"async\" width=\"1024\" height=\"658\" src=\"https:\/\/reconciliation.gouv.ci\/mrcn\/wp-content\/uploads\/2022\/10\/NDOUCI-CLRCN-34-1024x658.jpeg\" alt=\"\" class=\"wp-image-7808\" srcset=\"https:\/\/reconciliation.gouv.ci\/mrcn\/wp-content\/uploads\/2022\/10\/NDOUCI-CLRCN-34-1024x658.jpeg 1024w, https:\/\/reconciliation.gouv.ci\/mrcn\/wp-content\/uploads\/2022\/10\/NDOUCI-CLRCN-34-300x193.jpeg 300w, https:\/\/reconciliation.gouv.ci\/mrcn\/wp-content\/uploads\/2022\/10\/NDOUCI-CLRCN-34-768x494.jpeg 768w, https:\/\/reconciliation.gouv.ci\/mrcn\/wp-content\/uploads\/2022\/10\/NDOUCI-CLRCN-34.jpeg 1280w\" sizes=\"auto, (max-width: 1024px) 100vw, 1024px\" \/><\/figure>\n<\/div>\n\n\n\n<div class=\"wp-block-column is-layout-flow wp-block-column-is-layout-flow\">\n<figure class=\"wp-block-image size-large\"><img loading=\"lazy\" decoding=\"async\" width=\"1024\" height=\"683\" src=\"https:\/\/reconciliation.gouv.ci\/mrcn\/wp-content\/uploads\/2022\/10\/NDOUCI-CLRCN-32-1024x683.jpeg\" alt=\"\" class=\"wp-image-7806\" srcset=\"https:\/\/reconciliation.gouv.ci\/mrcn\/wp-content\/uploads\/2022\/10\/NDOUCI-CLRCN-32-1024x683.jpeg 1024w, https:\/\/reconciliation.gouv.ci\/mrcn\/wp-content\/uploads\/2022\/10\/NDOUCI-CLRCN-32-300x200.jpeg 300w, https:\/\/reconciliation.gouv.ci\/mrcn\/wp-content\/uploads\/2022\/10\/NDOUCI-CLRCN-32-768x512.jpeg 768w, https:\/\/reconciliation.gouv.ci\/mrcn\/wp-content\/uploads\/2022\/10\/NDOUCI-CLRCN-32.jpeg 1280w\" sizes=\"auto, (max-width: 1024px) 100vw, 1024px\" \/><\/figure>\n<\/div>\n<\/div>\n","protected":false},"excerpt":{"rendered":"<div class=\"pvc_clear\"><\/div>\n<p class=\"pvc_stats total_only \" data-element-id=\"7773\" style=\"\"><i class=\"pvc-stats-icon medium\" aria-hidden=\"true\"><svg aria-hidden=\"true\" focusable=\"false\" data-prefix=\"far\" data-icon=\"chart-bar\" role=\"img\" xmlns=\"http:\/\/www.w3.org\/2000\/svg\" viewBox=\"0 0 512 512\" class=\"svg-inline--fa fa-chart-bar fa-w-16 fa-2x\"><path fill=\"currentColor\" d=\"M396.8 352h22.4c6.4 0 12.8-6.4 12.8-12.8V108.8c0-6.4-6.4-12.8-12.8-12.8h-22.4c-6.4 0-12.8 6.4-12.8 12.8v230.4c0 6.4 6.4 12.8 12.8 12.8zm-192 0h22.4c6.4 0 12.8-6.4 12.8-12.8V140.8c0-6.4-6.4-12.8-12.8-12.8h-22.4c-6.4 0-12.8 6.4-12.8 12.8v198.4c0 6.4 6.4 12.8 12.8 12.8zm96 0h22.4c6.4 0 12.8-6.4 12.8-12.8V204.8c0-6.4-6.4-12.8-12.8-12.8h-22.4c-6.4 0-12.8 6.4-12.8 12.8v134.4c0 6.4 6.4 12.8 12.8 12.8zM496 400H48V80c0-8.84-7.16-16-16-16H16C7.16 64 0 71.16 0 80v336c0 17.67 14.33 32 32 32h464c8.84 0 16-7.16 16-16v-16c0-8.84-7.16-16-16-16zm-387.2-48h22.4c6.4 0 12.8-6.4 12.8-12.8v-70.4c0-6.4-6.4-12.8-12.8-12.8h-22.4c-6.4 0-12.8 6.4-12.8 12.8v70.4c0 6.4 6.4 12.8 12.8 12.8z\" class=\"\"><\/path><\/svg><\/i> &nbsp;1,352&nbsp;vues<\/p>\n<div class=\"pvc_clear\"><\/div>\n<p>&nbsp;1,352&nbsp;vues N\u2019Douci dans la r\u00e9gion de l\u2019Agneby-Tiassa vient d\u2019avoir son Comit\u00e9 Local de R\u00e9conciliation et de Coh\u00e9sion \u00e0 la suite d\u2019un atelier de r\u00e9flexion qui a eu lieu du 10 au 12 Octobre dernier. Cet atelier fait suite \u00e0 un conflit fratricide ayant occasionn\u00e9 des d\u00e9g\u00e2ts mat\u00e9riels<\/p>\n","protected":false},"author":1,"featured_media":7809,"comment_status":"closed","ping_status":"open","sticky":false,"template":"","format":"standard","meta":{"footnotes":""},"categories":[39],"tags":[],"class_list":["post-7773","post","type-post","status-publish","format-standard","has-post-thumbnail","hentry","category-activites-ministere-slider"],"_links":{"self":[{"href":"https:\/\/reconciliation.gouv.ci\/mrcn\/index.php?rest_route=\/wp\/v2\/posts\/7773","targetHints":{"allow":["GET"]}}],"collection":[{"href":"https:\/\/reconciliation.gouv.ci\/mrcn\/index.php?rest_route=\/wp\/v2\/posts"}],"about":[{"href":"https:\/\/reconciliation.gouv.ci\/mrcn\/index.php?rest_route=\/wp\/v2\/types\/post"}],"author":[{"embeddable":true,"href":"https:\/\/reconciliation.gouv.ci\/mrcn\/index.php?rest_route=\/wp\/v2\/users\/1"}],"replies":[{"embeddable":true,"href":"https:\/\/reconciliation.gouv.ci\/mrcn\/index.php?rest_route=%2Fwp%2Fv2%2Fcomments&post=7773"}],"version-history":[{"count":1,"href":"https:\/\/reconciliation.gouv.ci\/mrcn\/index.php?rest_route=\/wp\/v2\/posts\/7773\/revisions"}],"predecessor-version":[{"id":7810,"href":"https:\/\/reconciliation.gouv.ci\/mrcn\/index.php?rest_route=\/wp\/v2\/posts\/7773\/revisions\/7810"}],"wp:featuredmedia":[{"embeddable":true,"href":"https:\/\/reconciliation.gouv.ci\/mrcn\/index.php?rest_route=\/wp\/v2\/media\/7809"}],"wp:attachment":[{"href":"https:\/\/reconciliation.gouv.ci\/mrcn\/index.php?rest_route=%2Fwp%2Fv2%2Fmedia&parent=7773"}],"wp:term":[{"taxonomy":"category","embeddable":true,"href":"https:\/\/reconciliation.gouv.ci\/mrcn\/index.php?rest_route=%2Fwp%2Fv2%2Fcategories&post=7773"},{"taxonomy":"post_tag","embeddable":true,"href":"https:\/\/reconciliation.gouv.ci\/mrcn\/index.php?rest_route=%2Fwp%2Fv2%2Ftags&post=7773"}],"curies":[{"name":"wp","href":"https:\/\/api.w.org\/{rel}","templated":true}]}}