{"id":7595,"date":"2022-10-03T00:23:26","date_gmt":"2022-10-02T22:23:26","guid":{"rendered":"https:\/\/reconciliation.gouv.ci\/mrcn\/?p=7595"},"modified":"2022-10-03T21:38:27","modified_gmt":"2022-10-03T19:38:27","slug":"le-ministre-kouadio-konan-bertin-en-mission-aux-etats-unis","status":"publish","type":"post","link":"https:\/\/reconciliation.gouv.ci\/mrcn\/?p=7595","title":{"rendered":"R\u00e9conciliation : Le Ministre KOUADIO Konan Bertin en mission aux Etats-Unis."},"content":{"rendered":"<div class=\"pvc_clear\"><\/div><p class=\"pvc_stats total_only \" data-element-id=\"7595\" style=\"\"><i class=\"pvc-stats-icon medium\" aria-hidden=\"true\"><svg aria-hidden=\"true\" focusable=\"false\" data-prefix=\"far\" data-icon=\"chart-bar\" role=\"img\" xmlns=\"http:\/\/www.w3.org\/2000\/svg\" viewBox=\"0 0 512 512\" class=\"svg-inline--fa fa-chart-bar fa-w-16 fa-2x\"><path fill=\"currentColor\" d=\"M396.8 352h22.4c6.4 0 12.8-6.4 12.8-12.8V108.8c0-6.4-6.4-12.8-12.8-12.8h-22.4c-6.4 0-12.8 6.4-12.8 12.8v230.4c0 6.4 6.4 12.8 12.8 12.8zm-192 0h22.4c6.4 0 12.8-6.4 12.8-12.8V140.8c0-6.4-6.4-12.8-12.8-12.8h-22.4c-6.4 0-12.8 6.4-12.8 12.8v198.4c0 6.4 6.4 12.8 12.8 12.8zm96 0h22.4c6.4 0 12.8-6.4 12.8-12.8V204.8c0-6.4-6.4-12.8-12.8-12.8h-22.4c-6.4 0-12.8 6.4-12.8 12.8v134.4c0 6.4 6.4 12.8 12.8 12.8zM496 400H48V80c0-8.84-7.16-16-16-16H16C7.16 64 0 71.16 0 80v336c0 17.67 14.33 32 32 32h464c8.84 0 16-7.16 16-16v-16c0-8.84-7.16-16-16-16zm-387.2-48h22.4c6.4 0 12.8-6.4 12.8-12.8v-70.4c0-6.4-6.4-12.8-12.8-12.8h-22.4c-6.4 0-12.8 6.4-12.8 12.8v70.4c0 6.4 6.4 12.8 12.8 12.8z\" class=\"\"><\/path><\/svg><\/i> &nbsp;1,420&nbsp;vues<\/p><div class=\"pvc_clear\"><\/div>\n<p><strong><em>Rencontre avec les repr\u00e9sentants de la communaut\u00e9 ivoirienne des USA&nbsp;<\/em><\/strong><\/p>\n\n\n\n<figure class=\"wp-block-image size-large\"><img loading=\"lazy\" decoding=\"async\" width=\"1024\" height=\"450\" src=\"https:\/\/reconciliation.gouv.ci\/mrcn\/wp-content\/uploads\/2022\/10\/Diaspora-ivoirienne-USA-1BIS-1024x450.jpg\" alt=\"\" class=\"wp-image-7617\" srcset=\"https:\/\/reconciliation.gouv.ci\/mrcn\/wp-content\/uploads\/2022\/10\/Diaspora-ivoirienne-USA-1BIS-1024x450.jpg 1024w, https:\/\/reconciliation.gouv.ci\/mrcn\/wp-content\/uploads\/2022\/10\/Diaspora-ivoirienne-USA-1BIS-300x132.jpg 300w, https:\/\/reconciliation.gouv.ci\/mrcn\/wp-content\/uploads\/2022\/10\/Diaspora-ivoirienne-USA-1BIS-768x337.jpg 768w, https:\/\/reconciliation.gouv.ci\/mrcn\/wp-content\/uploads\/2022\/10\/Diaspora-ivoirienne-USA-1BIS.jpg 1027w\" sizes=\"auto, (max-width: 1024px) 100vw, 1024px\" \/><\/figure>\n\n\n\n<p>Ce samedi 1<sup>er<\/sup> &nbsp;Octobre 2022, le Ministre de la R\u00e9conciliation et de la Coh\u00e9sion Nationale, KOUADIO Konan Bertin \u00ab\u00a0KKB\u00a0\u00bb accompagn\u00e9 d\u2019une forte d\u00e9l\u00e9gation a rencontr\u00e9 les repr\u00e9sentants de la communaut\u00e9 ivoirienne aux USA.<\/p>\n\n\n\n<p>\u00ab Ces derniers mois, j\u2019ai multipli\u00e9 les d\u00e9placements \u00e0 l\u2019\u00e9tranger pour rencontrer les Ivoiriennes et Ivoiriens de la diaspora. Ces d\u00e9placements m\u2019ont conduit en France, au Royaume-Uni et d\u00e9sormais jusqu\u2019ici, aux Etats-Unis. Partout o\u00f9 je suis all\u00e9, j\u2019ai ressenti la m\u00eame \u00e9nergie, la m\u00eame vigueur, le m\u00eame bonheur. Partout o\u00f9 je suis all\u00e9, j\u2019ai rencontr\u00e9 la C\u00f4te d\u2019Ivoire. \u00bb, a-t-il lanc\u00e9, en pr\u00e9sence du repr\u00e9sentant de SEM l\u2019Ambassadeur de la C\u00f4te d\u2019Ivoire aux USA et des dirigeants des associations d\u2019ivoiriens (UFI, Infra groupes etc.)<\/p>\n\n\n\n<p>Parlant des crises post-\u00e9lectorales qu\u2019a connu la C\u00f4te d\u2019Ivoire, le ministre a estim\u00e9 que les ivoiriens ont une grandeur d\u2019esprit. \u00ab Si nous pouvons \u00eatre fiers de ce que nous sommes, nous ne devons pas pour autant oublier d\u2019o\u00f9 nous venons. Notre peuple a souffert. Il s\u2019est affront\u00e9 bien trop longtemps et bien trop violemment. Le sang de nos fr\u00e8res et s\u0153urs a coul\u00e9. La terreur a r\u00e9gn\u00e9 sur des d\u00e9saccords exploit\u00e9s. Des familles ont \u00e9t\u00e9 d\u00e9chir\u00e9es, des corps ont \u00e9t\u00e9 martyris\u00e9s, des avenirs ont \u00e9t\u00e9 bris\u00e9s.\u00bb, a-t-il d\u00e9clar\u00e9.<\/p>\n\n\n\n<p>En utilisant ces mots d\u2019Aim\u00e9 C\u00e9saire : \u00ab une civilisation qui choisit de fermer les yeux \u00e0 ses probl\u00e8mes les plus cruciaux est une civilisation atteinte \u00bb, le Ministre a exhort\u00e9 ses compatriotes \u00e0 assumer ce pass\u00e9 et \u00e0 construire une paix durable tout en recherchant la v\u00e9rit\u00e9 et \u00e0 rendre la justice.<\/p>\n\n\n\n<p>Il a par la suite invit\u00e9 la diaspora ivoirienne \u00e0 \u0153uvrer pour la r\u00e9conciliation et la coh\u00e9sion nationale et \u00e0 se battre aux c\u00f4t\u00e9s de Son Excellence Monsieur Alassane Ouattara, Pr\u00e9sident de la R\u00e9publique de C\u00f4te d\u2019Ivoire pour la paix.<\/p>\n\n\n\n<p>Il tenait \u00e9galement \u00e0 saluer l\u2019engagement du Pr\u00e9sident de la R\u00e9publique, son Excellence Monsieur Alassane Ouattara, \u00e0 promouvoir \u00e0 chaque instant la r\u00e9conciliation, la coh\u00e9sion et la paix dans notre pays. A chacune de ses d\u00e9cisions, il conserve comme fil directeur le rassemblement et l\u2019ouverture pour le bien de la C\u00f4te d\u2019Ivoire, en associant toutes les bonnes volont\u00e9s.<\/p>\n\n\n\n<p>Le Ministre a aussi cit\u00e9 Barack Obama qui a un jour d\u00e9clar\u00e9 \u00ab Nous venons de diff\u00e9rents endroits et nous avons des histoires diff\u00e9rentes, mais nous partageons des espoirs communs et le r\u00eave am\u00e9ricain.\u00bb&nbsp;et a ensuite demand\u00e9 au peuple ivoirien d\u2019avoir des espoirs communs et de croire au r\u00eave ivoirien.<\/p>\n\n\n\n<p>Il a termin\u00e9 son intervention par ces mots&nbsp;: \u00ab En poursuivant le processus de r\u00e9conciliation et en faisant triompher la coh\u00e9sion nationale, nous installons la paix durable. Divis\u00e9s, nous ne pouvons rien. Ensemble, nous pouvons tout.<\/p>\n\n\n\n<p>Je renouvelle aujourd\u2019hui l\u2019appel solennel et pressant du Gouvernement \u00e0 l\u2019union, au rassemblement, \u00e0 la coh\u00e9sion et \u00e0 la solidarit\u00e9. \u00bb<\/p>\n\n\n\n<div class=\"wp-block-columns is-layout-flex wp-container-core-columns-is-layout-9d6595d7 wp-block-columns-is-layout-flex\">\n<div class=\"wp-block-column is-layout-flow wp-block-column-is-layout-flow\">\n<figure class=\"wp-block-image size-large\"><img loading=\"lazy\" decoding=\"async\" width=\"1024\" height=\"488\" src=\"https:\/\/reconciliation.gouv.ci\/mrcn\/wp-content\/uploads\/2022\/10\/Diaspora-ivoirienne-USA-5-1024x488.jpg\" alt=\"\" class=\"wp-image-7615\" srcset=\"https:\/\/reconciliation.gouv.ci\/mrcn\/wp-content\/uploads\/2022\/10\/Diaspora-ivoirienne-USA-5-1024x488.jpg 1024w, https:\/\/reconciliation.gouv.ci\/mrcn\/wp-content\/uploads\/2022\/10\/Diaspora-ivoirienne-USA-5-300x143.jpg 300w, https:\/\/reconciliation.gouv.ci\/mrcn\/wp-content\/uploads\/2022\/10\/Diaspora-ivoirienne-USA-5-768x366.jpg 768w, https:\/\/reconciliation.gouv.ci\/mrcn\/wp-content\/uploads\/2022\/10\/Diaspora-ivoirienne-USA-5.jpg 1080w\" sizes=\"auto, (max-width: 1024px) 100vw, 1024px\" \/><\/figure>\n<\/div>\n\n\n\n<div class=\"wp-block-column is-layout-flow wp-block-column-is-layout-flow\">\n<figure class=\"wp-block-image size-large\"><img loading=\"lazy\" decoding=\"async\" width=\"1024\" height=\"461\" src=\"https:\/\/reconciliation.gouv.ci\/mrcn\/wp-content\/uploads\/2022\/10\/Diaspora-ivoirienne-USA-6-1024x461.jpg\" alt=\"\" class=\"wp-image-7616\" srcset=\"https:\/\/reconciliation.gouv.ci\/mrcn\/wp-content\/uploads\/2022\/10\/Diaspora-ivoirienne-USA-6-1024x461.jpg 1024w, https:\/\/reconciliation.gouv.ci\/mrcn\/wp-content\/uploads\/2022\/10\/Diaspora-ivoirienne-USA-6-300x135.jpg 300w, https:\/\/reconciliation.gouv.ci\/mrcn\/wp-content\/uploads\/2022\/10\/Diaspora-ivoirienne-USA-6-768x346.jpg 768w, https:\/\/reconciliation.gouv.ci\/mrcn\/wp-content\/uploads\/2022\/10\/Diaspora-ivoirienne-USA-6.jpg 1080w\" sizes=\"auto, (max-width: 1024px) 100vw, 1024px\" \/><\/figure>\n<\/div>\n<\/div>\n\n\n\n<div class=\"wp-block-columns is-layout-flex wp-container-core-columns-is-layout-9d6595d7 wp-block-columns-is-layout-flex\">\n<div class=\"wp-block-column is-layout-flow wp-block-column-is-layout-flow\">\n<figure class=\"wp-block-image size-large\"><img loading=\"lazy\" decoding=\"async\" width=\"1024\" height=\"461\" src=\"https:\/\/reconciliation.gouv.ci\/mrcn\/wp-content\/uploads\/2022\/10\/Commnunaute-ivoirienne-USA-3-1024x461.jpg\" alt=\"\" class=\"wp-image-7597\" srcset=\"https:\/\/reconciliation.gouv.ci\/mrcn\/wp-content\/uploads\/2022\/10\/Commnunaute-ivoirienne-USA-3-1024x461.jpg 1024w, https:\/\/reconciliation.gouv.ci\/mrcn\/wp-content\/uploads\/2022\/10\/Commnunaute-ivoirienne-USA-3-300x135.jpg 300w, https:\/\/reconciliation.gouv.ci\/mrcn\/wp-content\/uploads\/2022\/10\/Commnunaute-ivoirienne-USA-3-768x346.jpg 768w, https:\/\/reconciliation.gouv.ci\/mrcn\/wp-content\/uploads\/2022\/10\/Commnunaute-ivoirienne-USA-3-1536x691.jpg 1536w, https:\/\/reconciliation.gouv.ci\/mrcn\/wp-content\/uploads\/2022\/10\/Commnunaute-ivoirienne-USA-3.jpg 1600w\" sizes=\"auto, (max-width: 1024px) 100vw, 1024px\" \/><\/figure>\n<\/div>\n\n\n\n<div class=\"wp-block-column is-layout-flow wp-block-column-is-layout-flow\">\n<figure class=\"wp-block-image size-large\"><img loading=\"lazy\" decoding=\"async\" width=\"1024\" height=\"461\" src=\"https:\/\/reconciliation.gouv.ci\/mrcn\/wp-content\/uploads\/2022\/10\/Diaspora-ivoirienne-USA-4-1024x461.jpg\" alt=\"\" class=\"wp-image-7614\" srcset=\"https:\/\/reconciliation.gouv.ci\/mrcn\/wp-content\/uploads\/2022\/10\/Diaspora-ivoirienne-USA-4-1024x461.jpg 1024w, https:\/\/reconciliation.gouv.ci\/mrcn\/wp-content\/uploads\/2022\/10\/Diaspora-ivoirienne-USA-4-300x135.jpg 300w, https:\/\/reconciliation.gouv.ci\/mrcn\/wp-content\/uploads\/2022\/10\/Diaspora-ivoirienne-USA-4-768x346.jpg 768w, https:\/\/reconciliation.gouv.ci\/mrcn\/wp-content\/uploads\/2022\/10\/Diaspora-ivoirienne-USA-4.jpg 1080w\" sizes=\"auto, (max-width: 1024px) 100vw, 1024px\" \/><\/figure>\n<\/div>\n<\/div>\n\n\n\n<figure class=\"wp-block-image size-large\"><img loading=\"lazy\" decoding=\"async\" width=\"1024\" height=\"440\" src=\"https:\/\/reconciliation.gouv.ci\/mrcn\/wp-content\/uploads\/2022\/10\/Diaspora-ivoirienne-USA-3-1024x440.jpg\" alt=\"\" class=\"wp-image-7613\" srcset=\"https:\/\/reconciliation.gouv.ci\/mrcn\/wp-content\/uploads\/2022\/10\/Diaspora-ivoirienne-USA-3-1024x440.jpg 1024w, https:\/\/reconciliation.gouv.ci\/mrcn\/wp-content\/uploads\/2022\/10\/Diaspora-ivoirienne-USA-3-300x129.jpg 300w, https:\/\/reconciliation.gouv.ci\/mrcn\/wp-content\/uploads\/2022\/10\/Diaspora-ivoirienne-USA-3-768x330.jpg 768w, https:\/\/reconciliation.gouv.ci\/mrcn\/wp-content\/uploads\/2022\/10\/Diaspora-ivoirienne-USA-3.jpg 1080w\" sizes=\"auto, (max-width: 1024px) 100vw, 1024px\" \/><\/figure>\n","protected":false},"excerpt":{"rendered":"<div class=\"pvc_clear\"><\/div>\n<p class=\"pvc_stats total_only \" data-element-id=\"7595\" style=\"\"><i class=\"pvc-stats-icon medium\" aria-hidden=\"true\"><svg aria-hidden=\"true\" focusable=\"false\" data-prefix=\"far\" data-icon=\"chart-bar\" role=\"img\" xmlns=\"http:\/\/www.w3.org\/2000\/svg\" viewBox=\"0 0 512 512\" class=\"svg-inline--fa fa-chart-bar fa-w-16 fa-2x\"><path fill=\"currentColor\" d=\"M396.8 352h22.4c6.4 0 12.8-6.4 12.8-12.8V108.8c0-6.4-6.4-12.8-12.8-12.8h-22.4c-6.4 0-12.8 6.4-12.8 12.8v230.4c0 6.4 6.4 12.8 12.8 12.8zm-192 0h22.4c6.4 0 12.8-6.4 12.8-12.8V140.8c0-6.4-6.4-12.8-12.8-12.8h-22.4c-6.4 0-12.8 6.4-12.8 12.8v198.4c0 6.4 6.4 12.8 12.8 12.8zm96 0h22.4c6.4 0 12.8-6.4 12.8-12.8V204.8c0-6.4-6.4-12.8-12.8-12.8h-22.4c-6.4 0-12.8 6.4-12.8 12.8v134.4c0 6.4 6.4 12.8 12.8 12.8zM496 400H48V80c0-8.84-7.16-16-16-16H16C7.16 64 0 71.16 0 80v336c0 17.67 14.33 32 32 32h464c8.84 0 16-7.16 16-16v-16c0-8.84-7.16-16-16-16zm-387.2-48h22.4c6.4 0 12.8-6.4 12.8-12.8v-70.4c0-6.4-6.4-12.8-12.8-12.8h-22.4c-6.4 0-12.8 6.4-12.8 12.8v70.4c0 6.4 6.4 12.8 12.8 12.8z\" class=\"\"><\/path><\/svg><\/i> &nbsp;1,420&nbsp;vues<\/p>\n<div class=\"pvc_clear\"><\/div>\n<p>&nbsp;1,420&nbsp;vues Rencontre avec les repr\u00e9sentants de la communaut\u00e9 ivoirienne des USA&nbsp; Ce samedi 1er &nbsp;Octobre 2022, le Ministre de la R\u00e9conciliation et de la Coh\u00e9sion Nationale, KOUADIO Konan Bertin \u00ab\u00a0KKB\u00a0\u00bb accompagn\u00e9 d\u2019une forte d\u00e9l\u00e9gation a rencontr\u00e9 les repr\u00e9sentants de la communaut\u00e9 ivoirienne aux USA. \u00ab Ces derniers<\/p>\n","protected":false},"author":1,"featured_media":7617,"comment_status":"closed","ping_status":"open","sticky":false,"template":"","format":"standard","meta":{"footnotes":""},"categories":[39],"tags":[],"class_list":["post-7595","post","type-post","status-publish","format-standard","has-post-thumbnail","hentry","category-activites-ministere-slider"],"_links":{"self":[{"href":"https:\/\/reconciliation.gouv.ci\/mrcn\/index.php?rest_route=\/wp\/v2\/posts\/7595","targetHints":{"allow":["GET"]}}],"collection":[{"href":"https:\/\/reconciliation.gouv.ci\/mrcn\/index.php?rest_route=\/wp\/v2\/posts"}],"about":[{"href":"https:\/\/reconciliation.gouv.ci\/mrcn\/index.php?rest_route=\/wp\/v2\/types\/post"}],"author":[{"embeddable":true,"href":"https:\/\/reconciliation.gouv.ci\/mrcn\/index.php?rest_route=\/wp\/v2\/users\/1"}],"replies":[{"embeddable":true,"href":"https:\/\/reconciliation.gouv.ci\/mrcn\/index.php?rest_route=%2Fwp%2Fv2%2Fcomments&post=7595"}],"version-history":[{"count":5,"href":"https:\/\/reconciliation.gouv.ci\/mrcn\/index.php?rest_route=\/wp\/v2\/posts\/7595\/revisions"}],"predecessor-version":[{"id":7618,"href":"https:\/\/reconciliation.gouv.ci\/mrcn\/index.php?rest_route=\/wp\/v2\/posts\/7595\/revisions\/7618"}],"wp:featuredmedia":[{"embeddable":true,"href":"https:\/\/reconciliation.gouv.ci\/mrcn\/index.php?rest_route=\/wp\/v2\/media\/7617"}],"wp:attachment":[{"href":"https:\/\/reconciliation.gouv.ci\/mrcn\/index.php?rest_route=%2Fwp%2Fv2%2Fmedia&parent=7595"}],"wp:term":[{"taxonomy":"category","embeddable":true,"href":"https:\/\/reconciliation.gouv.ci\/mrcn\/index.php?rest_route=%2Fwp%2Fv2%2Fcategories&post=7595"},{"taxonomy":"post_tag","embeddable":true,"href":"https:\/\/reconciliation.gouv.ci\/mrcn\/index.php?rest_route=%2Fwp%2Fv2%2Ftags&post=7595"}],"curies":[{"name":"wp","href":"https:\/\/api.w.org\/{rel}","templated":true}]}}