{"id":6875,"date":"2022-08-02T11:49:42","date_gmt":"2022-08-02T09:49:42","guid":{"rendered":"https:\/\/reconciliation.gouv.ci\/mrcn\/?p=6875"},"modified":"2022-08-02T11:49:44","modified_gmt":"2022-08-02T09:49:44","slug":"le-ministre-kouadio-konan-bertin-face-a-la-presse-diplomatique","status":"publish","type":"post","link":"https:\/\/reconciliation.gouv.ci\/mrcn\/?p=6875","title":{"rendered":"Le Ministre KOUADIO Konan Bertin face \u00e0 la Presse Diplomatique"},"content":{"rendered":"<div class=\"pvc_clear\"><\/div><p class=\"pvc_stats total_only \" data-element-id=\"6875\" style=\"\"><i class=\"pvc-stats-icon medium\" aria-hidden=\"true\"><svg aria-hidden=\"true\" focusable=\"false\" data-prefix=\"far\" data-icon=\"chart-bar\" role=\"img\" xmlns=\"http:\/\/www.w3.org\/2000\/svg\" viewBox=\"0 0 512 512\" class=\"svg-inline--fa fa-chart-bar fa-w-16 fa-2x\"><path fill=\"currentColor\" d=\"M396.8 352h22.4c6.4 0 12.8-6.4 12.8-12.8V108.8c0-6.4-6.4-12.8-12.8-12.8h-22.4c-6.4 0-12.8 6.4-12.8 12.8v230.4c0 6.4 6.4 12.8 12.8 12.8zm-192 0h22.4c6.4 0 12.8-6.4 12.8-12.8V140.8c0-6.4-6.4-12.8-12.8-12.8h-22.4c-6.4 0-12.8 6.4-12.8 12.8v198.4c0 6.4 6.4 12.8 12.8 12.8zm96 0h22.4c6.4 0 12.8-6.4 12.8-12.8V204.8c0-6.4-6.4-12.8-12.8-12.8h-22.4c-6.4 0-12.8 6.4-12.8 12.8v134.4c0 6.4 6.4 12.8 12.8 12.8zM496 400H48V80c0-8.84-7.16-16-16-16H16C7.16 64 0 71.16 0 80v336c0 17.67 14.33 32 32 32h464c8.84 0 16-7.16 16-16v-16c0-8.84-7.16-16-16-16zm-387.2-48h22.4c6.4 0 12.8-6.4 12.8-12.8v-70.4c0-6.4-6.4-12.8-12.8-12.8h-22.4c-6.4 0-12.8 6.4-12.8 12.8v70.4c0 6.4 6.4 12.8 12.8 12.8z\" class=\"\"><\/path><\/svg><\/i> &nbsp;1,776&nbsp;vues<\/p><div class=\"pvc_clear\"><\/div>\n<figure class=\"wp-block-image size-large\"><img loading=\"lazy\" decoding=\"async\" width=\"1024\" height=\"683\" src=\"https:\/\/reconciliation.gouv.ci\/mrcn\/wp-content\/uploads\/2022\/08\/KKB-face-a-la-Presse-Diplomatique-3-1024x683.jpg\" alt=\"\" class=\"wp-image-6878\" srcset=\"https:\/\/reconciliation.gouv.ci\/mrcn\/wp-content\/uploads\/2022\/08\/KKB-face-a-la-Presse-Diplomatique-3-1024x683.jpg 1024w, https:\/\/reconciliation.gouv.ci\/mrcn\/wp-content\/uploads\/2022\/08\/KKB-face-a-la-Presse-Diplomatique-3-300x200.jpg 300w, https:\/\/reconciliation.gouv.ci\/mrcn\/wp-content\/uploads\/2022\/08\/KKB-face-a-la-Presse-Diplomatique-3-768x512.jpg 768w, https:\/\/reconciliation.gouv.ci\/mrcn\/wp-content\/uploads\/2022\/08\/KKB-face-a-la-Presse-Diplomatique-3.jpg 1080w\" sizes=\"auto, (max-width: 1024px) 100vw, 1024px\" \/><\/figure>\n\n\n\n<p><strong>LE PROCESSUS DE RECONCILIATION ET DE COHESION NATIONALE AUGURE D\u2019UNE SUITE FAVORABLE ET HEUREUSE POUR LA COTE D\u2019IVOIRE<\/strong><\/p>\n\n\n\n<p><strong>Le Ministre KOUADIO Konan Bertin \u00e9tait face \u00e0 la presse diplomatique et politique ce lundi 01 Ao\u00fbt 2022.<\/strong><\/p>\n\n\n\n<p><strong>Dans cet exercice, le Ministre de la R\u00e9conciliation et de la Coh\u00e9sion Nationale devait r\u00e9pondre \u00e0 la pr\u00e9occupation principale de la presse de savoir s\u2019il fallait croire \u00e0 un d\u00e9nouement heureux du processus de r\u00e9conciliation et de coh\u00e9sion en cours en C\u00f4te d\u2019Ivoire. Chose que le Ministre KOUADIO Konan Bertin n\u2019a pas h\u00e9sit\u00e9 \u00e0 r\u00e9pondre par l\u2019affirmatif apr\u00e8s plus de deux heures d\u2019\u00e9change sur un plateau d\u2019un complexe h\u00f4telier de la place.<\/strong><\/p>\n\n\n\n<p>La conf\u00e9rence inaugurale de la tribune politique a eu pour invit\u00e9 de son plateau de ce jour, le Ministre KOUADIO Konan Bertin, Ministre de la R\u00e9conciliation et de la Coh\u00e9sion Nationale qui \u00e9tait face \u00e0 une trentaine de Journalistes politiques et diplomatiques de diff\u00e9rentes organes nationales et internationales.<\/p>\n\n\n\n<p>Le mode op\u00e9ratoire \u00e9tait ax\u00e9 sur les trois s\u00e9ries de questions. Questions portant essentiellement sur&nbsp;:<\/p>\n\n\n\n<ul class=\"wp-block-list\"><li>La vision de l\u2019invit\u00e9 du jour sur la question de la r\u00e9conciliation et de la coh\u00e9sion et sa recette pour une r\u00e9conciliation v\u00e9ritable,<\/li><li>Les exil\u00e9s encore \u00e0 l\u2019ext\u00e9rieur, principalement le cas de BLE Goud\u00e9 et SORO Guillaume,<\/li><li>Les prisonniers politiques et militaires<\/li><\/ul>\n\n\n\n<p>Pour le Ministre de la R\u00e9conciliation et de la Coh\u00e9sion Nationale, la r\u00e9conciliation requiert l\u2019implication de tous y compris la classe politique ivoirienne.<\/p>\n\n\n\n<p>Le film institutionnel projet\u00e9 et qui a retrac\u00e9 les actions du Ministre depuis sa nomination t\u00e9moigne du caract\u00e8re inclusif du processus comme voulu par le Chef de l\u2019Etat, premier architecte de la r\u00e9conciliation.<\/p>\n\n\n\n<p>Pour le Ministre KOUADIO Konan Bertin, nous devons saisir la main tendue du Pr\u00e9sident de la r\u00e9publique qui nous offre la chance d\u2019\u00eatre dans cette disposition \u00e0 aller \u00e0 la r\u00e9conciliation et \u00e0 la paix.<\/p>\n\n\n\n<p>Celui qui se consid\u00e8re comme simple acteur de cette r\u00e9conciliation au m\u00eame titre que tous les autres membres du gouvernement aupr\u00e8s du chef de l\u2019Etat a durant toute son intervention rassur\u00e9 l\u2019assistance du succ\u00e8s dont sera couronn\u00e9 ce processus.<\/p>\n\n\n\n<p>Il a invit\u00e9 les ivoiriens et la C\u00f4te d\u2019Ivoire enti\u00e8re \u00e0 emboiter le pas aux trois grands qui se sont rencontr\u00e9s dans l\u2019int\u00e9r\u00eat de leur peuple.<\/p>\n\n\n\n<p>Le Ministre KOUADIO Konan Bertin a exprim\u00e9 sa d\u00e9termination \u00e0 r\u00e9ussir cette mission.<\/p>\n\n\n\n<p>Les exil\u00e9s qui sont une minorit\u00e9 sont en voie de regagner la C\u00f4te d\u2019Ivoire. Les dispositions sont en train d\u2019\u00eatre prises au vu de la p\u00e9riode de gr\u00e2ce faisant suite \u00e0 la clause de fin de statut de r\u00e9fugier ivoirien fix\u00e9e au 30 Juin dernier.<\/p>\n\n\n\n<p>En r\u00e9ponse \u00e0 la question du Journaliste du quotidien \u2018\u2019 l\u2019Expression\u2019\u2019, le pacte social est effectivement en train d\u2019\u00eatre retiss\u00e9 selon le Ministre KOUADIO Konan Bertin et la question des prisonniers militaires aura un d\u00e9nouement \u00e0 la fa\u00e7on militaire.<\/p>\n\n\n\n<p>Concernant le cas Bl\u00e9 GOUDE, il est un secret de polichinelle que Charles BLE GOUDE a obtenu son passeport et mieux, de la fa\u00e7on la plus \u00e9l\u00e9gante&nbsp;: des mains du Chef de Cabinet du Pr\u00e9sident de la R\u00e9publique.<\/p>\n\n\n\n<p>Le cas de SORO Guillaume est vu selon la tradition africaine&nbsp;:<\/p>\n\n\n\n<ul class=\"wp-block-list\"><li>Laurent GBAGBO est le p\u00e8re de Charles Bl\u00e9 GOUDE<\/li><li>Henry Konan BEDIE est mon p\u00e8re et<\/li><li>Alassane OUATTARA est le p\u00e8re de SORO Guillaume.<\/li><\/ul>\n\n\n\n<p>Aucun de nous ne peut avoir raison face \u00e0 son p\u00e8re. Donc, il revient \u00e0 SORO Guillaume de garder le profil bas et de regagner la maison de son p\u00e8re. Tout autre conseil serait le conduire sur le mauvais chemin. Il est mon ami, je ne peux que lui dire ce qui est bon pour lui.<\/p>\n\n\n\n<p>En somme, soyons optimiste sur la question de la r\u00e9conciliation, de la paix et de la coh\u00e9sion.<\/p>\n\n\n\n<p>Vous, hommes de media et nous hommes politiques avons le devoir de recr\u00e9er ce climat de paix et de coh\u00e9sion en C\u00f4te d\u2019Ivoire.<\/p>\n\n\n\n<p>Les trois dinosaures de la politique ivoirienne n\u2019ont d\u2019autre choix que de mettre \u00e0 profit le temps qui leur reste pour donner le bonheur aux ivoiriens.<\/p>\n\n\n\n<div class=\"wp-block-columns is-layout-flex wp-container-core-columns-is-layout-9d6595d7 wp-block-columns-is-layout-flex\">\n<div class=\"wp-block-column is-layout-flow wp-block-column-is-layout-flow\">\n<figure class=\"wp-block-image size-large\"><img loading=\"lazy\" decoding=\"async\" width=\"1024\" height=\"685\" src=\"https:\/\/reconciliation.gouv.ci\/mrcn\/wp-content\/uploads\/2022\/08\/KKB-face-a-la-Presse-Diplomatique-2Bis-1-1024x685.jpg\" alt=\"\" class=\"wp-image-6894\" srcset=\"https:\/\/reconciliation.gouv.ci\/mrcn\/wp-content\/uploads\/2022\/08\/KKB-face-a-la-Presse-Diplomatique-2Bis-1-1024x685.jpg 1024w, https:\/\/reconciliation.gouv.ci\/mrcn\/wp-content\/uploads\/2022\/08\/KKB-face-a-la-Presse-Diplomatique-2Bis-1-300x201.jpg 300w, https:\/\/reconciliation.gouv.ci\/mrcn\/wp-content\/uploads\/2022\/08\/KKB-face-a-la-Presse-Diplomatique-2Bis-1-768x513.jpg 768w, https:\/\/reconciliation.gouv.ci\/mrcn\/wp-content\/uploads\/2022\/08\/KKB-face-a-la-Presse-Diplomatique-2Bis-1.jpg 1080w\" sizes=\"auto, (max-width: 1024px) 100vw, 1024px\" \/><\/figure>\n<\/div>\n\n\n\n<div class=\"wp-block-column is-layout-flow wp-block-column-is-layout-flow\">\n<figure class=\"wp-block-image size-large\"><img loading=\"lazy\" decoding=\"async\" width=\"1024\" height=\"692\" src=\"https:\/\/reconciliation.gouv.ci\/mrcn\/wp-content\/uploads\/2022\/08\/KKB-face-a-la-Presse-Diplomatique-9-1024x692.jpg\" alt=\"\" class=\"wp-image-6884\" srcset=\"https:\/\/reconciliation.gouv.ci\/mrcn\/wp-content\/uploads\/2022\/08\/KKB-face-a-la-Presse-Diplomatique-9-1024x692.jpg 1024w, https:\/\/reconciliation.gouv.ci\/mrcn\/wp-content\/uploads\/2022\/08\/KKB-face-a-la-Presse-Diplomatique-9-300x203.jpg 300w, https:\/\/reconciliation.gouv.ci\/mrcn\/wp-content\/uploads\/2022\/08\/KKB-face-a-la-Presse-Diplomatique-9-768x519.jpg 768w, https:\/\/reconciliation.gouv.ci\/mrcn\/wp-content\/uploads\/2022\/08\/KKB-face-a-la-Presse-Diplomatique-9.jpg 1080w\" sizes=\"auto, (max-width: 1024px) 100vw, 1024px\" \/><\/figure>\n<\/div>\n\n\n\n<div class=\"wp-block-column is-layout-flow wp-block-column-is-layout-flow\">\n<figure class=\"wp-block-image size-large\"><img loading=\"lazy\" decoding=\"async\" width=\"1024\" height=\"683\" src=\"https:\/\/reconciliation.gouv.ci\/mrcn\/wp-content\/uploads\/2022\/08\/KKB-face-a-la-Presse-Diplomatique-1-1024x683.jpg\" alt=\"\" class=\"wp-image-6876\" srcset=\"https:\/\/reconciliation.gouv.ci\/mrcn\/wp-content\/uploads\/2022\/08\/KKB-face-a-la-Presse-Diplomatique-1-1024x683.jpg 1024w, https:\/\/reconciliation.gouv.ci\/mrcn\/wp-content\/uploads\/2022\/08\/KKB-face-a-la-Presse-Diplomatique-1-300x200.jpg 300w, https:\/\/reconciliation.gouv.ci\/mrcn\/wp-content\/uploads\/2022\/08\/KKB-face-a-la-Presse-Diplomatique-1-768x512.jpg 768w, https:\/\/reconciliation.gouv.ci\/mrcn\/wp-content\/uploads\/2022\/08\/KKB-face-a-la-Presse-Diplomatique-1.jpg 1080w\" sizes=\"auto, (max-width: 1024px) 100vw, 1024px\" \/><\/figure>\n<\/div>\n<\/div>\n\n\n\n<div class=\"wp-block-columns is-layout-flex wp-container-core-columns-is-layout-9d6595d7 wp-block-columns-is-layout-flex\">\n<div class=\"wp-block-column is-layout-flow wp-block-column-is-layout-flow\">\n<figure class=\"wp-block-image size-large\"><img loading=\"lazy\" decoding=\"async\" width=\"683\" height=\"1024\" src=\"https:\/\/reconciliation.gouv.ci\/mrcn\/wp-content\/uploads\/2022\/08\/KKB-face-a-la-Presse-Diplomatique-11-683x1024.jpg\" alt=\"\" class=\"wp-image-6886\" srcset=\"https:\/\/reconciliation.gouv.ci\/mrcn\/wp-content\/uploads\/2022\/08\/KKB-face-a-la-Presse-Diplomatique-11-683x1024.jpg 683w, https:\/\/reconciliation.gouv.ci\/mrcn\/wp-content\/uploads\/2022\/08\/KKB-face-a-la-Presse-Diplomatique-11-200x300.jpg 200w, https:\/\/reconciliation.gouv.ci\/mrcn\/wp-content\/uploads\/2022\/08\/KKB-face-a-la-Presse-Diplomatique-11.jpg 720w\" sizes=\"auto, (max-width: 683px) 100vw, 683px\" \/><\/figure>\n<\/div>\n\n\n\n<div class=\"wp-block-column is-layout-flow wp-block-column-is-layout-flow\">\n<figure class=\"wp-block-image size-large\"><img loading=\"lazy\" decoding=\"async\" width=\"683\" height=\"1024\" src=\"https:\/\/reconciliation.gouv.ci\/mrcn\/wp-content\/uploads\/2022\/08\/KKB-face-a-la-Presse-Diplomatique-7-683x1024.jpg\" alt=\"\" class=\"wp-image-6882\" srcset=\"https:\/\/reconciliation.gouv.ci\/mrcn\/wp-content\/uploads\/2022\/08\/KKB-face-a-la-Presse-Diplomatique-7-683x1024.jpg 683w, https:\/\/reconciliation.gouv.ci\/mrcn\/wp-content\/uploads\/2022\/08\/KKB-face-a-la-Presse-Diplomatique-7-200x300.jpg 200w, https:\/\/reconciliation.gouv.ci\/mrcn\/wp-content\/uploads\/2022\/08\/KKB-face-a-la-Presse-Diplomatique-7.jpg 720w\" sizes=\"auto, (max-width: 683px) 100vw, 683px\" \/><\/figure>\n<\/div>\n\n\n\n<div class=\"wp-block-column is-layout-flow wp-block-column-is-layout-flow\">\n<figure class=\"wp-block-image size-large\"><img loading=\"lazy\" decoding=\"async\" width=\"1024\" height=\"683\" src=\"https:\/\/reconciliation.gouv.ci\/mrcn\/wp-content\/uploads\/2022\/08\/KKB-face-a-la-Presse-Diplomatique-12-1024x683.jpg\" alt=\"\" class=\"wp-image-6887\" srcset=\"https:\/\/reconciliation.gouv.ci\/mrcn\/wp-content\/uploads\/2022\/08\/KKB-face-a-la-Presse-Diplomatique-12-1024x683.jpg 1024w, https:\/\/reconciliation.gouv.ci\/mrcn\/wp-content\/uploads\/2022\/08\/KKB-face-a-la-Presse-Diplomatique-12-300x200.jpg 300w, https:\/\/reconciliation.gouv.ci\/mrcn\/wp-content\/uploads\/2022\/08\/KKB-face-a-la-Presse-Diplomatique-12-768x512.jpg 768w, https:\/\/reconciliation.gouv.ci\/mrcn\/wp-content\/uploads\/2022\/08\/KKB-face-a-la-Presse-Diplomatique-12.jpg 1080w\" sizes=\"auto, (max-width: 1024px) 100vw, 1024px\" \/><\/figure>\n\n\n\n<figure class=\"wp-block-image size-large\"><img loading=\"lazy\" decoding=\"async\" width=\"1024\" height=\"683\" src=\"https:\/\/reconciliation.gouv.ci\/mrcn\/wp-content\/uploads\/2022\/08\/KKB-face-a-la-Presse-Diplomatique-13-1024x683.jpg\" alt=\"\" class=\"wp-image-6888\" srcset=\"https:\/\/reconciliation.gouv.ci\/mrcn\/wp-content\/uploads\/2022\/08\/KKB-face-a-la-Presse-Diplomatique-13-1024x683.jpg 1024w, https:\/\/reconciliation.gouv.ci\/mrcn\/wp-content\/uploads\/2022\/08\/KKB-face-a-la-Presse-Diplomatique-13-300x200.jpg 300w, https:\/\/reconciliation.gouv.ci\/mrcn\/wp-content\/uploads\/2022\/08\/KKB-face-a-la-Presse-Diplomatique-13-768x512.jpg 768w, https:\/\/reconciliation.gouv.ci\/mrcn\/wp-content\/uploads\/2022\/08\/KKB-face-a-la-Presse-Diplomatique-13.jpg 1080w\" sizes=\"auto, (max-width: 1024px) 100vw, 1024px\" \/><\/figure>\n\n\n\n<p><\/p>\n<\/div>\n<\/div>\n\n\n\n<div class=\"wp-block-columns is-layout-flex wp-container-core-columns-is-layout-9d6595d7 wp-block-columns-is-layout-flex\">\n<div class=\"wp-block-column is-layout-flow wp-block-column-is-layout-flow\">\n<figure class=\"wp-block-image size-large\"><img loading=\"lazy\" decoding=\"async\" width=\"1024\" height=\"683\" src=\"https:\/\/reconciliation.gouv.ci\/mrcn\/wp-content\/uploads\/2022\/08\/KKB-face-a-la-Presse-Diplomatique-15-1024x683.jpg\" alt=\"\" class=\"wp-image-6890\" srcset=\"https:\/\/reconciliation.gouv.ci\/mrcn\/wp-content\/uploads\/2022\/08\/KKB-face-a-la-Presse-Diplomatique-15-1024x683.jpg 1024w, https:\/\/reconciliation.gouv.ci\/mrcn\/wp-content\/uploads\/2022\/08\/KKB-face-a-la-Presse-Diplomatique-15-300x200.jpg 300w, https:\/\/reconciliation.gouv.ci\/mrcn\/wp-content\/uploads\/2022\/08\/KKB-face-a-la-Presse-Diplomatique-15-768x512.jpg 768w, https:\/\/reconciliation.gouv.ci\/mrcn\/wp-content\/uploads\/2022\/08\/KKB-face-a-la-Presse-Diplomatique-15.jpg 1080w\" sizes=\"auto, (max-width: 1024px) 100vw, 1024px\" \/><\/figure>\n<\/div>\n\n\n\n<div class=\"wp-block-column is-layout-flow wp-block-column-is-layout-flow\">\n<figure class=\"wp-block-image size-large\"><img loading=\"lazy\" decoding=\"async\" width=\"1024\" height=\"683\" src=\"https:\/\/reconciliation.gouv.ci\/mrcn\/wp-content\/uploads\/2022\/08\/KKB-face-a-la-Presse-Diplomatique-5-1024x683.jpg\" alt=\"\" class=\"wp-image-6880\" srcset=\"https:\/\/reconciliation.gouv.ci\/mrcn\/wp-content\/uploads\/2022\/08\/KKB-face-a-la-Presse-Diplomatique-5-1024x683.jpg 1024w, https:\/\/reconciliation.gouv.ci\/mrcn\/wp-content\/uploads\/2022\/08\/KKB-face-a-la-Presse-Diplomatique-5-300x200.jpg 300w, https:\/\/reconciliation.gouv.ci\/mrcn\/wp-content\/uploads\/2022\/08\/KKB-face-a-la-Presse-Diplomatique-5-768x512.jpg 768w, https:\/\/reconciliation.gouv.ci\/mrcn\/wp-content\/uploads\/2022\/08\/KKB-face-a-la-Presse-Diplomatique-5.jpg 1080w\" sizes=\"auto, (max-width: 1024px) 100vw, 1024px\" \/><\/figure>\n<\/div>\n\n\n\n<div class=\"wp-block-column is-layout-flow wp-block-column-is-layout-flow\">\n<figure class=\"wp-block-image size-large\"><img loading=\"lazy\" decoding=\"async\" width=\"1024\" height=\"704\" src=\"https:\/\/reconciliation.gouv.ci\/mrcn\/wp-content\/uploads\/2022\/08\/KKB-face-a-la-Presse-Diplomatique-14-1024x704.jpg\" alt=\"\" class=\"wp-image-6889\" srcset=\"https:\/\/reconciliation.gouv.ci\/mrcn\/wp-content\/uploads\/2022\/08\/KKB-face-a-la-Presse-Diplomatique-14-1024x704.jpg 1024w, https:\/\/reconciliation.gouv.ci\/mrcn\/wp-content\/uploads\/2022\/08\/KKB-face-a-la-Presse-Diplomatique-14-300x206.jpg 300w, https:\/\/reconciliation.gouv.ci\/mrcn\/wp-content\/uploads\/2022\/08\/KKB-face-a-la-Presse-Diplomatique-14-768x528.jpg 768w, https:\/\/reconciliation.gouv.ci\/mrcn\/wp-content\/uploads\/2022\/08\/KKB-face-a-la-Presse-Diplomatique-14.jpg 1074w\" sizes=\"auto, (max-width: 1024px) 100vw, 1024px\" \/><\/figure>\n<\/div>\n<\/div>\n","protected":false},"excerpt":{"rendered":"<div class=\"pvc_clear\"><\/div>\n<p class=\"pvc_stats total_only \" data-element-id=\"6875\" style=\"\"><i class=\"pvc-stats-icon medium\" aria-hidden=\"true\"><svg aria-hidden=\"true\" focusable=\"false\" data-prefix=\"far\" data-icon=\"chart-bar\" role=\"img\" xmlns=\"http:\/\/www.w3.org\/2000\/svg\" viewBox=\"0 0 512 512\" class=\"svg-inline--fa fa-chart-bar fa-w-16 fa-2x\"><path fill=\"currentColor\" d=\"M396.8 352h22.4c6.4 0 12.8-6.4 12.8-12.8V108.8c0-6.4-6.4-12.8-12.8-12.8h-22.4c-6.4 0-12.8 6.4-12.8 12.8v230.4c0 6.4 6.4 12.8 12.8 12.8zm-192 0h22.4c6.4 0 12.8-6.4 12.8-12.8V140.8c0-6.4-6.4-12.8-12.8-12.8h-22.4c-6.4 0-12.8 6.4-12.8 12.8v198.4c0 6.4 6.4 12.8 12.8 12.8zm96 0h22.4c6.4 0 12.8-6.4 12.8-12.8V204.8c0-6.4-6.4-12.8-12.8-12.8h-22.4c-6.4 0-12.8 6.4-12.8 12.8v134.4c0 6.4 6.4 12.8 12.8 12.8zM496 400H48V80c0-8.84-7.16-16-16-16H16C7.16 64 0 71.16 0 80v336c0 17.67 14.33 32 32 32h464c8.84 0 16-7.16 16-16v-16c0-8.84-7.16-16-16-16zm-387.2-48h22.4c6.4 0 12.8-6.4 12.8-12.8v-70.4c0-6.4-6.4-12.8-12.8-12.8h-22.4c-6.4 0-12.8 6.4-12.8 12.8v70.4c0 6.4 6.4 12.8 12.8 12.8z\" class=\"\"><\/path><\/svg><\/i> &nbsp;1,776&nbsp;vues<\/p>\n<div class=\"pvc_clear\"><\/div>\n<p>&nbsp;1,776&nbsp;vues LE PROCESSUS DE RECONCILIATION ET DE COHESION NATIONALE AUGURE D\u2019UNE SUITE FAVORABLE ET HEUREUSE POUR LA COTE D\u2019IVOIRE Le Ministre KOUADIO Konan Bertin \u00e9tait face \u00e0 la presse diplomatique et politique ce lundi 01 Ao\u00fbt 2022. Dans cet exercice, le Ministre de la R\u00e9conciliation et de<\/p>\n","protected":false},"author":1,"featured_media":6878,"comment_status":"closed","ping_status":"open","sticky":false,"template":"","format":"standard","meta":{"footnotes":""},"categories":[39],"tags":[],"class_list":["post-6875","post","type-post","status-publish","format-standard","has-post-thumbnail","hentry","category-activites-ministere-slider"],"_links":{"self":[{"href":"https:\/\/reconciliation.gouv.ci\/mrcn\/index.php?rest_route=\/wp\/v2\/posts\/6875","targetHints":{"allow":["GET"]}}],"collection":[{"href":"https:\/\/reconciliation.gouv.ci\/mrcn\/index.php?rest_route=\/wp\/v2\/posts"}],"about":[{"href":"https:\/\/reconciliation.gouv.ci\/mrcn\/index.php?rest_route=\/wp\/v2\/types\/post"}],"author":[{"embeddable":true,"href":"https:\/\/reconciliation.gouv.ci\/mrcn\/index.php?rest_route=\/wp\/v2\/users\/1"}],"replies":[{"embeddable":true,"href":"https:\/\/reconciliation.gouv.ci\/mrcn\/index.php?rest_route=%2Fwp%2Fv2%2Fcomments&post=6875"}],"version-history":[{"count":2,"href":"https:\/\/reconciliation.gouv.ci\/mrcn\/index.php?rest_route=\/wp\/v2\/posts\/6875\/revisions"}],"predecessor-version":[{"id":6896,"href":"https:\/\/reconciliation.gouv.ci\/mrcn\/index.php?rest_route=\/wp\/v2\/posts\/6875\/revisions\/6896"}],"wp:featuredmedia":[{"embeddable":true,"href":"https:\/\/reconciliation.gouv.ci\/mrcn\/index.php?rest_route=\/wp\/v2\/media\/6878"}],"wp:attachment":[{"href":"https:\/\/reconciliation.gouv.ci\/mrcn\/index.php?rest_route=%2Fwp%2Fv2%2Fmedia&parent=6875"}],"wp:term":[{"taxonomy":"category","embeddable":true,"href":"https:\/\/reconciliation.gouv.ci\/mrcn\/index.php?rest_route=%2Fwp%2Fv2%2Fcategories&post=6875"},{"taxonomy":"post_tag","embeddable":true,"href":"https:\/\/reconciliation.gouv.ci\/mrcn\/index.php?rest_route=%2Fwp%2Fv2%2Ftags&post=6875"}],"curies":[{"name":"wp","href":"https:\/\/api.w.org\/{rel}","templated":true}]}}