{"id":6830,"date":"2022-07-29T12:24:00","date_gmt":"2022-07-29T10:24:00","guid":{"rendered":"https:\/\/reconciliation.gouv.ci\/mrcn\/?p=6830"},"modified":"2022-07-29T12:24:01","modified_gmt":"2022-07-29T10:24:01","slug":"5eme-edition-du-dialogue-inter-religieux-en-cote-divoire-remise-des-actes-au-ministre-kouadio-konan-bertin","status":"publish","type":"post","link":"https:\/\/reconciliation.gouv.ci\/mrcn\/?p=6830","title":{"rendered":"5\u00e8me \u00e9dition du dialogue inter religieux en C\u00f4te d\u2019Ivoire\u00a0: Remise des actes au Ministre KOUADIO Konan Bertin"},"content":{"rendered":"<div class=\"pvc_clear\"><\/div><p class=\"pvc_stats total_only \" data-element-id=\"6830\" style=\"\"><i class=\"pvc-stats-icon medium\" aria-hidden=\"true\"><svg aria-hidden=\"true\" focusable=\"false\" data-prefix=\"far\" data-icon=\"chart-bar\" role=\"img\" xmlns=\"http:\/\/www.w3.org\/2000\/svg\" viewBox=\"0 0 512 512\" class=\"svg-inline--fa fa-chart-bar fa-w-16 fa-2x\"><path fill=\"currentColor\" d=\"M396.8 352h22.4c6.4 0 12.8-6.4 12.8-12.8V108.8c0-6.4-6.4-12.8-12.8-12.8h-22.4c-6.4 0-12.8 6.4-12.8 12.8v230.4c0 6.4 6.4 12.8 12.8 12.8zm-192 0h22.4c6.4 0 12.8-6.4 12.8-12.8V140.8c0-6.4-6.4-12.8-12.8-12.8h-22.4c-6.4 0-12.8 6.4-12.8 12.8v198.4c0 6.4 6.4 12.8 12.8 12.8zm96 0h22.4c6.4 0 12.8-6.4 12.8-12.8V204.8c0-6.4-6.4-12.8-12.8-12.8h-22.4c-6.4 0-12.8 6.4-12.8 12.8v134.4c0 6.4 6.4 12.8 12.8 12.8zM496 400H48V80c0-8.84-7.16-16-16-16H16C7.16 64 0 71.16 0 80v336c0 17.67 14.33 32 32 32h464c8.84 0 16-7.16 16-16v-16c0-8.84-7.16-16-16-16zm-387.2-48h22.4c6.4 0 12.8-6.4 12.8-12.8v-70.4c0-6.4-6.4-12.8-12.8-12.8h-22.4c-6.4 0-12.8 6.4-12.8 12.8v70.4c0 6.4 6.4 12.8 12.8 12.8z\" class=\"\"><\/path><\/svg><\/i> &nbsp;2,622&nbsp;vues<\/p><div class=\"pvc_clear\"><\/div>\n<figure class=\"wp-block-image size-full\"><img loading=\"lazy\" decoding=\"async\" width=\"984\" height=\"615\" src=\"https:\/\/reconciliation.gouv.ci\/mrcn\/wp-content\/uploads\/2022\/07\/5eme-edition-du-dialogue-inter-religieux-1-edited.jpeg\" alt=\"\" class=\"wp-image-6841\" srcset=\"https:\/\/reconciliation.gouv.ci\/mrcn\/wp-content\/uploads\/2022\/07\/5eme-edition-du-dialogue-inter-religieux-1-edited.jpeg 984w, https:\/\/reconciliation.gouv.ci\/mrcn\/wp-content\/uploads\/2022\/07\/5eme-edition-du-dialogue-inter-religieux-1-edited-300x188.jpeg 300w, https:\/\/reconciliation.gouv.ci\/mrcn\/wp-content\/uploads\/2022\/07\/5eme-edition-du-dialogue-inter-religieux-1-edited-768x480.jpeg 768w\" sizes=\"auto, (max-width: 984px) 100vw, 984px\" \/><\/figure>\n\n\n\n<p><strong>L\u2019Ambassade d\u2019Isra\u00ebl, la Fondation Allemande Konrad- Adenauer et le Centre de Recherche Politique d\u2019Abidjan Co organisateurs du dialogue inter religieux sont venus pr\u00e9senter les actes de la 5\u00e8me \u00e9dition du dialogue inter religieux au Ministre de la R\u00e9conciliation et de la Coh\u00e9sion Nationale ce mercredi 27 Juillet 2022.<\/strong><\/p>\n\n\n\n<p><strong>Les diff\u00e9rentes parties ont exprim\u00e9 leur reconnaissance au Ministre de la R\u00e9conciliation et de la Coh\u00e9sion Nationale pour sa participation active \u00e0 cette 5\u00e8me \u00e9dition. Ils se sont engag\u00e9s \u00e0 renforcer leur collaboration avec le Ministre afin d\u2019une culture d\u00e9mocratique effective en C\u00f4te d\u2019Ivoire.<\/strong><\/p>\n\n\n\n<p>Ce sont trois partenaires engag\u00e9s dans l\u2019organisation du dialogue inter religieux chaque ann\u00e9e en C\u00f4te d\u2019Ivoire qui ont tenu \u00e0 exprimer leur reconnaissance au Ministre KOUADIO Konan Bertin pour sa forte participation \u00e0 cette 5\u00e8me \u00e9dition de cet important \u00e9v\u00e8nement qui a eu lieu cette ann\u00e9e les 8 et 9 Mars derniers dans un complexe H\u00f4telier de la Place.<\/p>\n\n\n\n<p>Le Centre de Recherche Politique d\u2019Abidjan, la Fondation Allemande Konrad et l\u2019Ambassade d\u2019Isra\u00ebl en C\u00f4te d\u2019Ivoire, tous repr\u00e9sent\u00e9s au plus haut niveau ont pr\u00e9sent\u00e9 les diff\u00e9rents actes de cette 5\u00e8me \u00e9dition au Ministre de la R\u00e9conciliation et de la Coh\u00e9sion Nationale.<\/p>\n\n\n\n<p>Geste symbolique permettant de renforcer la coop\u00e9ration entre la C\u00f4te d\u2019Ivoire et ces diff\u00e9rents partenaires. Le renforcement de la d\u00e9mocratie, du dialogue, du processus de r\u00e9conciliation a davantage pr\u00e9occup\u00e9 les participants \u00e0 cette rencontre.<\/p>\n\n\n\n<p>Le Ministre KOUADIO Konan Bertin a salu\u00e9 cette volont\u00e9 de collaboration de ses H\u00f4tes qu\u2019il appr\u00e9cie&nbsp;\u00ab&nbsp;nous avons du chemin \u00e0 parcourir ensemble pour une culture d\u00e9mocratique en C\u00f4te d\u2019Ivoire&nbsp;\u00bb<\/p>\n\n\n\n<p>Pour le Ministre de la r\u00e9conciliation cette coop\u00e9ration vient \u00e0 point nomm\u00e9. La culture d\u00e9mocratique doit \u00eatre une pr\u00e9occupation pour la C\u00f4te d\u2019Ivoire qui avance surement sur le chemin devant aboutir \u00e0 la r\u00e9conciliation effective.\u00a0 \u00a0\u00a0<\/p>\n\n\n\n<div class=\"wp-block-columns is-layout-flex wp-container-core-columns-is-layout-9d6595d7 wp-block-columns-is-layout-flex\">\n<div class=\"wp-block-column is-layout-flow wp-block-column-is-layout-flow\">\n<figure class=\"wp-block-image size-full\"><img loading=\"lazy\" decoding=\"async\" width=\"984\" height=\"656\" src=\"https:\/\/reconciliation.gouv.ci\/mrcn\/wp-content\/uploads\/2022\/07\/5eme-edition-du-dialogue-inter-religieux-7.jpeg\" alt=\"\" class=\"wp-image-6840\" srcset=\"https:\/\/reconciliation.gouv.ci\/mrcn\/wp-content\/uploads\/2022\/07\/5eme-edition-du-dialogue-inter-religieux-7.jpeg 984w, https:\/\/reconciliation.gouv.ci\/mrcn\/wp-content\/uploads\/2022\/07\/5eme-edition-du-dialogue-inter-religieux-7-300x200.jpeg 300w, https:\/\/reconciliation.gouv.ci\/mrcn\/wp-content\/uploads\/2022\/07\/5eme-edition-du-dialogue-inter-religieux-7-768x512.jpeg 768w\" sizes=\"auto, (max-width: 984px) 100vw, 984px\" \/><\/figure>\n<\/div>\n\n\n\n<div class=\"wp-block-column is-layout-flow wp-block-column-is-layout-flow\">\n<figure class=\"wp-block-image size-full\"><img loading=\"lazy\" decoding=\"async\" width=\"984\" height=\"656\" src=\"https:\/\/reconciliation.gouv.ci\/mrcn\/wp-content\/uploads\/2022\/07\/5eme-edition-du-dialogue-inter-religieux-5.jpeg\" alt=\"\" class=\"wp-image-6838\" srcset=\"https:\/\/reconciliation.gouv.ci\/mrcn\/wp-content\/uploads\/2022\/07\/5eme-edition-du-dialogue-inter-religieux-5.jpeg 984w, https:\/\/reconciliation.gouv.ci\/mrcn\/wp-content\/uploads\/2022\/07\/5eme-edition-du-dialogue-inter-religieux-5-300x200.jpeg 300w, https:\/\/reconciliation.gouv.ci\/mrcn\/wp-content\/uploads\/2022\/07\/5eme-edition-du-dialogue-inter-religieux-5-768x512.jpeg 768w\" sizes=\"auto, (max-width: 984px) 100vw, 984px\" \/><\/figure>\n<\/div>\n\n\n\n<div class=\"wp-block-column is-layout-flow wp-block-column-is-layout-flow\">\n<figure class=\"wp-block-image size-full\"><img loading=\"lazy\" decoding=\"async\" width=\"984\" height=\"656\" src=\"https:\/\/reconciliation.gouv.ci\/mrcn\/wp-content\/uploads\/2022\/07\/5eme-edition-du-dialogue-inter-religieux-10.jpeg\" alt=\"\" class=\"wp-image-6833\" srcset=\"https:\/\/reconciliation.gouv.ci\/mrcn\/wp-content\/uploads\/2022\/07\/5eme-edition-du-dialogue-inter-religieux-10.jpeg 984w, https:\/\/reconciliation.gouv.ci\/mrcn\/wp-content\/uploads\/2022\/07\/5eme-edition-du-dialogue-inter-religieux-10-300x200.jpeg 300w, https:\/\/reconciliation.gouv.ci\/mrcn\/wp-content\/uploads\/2022\/07\/5eme-edition-du-dialogue-inter-religieux-10-768x512.jpeg 768w\" sizes=\"auto, (max-width: 984px) 100vw, 984px\" \/><\/figure>\n<\/div>\n<\/div>\n\n\n\n<div class=\"wp-block-columns is-layout-flex wp-container-core-columns-is-layout-9d6595d7 wp-block-columns-is-layout-flex\">\n<div class=\"wp-block-column is-layout-flow wp-block-column-is-layout-flow\">\n<figure class=\"wp-block-image size-full\"><img loading=\"lazy\" decoding=\"async\" width=\"984\" height=\"656\" src=\"https:\/\/reconciliation.gouv.ci\/mrcn\/wp-content\/uploads\/2022\/07\/5eme-edition-du-dialogue-inter-religieux-8.jpeg\" alt=\"\" class=\"wp-image-6831\" srcset=\"https:\/\/reconciliation.gouv.ci\/mrcn\/wp-content\/uploads\/2022\/07\/5eme-edition-du-dialogue-inter-religieux-8.jpeg 984w, https:\/\/reconciliation.gouv.ci\/mrcn\/wp-content\/uploads\/2022\/07\/5eme-edition-du-dialogue-inter-religieux-8-300x200.jpeg 300w, https:\/\/reconciliation.gouv.ci\/mrcn\/wp-content\/uploads\/2022\/07\/5eme-edition-du-dialogue-inter-religieux-8-768x512.jpeg 768w\" sizes=\"auto, (max-width: 984px) 100vw, 984px\" \/><\/figure>\n<\/div>\n\n\n\n<div class=\"wp-block-column is-layout-flow wp-block-column-is-layout-flow\">\n<figure class=\"wp-block-image size-full\"><img loading=\"lazy\" decoding=\"async\" width=\"984\" height=\"656\" src=\"https:\/\/reconciliation.gouv.ci\/mrcn\/wp-content\/uploads\/2022\/07\/5eme-edition-du-dialogue-inter-religieux-6.jpeg\" alt=\"\" class=\"wp-image-6839\" srcset=\"https:\/\/reconciliation.gouv.ci\/mrcn\/wp-content\/uploads\/2022\/07\/5eme-edition-du-dialogue-inter-religieux-6.jpeg 984w, https:\/\/reconciliation.gouv.ci\/mrcn\/wp-content\/uploads\/2022\/07\/5eme-edition-du-dialogue-inter-religieux-6-300x200.jpeg 300w, https:\/\/reconciliation.gouv.ci\/mrcn\/wp-content\/uploads\/2022\/07\/5eme-edition-du-dialogue-inter-religieux-6-768x512.jpeg 768w\" sizes=\"auto, (max-width: 984px) 100vw, 984px\" \/><\/figure>\n<\/div>\n\n\n\n<div class=\"wp-block-column is-layout-flow wp-block-column-is-layout-flow\">\n<figure class=\"wp-block-image size-full\"><img loading=\"lazy\" decoding=\"async\" width=\"984\" height=\"656\" src=\"https:\/\/reconciliation.gouv.ci\/mrcn\/wp-content\/uploads\/2022\/07\/5eme-edition-du-dialogue-inter-religieux-3.jpeg\" alt=\"\" class=\"wp-image-6836\" srcset=\"https:\/\/reconciliation.gouv.ci\/mrcn\/wp-content\/uploads\/2022\/07\/5eme-edition-du-dialogue-inter-religieux-3.jpeg 984w, https:\/\/reconciliation.gouv.ci\/mrcn\/wp-content\/uploads\/2022\/07\/5eme-edition-du-dialogue-inter-religieux-3-300x200.jpeg 300w, https:\/\/reconciliation.gouv.ci\/mrcn\/wp-content\/uploads\/2022\/07\/5eme-edition-du-dialogue-inter-religieux-3-768x512.jpeg 768w\" sizes=\"auto, (max-width: 984px) 100vw, 984px\" \/><\/figure>\n<\/div>\n<\/div>\n\n\n\n<div class=\"wp-block-columns is-layout-flex wp-container-core-columns-is-layout-9d6595d7 wp-block-columns-is-layout-flex\">\n<div class=\"wp-block-column is-layout-flow wp-block-column-is-layout-flow\">\n<figure class=\"wp-block-image size-full\"><img loading=\"lazy\" decoding=\"async\" width=\"984\" height=\"656\" src=\"https:\/\/reconciliation.gouv.ci\/mrcn\/wp-content\/uploads\/2022\/07\/5eme-edition-du-dialogue-inter-religieux-4.jpeg\" alt=\"\" class=\"wp-image-6837\" srcset=\"https:\/\/reconciliation.gouv.ci\/mrcn\/wp-content\/uploads\/2022\/07\/5eme-edition-du-dialogue-inter-religieux-4.jpeg 984w, https:\/\/reconciliation.gouv.ci\/mrcn\/wp-content\/uploads\/2022\/07\/5eme-edition-du-dialogue-inter-religieux-4-300x200.jpeg 300w, https:\/\/reconciliation.gouv.ci\/mrcn\/wp-content\/uploads\/2022\/07\/5eme-edition-du-dialogue-inter-religieux-4-768x512.jpeg 768w\" sizes=\"auto, (max-width: 984px) 100vw, 984px\" \/><\/figure>\n<\/div>\n\n\n\n<div class=\"wp-block-column is-layout-flow wp-block-column-is-layout-flow\">\n<figure class=\"wp-block-image size-full\"><img loading=\"lazy\" decoding=\"async\" width=\"984\" height=\"656\" src=\"https:\/\/reconciliation.gouv.ci\/mrcn\/wp-content\/uploads\/2022\/07\/5eme-edition-du-dialogue-inter-religieux-2.jpeg\" alt=\"\" class=\"wp-image-6835\" srcset=\"https:\/\/reconciliation.gouv.ci\/mrcn\/wp-content\/uploads\/2022\/07\/5eme-edition-du-dialogue-inter-religieux-2.jpeg 984w, https:\/\/reconciliation.gouv.ci\/mrcn\/wp-content\/uploads\/2022\/07\/5eme-edition-du-dialogue-inter-religieux-2-300x200.jpeg 300w, https:\/\/reconciliation.gouv.ci\/mrcn\/wp-content\/uploads\/2022\/07\/5eme-edition-du-dialogue-inter-religieux-2-768x512.jpeg 768w\" sizes=\"auto, (max-width: 984px) 100vw, 984px\" \/><\/figure>\n<\/div>\n\n\n\n<div class=\"wp-block-column is-layout-flow wp-block-column-is-layout-flow\">\n<figure class=\"wp-block-image size-full\"><img loading=\"lazy\" decoding=\"async\" width=\"984\" height=\"656\" src=\"https:\/\/reconciliation.gouv.ci\/mrcn\/wp-content\/uploads\/2022\/07\/5eme-edition-du-dialogue-inter-religieux-9.jpeg\" alt=\"\" class=\"wp-image-6832\" srcset=\"https:\/\/reconciliation.gouv.ci\/mrcn\/wp-content\/uploads\/2022\/07\/5eme-edition-du-dialogue-inter-religieux-9.jpeg 984w, https:\/\/reconciliation.gouv.ci\/mrcn\/wp-content\/uploads\/2022\/07\/5eme-edition-du-dialogue-inter-religieux-9-300x200.jpeg 300w, https:\/\/reconciliation.gouv.ci\/mrcn\/wp-content\/uploads\/2022\/07\/5eme-edition-du-dialogue-inter-religieux-9-768x512.jpeg 768w\" sizes=\"auto, (max-width: 984px) 100vw, 984px\" \/><\/figure>\n<\/div>\n<\/div>\n","protected":false},"excerpt":{"rendered":"<div class=\"pvc_clear\"><\/div>\n<p class=\"pvc_stats total_only \" data-element-id=\"6830\" style=\"\"><i class=\"pvc-stats-icon medium\" aria-hidden=\"true\"><svg aria-hidden=\"true\" focusable=\"false\" data-prefix=\"far\" data-icon=\"chart-bar\" role=\"img\" xmlns=\"http:\/\/www.w3.org\/2000\/svg\" viewBox=\"0 0 512 512\" class=\"svg-inline--fa fa-chart-bar fa-w-16 fa-2x\"><path fill=\"currentColor\" d=\"M396.8 352h22.4c6.4 0 12.8-6.4 12.8-12.8V108.8c0-6.4-6.4-12.8-12.8-12.8h-22.4c-6.4 0-12.8 6.4-12.8 12.8v230.4c0 6.4 6.4 12.8 12.8 12.8zm-192 0h22.4c6.4 0 12.8-6.4 12.8-12.8V140.8c0-6.4-6.4-12.8-12.8-12.8h-22.4c-6.4 0-12.8 6.4-12.8 12.8v198.4c0 6.4 6.4 12.8 12.8 12.8zm96 0h22.4c6.4 0 12.8-6.4 12.8-12.8V204.8c0-6.4-6.4-12.8-12.8-12.8h-22.4c-6.4 0-12.8 6.4-12.8 12.8v134.4c0 6.4 6.4 12.8 12.8 12.8zM496 400H48V80c0-8.84-7.16-16-16-16H16C7.16 64 0 71.16 0 80v336c0 17.67 14.33 32 32 32h464c8.84 0 16-7.16 16-16v-16c0-8.84-7.16-16-16-16zm-387.2-48h22.4c6.4 0 12.8-6.4 12.8-12.8v-70.4c0-6.4-6.4-12.8-12.8-12.8h-22.4c-6.4 0-12.8 6.4-12.8 12.8v70.4c0 6.4 6.4 12.8 12.8 12.8z\" class=\"\"><\/path><\/svg><\/i> &nbsp;2,622&nbsp;vues<\/p>\n<div class=\"pvc_clear\"><\/div>\n<p>&nbsp;2,622&nbsp;vues L\u2019Ambassade d\u2019Isra\u00ebl, la Fondation Allemande Konrad- Adenauer et le Centre de Recherche Politique d\u2019Abidjan Co organisateurs du dialogue inter religieux sont venus pr\u00e9senter les actes de la 5\u00e8me \u00e9dition du dialogue inter religieux au Ministre de la R\u00e9conciliation et de la Coh\u00e9sion Nationale ce mercredi 27<\/p>\n","protected":false},"author":1,"featured_media":6841,"comment_status":"closed","ping_status":"open","sticky":false,"template":"","format":"standard","meta":{"footnotes":""},"categories":[39],"tags":[],"class_list":["post-6830","post","type-post","status-publish","format-standard","has-post-thumbnail","hentry","category-activites-ministere-slider"],"_links":{"self":[{"href":"https:\/\/reconciliation.gouv.ci\/mrcn\/index.php?rest_route=\/wp\/v2\/posts\/6830","targetHints":{"allow":["GET"]}}],"collection":[{"href":"https:\/\/reconciliation.gouv.ci\/mrcn\/index.php?rest_route=\/wp\/v2\/posts"}],"about":[{"href":"https:\/\/reconciliation.gouv.ci\/mrcn\/index.php?rest_route=\/wp\/v2\/types\/post"}],"author":[{"embeddable":true,"href":"https:\/\/reconciliation.gouv.ci\/mrcn\/index.php?rest_route=\/wp\/v2\/users\/1"}],"replies":[{"embeddable":true,"href":"https:\/\/reconciliation.gouv.ci\/mrcn\/index.php?rest_route=%2Fwp%2Fv2%2Fcomments&post=6830"}],"version-history":[{"count":1,"href":"https:\/\/reconciliation.gouv.ci\/mrcn\/index.php?rest_route=\/wp\/v2\/posts\/6830\/revisions"}],"predecessor-version":[{"id":6842,"href":"https:\/\/reconciliation.gouv.ci\/mrcn\/index.php?rest_route=\/wp\/v2\/posts\/6830\/revisions\/6842"}],"wp:featuredmedia":[{"embeddable":true,"href":"https:\/\/reconciliation.gouv.ci\/mrcn\/index.php?rest_route=\/wp\/v2\/media\/6841"}],"wp:attachment":[{"href":"https:\/\/reconciliation.gouv.ci\/mrcn\/index.php?rest_route=%2Fwp%2Fv2%2Fmedia&parent=6830"}],"wp:term":[{"taxonomy":"category","embeddable":true,"href":"https:\/\/reconciliation.gouv.ci\/mrcn\/index.php?rest_route=%2Fwp%2Fv2%2Fcategories&post=6830"},{"taxonomy":"post_tag","embeddable":true,"href":"https:\/\/reconciliation.gouv.ci\/mrcn\/index.php?rest_route=%2Fwp%2Fv2%2Ftags&post=6830"}],"curies":[{"name":"wp","href":"https:\/\/api.w.org\/{rel}","templated":true}]}}