{"id":6772,"date":"2022-07-27T13:28:13","date_gmt":"2022-07-27T11:28:13","guid":{"rendered":"https:\/\/reconciliation.gouv.ci\/mrcn\/?p=6772"},"modified":"2022-07-27T13:28:15","modified_gmt":"2022-07-27T11:28:15","slug":"le-ministre-kouadio-konan-bertin-a-la-veillee-traditionnelle-du-frere-cadet-de-son-charge-de-protocole-brice-andoh","status":"publish","type":"post","link":"https:\/\/reconciliation.gouv.ci\/mrcn\/?p=6772","title":{"rendered":"Le Ministre KOUADIO Konan Bertin \u00e0 la veill\u00e9e traditionnelle du fr\u00e8re cadet de son Charg\u00e9 de Protocole, Brice ANDOH"},"content":{"rendered":"<div class=\"pvc_clear\"><\/div><p class=\"pvc_stats total_only \" data-element-id=\"6772\" style=\"\"><i class=\"pvc-stats-icon medium\" aria-hidden=\"true\"><svg aria-hidden=\"true\" focusable=\"false\" data-prefix=\"far\" data-icon=\"chart-bar\" role=\"img\" xmlns=\"http:\/\/www.w3.org\/2000\/svg\" viewBox=\"0 0 512 512\" class=\"svg-inline--fa fa-chart-bar fa-w-16 fa-2x\"><path fill=\"currentColor\" d=\"M396.8 352h22.4c6.4 0 12.8-6.4 12.8-12.8V108.8c0-6.4-6.4-12.8-12.8-12.8h-22.4c-6.4 0-12.8 6.4-12.8 12.8v230.4c0 6.4 6.4 12.8 12.8 12.8zm-192 0h22.4c6.4 0 12.8-6.4 12.8-12.8V140.8c0-6.4-6.4-12.8-12.8-12.8h-22.4c-6.4 0-12.8 6.4-12.8 12.8v198.4c0 6.4 6.4 12.8 12.8 12.8zm96 0h22.4c6.4 0 12.8-6.4 12.8-12.8V204.8c0-6.4-6.4-12.8-12.8-12.8h-22.4c-6.4 0-12.8 6.4-12.8 12.8v134.4c0 6.4 6.4 12.8 12.8 12.8zM496 400H48V80c0-8.84-7.16-16-16-16H16C7.16 64 0 71.16 0 80v336c0 17.67 14.33 32 32 32h464c8.84 0 16-7.16 16-16v-16c0-8.84-7.16-16-16-16zm-387.2-48h22.4c6.4 0 12.8-6.4 12.8-12.8v-70.4c0-6.4-6.4-12.8-12.8-12.8h-22.4c-6.4 0-12.8 6.4-12.8 12.8v70.4c0 6.4 6.4 12.8 12.8 12.8z\" class=\"\"><\/path><\/svg><\/i> &nbsp;1,328&nbsp;vues<\/p><div class=\"pvc_clear\"><\/div>\n<figure class=\"wp-block-image size-full\"><img loading=\"lazy\" decoding=\"async\" width=\"984\" height=\"656\" src=\"https:\/\/reconciliation.gouv.ci\/mrcn\/wp-content\/uploads\/2022\/07\/Veillee-Tradi-frere-de-Brice-ANDOH-10.jpg\" alt=\"\" class=\"wp-image-6782\" srcset=\"https:\/\/reconciliation.gouv.ci\/mrcn\/wp-content\/uploads\/2022\/07\/Veillee-Tradi-frere-de-Brice-ANDOH-10.jpg 984w, https:\/\/reconciliation.gouv.ci\/mrcn\/wp-content\/uploads\/2022\/07\/Veillee-Tradi-frere-de-Brice-ANDOH-10-300x200.jpg 300w, https:\/\/reconciliation.gouv.ci\/mrcn\/wp-content\/uploads\/2022\/07\/Veillee-Tradi-frere-de-Brice-ANDOH-10-768x512.jpg 768w\" sizes=\"auto, (max-width: 984px) 100vw, 984px\" \/><\/figure>\n\n\n\n<p>La fid\u00e9lit\u00e9, la loyaut\u00e9 et la pers\u00e9v\u00e9rance sont des qualit\u00e9s moins partag\u00e9es aujourd\u2019hui dans notre milieu politique.<\/p>\n\n\n\n<p>Ces mots sont du Ministre de la R\u00e9conciliation et de la Coh\u00e9sion Nationale KOUADIO Konan Bertin qui rendait ainsi hommage \u00e0 Monsieur Brice ANDOH, son charg\u00e9 de protocole, le Jeudi 21 Juillet dernier \u00e0 la cit\u00e9 Ran 6 B\u00e2timents, \u00e0 l\u2019occasion de la veill\u00e9e traditionnelle du fr\u00e8re cadet de ce dernier ANDOH Tchymouh Eric.<\/p>\n\n\n\n<p>Ces qualit\u00e9s de Brice ANDOH ont \u00e9t\u00e9 \u00e9voqu\u00e9es \u00e0 maintes occasions par le Ministre KOUADIO Konan Bertin qui tenait \u00e0 les prononcer face \u00e0 la famille ANDOH afin qu\u2019elle prenne soin de ce bijou rare dont elle tient entre les mains.<\/p>\n\n\n\n<p>Le Ministre n\u2019a pas manqu\u00e9 de passer en revue le long chemin parcouru avec celui qui a choisi d\u2019\u00eatre son charg\u00e9 de protocole. Aventure d\u00e9but\u00e9e en 1999 avec l\u2019av\u00e8nement du premier coup d\u2019Etat en C\u00f4te d\u2019Ivoire jusqu\u2019\u00e0 ce jour.<\/p>\n\n\n\n<p>Accompagn\u00e9 de l\u2019ensemble de ses collaborateurs et de son cabinet ayant effectu\u00e9 le d\u00e9placement la veille \u00e0 la cath\u00e9drale saint Paul au Plateau, le Ministre de la R\u00e9conciliation et de la Coh\u00e9sion Nationale, malgr\u00e9 ses nombreuses charges a tenu \u00e0 marquer de sa pr\u00e9sence et de son soutien cette circonstance difficile que traverse la famille ANDOH.<\/p>\n\n\n\n<p>C\u2019est tard dans la nuit que la d\u00e9l\u00e9gation du Minist\u00e8re de la R\u00e9conciliation et de la Coh\u00e9sion Nationale s\u2019est retir\u00e9e en attendant la journ\u00e9e du Samedi 23 Juillet consacr\u00e9e \u00e0 la lev\u00e9e du corps \u00e0 IVOSEP (Morgue de l\u2019H\u00f4pital G\u00e9n\u00e9ral d\u2019Adjam\u00e9) suivi du transfert \u00e0 Wahin dans le d\u00e9partement d\u2019Agboville.<\/p>\n\n\n\n<p>La c\u00e9r\u00e9monie traditionnelle \u00e9tant pr\u00e9vue aujourd\u2019hui samedi sur la Place du village.<\/p>\n\n\n\n<p>L\u2019inhumation aura lieu aussi ce matin du Samedi, au cimeti\u00e8re de Wahin apr\u00e8s la messe de requiem \u00e0 la Paroisse Saint Michel.<\/p>\n\n\n\n<div class=\"wp-block-columns is-layout-flex wp-container-core-columns-is-layout-9d6595d7 wp-block-columns-is-layout-flex\">\n<div class=\"wp-block-column is-layout-flow wp-block-column-is-layout-flow\">\n<figure class=\"wp-block-image size-full\"><img loading=\"lazy\" decoding=\"async\" width=\"984\" height=\"656\" src=\"https:\/\/reconciliation.gouv.ci\/mrcn\/wp-content\/uploads\/2022\/07\/Veillee-Tradi-frere-de-Brice-ANDOH-5.jpg\" alt=\"\" class=\"wp-image-6777\" srcset=\"https:\/\/reconciliation.gouv.ci\/mrcn\/wp-content\/uploads\/2022\/07\/Veillee-Tradi-frere-de-Brice-ANDOH-5.jpg 984w, https:\/\/reconciliation.gouv.ci\/mrcn\/wp-content\/uploads\/2022\/07\/Veillee-Tradi-frere-de-Brice-ANDOH-5-300x200.jpg 300w, https:\/\/reconciliation.gouv.ci\/mrcn\/wp-content\/uploads\/2022\/07\/Veillee-Tradi-frere-de-Brice-ANDOH-5-768x512.jpg 768w\" sizes=\"auto, (max-width: 984px) 100vw, 984px\" \/><\/figure>\n<\/div>\n\n\n\n<div class=\"wp-block-column is-layout-flow wp-block-column-is-layout-flow\">\n<figure class=\"wp-block-image size-full\"><img loading=\"lazy\" decoding=\"async\" width=\"984\" height=\"656\" src=\"https:\/\/reconciliation.gouv.ci\/mrcn\/wp-content\/uploads\/2022\/07\/Veillee-Tradi-frere-de-Brice-ANDOH-9.jpg\" alt=\"\" class=\"wp-image-6781\" srcset=\"https:\/\/reconciliation.gouv.ci\/mrcn\/wp-content\/uploads\/2022\/07\/Veillee-Tradi-frere-de-Brice-ANDOH-9.jpg 984w, https:\/\/reconciliation.gouv.ci\/mrcn\/wp-content\/uploads\/2022\/07\/Veillee-Tradi-frere-de-Brice-ANDOH-9-300x200.jpg 300w, https:\/\/reconciliation.gouv.ci\/mrcn\/wp-content\/uploads\/2022\/07\/Veillee-Tradi-frere-de-Brice-ANDOH-9-768x512.jpg 768w\" sizes=\"auto, (max-width: 984px) 100vw, 984px\" \/><\/figure>\n<\/div>\n\n\n\n<div class=\"wp-block-column is-layout-flow wp-block-column-is-layout-flow\">\n<figure class=\"wp-block-image size-full\"><img loading=\"lazy\" decoding=\"async\" width=\"984\" height=\"656\" src=\"https:\/\/reconciliation.gouv.ci\/mrcn\/wp-content\/uploads\/2022\/07\/Veillee-Tradi-frere-de-Brice-ANDOH-4.jpg\" alt=\"\" class=\"wp-image-6776\" srcset=\"https:\/\/reconciliation.gouv.ci\/mrcn\/wp-content\/uploads\/2022\/07\/Veillee-Tradi-frere-de-Brice-ANDOH-4.jpg 984w, https:\/\/reconciliation.gouv.ci\/mrcn\/wp-content\/uploads\/2022\/07\/Veillee-Tradi-frere-de-Brice-ANDOH-4-300x200.jpg 300w, https:\/\/reconciliation.gouv.ci\/mrcn\/wp-content\/uploads\/2022\/07\/Veillee-Tradi-frere-de-Brice-ANDOH-4-768x512.jpg 768w\" sizes=\"auto, (max-width: 984px) 100vw, 984px\" \/><\/figure>\n<\/div>\n<\/div>\n\n\n\n<div class=\"wp-block-columns is-layout-flex wp-container-core-columns-is-layout-9d6595d7 wp-block-columns-is-layout-flex\">\n<div class=\"wp-block-column is-layout-flow wp-block-column-is-layout-flow\">\n<figure class=\"wp-block-image size-full\"><img loading=\"lazy\" decoding=\"async\" width=\"984\" height=\"656\" src=\"https:\/\/reconciliation.gouv.ci\/mrcn\/wp-content\/uploads\/2022\/07\/Veillee-Tradi-frere-de-Brice-ANDOH-1.jpg\" alt=\"\" class=\"wp-image-6773\" srcset=\"https:\/\/reconciliation.gouv.ci\/mrcn\/wp-content\/uploads\/2022\/07\/Veillee-Tradi-frere-de-Brice-ANDOH-1.jpg 984w, https:\/\/reconciliation.gouv.ci\/mrcn\/wp-content\/uploads\/2022\/07\/Veillee-Tradi-frere-de-Brice-ANDOH-1-300x200.jpg 300w, https:\/\/reconciliation.gouv.ci\/mrcn\/wp-content\/uploads\/2022\/07\/Veillee-Tradi-frere-de-Brice-ANDOH-1-768x512.jpg 768w\" sizes=\"auto, (max-width: 984px) 100vw, 984px\" \/><\/figure>\n<\/div>\n\n\n\n<div class=\"wp-block-column is-layout-flow wp-block-column-is-layout-flow\">\n<figure class=\"wp-block-image size-full\"><img loading=\"lazy\" decoding=\"async\" width=\"984\" height=\"656\" src=\"https:\/\/reconciliation.gouv.ci\/mrcn\/wp-content\/uploads\/2022\/07\/Veillee-Tradi-frere-de-Brice-ANDOH-2.jpg\" alt=\"\" class=\"wp-image-6774\" srcset=\"https:\/\/reconciliation.gouv.ci\/mrcn\/wp-content\/uploads\/2022\/07\/Veillee-Tradi-frere-de-Brice-ANDOH-2.jpg 984w, https:\/\/reconciliation.gouv.ci\/mrcn\/wp-content\/uploads\/2022\/07\/Veillee-Tradi-frere-de-Brice-ANDOH-2-300x200.jpg 300w, https:\/\/reconciliation.gouv.ci\/mrcn\/wp-content\/uploads\/2022\/07\/Veillee-Tradi-frere-de-Brice-ANDOH-2-768x512.jpg 768w\" sizes=\"auto, (max-width: 984px) 100vw, 984px\" \/><\/figure>\n<\/div>\n\n\n\n<div class=\"wp-block-column is-layout-flow wp-block-column-is-layout-flow\">\n<figure class=\"wp-block-image size-full\"><img loading=\"lazy\" decoding=\"async\" width=\"984\" height=\"656\" src=\"https:\/\/reconciliation.gouv.ci\/mrcn\/wp-content\/uploads\/2022\/07\/Veillee-Tradi-frere-de-Brice-ANDOH-7.jpg\" alt=\"\" class=\"wp-image-6779\" srcset=\"https:\/\/reconciliation.gouv.ci\/mrcn\/wp-content\/uploads\/2022\/07\/Veillee-Tradi-frere-de-Brice-ANDOH-7.jpg 984w, https:\/\/reconciliation.gouv.ci\/mrcn\/wp-content\/uploads\/2022\/07\/Veillee-Tradi-frere-de-Brice-ANDOH-7-300x200.jpg 300w, https:\/\/reconciliation.gouv.ci\/mrcn\/wp-content\/uploads\/2022\/07\/Veillee-Tradi-frere-de-Brice-ANDOH-7-768x512.jpg 768w\" sizes=\"auto, (max-width: 984px) 100vw, 984px\" \/><\/figure>\n<\/div>\n<\/div>\n\n\n\n<div class=\"wp-block-columns is-layout-flex wp-container-core-columns-is-layout-9d6595d7 wp-block-columns-is-layout-flex\">\n<div class=\"wp-block-column is-layout-flow wp-block-column-is-layout-flow\">\n<figure class=\"wp-block-image size-full\"><img loading=\"lazy\" decoding=\"async\" width=\"984\" height=\"656\" src=\"https:\/\/reconciliation.gouv.ci\/mrcn\/wp-content\/uploads\/2022\/07\/Veillee-Tradi-frere-de-Brice-ANDOH-8.jpg\" alt=\"\" class=\"wp-image-6780\" srcset=\"https:\/\/reconciliation.gouv.ci\/mrcn\/wp-content\/uploads\/2022\/07\/Veillee-Tradi-frere-de-Brice-ANDOH-8.jpg 984w, https:\/\/reconciliation.gouv.ci\/mrcn\/wp-content\/uploads\/2022\/07\/Veillee-Tradi-frere-de-Brice-ANDOH-8-300x200.jpg 300w, https:\/\/reconciliation.gouv.ci\/mrcn\/wp-content\/uploads\/2022\/07\/Veillee-Tradi-frere-de-Brice-ANDOH-8-768x512.jpg 768w\" sizes=\"auto, (max-width: 984px) 100vw, 984px\" \/><\/figure>\n<\/div>\n\n\n\n<div class=\"wp-block-column is-layout-flow wp-block-column-is-layout-flow\">\n<figure class=\"wp-block-image size-large\"><img loading=\"lazy\" decoding=\"async\" width=\"1024\" height=\"682\" src=\"https:\/\/reconciliation.gouv.ci\/mrcn\/wp-content\/uploads\/2022\/07\/Veillee-Tradi-frere-de-Brice-ANDOH-12-1024x682.jpg\" alt=\"\" class=\"wp-image-6784\" srcset=\"https:\/\/reconciliation.gouv.ci\/mrcn\/wp-content\/uploads\/2022\/07\/Veillee-Tradi-frere-de-Brice-ANDOH-12-1024x682.jpg 1024w, https:\/\/reconciliation.gouv.ci\/mrcn\/wp-content\/uploads\/2022\/07\/Veillee-Tradi-frere-de-Brice-ANDOH-12-300x200.jpg 300w, https:\/\/reconciliation.gouv.ci\/mrcn\/wp-content\/uploads\/2022\/07\/Veillee-Tradi-frere-de-Brice-ANDOH-12-768x512.jpg 768w, https:\/\/reconciliation.gouv.ci\/mrcn\/wp-content\/uploads\/2022\/07\/Veillee-Tradi-frere-de-Brice-ANDOH-12.jpg 1280w\" sizes=\"auto, (max-width: 1024px) 100vw, 1024px\" \/><\/figure>\n<\/div>\n\n\n\n<div class=\"wp-block-column is-layout-flow wp-block-column-is-layout-flow\">\n<figure class=\"wp-block-image size-large\"><img loading=\"lazy\" decoding=\"async\" width=\"1024\" height=\"682\" src=\"https:\/\/reconciliation.gouv.ci\/mrcn\/wp-content\/uploads\/2022\/07\/Veillee-Tradi-frere-de-Brice-ANDOH-11-1024x682.jpg\" alt=\"\" class=\"wp-image-6783\" srcset=\"https:\/\/reconciliation.gouv.ci\/mrcn\/wp-content\/uploads\/2022\/07\/Veillee-Tradi-frere-de-Brice-ANDOH-11-1024x682.jpg 1024w, https:\/\/reconciliation.gouv.ci\/mrcn\/wp-content\/uploads\/2022\/07\/Veillee-Tradi-frere-de-Brice-ANDOH-11-300x200.jpg 300w, https:\/\/reconciliation.gouv.ci\/mrcn\/wp-content\/uploads\/2022\/07\/Veillee-Tradi-frere-de-Brice-ANDOH-11-768x512.jpg 768w, https:\/\/reconciliation.gouv.ci\/mrcn\/wp-content\/uploads\/2022\/07\/Veillee-Tradi-frere-de-Brice-ANDOH-11.jpg 1280w\" sizes=\"auto, (max-width: 1024px) 100vw, 1024px\" \/><\/figure>\n\n\n\n<figure class=\"wp-block-image size-full\"><img loading=\"lazy\" decoding=\"async\" width=\"984\" height=\"656\" src=\"https:\/\/reconciliation.gouv.ci\/mrcn\/wp-content\/uploads\/2022\/07\/Veillee-Tradi-frere-de-Brice-ANDOH-2.jpg\" alt=\"\" class=\"wp-image-6774\" srcset=\"https:\/\/reconciliation.gouv.ci\/mrcn\/wp-content\/uploads\/2022\/07\/Veillee-Tradi-frere-de-Brice-ANDOH-2.jpg 984w, https:\/\/reconciliation.gouv.ci\/mrcn\/wp-content\/uploads\/2022\/07\/Veillee-Tradi-frere-de-Brice-ANDOH-2-300x200.jpg 300w, https:\/\/reconciliation.gouv.ci\/mrcn\/wp-content\/uploads\/2022\/07\/Veillee-Tradi-frere-de-Brice-ANDOH-2-768x512.jpg 768w\" sizes=\"auto, (max-width: 984px) 100vw, 984px\" \/><\/figure>\n<\/div>\n<\/div>\n","protected":false},"excerpt":{"rendered":"<div class=\"pvc_clear\"><\/div>\n<p class=\"pvc_stats total_only \" data-element-id=\"6772\" style=\"\"><i class=\"pvc-stats-icon medium\" aria-hidden=\"true\"><svg aria-hidden=\"true\" focusable=\"false\" data-prefix=\"far\" data-icon=\"chart-bar\" role=\"img\" xmlns=\"http:\/\/www.w3.org\/2000\/svg\" viewBox=\"0 0 512 512\" class=\"svg-inline--fa fa-chart-bar fa-w-16 fa-2x\"><path fill=\"currentColor\" d=\"M396.8 352h22.4c6.4 0 12.8-6.4 12.8-12.8V108.8c0-6.4-6.4-12.8-12.8-12.8h-22.4c-6.4 0-12.8 6.4-12.8 12.8v230.4c0 6.4 6.4 12.8 12.8 12.8zm-192 0h22.4c6.4 0 12.8-6.4 12.8-12.8V140.8c0-6.4-6.4-12.8-12.8-12.8h-22.4c-6.4 0-12.8 6.4-12.8 12.8v198.4c0 6.4 6.4 12.8 12.8 12.8zm96 0h22.4c6.4 0 12.8-6.4 12.8-12.8V204.8c0-6.4-6.4-12.8-12.8-12.8h-22.4c-6.4 0-12.8 6.4-12.8 12.8v134.4c0 6.4 6.4 12.8 12.8 12.8zM496 400H48V80c0-8.84-7.16-16-16-16H16C7.16 64 0 71.16 0 80v336c0 17.67 14.33 32 32 32h464c8.84 0 16-7.16 16-16v-16c0-8.84-7.16-16-16-16zm-387.2-48h22.4c6.4 0 12.8-6.4 12.8-12.8v-70.4c0-6.4-6.4-12.8-12.8-12.8h-22.4c-6.4 0-12.8 6.4-12.8 12.8v70.4c0 6.4 6.4 12.8 12.8 12.8z\" class=\"\"><\/path><\/svg><\/i> &nbsp;1,328&nbsp;vues<\/p>\n<div class=\"pvc_clear\"><\/div>\n<p>&nbsp;1,328&nbsp;vues La fid\u00e9lit\u00e9, la loyaut\u00e9 et la pers\u00e9v\u00e9rance sont des qualit\u00e9s moins partag\u00e9es aujourd\u2019hui dans notre milieu politique. Ces mots sont du Ministre de la R\u00e9conciliation et de la Coh\u00e9sion Nationale KOUADIO Konan Bertin qui rendait ainsi hommage \u00e0 Monsieur Brice ANDOH, son charg\u00e9 de protocole, le<\/p>\n","protected":false},"author":1,"featured_media":6782,"comment_status":"closed","ping_status":"open","sticky":false,"template":"","format":"standard","meta":{"footnotes":""},"categories":[39],"tags":[],"class_list":["post-6772","post","type-post","status-publish","format-standard","has-post-thumbnail","hentry","category-activites-ministere-slider"],"_links":{"self":[{"href":"https:\/\/reconciliation.gouv.ci\/mrcn\/index.php?rest_route=\/wp\/v2\/posts\/6772","targetHints":{"allow":["GET"]}}],"collection":[{"href":"https:\/\/reconciliation.gouv.ci\/mrcn\/index.php?rest_route=\/wp\/v2\/posts"}],"about":[{"href":"https:\/\/reconciliation.gouv.ci\/mrcn\/index.php?rest_route=\/wp\/v2\/types\/post"}],"author":[{"embeddable":true,"href":"https:\/\/reconciliation.gouv.ci\/mrcn\/index.php?rest_route=\/wp\/v2\/users\/1"}],"replies":[{"embeddable":true,"href":"https:\/\/reconciliation.gouv.ci\/mrcn\/index.php?rest_route=%2Fwp%2Fv2%2Fcomments&post=6772"}],"version-history":[{"count":1,"href":"https:\/\/reconciliation.gouv.ci\/mrcn\/index.php?rest_route=\/wp\/v2\/posts\/6772\/revisions"}],"predecessor-version":[{"id":6788,"href":"https:\/\/reconciliation.gouv.ci\/mrcn\/index.php?rest_route=\/wp\/v2\/posts\/6772\/revisions\/6788"}],"wp:featuredmedia":[{"embeddable":true,"href":"https:\/\/reconciliation.gouv.ci\/mrcn\/index.php?rest_route=\/wp\/v2\/media\/6782"}],"wp:attachment":[{"href":"https:\/\/reconciliation.gouv.ci\/mrcn\/index.php?rest_route=%2Fwp%2Fv2%2Fmedia&parent=6772"}],"wp:term":[{"taxonomy":"category","embeddable":true,"href":"https:\/\/reconciliation.gouv.ci\/mrcn\/index.php?rest_route=%2Fwp%2Fv2%2Fcategories&post=6772"},{"taxonomy":"post_tag","embeddable":true,"href":"https:\/\/reconciliation.gouv.ci\/mrcn\/index.php?rest_route=%2Fwp%2Fv2%2Ftags&post=6772"}],"curies":[{"name":"wp","href":"https:\/\/api.w.org\/{rel}","templated":true}]}}