{"id":6670,"date":"2022-07-20T01:56:22","date_gmt":"2022-07-19T23:56:22","guid":{"rendered":"https:\/\/reconciliation.gouv.ci\/mrcn\/?p=6670"},"modified":"2022-07-20T01:56:23","modified_gmt":"2022-07-19T23:56:23","slug":"le-ministre-kouadio-konan-bertin-rend-hommage-a-hortence-acha-anguy","status":"publish","type":"post","link":"https:\/\/reconciliation.gouv.ci\/mrcn\/?p=6670","title":{"rendered":"Le Ministre KOUADIO Konan Bertin rend hommage \u00e0 Hortence ACHA ANGUY"},"content":{"rendered":"<div class=\"pvc_clear\"><\/div><p class=\"pvc_stats total_only \" data-element-id=\"6670\" style=\"\"><i class=\"pvc-stats-icon medium\" aria-hidden=\"true\"><svg aria-hidden=\"true\" focusable=\"false\" data-prefix=\"far\" data-icon=\"chart-bar\" role=\"img\" xmlns=\"http:\/\/www.w3.org\/2000\/svg\" viewBox=\"0 0 512 512\" class=\"svg-inline--fa fa-chart-bar fa-w-16 fa-2x\"><path fill=\"currentColor\" d=\"M396.8 352h22.4c6.4 0 12.8-6.4 12.8-12.8V108.8c0-6.4-6.4-12.8-12.8-12.8h-22.4c-6.4 0-12.8 6.4-12.8 12.8v230.4c0 6.4 6.4 12.8 12.8 12.8zm-192 0h22.4c6.4 0 12.8-6.4 12.8-12.8V140.8c0-6.4-6.4-12.8-12.8-12.8h-22.4c-6.4 0-12.8 6.4-12.8 12.8v198.4c0 6.4 6.4 12.8 12.8 12.8zm96 0h22.4c6.4 0 12.8-6.4 12.8-12.8V204.8c0-6.4-6.4-12.8-12.8-12.8h-22.4c-6.4 0-12.8 6.4-12.8 12.8v134.4c0 6.4 6.4 12.8 12.8 12.8zM496 400H48V80c0-8.84-7.16-16-16-16H16C7.16 64 0 71.16 0 80v336c0 17.67 14.33 32 32 32h464c8.84 0 16-7.16 16-16v-16c0-8.84-7.16-16-16-16zm-387.2-48h22.4c6.4 0 12.8-6.4 12.8-12.8v-70.4c0-6.4-6.4-12.8-12.8-12.8h-22.4c-6.4 0-12.8 6.4-12.8 12.8v70.4c0 6.4 6.4 12.8 12.8 12.8z\" class=\"\"><\/path><\/svg><\/i> &nbsp;1,997&nbsp;vues<\/p><div class=\"pvc_clear\"><\/div>\n<figure class=\"wp-block-image size-full\"><img loading=\"lazy\" decoding=\"async\" width=\"984\" height=\"656\" src=\"https:\/\/reconciliation.gouv.ci\/mrcn\/wp-content\/uploads\/2022\/07\/HOMMAGE-A-HORTENCE-ACHA-7.jpeg\" alt=\"\" class=\"wp-image-6681\" srcset=\"https:\/\/reconciliation.gouv.ci\/mrcn\/wp-content\/uploads\/2022\/07\/HOMMAGE-A-HORTENCE-ACHA-7.jpeg 984w, https:\/\/reconciliation.gouv.ci\/mrcn\/wp-content\/uploads\/2022\/07\/HOMMAGE-A-HORTENCE-ACHA-7-300x200.jpeg 300w, https:\/\/reconciliation.gouv.ci\/mrcn\/wp-content\/uploads\/2022\/07\/HOMMAGE-A-HORTENCE-ACHA-7-768x512.jpeg 768w\" sizes=\"auto, (max-width: 984px) 100vw, 984px\" \/><\/figure>\n\n\n\n<p><strong>Le Ministre de la R\u00e9conciliation et de la Coh\u00e9sion Nationale rend hommage aux femmes de la commune de Port Bouet. Le vendredi 15 Juillet dernier le Ministre KOUADIO Konan Bertin est all\u00e9 \u00e0 la rencontre de ces dames de la commune \u00e0 qui il a exprim\u00e9 sa reconnaissance pour les nombreux bien faits.<\/strong><\/p>\n\n\n\n<p><strong>Occasion pour le Ministre de la R\u00e9conciliation et de la Coh\u00e9sion Nationale de rendre un hommage particulier \u00e0 Feu Hortence ACKA Anguy qu\u2019il consid\u00e8re comme une m\u00e8re.<\/strong><\/p>\n\n\n\n<p>Ce sont une centaine d\u2019associations de femmes de la route de Bassam dans la commune de Port Bouet qui ont effectu\u00e9 le d\u00e9placement dans les locaux de la maison Blanche au quartier Jean Folly.<\/p>\n\n\n\n<p>Le Ministre KOUADIO Konan Bertin a pr\u00f4n\u00e9 la r\u00e9conciliation et la coh\u00e9sion entre les diff\u00e9rentes communaut\u00e9s pour une C\u00f4te d\u2019Ivoire o\u00f9 il fait bon vivre.<\/p>\n\n\n\n<p>Il a exprim\u00e9 ses reconnaissances \u00e0 la population de Port Bouet qui lui a tout donn\u00e9.<\/p>\n\n\n\n<p>Relief de son intervention, l\u2019hommage rendu \u00e0 celle qui fut le premier de la commune et militante incontestable du PDCI RDA qui a dirig\u00e9 ses pas dans ce parti de Felix Houphou\u00ebt Boigny.<\/p>\n\n\n\n<p>Le Ministre KOUADIO Konan Bertin a confi\u00e9 ces braves dames \u00e0 la Directrice G\u00e9n\u00e9rale de la R\u00e9conciliation et au Directeur G\u00e9n\u00e9ral de la Coh\u00e9sion.<\/p>\n\n\n\n<p>Apr\u00e8s quoi, des dons en vivres et non vivres ont \u00e9t\u00e9 offerts \u00e0 ces femmes venues d\u2019une vingtaine de quartiers et sous quartiers de la commune.<\/p>\n\n\n\n<p>Satisfactions exprim\u00e9es \u00e0 l\u2019issue de ce geste symbolique de la part de celui qu\u2019elles qualifient d\u2019enfant prodige et rassembleur des cadres de la commune.<\/p>\n\n\n\n<p>Des prestations d\u2019artistes, ballets et sketches ont mis fin \u00e0 cette m\u00e9morable rencontre o\u00f9 de nombreux conseils dans la pratique de la diplomatie ont \u00e9t\u00e9 prodigu\u00e9s par le Ministre KOUADIO Konan Bertin.<\/p>\n\n\n\n<p>Le Ministre KOUADIO Konan Bertin a salu\u00e9 et remerci\u00e9 les cadres de la commune ayant effectu\u00e9 le d\u00e9placement au cours de cette c\u00e9r\u00e9monie.<\/p>\n\n\n\n<p>Une invitation particuli\u00e8re a \u00e9t\u00e9 adress\u00e9 aux responsables des diff\u00e9rentes associations f\u00e9minines \u00e0 qui le Ministre entend adresser un message particulier. &nbsp;&nbsp;<\/p>\n\n\n\n<div class=\"wp-block-columns is-layout-flex wp-container-core-columns-is-layout-9d6595d7 wp-block-columns-is-layout-flex\">\n<div class=\"wp-block-column is-layout-flow wp-block-column-is-layout-flow\">\n<figure class=\"wp-block-image size-full\"><img loading=\"lazy\" decoding=\"async\" width=\"984\" height=\"656\" src=\"https:\/\/reconciliation.gouv.ci\/mrcn\/wp-content\/uploads\/2022\/07\/HOMMAGE-A-HORTENCE-ACHA-15.jpeg\" alt=\"\" class=\"wp-image-6689\" srcset=\"https:\/\/reconciliation.gouv.ci\/mrcn\/wp-content\/uploads\/2022\/07\/HOMMAGE-A-HORTENCE-ACHA-15.jpeg 984w, https:\/\/reconciliation.gouv.ci\/mrcn\/wp-content\/uploads\/2022\/07\/HOMMAGE-A-HORTENCE-ACHA-15-300x200.jpeg 300w, https:\/\/reconciliation.gouv.ci\/mrcn\/wp-content\/uploads\/2022\/07\/HOMMAGE-A-HORTENCE-ACHA-15-768x512.jpeg 768w\" sizes=\"auto, (max-width: 984px) 100vw, 984px\" \/><\/figure>\n<\/div>\n\n\n\n<div class=\"wp-block-column is-layout-flow wp-block-column-is-layout-flow\">\n<figure class=\"wp-block-image size-full\"><img loading=\"lazy\" decoding=\"async\" width=\"984\" height=\"656\" src=\"https:\/\/reconciliation.gouv.ci\/mrcn\/wp-content\/uploads\/2022\/07\/HOMMAGE-A-HORTENCE-ACHA-8.jpeg\" alt=\"\" class=\"wp-image-6682\" srcset=\"https:\/\/reconciliation.gouv.ci\/mrcn\/wp-content\/uploads\/2022\/07\/HOMMAGE-A-HORTENCE-ACHA-8.jpeg 984w, https:\/\/reconciliation.gouv.ci\/mrcn\/wp-content\/uploads\/2022\/07\/HOMMAGE-A-HORTENCE-ACHA-8-300x200.jpeg 300w, https:\/\/reconciliation.gouv.ci\/mrcn\/wp-content\/uploads\/2022\/07\/HOMMAGE-A-HORTENCE-ACHA-8-768x512.jpeg 768w\" sizes=\"auto, (max-width: 984px) 100vw, 984px\" \/><\/figure>\n<\/div>\n\n\n\n<div class=\"wp-block-column is-layout-flow wp-block-column-is-layout-flow\">\n<figure class=\"wp-block-image size-large\"><img loading=\"lazy\" decoding=\"async\" width=\"1024\" height=\"683\" src=\"https:\/\/reconciliation.gouv.ci\/mrcn\/wp-content\/uploads\/2022\/07\/HOMMAGE-A-HORTENCE-ACHA-14-1024x683.jpeg\" alt=\"\" class=\"wp-image-6688\" srcset=\"https:\/\/reconciliation.gouv.ci\/mrcn\/wp-content\/uploads\/2022\/07\/HOMMAGE-A-HORTENCE-ACHA-14-1024x683.jpeg 1024w, https:\/\/reconciliation.gouv.ci\/mrcn\/wp-content\/uploads\/2022\/07\/HOMMAGE-A-HORTENCE-ACHA-14-300x200.jpeg 300w, https:\/\/reconciliation.gouv.ci\/mrcn\/wp-content\/uploads\/2022\/07\/HOMMAGE-A-HORTENCE-ACHA-14-768x512.jpeg 768w, https:\/\/reconciliation.gouv.ci\/mrcn\/wp-content\/uploads\/2022\/07\/HOMMAGE-A-HORTENCE-ACHA-14.jpeg 1080w\" sizes=\"auto, (max-width: 1024px) 100vw, 1024px\" \/><\/figure>\n<\/div>\n<\/div>\n\n\n\n<div class=\"wp-block-columns is-layout-flex wp-container-core-columns-is-layout-9d6595d7 wp-block-columns-is-layout-flex\">\n<div class=\"wp-block-column is-layout-flow wp-block-column-is-layout-flow\">\n<figure class=\"wp-block-image size-large\"><img loading=\"lazy\" decoding=\"async\" width=\"1024\" height=\"683\" src=\"https:\/\/reconciliation.gouv.ci\/mrcn\/wp-content\/uploads\/2022\/07\/HOMMAGE-A-HORTENCE-ACHA-13-1024x683.jpeg\" alt=\"\" class=\"wp-image-6687\" srcset=\"https:\/\/reconciliation.gouv.ci\/mrcn\/wp-content\/uploads\/2022\/07\/HOMMAGE-A-HORTENCE-ACHA-13-1024x683.jpeg 1024w, https:\/\/reconciliation.gouv.ci\/mrcn\/wp-content\/uploads\/2022\/07\/HOMMAGE-A-HORTENCE-ACHA-13-300x200.jpeg 300w, https:\/\/reconciliation.gouv.ci\/mrcn\/wp-content\/uploads\/2022\/07\/HOMMAGE-A-HORTENCE-ACHA-13-768x512.jpeg 768w, https:\/\/reconciliation.gouv.ci\/mrcn\/wp-content\/uploads\/2022\/07\/HOMMAGE-A-HORTENCE-ACHA-13.jpeg 1080w\" sizes=\"auto, (max-width: 1024px) 100vw, 1024px\" \/><\/figure>\n\n\n\n<figure class=\"wp-block-image size-full\"><img loading=\"lazy\" decoding=\"async\" width=\"984\" height=\"656\" src=\"https:\/\/reconciliation.gouv.ci\/mrcn\/wp-content\/uploads\/2022\/07\/HOMMAGE-A-HORTENCE-ACHA-2.jpeg\" alt=\"\" class=\"wp-image-6676\" srcset=\"https:\/\/reconciliation.gouv.ci\/mrcn\/wp-content\/uploads\/2022\/07\/HOMMAGE-A-HORTENCE-ACHA-2.jpeg 984w, https:\/\/reconciliation.gouv.ci\/mrcn\/wp-content\/uploads\/2022\/07\/HOMMAGE-A-HORTENCE-ACHA-2-300x200.jpeg 300w, https:\/\/reconciliation.gouv.ci\/mrcn\/wp-content\/uploads\/2022\/07\/HOMMAGE-A-HORTENCE-ACHA-2-768x512.jpeg 768w\" sizes=\"auto, (max-width: 984px) 100vw, 984px\" \/><\/figure>\n<\/div>\n\n\n\n<div class=\"wp-block-column is-layout-flow wp-block-column-is-layout-flow\">\n<figure class=\"wp-block-image size-full\"><img loading=\"lazy\" decoding=\"async\" width=\"656\" height=\"984\" src=\"https:\/\/reconciliation.gouv.ci\/mrcn\/wp-content\/uploads\/2022\/07\/HOMMAGE-A-HORTENCE-ACHA-5.jpeg\" alt=\"\" class=\"wp-image-6679\" srcset=\"https:\/\/reconciliation.gouv.ci\/mrcn\/wp-content\/uploads\/2022\/07\/HOMMAGE-A-HORTENCE-ACHA-5.jpeg 656w, https:\/\/reconciliation.gouv.ci\/mrcn\/wp-content\/uploads\/2022\/07\/HOMMAGE-A-HORTENCE-ACHA-5-200x300.jpeg 200w\" sizes=\"auto, (max-width: 656px) 100vw, 656px\" \/><\/figure>\n<\/div>\n\n\n\n<div class=\"wp-block-column is-layout-flow wp-block-column-is-layout-flow\">\n<figure class=\"wp-block-image size-large\"><img loading=\"lazy\" decoding=\"async\" width=\"1024\" height=\"682\" src=\"https:\/\/reconciliation.gouv.ci\/mrcn\/wp-content\/uploads\/2022\/07\/HOMMAGE-A-HORTENCE-ACHA-24-1024x682.jpeg\" alt=\"\" class=\"wp-image-6672\" srcset=\"https:\/\/reconciliation.gouv.ci\/mrcn\/wp-content\/uploads\/2022\/07\/HOMMAGE-A-HORTENCE-ACHA-24-1024x682.jpeg 1024w, https:\/\/reconciliation.gouv.ci\/mrcn\/wp-content\/uploads\/2022\/07\/HOMMAGE-A-HORTENCE-ACHA-24-300x200.jpeg 300w, https:\/\/reconciliation.gouv.ci\/mrcn\/wp-content\/uploads\/2022\/07\/HOMMAGE-A-HORTENCE-ACHA-24-768x512.jpeg 768w, https:\/\/reconciliation.gouv.ci\/mrcn\/wp-content\/uploads\/2022\/07\/HOMMAGE-A-HORTENCE-ACHA-24.jpeg 1280w\" sizes=\"auto, (max-width: 1024px) 100vw, 1024px\" \/><\/figure>\n\n\n\n<figure class=\"wp-block-image size-large\"><img loading=\"lazy\" decoding=\"async\" width=\"1024\" height=\"683\" src=\"https:\/\/reconciliation.gouv.ci\/mrcn\/wp-content\/uploads\/2022\/07\/HOMMAGE-A-HORTENCE-ACHA-12-1024x683.jpeg\" alt=\"\" class=\"wp-image-6686\" srcset=\"https:\/\/reconciliation.gouv.ci\/mrcn\/wp-content\/uploads\/2022\/07\/HOMMAGE-A-HORTENCE-ACHA-12-1024x683.jpeg 1024w, https:\/\/reconciliation.gouv.ci\/mrcn\/wp-content\/uploads\/2022\/07\/HOMMAGE-A-HORTENCE-ACHA-12-300x200.jpeg 300w, https:\/\/reconciliation.gouv.ci\/mrcn\/wp-content\/uploads\/2022\/07\/HOMMAGE-A-HORTENCE-ACHA-12-768x512.jpeg 768w, https:\/\/reconciliation.gouv.ci\/mrcn\/wp-content\/uploads\/2022\/07\/HOMMAGE-A-HORTENCE-ACHA-12.jpeg 1080w\" sizes=\"auto, (max-width: 1024px) 100vw, 1024px\" \/><\/figure>\n<\/div>\n<\/div>\n\n\n\n<div class=\"wp-block-columns is-layout-flex wp-container-core-columns-is-layout-9d6595d7 wp-block-columns-is-layout-flex\">\n<div class=\"wp-block-column is-layout-flow wp-block-column-is-layout-flow\">\n<figure class=\"wp-block-image size-full\"><img loading=\"lazy\" decoding=\"async\" width=\"984\" height=\"656\" src=\"https:\/\/reconciliation.gouv.ci\/mrcn\/wp-content\/uploads\/2022\/07\/HOMMAGE-A-HORTENCE-ACHA-22.jpeg\" alt=\"\" class=\"wp-image-6696\" srcset=\"https:\/\/reconciliation.gouv.ci\/mrcn\/wp-content\/uploads\/2022\/07\/HOMMAGE-A-HORTENCE-ACHA-22.jpeg 984w, https:\/\/reconciliation.gouv.ci\/mrcn\/wp-content\/uploads\/2022\/07\/HOMMAGE-A-HORTENCE-ACHA-22-300x200.jpeg 300w, https:\/\/reconciliation.gouv.ci\/mrcn\/wp-content\/uploads\/2022\/07\/HOMMAGE-A-HORTENCE-ACHA-22-768x512.jpeg 768w\" sizes=\"auto, (max-width: 984px) 100vw, 984px\" \/><\/figure>\n<\/div>\n\n\n\n<div class=\"wp-block-column is-layout-flow wp-block-column-is-layout-flow\">\n<figure class=\"wp-block-image size-full\"><img loading=\"lazy\" decoding=\"async\" width=\"984\" height=\"656\" src=\"https:\/\/reconciliation.gouv.ci\/mrcn\/wp-content\/uploads\/2022\/07\/HOMMAGE-A-HORTENCE-ACHA-20.jpeg\" alt=\"\" class=\"wp-image-6694\" srcset=\"https:\/\/reconciliation.gouv.ci\/mrcn\/wp-content\/uploads\/2022\/07\/HOMMAGE-A-HORTENCE-ACHA-20.jpeg 984w, https:\/\/reconciliation.gouv.ci\/mrcn\/wp-content\/uploads\/2022\/07\/HOMMAGE-A-HORTENCE-ACHA-20-300x200.jpeg 300w, https:\/\/reconciliation.gouv.ci\/mrcn\/wp-content\/uploads\/2022\/07\/HOMMAGE-A-HORTENCE-ACHA-20-768x512.jpeg 768w\" sizes=\"auto, (max-width: 984px) 100vw, 984px\" \/><\/figure>\n<\/div>\n\n\n\n<div class=\"wp-block-column is-layout-flow wp-block-column-is-layout-flow\">\n<figure class=\"wp-block-image size-full\"><img loading=\"lazy\" decoding=\"async\" width=\"984\" height=\"656\" src=\"https:\/\/reconciliation.gouv.ci\/mrcn\/wp-content\/uploads\/2022\/07\/HOMMAGE-A-HORTENCE-ACHA-26.jpeg\" alt=\"\" class=\"wp-image-6674\" srcset=\"https:\/\/reconciliation.gouv.ci\/mrcn\/wp-content\/uploads\/2022\/07\/HOMMAGE-A-HORTENCE-ACHA-26.jpeg 984w, https:\/\/reconciliation.gouv.ci\/mrcn\/wp-content\/uploads\/2022\/07\/HOMMAGE-A-HORTENCE-ACHA-26-300x200.jpeg 300w, https:\/\/reconciliation.gouv.ci\/mrcn\/wp-content\/uploads\/2022\/07\/HOMMAGE-A-HORTENCE-ACHA-26-768x512.jpeg 768w\" sizes=\"auto, (max-width: 984px) 100vw, 984px\" \/><\/figure>\n<\/div>\n<\/div>\n\n\n\n<div class=\"wp-block-columns is-layout-flex wp-container-core-columns-is-layout-9d6595d7 wp-block-columns-is-layout-flex\">\n<div class=\"wp-block-column is-layout-flow wp-block-column-is-layout-flow\">\n<figure class=\"wp-block-image size-full\"><img loading=\"lazy\" decoding=\"async\" width=\"984\" height=\"656\" src=\"https:\/\/reconciliation.gouv.ci\/mrcn\/wp-content\/uploads\/2022\/07\/HOMMAGE-A-HORTENCE-ACHA-1.jpeg\" alt=\"\" class=\"wp-image-6675\" srcset=\"https:\/\/reconciliation.gouv.ci\/mrcn\/wp-content\/uploads\/2022\/07\/HOMMAGE-A-HORTENCE-ACHA-1.jpeg 984w, https:\/\/reconciliation.gouv.ci\/mrcn\/wp-content\/uploads\/2022\/07\/HOMMAGE-A-HORTENCE-ACHA-1-300x200.jpeg 300w, https:\/\/reconciliation.gouv.ci\/mrcn\/wp-content\/uploads\/2022\/07\/HOMMAGE-A-HORTENCE-ACHA-1-768x512.jpeg 768w\" sizes=\"auto, (max-width: 984px) 100vw, 984px\" \/><\/figure>\n<\/div>\n\n\n\n<div class=\"wp-block-column is-layout-flow wp-block-column-is-layout-flow\">\n<figure class=\"wp-block-image size-full\"><img loading=\"lazy\" decoding=\"async\" width=\"984\" height=\"656\" src=\"https:\/\/reconciliation.gouv.ci\/mrcn\/wp-content\/uploads\/2022\/07\/HOMMAGE-A-HORTENCE-ACHA-17.jpeg\" alt=\"\" class=\"wp-image-6691\" srcset=\"https:\/\/reconciliation.gouv.ci\/mrcn\/wp-content\/uploads\/2022\/07\/HOMMAGE-A-HORTENCE-ACHA-17.jpeg 984w, https:\/\/reconciliation.gouv.ci\/mrcn\/wp-content\/uploads\/2022\/07\/HOMMAGE-A-HORTENCE-ACHA-17-300x200.jpeg 300w, https:\/\/reconciliation.gouv.ci\/mrcn\/wp-content\/uploads\/2022\/07\/HOMMAGE-A-HORTENCE-ACHA-17-768x512.jpeg 768w\" sizes=\"auto, (max-width: 984px) 100vw, 984px\" \/><\/figure>\n<\/div>\n\n\n\n<div class=\"wp-block-column is-layout-flow wp-block-column-is-layout-flow\">\n<figure class=\"wp-block-image size-large\"><img loading=\"lazy\" decoding=\"async\" width=\"1024\" height=\"683\" src=\"https:\/\/reconciliation.gouv.ci\/mrcn\/wp-content\/uploads\/2022\/07\/HOMMAGE-A-HORTENCE-ACHA-21-1024x683.jpeg\" alt=\"\" class=\"wp-image-6695\" srcset=\"https:\/\/reconciliation.gouv.ci\/mrcn\/wp-content\/uploads\/2022\/07\/HOMMAGE-A-HORTENCE-ACHA-21-1024x683.jpeg 1024w, https:\/\/reconciliation.gouv.ci\/mrcn\/wp-content\/uploads\/2022\/07\/HOMMAGE-A-HORTENCE-ACHA-21-300x200.jpeg 300w, https:\/\/reconciliation.gouv.ci\/mrcn\/wp-content\/uploads\/2022\/07\/HOMMAGE-A-HORTENCE-ACHA-21-768x512.jpeg 768w, https:\/\/reconciliation.gouv.ci\/mrcn\/wp-content\/uploads\/2022\/07\/HOMMAGE-A-HORTENCE-ACHA-21.jpeg 1280w\" sizes=\"auto, (max-width: 1024px) 100vw, 1024px\" \/><\/figure>\n<\/div>\n<\/div>\n\n\n\n<div class=\"wp-block-columns is-layout-flex wp-container-core-columns-is-layout-9d6595d7 wp-block-columns-is-layout-flex\">\n<div class=\"wp-block-column is-layout-flow wp-block-column-is-layout-flow\">\n<figure class=\"wp-block-image size-full\"><img loading=\"lazy\" decoding=\"async\" width=\"984\" height=\"656\" src=\"https:\/\/reconciliation.gouv.ci\/mrcn\/wp-content\/uploads\/2022\/07\/HOMMAGE-A-HORTENCE-ACHA-19.jpeg\" alt=\"\" class=\"wp-image-6693\" srcset=\"https:\/\/reconciliation.gouv.ci\/mrcn\/wp-content\/uploads\/2022\/07\/HOMMAGE-A-HORTENCE-ACHA-19.jpeg 984w, https:\/\/reconciliation.gouv.ci\/mrcn\/wp-content\/uploads\/2022\/07\/HOMMAGE-A-HORTENCE-ACHA-19-300x200.jpeg 300w, https:\/\/reconciliation.gouv.ci\/mrcn\/wp-content\/uploads\/2022\/07\/HOMMAGE-A-HORTENCE-ACHA-19-768x512.jpeg 768w\" sizes=\"auto, (max-width: 984px) 100vw, 984px\" \/><\/figure>\n<\/div>\n\n\n\n<div class=\"wp-block-column is-layout-flow wp-block-column-is-layout-flow\">\n<figure class=\"wp-block-image size-full\"><img loading=\"lazy\" decoding=\"async\" width=\"984\" height=\"656\" src=\"https:\/\/reconciliation.gouv.ci\/mrcn\/wp-content\/uploads\/2022\/07\/HOMMAGE-A-HORTENCE-ACHA-18.jpeg\" alt=\"\" class=\"wp-image-6692\" srcset=\"https:\/\/reconciliation.gouv.ci\/mrcn\/wp-content\/uploads\/2022\/07\/HOMMAGE-A-HORTENCE-ACHA-18.jpeg 984w, https:\/\/reconciliation.gouv.ci\/mrcn\/wp-content\/uploads\/2022\/07\/HOMMAGE-A-HORTENCE-ACHA-18-300x200.jpeg 300w, https:\/\/reconciliation.gouv.ci\/mrcn\/wp-content\/uploads\/2022\/07\/HOMMAGE-A-HORTENCE-ACHA-18-768x512.jpeg 768w\" sizes=\"auto, (max-width: 984px) 100vw, 984px\" \/><\/figure>\n<\/div>\n\n\n\n<div class=\"wp-block-column is-layout-flow wp-block-column-is-layout-flow\">\n<figure class=\"wp-block-image size-full\"><img loading=\"lazy\" decoding=\"async\" width=\"984\" height=\"656\" src=\"https:\/\/reconciliation.gouv.ci\/mrcn\/wp-content\/uploads\/2022\/07\/HOMMAGE-A-HORTENCE-ACHA-3.jpeg\" alt=\"\" class=\"wp-image-6677\" srcset=\"https:\/\/reconciliation.gouv.ci\/mrcn\/wp-content\/uploads\/2022\/07\/HOMMAGE-A-HORTENCE-ACHA-3.jpeg 984w, https:\/\/reconciliation.gouv.ci\/mrcn\/wp-content\/uploads\/2022\/07\/HOMMAGE-A-HORTENCE-ACHA-3-300x200.jpeg 300w, https:\/\/reconciliation.gouv.ci\/mrcn\/wp-content\/uploads\/2022\/07\/HOMMAGE-A-HORTENCE-ACHA-3-768x512.jpeg 768w\" sizes=\"auto, (max-width: 984px) 100vw, 984px\" \/><\/figure>\n<\/div>\n<\/div>\n","protected":false},"excerpt":{"rendered":"<div class=\"pvc_clear\"><\/div>\n<p class=\"pvc_stats total_only \" data-element-id=\"6670\" style=\"\"><i class=\"pvc-stats-icon medium\" aria-hidden=\"true\"><svg aria-hidden=\"true\" focusable=\"false\" data-prefix=\"far\" data-icon=\"chart-bar\" role=\"img\" xmlns=\"http:\/\/www.w3.org\/2000\/svg\" viewBox=\"0 0 512 512\" class=\"svg-inline--fa fa-chart-bar fa-w-16 fa-2x\"><path fill=\"currentColor\" d=\"M396.8 352h22.4c6.4 0 12.8-6.4 12.8-12.8V108.8c0-6.4-6.4-12.8-12.8-12.8h-22.4c-6.4 0-12.8 6.4-12.8 12.8v230.4c0 6.4 6.4 12.8 12.8 12.8zm-192 0h22.4c6.4 0 12.8-6.4 12.8-12.8V140.8c0-6.4-6.4-12.8-12.8-12.8h-22.4c-6.4 0-12.8 6.4-12.8 12.8v198.4c0 6.4 6.4 12.8 12.8 12.8zm96 0h22.4c6.4 0 12.8-6.4 12.8-12.8V204.8c0-6.4-6.4-12.8-12.8-12.8h-22.4c-6.4 0-12.8 6.4-12.8 12.8v134.4c0 6.4 6.4 12.8 12.8 12.8zM496 400H48V80c0-8.84-7.16-16-16-16H16C7.16 64 0 71.16 0 80v336c0 17.67 14.33 32 32 32h464c8.84 0 16-7.16 16-16v-16c0-8.84-7.16-16-16-16zm-387.2-48h22.4c6.4 0 12.8-6.4 12.8-12.8v-70.4c0-6.4-6.4-12.8-12.8-12.8h-22.4c-6.4 0-12.8 6.4-12.8 12.8v70.4c0 6.4 6.4 12.8 12.8 12.8z\" class=\"\"><\/path><\/svg><\/i> &nbsp;1,997&nbsp;vues<\/p>\n<div class=\"pvc_clear\"><\/div>\n<p>&nbsp;1,997&nbsp;vues Le Ministre de la R\u00e9conciliation et de la Coh\u00e9sion Nationale rend hommage aux femmes de la commune de Port Bouet. Le vendredi 15 Juillet dernier le Ministre KOUADIO Konan Bertin est all\u00e9 \u00e0 la rencontre de ces dames de la commune \u00e0 qui il a exprim\u00e9<\/p>\n","protected":false},"author":1,"featured_media":6681,"comment_status":"closed","ping_status":"open","sticky":false,"template":"","format":"standard","meta":{"footnotes":""},"categories":[39],"tags":[],"class_list":["post-6670","post","type-post","status-publish","format-standard","has-post-thumbnail","hentry","category-activites-ministere-slider"],"_links":{"self":[{"href":"https:\/\/reconciliation.gouv.ci\/mrcn\/index.php?rest_route=\/wp\/v2\/posts\/6670","targetHints":{"allow":["GET"]}}],"collection":[{"href":"https:\/\/reconciliation.gouv.ci\/mrcn\/index.php?rest_route=\/wp\/v2\/posts"}],"about":[{"href":"https:\/\/reconciliation.gouv.ci\/mrcn\/index.php?rest_route=\/wp\/v2\/types\/post"}],"author":[{"embeddable":true,"href":"https:\/\/reconciliation.gouv.ci\/mrcn\/index.php?rest_route=\/wp\/v2\/users\/1"}],"replies":[{"embeddable":true,"href":"https:\/\/reconciliation.gouv.ci\/mrcn\/index.php?rest_route=%2Fwp%2Fv2%2Fcomments&post=6670"}],"version-history":[{"count":2,"href":"https:\/\/reconciliation.gouv.ci\/mrcn\/index.php?rest_route=\/wp\/v2\/posts\/6670\/revisions"}],"predecessor-version":[{"id":6698,"href":"https:\/\/reconciliation.gouv.ci\/mrcn\/index.php?rest_route=\/wp\/v2\/posts\/6670\/revisions\/6698"}],"wp:featuredmedia":[{"embeddable":true,"href":"https:\/\/reconciliation.gouv.ci\/mrcn\/index.php?rest_route=\/wp\/v2\/media\/6681"}],"wp:attachment":[{"href":"https:\/\/reconciliation.gouv.ci\/mrcn\/index.php?rest_route=%2Fwp%2Fv2%2Fmedia&parent=6670"}],"wp:term":[{"taxonomy":"category","embeddable":true,"href":"https:\/\/reconciliation.gouv.ci\/mrcn\/index.php?rest_route=%2Fwp%2Fv2%2Fcategories&post=6670"},{"taxonomy":"post_tag","embeddable":true,"href":"https:\/\/reconciliation.gouv.ci\/mrcn\/index.php?rest_route=%2Fwp%2Fv2%2Ftags&post=6670"}],"curies":[{"name":"wp","href":"https:\/\/api.w.org\/{rel}","templated":true}]}}