{"id":6567,"date":"2022-07-15T01:49:00","date_gmt":"2022-07-14T23:49:00","guid":{"rendered":"https:\/\/reconciliation.gouv.ci\/mrcn\/?p=6567"},"modified":"2022-07-15T01:49:02","modified_gmt":"2022-07-14T23:49:02","slug":"angele-djohossou-dit-aurevoir-a-la-cote-divoire-apres-deux-ans-et-demi-passes-a-la-tete-du-hcr","status":"publish","type":"post","link":"https:\/\/reconciliation.gouv.ci\/mrcn\/?p=6567","title":{"rendered":"Ang\u00e8le DJOHOSSOU dit aurevoir \u00e0 la C\u00f4te d\u2019Ivoire apr\u00e8s deux ans et demi pass\u00e9s \u00e0 la t\u00eate du HCR"},"content":{"rendered":"<div class=\"pvc_clear\"><\/div><p class=\"pvc_stats total_only \" data-element-id=\"6567\" style=\"\"><i class=\"pvc-stats-icon medium\" aria-hidden=\"true\"><svg aria-hidden=\"true\" focusable=\"false\" data-prefix=\"far\" data-icon=\"chart-bar\" role=\"img\" xmlns=\"http:\/\/www.w3.org\/2000\/svg\" viewBox=\"0 0 512 512\" class=\"svg-inline--fa fa-chart-bar fa-w-16 fa-2x\"><path fill=\"currentColor\" d=\"M396.8 352h22.4c6.4 0 12.8-6.4 12.8-12.8V108.8c0-6.4-6.4-12.8-12.8-12.8h-22.4c-6.4 0-12.8 6.4-12.8 12.8v230.4c0 6.4 6.4 12.8 12.8 12.8zm-192 0h22.4c6.4 0 12.8-6.4 12.8-12.8V140.8c0-6.4-6.4-12.8-12.8-12.8h-22.4c-6.4 0-12.8 6.4-12.8 12.8v198.4c0 6.4 6.4 12.8 12.8 12.8zm96 0h22.4c6.4 0 12.8-6.4 12.8-12.8V204.8c0-6.4-6.4-12.8-12.8-12.8h-22.4c-6.4 0-12.8 6.4-12.8 12.8v134.4c0 6.4 6.4 12.8 12.8 12.8zM496 400H48V80c0-8.84-7.16-16-16-16H16C7.16 64 0 71.16 0 80v336c0 17.67 14.33 32 32 32h464c8.84 0 16-7.16 16-16v-16c0-8.84-7.16-16-16-16zm-387.2-48h22.4c6.4 0 12.8-6.4 12.8-12.8v-70.4c0-6.4-6.4-12.8-12.8-12.8h-22.4c-6.4 0-12.8 6.4-12.8 12.8v70.4c0 6.4 6.4 12.8 12.8 12.8z\" class=\"\"><\/path><\/svg><\/i> &nbsp;3,445&nbsp;vues<\/p><div class=\"pvc_clear\"><\/div>\n<p><\/p>\n\n\n\n<figure class=\"wp-block-image size-large\"><img loading=\"lazy\" decoding=\"async\" width=\"1024\" height=\"682\" src=\"https:\/\/reconciliation.gouv.ci\/mrcn\/wp-content\/uploads\/2022\/07\/Accueil-1024x682.jpeg\" alt=\"\" class=\"wp-image-6583\" srcset=\"https:\/\/reconciliation.gouv.ci\/mrcn\/wp-content\/uploads\/2022\/07\/Accueil-1024x682.jpeg 1024w, https:\/\/reconciliation.gouv.ci\/mrcn\/wp-content\/uploads\/2022\/07\/Accueil-300x200.jpeg 300w, https:\/\/reconciliation.gouv.ci\/mrcn\/wp-content\/uploads\/2022\/07\/Accueil-768x512.jpeg 768w, https:\/\/reconciliation.gouv.ci\/mrcn\/wp-content\/uploads\/2022\/07\/Accueil.jpeg 1280w\" sizes=\"auto, (max-width: 1024px) 100vw, 1024px\" \/><\/figure>\n\n\n\n<p><strong>La Repr\u00e9sentante du HCR en C\u00f4te d\u2019Ivoire Ang\u00e8le DJOHOSSOU est venue dire aurevoir au Ministre de la R\u00e9conciliation et de la Coh\u00e9sion Nationale ce Mercredi 13 Juillet 2022 \u00e0 son cabinet au Plateau.<\/strong><\/p>\n\n\n\n<p><strong>Deux ann\u00e9es de collaboration qu\u2019elle trouve fructueuses et m\u00e9morables. Ang\u00e8le DJOHOSSOU a aussi plaid\u00e9 pour une p\u00e9riode de gr\u00e2ce \u00e0 l\u2019intention de r\u00e9fugi\u00e9s ivoiriens d\u00e9sireux regagner leur pays apr\u00e8s l\u2019entr\u00e9e en vigueur de la clause de fin de statut de r\u00e9fugi\u00e9 ivoirien.<\/strong><\/p>\n\n\n\n<p>A la t\u00eate du HCR en C\u00f4te d\u2019Ivoire depuis le 02 Mars 2020, Mme Ang\u00e8le DJOHOSSOU quitte ses fonctions le 15 Juillet prochain soit deux ann\u00e9es avec des mots de satisfaction et de b\u00e9n\u00e9diction&nbsp;\u00ab&nbsp; &nbsp;<strong>Je loue les efforts du gouvernement, du Minist\u00e8re de la R\u00e9conciliation et de la Coh\u00e9sion Nationale qui en si peu de temps a r\u00e9alis\u00e9 des exploits quant \u00e0 la situation des r\u00e9fugi\u00e9s et pour nous au HCR c\u2019est le s\u00e9same. Nous au HCR, on travaille pour \u00e7a. Que Dieu b\u00e9nisse la C\u00f4te-d\u2019Ivoire et que la paix r\u00e8gne&nbsp;\u00bb<\/strong>.<\/p>\n\n\n\n<p>La prochaine destination de Ang\u00e8le DJOHOSSOU est l\u2019Afrique du Sud o\u00f9 elle doit occuper le poste de Directrice Adjointe du Bureau R\u00e9gional du HCR en Afrique du Sud.<\/p>\n\n\n\n<p>Originaire du Benin, Ang\u00e8le DJOHOSSOU a \u0153uvr\u00e9 \u00e0 la mise en place d\u2019actions majeures dans le cadre de la crise post-\u00e9lectorale en C\u00f4te d\u2019Ivoire. On pourrait citer entre autres<\/p>\n\n\n\n<ul class=\"wp-block-list\"><li>Le projet de loi d\u2019asile,<\/li><li>La mise en place de la commission de d\u00e9termination du statut d\u2019apatridie et celle de recours,<\/li><li>La clause de cessation de statut de r\u00e9fugi\u00e9 entr\u00e9e en vigueur depuis le 1<sup>er<\/sup> Juillet dernier,<\/li><li>Le respect d\u2019engagement par les pays d\u2019asile,<\/li><li>L\u2019obtention de passeports par les ivoiriens ayant opt\u00e9 pour l\u2019int\u00e9gration locale.<\/li><\/ul>\n\n\n\n<p>A cours de cette rencontre d\u2019aurevoir ce jeudi matin avec le Ministre KOUADIO Konan Bertin, Ang\u00e8le DJOHOSSOU a re\u00e7u une invitation \u00e0 l\u2019occasion de la prochaine Journ\u00e9e Nationale de la Paix pr\u00e9vue le 15 Novembre 2022, d\u00e9nomm\u00e9e Journ\u00e9e du Nationale de la Paix, du Souvenir et du Pardon.<\/p>\n\n\n\n<p>A noter que le repr\u00e9sente du HCR a plaid\u00e9 aupr\u00e8s du gouvernement ivoirien pour une p\u00e9riode de gr\u00e2ce en faveur d\u2019environ douze mille ivoiriens ayant auparavant opt\u00e9 pour l\u2019int\u00e9gration locale et qui ont revu leur position. Ces derniers entendent regagner leur pays.<\/p>\n\n\n\n<div class=\"wp-block-columns is-layout-flex wp-container-core-columns-is-layout-9d6595d7 wp-block-columns-is-layout-flex\">\n<div class=\"wp-block-column is-layout-flow wp-block-column-is-layout-flow\">\n<figure class=\"wp-block-image size-large\"><img loading=\"lazy\" decoding=\"async\" width=\"1024\" height=\"682\" src=\"https:\/\/reconciliation.gouv.ci\/mrcn\/wp-content\/uploads\/2022\/07\/Lau-revoir-de-la-Representante-HCR-1-1024x682.jpg\" alt=\"\" class=\"wp-image-6581\" srcset=\"https:\/\/reconciliation.gouv.ci\/mrcn\/wp-content\/uploads\/2022\/07\/Lau-revoir-de-la-Representante-HCR-1-1024x682.jpg 1024w, https:\/\/reconciliation.gouv.ci\/mrcn\/wp-content\/uploads\/2022\/07\/Lau-revoir-de-la-Representante-HCR-1-300x200.jpg 300w, https:\/\/reconciliation.gouv.ci\/mrcn\/wp-content\/uploads\/2022\/07\/Lau-revoir-de-la-Representante-HCR-1-768x512.jpg 768w, https:\/\/reconciliation.gouv.ci\/mrcn\/wp-content\/uploads\/2022\/07\/Lau-revoir-de-la-Representante-HCR-1.jpg 1280w\" sizes=\"auto, (max-width: 1024px) 100vw, 1024px\" \/><\/figure>\n<\/div>\n\n\n\n<div class=\"wp-block-column is-layout-flow wp-block-column-is-layout-flow\">\n<figure class=\"wp-block-image size-large\"><img loading=\"lazy\" decoding=\"async\" width=\"1024\" height=\"682\" src=\"https:\/\/reconciliation.gouv.ci\/mrcn\/wp-content\/uploads\/2022\/07\/Lau-revoir-de-la-Representante-HCR-2-1-1024x682.jpg\" alt=\"\" class=\"wp-image-6586\" srcset=\"https:\/\/reconciliation.gouv.ci\/mrcn\/wp-content\/uploads\/2022\/07\/Lau-revoir-de-la-Representante-HCR-2-1-1024x682.jpg 1024w, https:\/\/reconciliation.gouv.ci\/mrcn\/wp-content\/uploads\/2022\/07\/Lau-revoir-de-la-Representante-HCR-2-1-300x200.jpg 300w, https:\/\/reconciliation.gouv.ci\/mrcn\/wp-content\/uploads\/2022\/07\/Lau-revoir-de-la-Representante-HCR-2-1-768x512.jpg 768w, https:\/\/reconciliation.gouv.ci\/mrcn\/wp-content\/uploads\/2022\/07\/Lau-revoir-de-la-Representante-HCR-2-1.jpg 1280w\" sizes=\"auto, (max-width: 1024px) 100vw, 1024px\" \/><\/figure>\n<\/div>\n\n\n\n<div class=\"wp-block-column is-layout-flow wp-block-column-is-layout-flow\">\n<figure class=\"wp-block-image size-large\"><img loading=\"lazy\" decoding=\"async\" width=\"1024\" height=\"682\" src=\"https:\/\/reconciliation.gouv.ci\/mrcn\/wp-content\/uploads\/2022\/07\/Lau-revoir-de-la-Representante-HCR-5-1024x682.jpg\" alt=\"\" class=\"wp-image-6570\" srcset=\"https:\/\/reconciliation.gouv.ci\/mrcn\/wp-content\/uploads\/2022\/07\/Lau-revoir-de-la-Representante-HCR-5-1024x682.jpg 1024w, https:\/\/reconciliation.gouv.ci\/mrcn\/wp-content\/uploads\/2022\/07\/Lau-revoir-de-la-Representante-HCR-5-300x200.jpg 300w, https:\/\/reconciliation.gouv.ci\/mrcn\/wp-content\/uploads\/2022\/07\/Lau-revoir-de-la-Representante-HCR-5-768x512.jpg 768w, https:\/\/reconciliation.gouv.ci\/mrcn\/wp-content\/uploads\/2022\/07\/Lau-revoir-de-la-Representante-HCR-5.jpg 1280w\" sizes=\"auto, (max-width: 1024px) 100vw, 1024px\" \/><\/figure>\n<\/div>\n<\/div>\n\n\n\n<div class=\"wp-block-columns is-layout-flex wp-container-core-columns-is-layout-9d6595d7 wp-block-columns-is-layout-flex\">\n<div class=\"wp-block-column is-layout-flow wp-block-column-is-layout-flow\">\n<figure class=\"wp-block-image size-large\"><img loading=\"lazy\" decoding=\"async\" width=\"682\" height=\"1024\" src=\"https:\/\/reconciliation.gouv.ci\/mrcn\/wp-content\/uploads\/2022\/07\/Lau-revoir-de-la-Representante-HCR-8-682x1024.jpg\" alt=\"\" class=\"wp-image-6573\" srcset=\"https:\/\/reconciliation.gouv.ci\/mrcn\/wp-content\/uploads\/2022\/07\/Lau-revoir-de-la-Representante-HCR-8-682x1024.jpg 682w, https:\/\/reconciliation.gouv.ci\/mrcn\/wp-content\/uploads\/2022\/07\/Lau-revoir-de-la-Representante-HCR-8-200x300.jpg 200w, https:\/\/reconciliation.gouv.ci\/mrcn\/wp-content\/uploads\/2022\/07\/Lau-revoir-de-la-Representante-HCR-8-768x1152.jpg 768w, https:\/\/reconciliation.gouv.ci\/mrcn\/wp-content\/uploads\/2022\/07\/Lau-revoir-de-la-Representante-HCR-8.jpg 853w\" sizes=\"auto, (max-width: 682px) 100vw, 682px\" \/><\/figure>\n<\/div>\n\n\n\n<div class=\"wp-block-column is-layout-flow wp-block-column-is-layout-flow\">\n<figure class=\"wp-block-image size-large\"><img loading=\"lazy\" decoding=\"async\" width=\"682\" height=\"1024\" src=\"https:\/\/reconciliation.gouv.ci\/mrcn\/wp-content\/uploads\/2022\/07\/Lau-revoir-de-la-Representante-HCR-14-1-682x1024.jpg\" alt=\"\" class=\"wp-image-6598\" srcset=\"https:\/\/reconciliation.gouv.ci\/mrcn\/wp-content\/uploads\/2022\/07\/Lau-revoir-de-la-Representante-HCR-14-1-682x1024.jpg 682w, https:\/\/reconciliation.gouv.ci\/mrcn\/wp-content\/uploads\/2022\/07\/Lau-revoir-de-la-Representante-HCR-14-1-200x300.jpg 200w, https:\/\/reconciliation.gouv.ci\/mrcn\/wp-content\/uploads\/2022\/07\/Lau-revoir-de-la-Representante-HCR-14-1-768x1152.jpg 768w, https:\/\/reconciliation.gouv.ci\/mrcn\/wp-content\/uploads\/2022\/07\/Lau-revoir-de-la-Representante-HCR-14-1.jpg 853w\" sizes=\"auto, (max-width: 682px) 100vw, 682px\" \/><\/figure>\n<\/div>\n\n\n\n<div class=\"wp-block-column is-layout-flow wp-block-column-is-layout-flow\">\n<figure class=\"wp-block-image size-large\"><img loading=\"lazy\" decoding=\"async\" width=\"682\" height=\"1024\" src=\"https:\/\/reconciliation.gouv.ci\/mrcn\/wp-content\/uploads\/2022\/07\/Lau-revoir-de-la-Representante-HCR-6-682x1024.jpg\" alt=\"\" class=\"wp-image-6571\" srcset=\"https:\/\/reconciliation.gouv.ci\/mrcn\/wp-content\/uploads\/2022\/07\/Lau-revoir-de-la-Representante-HCR-6-682x1024.jpg 682w, https:\/\/reconciliation.gouv.ci\/mrcn\/wp-content\/uploads\/2022\/07\/Lau-revoir-de-la-Representante-HCR-6-200x300.jpg 200w, https:\/\/reconciliation.gouv.ci\/mrcn\/wp-content\/uploads\/2022\/07\/Lau-revoir-de-la-Representante-HCR-6-768x1152.jpg 768w, https:\/\/reconciliation.gouv.ci\/mrcn\/wp-content\/uploads\/2022\/07\/Lau-revoir-de-la-Representante-HCR-6.jpg 853w\" sizes=\"auto, (max-width: 682px) 100vw, 682px\" \/><\/figure>\n<\/div>\n<\/div>\n\n\n\n<div class=\"wp-block-columns is-layout-flex wp-container-core-columns-is-layout-9d6595d7 wp-block-columns-is-layout-flex\">\n<div class=\"wp-block-column is-layout-flow wp-block-column-is-layout-flow\">\n<figure class=\"wp-block-image size-large\"><img loading=\"lazy\" decoding=\"async\" width=\"1024\" height=\"682\" src=\"https:\/\/reconciliation.gouv.ci\/mrcn\/wp-content\/uploads\/2022\/07\/Lau-revoir-de-la-Representante-HCR-9-1024x682.jpg\" alt=\"\" class=\"wp-image-6574\" srcset=\"https:\/\/reconciliation.gouv.ci\/mrcn\/wp-content\/uploads\/2022\/07\/Lau-revoir-de-la-Representante-HCR-9-1024x682.jpg 1024w, https:\/\/reconciliation.gouv.ci\/mrcn\/wp-content\/uploads\/2022\/07\/Lau-revoir-de-la-Representante-HCR-9-300x200.jpg 300w, https:\/\/reconciliation.gouv.ci\/mrcn\/wp-content\/uploads\/2022\/07\/Lau-revoir-de-la-Representante-HCR-9-768x512.jpg 768w, https:\/\/reconciliation.gouv.ci\/mrcn\/wp-content\/uploads\/2022\/07\/Lau-revoir-de-la-Representante-HCR-9.jpg 1280w\" sizes=\"auto, (max-width: 1024px) 100vw, 1024px\" \/><\/figure>\n\n\n\n<figure class=\"wp-block-image size-large\"><img loading=\"lazy\" decoding=\"async\" width=\"1024\" height=\"682\" src=\"https:\/\/reconciliation.gouv.ci\/mrcn\/wp-content\/uploads\/2022\/07\/Lau-revoir-de-la-Representante-HCR-13-1-1024x682.jpg\" alt=\"\" class=\"wp-image-6597\" srcset=\"https:\/\/reconciliation.gouv.ci\/mrcn\/wp-content\/uploads\/2022\/07\/Lau-revoir-de-la-Representante-HCR-13-1-1024x682.jpg 1024w, https:\/\/reconciliation.gouv.ci\/mrcn\/wp-content\/uploads\/2022\/07\/Lau-revoir-de-la-Representante-HCR-13-1-300x200.jpg 300w, https:\/\/reconciliation.gouv.ci\/mrcn\/wp-content\/uploads\/2022\/07\/Lau-revoir-de-la-Representante-HCR-13-1-768x512.jpg 768w, https:\/\/reconciliation.gouv.ci\/mrcn\/wp-content\/uploads\/2022\/07\/Lau-revoir-de-la-Representante-HCR-13-1.jpg 1280w\" sizes=\"auto, (max-width: 1024px) 100vw, 1024px\" \/><\/figure>\n<\/div>\n\n\n\n<div class=\"wp-block-column is-layout-flow wp-block-column-is-layout-flow\">\n<figure class=\"wp-block-image size-large\"><img loading=\"lazy\" decoding=\"async\" width=\"682\" height=\"1024\" src=\"https:\/\/reconciliation.gouv.ci\/mrcn\/wp-content\/uploads\/2022\/07\/Lau-revoir-de-la-Representante-HCR-12-1-682x1024.jpg\" alt=\"\" class=\"wp-image-6596\" srcset=\"https:\/\/reconciliation.gouv.ci\/mrcn\/wp-content\/uploads\/2022\/07\/Lau-revoir-de-la-Representante-HCR-12-1-682x1024.jpg 682w, https:\/\/reconciliation.gouv.ci\/mrcn\/wp-content\/uploads\/2022\/07\/Lau-revoir-de-la-Representante-HCR-12-1-200x300.jpg 200w, https:\/\/reconciliation.gouv.ci\/mrcn\/wp-content\/uploads\/2022\/07\/Lau-revoir-de-la-Representante-HCR-12-1-768x1152.jpg 768w, https:\/\/reconciliation.gouv.ci\/mrcn\/wp-content\/uploads\/2022\/07\/Lau-revoir-de-la-Representante-HCR-12-1.jpg 853w\" sizes=\"auto, (max-width: 682px) 100vw, 682px\" \/><\/figure>\n<\/div>\n\n\n\n<div class=\"wp-block-column is-layout-flow wp-block-column-is-layout-flow\">\n<figure class=\"wp-block-image size-large\"><img loading=\"lazy\" decoding=\"async\" width=\"1024\" height=\"682\" src=\"https:\/\/reconciliation.gouv.ci\/mrcn\/wp-content\/uploads\/2022\/07\/Lau-revoir-de-la-Representante-HCR-10-1-1024x682.jpg\" alt=\"\" class=\"wp-image-6594\" srcset=\"https:\/\/reconciliation.gouv.ci\/mrcn\/wp-content\/uploads\/2022\/07\/Lau-revoir-de-la-Representante-HCR-10-1-1024x682.jpg 1024w, https:\/\/reconciliation.gouv.ci\/mrcn\/wp-content\/uploads\/2022\/07\/Lau-revoir-de-la-Representante-HCR-10-1-300x200.jpg 300w, https:\/\/reconciliation.gouv.ci\/mrcn\/wp-content\/uploads\/2022\/07\/Lau-revoir-de-la-Representante-HCR-10-1-768x512.jpg 768w, https:\/\/reconciliation.gouv.ci\/mrcn\/wp-content\/uploads\/2022\/07\/Lau-revoir-de-la-Representante-HCR-10-1.jpg 1280w\" sizes=\"auto, (max-width: 1024px) 100vw, 1024px\" \/><\/figure>\n\n\n\n<figure class=\"wp-block-image size-large\"><img loading=\"lazy\" decoding=\"async\" width=\"1024\" height=\"682\" src=\"https:\/\/reconciliation.gouv.ci\/mrcn\/wp-content\/uploads\/2022\/07\/Lau-revoir-de-la-Representante-HCR-15-1-1024x682.jpg\" alt=\"\" class=\"wp-image-6599\" srcset=\"https:\/\/reconciliation.gouv.ci\/mrcn\/wp-content\/uploads\/2022\/07\/Lau-revoir-de-la-Representante-HCR-15-1-1024x682.jpg 1024w, https:\/\/reconciliation.gouv.ci\/mrcn\/wp-content\/uploads\/2022\/07\/Lau-revoir-de-la-Representante-HCR-15-1-300x200.jpg 300w, https:\/\/reconciliation.gouv.ci\/mrcn\/wp-content\/uploads\/2022\/07\/Lau-revoir-de-la-Representante-HCR-15-1-768x512.jpg 768w, https:\/\/reconciliation.gouv.ci\/mrcn\/wp-content\/uploads\/2022\/07\/Lau-revoir-de-la-Representante-HCR-15-1.jpg 1280w\" sizes=\"auto, (max-width: 1024px) 100vw, 1024px\" \/><\/figure>\n<\/div>\n<\/div>\n\n\n\n<div class=\"wp-block-columns is-layout-flex wp-container-core-columns-is-layout-9d6595d7 wp-block-columns-is-layout-flex\">\n<div class=\"wp-block-column is-layout-flow wp-block-column-is-layout-flow\">\n<figure class=\"wp-block-image size-large\"><img loading=\"lazy\" decoding=\"async\" width=\"1024\" height=\"682\" src=\"https:\/\/reconciliation.gouv.ci\/mrcn\/wp-content\/uploads\/2022\/07\/Lau-revoir-de-la-Representante-HCR-3-1024x682.jpg\" alt=\"\" class=\"wp-image-6568\" srcset=\"https:\/\/reconciliation.gouv.ci\/mrcn\/wp-content\/uploads\/2022\/07\/Lau-revoir-de-la-Representante-HCR-3-1024x682.jpg 1024w, https:\/\/reconciliation.gouv.ci\/mrcn\/wp-content\/uploads\/2022\/07\/Lau-revoir-de-la-Representante-HCR-3-300x200.jpg 300w, https:\/\/reconciliation.gouv.ci\/mrcn\/wp-content\/uploads\/2022\/07\/Lau-revoir-de-la-Representante-HCR-3-768x512.jpg 768w, https:\/\/reconciliation.gouv.ci\/mrcn\/wp-content\/uploads\/2022\/07\/Lau-revoir-de-la-Representante-HCR-3.jpg 1280w\" sizes=\"auto, (max-width: 1024px) 100vw, 1024px\" \/><\/figure>\n\n\n\n<figure class=\"wp-block-image size-large\"><img loading=\"lazy\" decoding=\"async\" width=\"1024\" height=\"682\" src=\"https:\/\/reconciliation.gouv.ci\/mrcn\/wp-content\/uploads\/2022\/07\/HCR-1024x682.jpeg\" alt=\"\" class=\"wp-image-6600\" srcset=\"https:\/\/reconciliation.gouv.ci\/mrcn\/wp-content\/uploads\/2022\/07\/HCR-1024x682.jpeg 1024w, https:\/\/reconciliation.gouv.ci\/mrcn\/wp-content\/uploads\/2022\/07\/HCR-300x200.jpeg 300w, https:\/\/reconciliation.gouv.ci\/mrcn\/wp-content\/uploads\/2022\/07\/HCR-768x512.jpeg 768w, https:\/\/reconciliation.gouv.ci\/mrcn\/wp-content\/uploads\/2022\/07\/HCR.jpeg 1280w\" sizes=\"auto, (max-width: 1024px) 100vw, 1024px\" \/><\/figure>\n<\/div>\n\n\n\n<div class=\"wp-block-column is-layout-flow wp-block-column-is-layout-flow\">\n<figure class=\"wp-block-image size-large\"><img loading=\"lazy\" decoding=\"async\" width=\"1024\" height=\"682\" src=\"https:\/\/reconciliation.gouv.ci\/mrcn\/wp-content\/uploads\/2022\/07\/Lau-revoir-de-la-Representante-HCR-11-1024x682.jpg\" alt=\"\" class=\"wp-image-6576\" srcset=\"https:\/\/reconciliation.gouv.ci\/mrcn\/wp-content\/uploads\/2022\/07\/Lau-revoir-de-la-Representante-HCR-11-1024x682.jpg 1024w, https:\/\/reconciliation.gouv.ci\/mrcn\/wp-content\/uploads\/2022\/07\/Lau-revoir-de-la-Representante-HCR-11-300x200.jpg 300w, https:\/\/reconciliation.gouv.ci\/mrcn\/wp-content\/uploads\/2022\/07\/Lau-revoir-de-la-Representante-HCR-11-768x512.jpg 768w, https:\/\/reconciliation.gouv.ci\/mrcn\/wp-content\/uploads\/2022\/07\/Lau-revoir-de-la-Representante-HCR-11.jpg 1280w\" sizes=\"auto, (max-width: 1024px) 100vw, 1024px\" \/><\/figure>\n\n\n\n<figure class=\"wp-block-image size-large\"><img loading=\"lazy\" decoding=\"async\" width=\"1024\" height=\"682\" src=\"https:\/\/reconciliation.gouv.ci\/mrcn\/wp-content\/uploads\/2022\/07\/HCR1-1024x682.jpeg\" alt=\"\" class=\"wp-image-6601\" srcset=\"https:\/\/reconciliation.gouv.ci\/mrcn\/wp-content\/uploads\/2022\/07\/HCR1-1024x682.jpeg 1024w, https:\/\/reconciliation.gouv.ci\/mrcn\/wp-content\/uploads\/2022\/07\/HCR1-300x200.jpeg 300w, https:\/\/reconciliation.gouv.ci\/mrcn\/wp-content\/uploads\/2022\/07\/HCR1-768x512.jpeg 768w, https:\/\/reconciliation.gouv.ci\/mrcn\/wp-content\/uploads\/2022\/07\/HCR1.jpeg 1280w\" sizes=\"auto, (max-width: 1024px) 100vw, 1024px\" \/><\/figure>\n<\/div>\n\n\n\n<div class=\"wp-block-column is-layout-flow wp-block-column-is-layout-flow\">\n<figure class=\"wp-block-image size-large\"><img loading=\"lazy\" decoding=\"async\" width=\"682\" height=\"1024\" src=\"https:\/\/reconciliation.gouv.ci\/mrcn\/wp-content\/uploads\/2022\/07\/Lau-revoir-de-la-Representante-HCR-7-1-682x1024.jpg\" alt=\"\" class=\"wp-image-6591\" srcset=\"https:\/\/reconciliation.gouv.ci\/mrcn\/wp-content\/uploads\/2022\/07\/Lau-revoir-de-la-Representante-HCR-7-1-682x1024.jpg 682w, https:\/\/reconciliation.gouv.ci\/mrcn\/wp-content\/uploads\/2022\/07\/Lau-revoir-de-la-Representante-HCR-7-1-200x300.jpg 200w, https:\/\/reconciliation.gouv.ci\/mrcn\/wp-content\/uploads\/2022\/07\/Lau-revoir-de-la-Representante-HCR-7-1-768x1152.jpg 768w, https:\/\/reconciliation.gouv.ci\/mrcn\/wp-content\/uploads\/2022\/07\/Lau-revoir-de-la-Representante-HCR-7-1.jpg 853w\" sizes=\"auto, (max-width: 682px) 100vw, 682px\" \/><\/figure>\n<\/div>\n<\/div>\n","protected":false},"excerpt":{"rendered":"<div class=\"pvc_clear\"><\/div>\n<p class=\"pvc_stats total_only \" data-element-id=\"6567\" style=\"\"><i class=\"pvc-stats-icon medium\" aria-hidden=\"true\"><svg aria-hidden=\"true\" focusable=\"false\" data-prefix=\"far\" data-icon=\"chart-bar\" role=\"img\" xmlns=\"http:\/\/www.w3.org\/2000\/svg\" viewBox=\"0 0 512 512\" class=\"svg-inline--fa fa-chart-bar fa-w-16 fa-2x\"><path fill=\"currentColor\" d=\"M396.8 352h22.4c6.4 0 12.8-6.4 12.8-12.8V108.8c0-6.4-6.4-12.8-12.8-12.8h-22.4c-6.4 0-12.8 6.4-12.8 12.8v230.4c0 6.4 6.4 12.8 12.8 12.8zm-192 0h22.4c6.4 0 12.8-6.4 12.8-12.8V140.8c0-6.4-6.4-12.8-12.8-12.8h-22.4c-6.4 0-12.8 6.4-12.8 12.8v198.4c0 6.4 6.4 12.8 12.8 12.8zm96 0h22.4c6.4 0 12.8-6.4 12.8-12.8V204.8c0-6.4-6.4-12.8-12.8-12.8h-22.4c-6.4 0-12.8 6.4-12.8 12.8v134.4c0 6.4 6.4 12.8 12.8 12.8zM496 400H48V80c0-8.84-7.16-16-16-16H16C7.16 64 0 71.16 0 80v336c0 17.67 14.33 32 32 32h464c8.84 0 16-7.16 16-16v-16c0-8.84-7.16-16-16-16zm-387.2-48h22.4c6.4 0 12.8-6.4 12.8-12.8v-70.4c0-6.4-6.4-12.8-12.8-12.8h-22.4c-6.4 0-12.8 6.4-12.8 12.8v70.4c0 6.4 6.4 12.8 12.8 12.8z\" class=\"\"><\/path><\/svg><\/i> &nbsp;3,445&nbsp;vues<\/p>\n<div class=\"pvc_clear\"><\/div>\n<p>&nbsp;3,445&nbsp;vues La Repr\u00e9sentante du HCR en C\u00f4te d\u2019Ivoire Ang\u00e8le DJOHOSSOU est venue dire aurevoir au Ministre de la R\u00e9conciliation et de la Coh\u00e9sion Nationale ce Mercredi 13 Juillet 2022 \u00e0 son cabinet au Plateau. Deux ann\u00e9es de collaboration qu\u2019elle trouve fructueuses et m\u00e9morables. Ang\u00e8le DJOHOSSOU a aussi<\/p>\n","protected":false},"author":1,"featured_media":6583,"comment_status":"closed","ping_status":"open","sticky":false,"template":"","format":"standard","meta":{"footnotes":""},"categories":[39],"tags":[],"class_list":["post-6567","post","type-post","status-publish","format-standard","has-post-thumbnail","hentry","category-activites-ministere-slider"],"_links":{"self":[{"href":"https:\/\/reconciliation.gouv.ci\/mrcn\/index.php?rest_route=\/wp\/v2\/posts\/6567","targetHints":{"allow":["GET"]}}],"collection":[{"href":"https:\/\/reconciliation.gouv.ci\/mrcn\/index.php?rest_route=\/wp\/v2\/posts"}],"about":[{"href":"https:\/\/reconciliation.gouv.ci\/mrcn\/index.php?rest_route=\/wp\/v2\/types\/post"}],"author":[{"embeddable":true,"href":"https:\/\/reconciliation.gouv.ci\/mrcn\/index.php?rest_route=\/wp\/v2\/users\/1"}],"replies":[{"embeddable":true,"href":"https:\/\/reconciliation.gouv.ci\/mrcn\/index.php?rest_route=%2Fwp%2Fv2%2Fcomments&post=6567"}],"version-history":[{"count":1,"href":"https:\/\/reconciliation.gouv.ci\/mrcn\/index.php?rest_route=\/wp\/v2\/posts\/6567\/revisions"}],"predecessor-version":[{"id":6602,"href":"https:\/\/reconciliation.gouv.ci\/mrcn\/index.php?rest_route=\/wp\/v2\/posts\/6567\/revisions\/6602"}],"wp:featuredmedia":[{"embeddable":true,"href":"https:\/\/reconciliation.gouv.ci\/mrcn\/index.php?rest_route=\/wp\/v2\/media\/6583"}],"wp:attachment":[{"href":"https:\/\/reconciliation.gouv.ci\/mrcn\/index.php?rest_route=%2Fwp%2Fv2%2Fmedia&parent=6567"}],"wp:term":[{"taxonomy":"category","embeddable":true,"href":"https:\/\/reconciliation.gouv.ci\/mrcn\/index.php?rest_route=%2Fwp%2Fv2%2Fcategories&post=6567"},{"taxonomy":"post_tag","embeddable":true,"href":"https:\/\/reconciliation.gouv.ci\/mrcn\/index.php?rest_route=%2Fwp%2Fv2%2Ftags&post=6567"}],"curies":[{"name":"wp","href":"https:\/\/api.w.org\/{rel}","templated":true}]}}