{"id":6445,"date":"2022-07-01T01:16:01","date_gmt":"2022-06-30T23:16:01","guid":{"rendered":"https:\/\/reconciliation.gouv.ci\/mrcn\/?p=6445"},"modified":"2022-07-01T01:20:59","modified_gmt":"2022-06-30T23:20:59","slug":"reconciliation-et-cohesion-nationale-genre-et-vih","status":"publish","type":"post","link":"https:\/\/reconciliation.gouv.ci\/mrcn\/?p=6445","title":{"rendered":"R\u00e9conciliation et Coh\u00e9sion Nationale\u00a0: Genre et VIH"},"content":{"rendered":"<div class=\"pvc_clear\"><\/div><p class=\"pvc_stats total_only \" data-element-id=\"6445\" style=\"\"><i class=\"pvc-stats-icon medium\" aria-hidden=\"true\"><svg aria-hidden=\"true\" focusable=\"false\" data-prefix=\"far\" data-icon=\"chart-bar\" role=\"img\" xmlns=\"http:\/\/www.w3.org\/2000\/svg\" viewBox=\"0 0 512 512\" class=\"svg-inline--fa fa-chart-bar fa-w-16 fa-2x\"><path fill=\"currentColor\" d=\"M396.8 352h22.4c6.4 0 12.8-6.4 12.8-12.8V108.8c0-6.4-6.4-12.8-12.8-12.8h-22.4c-6.4 0-12.8 6.4-12.8 12.8v230.4c0 6.4 6.4 12.8 12.8 12.8zm-192 0h22.4c6.4 0 12.8-6.4 12.8-12.8V140.8c0-6.4-6.4-12.8-12.8-12.8h-22.4c-6.4 0-12.8 6.4-12.8 12.8v198.4c0 6.4 6.4 12.8 12.8 12.8zm96 0h22.4c6.4 0 12.8-6.4 12.8-12.8V204.8c0-6.4-6.4-12.8-12.8-12.8h-22.4c-6.4 0-12.8 6.4-12.8 12.8v134.4c0 6.4 6.4 12.8 12.8 12.8zM496 400H48V80c0-8.84-7.16-16-16-16H16C7.16 64 0 71.16 0 80v336c0 17.67 14.33 32 32 32h464c8.84 0 16-7.16 16-16v-16c0-8.84-7.16-16-16-16zm-387.2-48h22.4c6.4 0 12.8-6.4 12.8-12.8v-70.4c0-6.4-6.4-12.8-12.8-12.8h-22.4c-6.4 0-12.8 6.4-12.8 12.8v70.4c0 6.4 6.4 12.8 12.8 12.8z\" class=\"\"><\/path><\/svg><\/i> &nbsp;2,708&nbsp;vues<\/p><div class=\"pvc_clear\"><\/div>\n<p><strong>LE MINISTERE DE LA RECONCILIATION ET DE LA COHESION NATIONALE DISPOSE D\u2019UNE CELLULE GENRE ET D\u2019UN COMITE DE LUTTE CONTRE LE VIH.<\/strong><\/p>\n\n\n\n<figure class=\"wp-block-image size-full\"><img loading=\"lazy\" decoding=\"async\" width=\"984\" height=\"656\" src=\"https:\/\/reconciliation.gouv.ci\/mrcn\/wp-content\/uploads\/2022\/07\/Sida-et-Genre-1.jpeg\" alt=\"\" class=\"wp-image-6446\" srcset=\"https:\/\/reconciliation.gouv.ci\/mrcn\/wp-content\/uploads\/2022\/07\/Sida-et-Genre-1.jpeg 984w, https:\/\/reconciliation.gouv.ci\/mrcn\/wp-content\/uploads\/2022\/07\/Sida-et-Genre-1-300x200.jpeg 300w, https:\/\/reconciliation.gouv.ci\/mrcn\/wp-content\/uploads\/2022\/07\/Sida-et-Genre-1-768x512.jpeg 768w\" sizes=\"auto, (max-width: 984px) 100vw, 984px\" \/><\/figure>\n\n\n\n<p><strong>Ce comit\u00e9 pilot\u00e9 par le premier responsable du d\u00e9partement, le Ministre KOUADIO Konan Bertin entend tout mettre en \u0153uvre pour lutter contre le VIH et aussi \u0153uvrer pour l\u2019\u00e9quit\u00e9 et l\u2019\u00e9galit\u00e9 entre Homme et Femme au sein de ce d\u00e9partement minist\u00e9riel.<\/strong><\/p>\n\n\n\n<p><strong>La c\u00e9r\u00e9monie officielle d\u2019installation de cette cellule genre et du comit\u00e9 sectoriel de la lutte contre le VIH a eu lieu ce Jeudi 30 Juin 2022 au sein du cabinet du Ministre au Plateau.<\/strong><\/p>\n\n\n\n<p>L\u2019installation de cette cellule a enregistr\u00e9 la participation et le soutien du Minist\u00e8re de la Famille, de la Femme et de l\u2019Enfant et du Minist\u00e8re de la Sant\u00e9, de l\u2019Hygi\u00e8ne Publique et de la Couverture Maladie Universelle.<\/p>\n\n\n\n<p>Constitu\u00e9e essentiellement du Directeur de Cabinet, des Directeurs G\u00e9n\u00e9raux, du Coordonnateur et des Directeurs Centraux, l\u2019ensemble chapeaut\u00e9 par le Ministre de la R\u00e9conciliation et de la Coh\u00e9sion Nation, le Ministre KOUADIO Konan Bertin, le comit\u00e9 est compos\u00e9 de neuf personnes dont trois femmes.<\/p>\n\n\n\n<p>Au sein du Minist\u00e8re de la R\u00e9conciliation et de la Coh\u00e9sion Nationale, la nouvelle \u00e9quipe compte jouer sa partition selon Madame Constance Judith AKMEL, Directrice de la Qualit\u00e9 et du Genre.<\/p>\n\n\n\n<p>Le Ministre de la R\u00e9conciliation et de Coh\u00e9sion Nationale tient \u00e0 ce que la lutte contre ces fl\u00e9aux soit une r\u00e9alit\u00e9 dans son d\u00e9partement. KOUADIO Konan Bertin entend \u0153uvrer pour que ces pand\u00e9mies rentrent dans les souvenirs.<\/p>\n\n\n\n<p>Le Minist\u00e8re de la Femme, de la Famille et de l\u2019Enfant selon Madame AWA Sylla, conseill\u00e8re technique, entend apporter son soutien \u00e0 la cellule nouvellement install\u00e9e dans l\u2019ex\u00e9cution de sa mission.<\/p>\n\n\n\n<p>La conseill\u00e8re technique a salu\u00e9 la pr\u00e9\u00e9minence de cette pr\u00e9occupation au sein du Minist\u00e8re bien avant l\u2019installation de la cellule du genre et du comit\u00e9 sectoriel.<\/p>\n\n\n\n<p>Pour la Directrice de la Qualit\u00e9 et du Genre, Madame Constance Judith AKMEL, la cellule du genre et du comit\u00e9 sectoriel de la lutte contre le Sida a deux missions majeures \u00e0 savoir&nbsp;:<\/p>\n\n\n\n<ul class=\"wp-block-list\"><li>Booster la lutte contre le Sida au sein du Minist\u00e8re,<\/li><li>Disposer des outils de lutte contre le VIH.<\/li><\/ul>\n\n\n\n<p>Concernant le genre&nbsp;au sein du Minist\u00e8re :<\/p>\n\n\n\n<ul class=\"wp-block-list\"><li>Le comit\u00e9 se doit de promouvoir l\u2019approche genre,<\/li><li>Former, sensibiliser, \u00e9laborer le plan d\u2019institutionnalisation et \u00e9laborer l\u2019annuaire statistique genre.<\/li><\/ul>\n\n\n\n<p>Trois d\u00e9fis majeurs \u00e0 relever par le comit\u00e9 et la cellule, selon Madame Judith AKMEL&nbsp;:<\/p>\n\n\n\n<ul class=\"wp-block-list\"><li>Prendre en compte les r\u00f4les, les besoins, les responsabilit\u00e9s et les aspirations des hommes et des femmes,<\/li><li>S\u2019assurer que les r\u00e9sultats des actions men\u00e9es profiteront tant aux hommes qu\u2019aux femmes selon la sp\u00e9cificit\u00e9 de chacun d\u2019eux<\/li><li>Susciter la participation des hommes et des femmes \u00e0 toute action de fa\u00e7on \u00e9quitable.<\/li><\/ul>\n\n\n\n<div class=\"wp-block-columns is-layout-flex wp-container-core-columns-is-layout-9d6595d7 wp-block-columns-is-layout-flex\">\n<div class=\"wp-block-column is-layout-flow wp-block-column-is-layout-flow\">\n<figure class=\"wp-block-image size-full\"><img loading=\"lazy\" decoding=\"async\" width=\"984\" height=\"656\" src=\"https:\/\/reconciliation.gouv.ci\/mrcn\/wp-content\/uploads\/2022\/07\/Sida-et-Genre-5.jpeg\" alt=\"\" class=\"wp-image-6450\" srcset=\"https:\/\/reconciliation.gouv.ci\/mrcn\/wp-content\/uploads\/2022\/07\/Sida-et-Genre-5.jpeg 984w, https:\/\/reconciliation.gouv.ci\/mrcn\/wp-content\/uploads\/2022\/07\/Sida-et-Genre-5-300x200.jpeg 300w, https:\/\/reconciliation.gouv.ci\/mrcn\/wp-content\/uploads\/2022\/07\/Sida-et-Genre-5-768x512.jpeg 768w\" sizes=\"auto, (max-width: 984px) 100vw, 984px\" \/><\/figure>\n<\/div>\n\n\n\n<div class=\"wp-block-column is-layout-flow wp-block-column-is-layout-flow\">\n<figure class=\"wp-block-image size-full\"><img loading=\"lazy\" decoding=\"async\" width=\"984\" height=\"656\" src=\"https:\/\/reconciliation.gouv.ci\/mrcn\/wp-content\/uploads\/2022\/07\/Sida-et-Genre-8.jpeg\" alt=\"\" class=\"wp-image-6453\" srcset=\"https:\/\/reconciliation.gouv.ci\/mrcn\/wp-content\/uploads\/2022\/07\/Sida-et-Genre-8.jpeg 984w, https:\/\/reconciliation.gouv.ci\/mrcn\/wp-content\/uploads\/2022\/07\/Sida-et-Genre-8-300x200.jpeg 300w, https:\/\/reconciliation.gouv.ci\/mrcn\/wp-content\/uploads\/2022\/07\/Sida-et-Genre-8-768x512.jpeg 768w\" sizes=\"auto, (max-width: 984px) 100vw, 984px\" \/><\/figure>\n<\/div>\n\n\n\n<div class=\"wp-block-column is-layout-flow wp-block-column-is-layout-flow\">\n<figure class=\"wp-block-image size-large\"><img loading=\"lazy\" decoding=\"async\" width=\"1024\" height=\"683\" src=\"https:\/\/reconciliation.gouv.ci\/mrcn\/wp-content\/uploads\/2022\/07\/Sida-et-Genre-7-1024x683.jpeg\" alt=\"\" class=\"wp-image-6452\" srcset=\"https:\/\/reconciliation.gouv.ci\/mrcn\/wp-content\/uploads\/2022\/07\/Sida-et-Genre-7-1024x683.jpeg 1024w, https:\/\/reconciliation.gouv.ci\/mrcn\/wp-content\/uploads\/2022\/07\/Sida-et-Genre-7-300x200.jpeg 300w, https:\/\/reconciliation.gouv.ci\/mrcn\/wp-content\/uploads\/2022\/07\/Sida-et-Genre-7-768x512.jpeg 768w, https:\/\/reconciliation.gouv.ci\/mrcn\/wp-content\/uploads\/2022\/07\/Sida-et-Genre-7.jpeg 1080w\" sizes=\"auto, (max-width: 1024px) 100vw, 1024px\" \/><\/figure>\n<\/div>\n<\/div>\n\n\n\n<div class=\"wp-block-columns is-layout-flex wp-container-core-columns-is-layout-9d6595d7 wp-block-columns-is-layout-flex\">\n<div class=\"wp-block-column is-layout-flow wp-block-column-is-layout-flow\">\n<figure class=\"wp-block-image size-large\"><img loading=\"lazy\" decoding=\"async\" width=\"1024\" height=\"683\" src=\"https:\/\/reconciliation.gouv.ci\/mrcn\/wp-content\/uploads\/2022\/07\/Sida-et-Genre-3-1024x683.jpeg\" alt=\"\" class=\"wp-image-6448\" srcset=\"https:\/\/reconciliation.gouv.ci\/mrcn\/wp-content\/uploads\/2022\/07\/Sida-et-Genre-3-1024x683.jpeg 1024w, https:\/\/reconciliation.gouv.ci\/mrcn\/wp-content\/uploads\/2022\/07\/Sida-et-Genre-3-300x200.jpeg 300w, https:\/\/reconciliation.gouv.ci\/mrcn\/wp-content\/uploads\/2022\/07\/Sida-et-Genre-3-768x512.jpeg 768w, https:\/\/reconciliation.gouv.ci\/mrcn\/wp-content\/uploads\/2022\/07\/Sida-et-Genre-3.jpeg 1080w\" sizes=\"auto, (max-width: 1024px) 100vw, 1024px\" \/><\/figure>\n<\/div>\n\n\n\n<div class=\"wp-block-column is-layout-flow wp-block-column-is-layout-flow\">\n<figure class=\"wp-block-image size-large\"><img loading=\"lazy\" decoding=\"async\" width=\"1024\" height=\"683\" src=\"https:\/\/reconciliation.gouv.ci\/mrcn\/wp-content\/uploads\/2022\/07\/Sida-et-Genre-9-1024x683.jpeg\" alt=\"\" class=\"wp-image-6454\" srcset=\"https:\/\/reconciliation.gouv.ci\/mrcn\/wp-content\/uploads\/2022\/07\/Sida-et-Genre-9-1024x683.jpeg 1024w, https:\/\/reconciliation.gouv.ci\/mrcn\/wp-content\/uploads\/2022\/07\/Sida-et-Genre-9-300x200.jpeg 300w, https:\/\/reconciliation.gouv.ci\/mrcn\/wp-content\/uploads\/2022\/07\/Sida-et-Genre-9-768x512.jpeg 768w, https:\/\/reconciliation.gouv.ci\/mrcn\/wp-content\/uploads\/2022\/07\/Sida-et-Genre-9.jpeg 1080w\" sizes=\"auto, (max-width: 1024px) 100vw, 1024px\" \/><\/figure>\n<\/div>\n\n\n\n<div class=\"wp-block-column is-layout-flow wp-block-column-is-layout-flow\">\n<figure class=\"wp-block-image size-full\"><img loading=\"lazy\" decoding=\"async\" width=\"984\" height=\"656\" src=\"https:\/\/reconciliation.gouv.ci\/mrcn\/wp-content\/uploads\/2022\/07\/Sida-et-Genre-4.jpeg\" alt=\"\" class=\"wp-image-6449\" srcset=\"https:\/\/reconciliation.gouv.ci\/mrcn\/wp-content\/uploads\/2022\/07\/Sida-et-Genre-4.jpeg 984w, https:\/\/reconciliation.gouv.ci\/mrcn\/wp-content\/uploads\/2022\/07\/Sida-et-Genre-4-300x200.jpeg 300w, https:\/\/reconciliation.gouv.ci\/mrcn\/wp-content\/uploads\/2022\/07\/Sida-et-Genre-4-768x512.jpeg 768w\" sizes=\"auto, (max-width: 984px) 100vw, 984px\" \/><\/figure>\n<\/div>\n<\/div>\n","protected":false},"excerpt":{"rendered":"<div class=\"pvc_clear\"><\/div>\n<p class=\"pvc_stats total_only \" data-element-id=\"6445\" style=\"\"><i class=\"pvc-stats-icon medium\" aria-hidden=\"true\"><svg aria-hidden=\"true\" focusable=\"false\" data-prefix=\"far\" data-icon=\"chart-bar\" role=\"img\" xmlns=\"http:\/\/www.w3.org\/2000\/svg\" viewBox=\"0 0 512 512\" class=\"svg-inline--fa fa-chart-bar fa-w-16 fa-2x\"><path fill=\"currentColor\" d=\"M396.8 352h22.4c6.4 0 12.8-6.4 12.8-12.8V108.8c0-6.4-6.4-12.8-12.8-12.8h-22.4c-6.4 0-12.8 6.4-12.8 12.8v230.4c0 6.4 6.4 12.8 12.8 12.8zm-192 0h22.4c6.4 0 12.8-6.4 12.8-12.8V140.8c0-6.4-6.4-12.8-12.8-12.8h-22.4c-6.4 0-12.8 6.4-12.8 12.8v198.4c0 6.4 6.4 12.8 12.8 12.8zm96 0h22.4c6.4 0 12.8-6.4 12.8-12.8V204.8c0-6.4-6.4-12.8-12.8-12.8h-22.4c-6.4 0-12.8 6.4-12.8 12.8v134.4c0 6.4 6.4 12.8 12.8 12.8zM496 400H48V80c0-8.84-7.16-16-16-16H16C7.16 64 0 71.16 0 80v336c0 17.67 14.33 32 32 32h464c8.84 0 16-7.16 16-16v-16c0-8.84-7.16-16-16-16zm-387.2-48h22.4c6.4 0 12.8-6.4 12.8-12.8v-70.4c0-6.4-6.4-12.8-12.8-12.8h-22.4c-6.4 0-12.8 6.4-12.8 12.8v70.4c0 6.4 6.4 12.8 12.8 12.8z\" class=\"\"><\/path><\/svg><\/i> &nbsp;2,708&nbsp;vues<\/p>\n<div class=\"pvc_clear\"><\/div>\n<p>&nbsp;2,708&nbsp;vues LE MINISTERE DE LA RECONCILIATION ET DE LA COHESION NATIONALE DISPOSE D\u2019UNE CELLULE GENRE ET D\u2019UN COMITE DE LUTTE CONTRE LE VIH. Ce comit\u00e9 pilot\u00e9 par le premier responsable du d\u00e9partement, le Ministre KOUADIO Konan Bertin entend tout mettre en \u0153uvre pour lutter contre le VIH<\/p>\n","protected":false},"author":1,"featured_media":6446,"comment_status":"closed","ping_status":"open","sticky":false,"template":"","format":"standard","meta":{"footnotes":""},"categories":[39],"tags":[],"class_list":["post-6445","post","type-post","status-publish","format-standard","has-post-thumbnail","hentry","category-activites-ministere-slider"],"_links":{"self":[{"href":"https:\/\/reconciliation.gouv.ci\/mrcn\/index.php?rest_route=\/wp\/v2\/posts\/6445","targetHints":{"allow":["GET"]}}],"collection":[{"href":"https:\/\/reconciliation.gouv.ci\/mrcn\/index.php?rest_route=\/wp\/v2\/posts"}],"about":[{"href":"https:\/\/reconciliation.gouv.ci\/mrcn\/index.php?rest_route=\/wp\/v2\/types\/post"}],"author":[{"embeddable":true,"href":"https:\/\/reconciliation.gouv.ci\/mrcn\/index.php?rest_route=\/wp\/v2\/users\/1"}],"replies":[{"embeddable":true,"href":"https:\/\/reconciliation.gouv.ci\/mrcn\/index.php?rest_route=%2Fwp%2Fv2%2Fcomments&post=6445"}],"version-history":[{"count":4,"href":"https:\/\/reconciliation.gouv.ci\/mrcn\/index.php?rest_route=\/wp\/v2\/posts\/6445\/revisions"}],"predecessor-version":[{"id":6459,"href":"https:\/\/reconciliation.gouv.ci\/mrcn\/index.php?rest_route=\/wp\/v2\/posts\/6445\/revisions\/6459"}],"wp:featuredmedia":[{"embeddable":true,"href":"https:\/\/reconciliation.gouv.ci\/mrcn\/index.php?rest_route=\/wp\/v2\/media\/6446"}],"wp:attachment":[{"href":"https:\/\/reconciliation.gouv.ci\/mrcn\/index.php?rest_route=%2Fwp%2Fv2%2Fmedia&parent=6445"}],"wp:term":[{"taxonomy":"category","embeddable":true,"href":"https:\/\/reconciliation.gouv.ci\/mrcn\/index.php?rest_route=%2Fwp%2Fv2%2Fcategories&post=6445"},{"taxonomy":"post_tag","embeddable":true,"href":"https:\/\/reconciliation.gouv.ci\/mrcn\/index.php?rest_route=%2Fwp%2Fv2%2Ftags&post=6445"}],"curies":[{"name":"wp","href":"https:\/\/api.w.org\/{rel}","templated":true}]}}