{"id":6143,"date":"2022-06-09T02:14:06","date_gmt":"2022-06-09T00:14:06","guid":{"rendered":"https:\/\/reconciliation.gouv.ci\/mrcn\/?p=6143"},"modified":"2022-06-13T19:56:12","modified_gmt":"2022-06-13T17:56:12","slug":"reconciliation-le-ministre-de-la-reconciliation-et-de-la-cohesion-nationale-kkb-echange-avec-la-diaspora-ivoirienne-a-paris","status":"publish","type":"post","link":"https:\/\/reconciliation.gouv.ci\/mrcn\/?p=6143","title":{"rendered":"R\u00e9conciliation : le Ministre de la R\u00e9conciliation et de la Coh\u00e9sion Nationale, KKB, \u00e9change avec la diaspora ivoirienne \u00e0 Paris"},"content":{"rendered":"<div class=\"pvc_clear\"><\/div><p class=\"pvc_stats total_only \" data-element-id=\"6143\" style=\"\"><i class=\"pvc-stats-icon medium\" aria-hidden=\"true\"><svg aria-hidden=\"true\" focusable=\"false\" data-prefix=\"far\" data-icon=\"chart-bar\" role=\"img\" xmlns=\"http:\/\/www.w3.org\/2000\/svg\" viewBox=\"0 0 512 512\" class=\"svg-inline--fa fa-chart-bar fa-w-16 fa-2x\"><path fill=\"currentColor\" d=\"M396.8 352h22.4c6.4 0 12.8-6.4 12.8-12.8V108.8c0-6.4-6.4-12.8-12.8-12.8h-22.4c-6.4 0-12.8 6.4-12.8 12.8v230.4c0 6.4 6.4 12.8 12.8 12.8zm-192 0h22.4c6.4 0 12.8-6.4 12.8-12.8V140.8c0-6.4-6.4-12.8-12.8-12.8h-22.4c-6.4 0-12.8 6.4-12.8 12.8v198.4c0 6.4 6.4 12.8 12.8 12.8zm96 0h22.4c6.4 0 12.8-6.4 12.8-12.8V204.8c0-6.4-6.4-12.8-12.8-12.8h-22.4c-6.4 0-12.8 6.4-12.8 12.8v134.4c0 6.4 6.4 12.8 12.8 12.8zM496 400H48V80c0-8.84-7.16-16-16-16H16C7.16 64 0 71.16 0 80v336c0 17.67 14.33 32 32 32h464c8.84 0 16-7.16 16-16v-16c0-8.84-7.16-16-16-16zm-387.2-48h22.4c6.4 0 12.8-6.4 12.8-12.8v-70.4c0-6.4-6.4-12.8-12.8-12.8h-22.4c-6.4 0-12.8 6.4-12.8 12.8v70.4c0 6.4 6.4 12.8 12.8 12.8z\" class=\"\"><\/path><\/svg><\/i> &nbsp;3,388&nbsp;vues<\/p><div class=\"pvc_clear\"><\/div>\n<figure class=\"wp-block-image size-full\"><img loading=\"lazy\" decoding=\"async\" width=\"932\" height=\"878\" src=\"https:\/\/reconciliation.gouv.ci\/mrcn\/wp-content\/uploads\/2022\/06\/Diaspora-Ivoirienne-Finale.jpg\" alt=\"\" class=\"wp-image-6206\" srcset=\"https:\/\/reconciliation.gouv.ci\/mrcn\/wp-content\/uploads\/2022\/06\/Diaspora-Ivoirienne-Finale.jpg 932w, https:\/\/reconciliation.gouv.ci\/mrcn\/wp-content\/uploads\/2022\/06\/Diaspora-Ivoirienne-Finale-300x283.jpg 300w, https:\/\/reconciliation.gouv.ci\/mrcn\/wp-content\/uploads\/2022\/06\/Diaspora-Ivoirienne-Finale-768x724.jpg 768w\" sizes=\"auto, (max-width: 932px) 100vw, 932px\" \/><\/figure>\n\n\n\n<p>Le dimanche 5 juin 2022, le ministre de la R\u00e9conciliation et de la Coh\u00e9sion Nationale, KOUADIO Konan Bertin \u00ab\u00a0KKB\u00a0\u00bb a d\u00e9clar\u00e9 lors des \u00e9changes avec des membres de la diaspora ivoirienne \u00e0 Paris, en France, que \u00ab rien n\u2019est accessible sans la paix \u00bb.<\/p>\n\n\n\n<p>\u00ab La libert\u00e9, le bonheur, l\u2019\u00e9galit\u00e9&#8230; rien n\u2019est accessible sans la paix. Il faut se battre pour la paix. Il faut se battre pour la conserver. Il faut se battre pour l\u2019installer durablement. Oui, la paix est un combat perp\u00e9tuel \u00bb, a-t-il lanc\u00e9, dimanche, en pr\u00e9sence du ministre, de la Promotion de la Jeunesse, de l&rsquo;Insertion professionnelle et du Service civique, Tour\u00e9 Mamadou et de la D\u00e9l\u00e9gu\u00e9e permanente de la C\u00f4te d&rsquo;Ivoire aupr\u00e8s de l&rsquo;UNESCO, Bakayoko Ly&nbsp;Ramata.<\/p>\n\n\n\n<p>Faisant allusion \u00e0 l\u2019hymne nationale, le ministre a estim\u00e9 que la C\u00f4te d\u2019Ivoire est un grand pays ouvert sur l\u2019ext\u00e9rieur. \u00ab Un pays de brassage dont la diversit\u00e9 intrins\u00e8que fait sa richesse. (&#8230;) Se battre pour la paix, c\u2019est en finir avec les ressentiments, les oppositions ethniques ou religieuses. \u00bb, a-t-il rench\u00e9ri.<\/p>\n\n\n\n<p>Il a invit\u00e9 les Ivoiriens de l\u2019\u00e9tranger \u00e0 utiliser le temps pass\u00e9 en exil pour se lib\u00e9rer des vieilles pratiques, des st\u00e9r\u00e9otypes ethniques et d\u2019opposition syst\u00e9matique. \u00ab Eradiquez les ferments de haine, des plus ancestraux aux plus contemporains \u00bb, leur a-t-il conseill\u00e9.<\/p>\n\n\n\n<p>KKB a expliqu\u00e9 \u00e0 la diaspora, les avanc\u00e9es consid\u00e9rables r\u00e9alis\u00e9es en C\u00f4te d\u2019Ivoire, gr\u00e2ce au Pr\u00e9sident de la R\u00e9publique, Alassane Ouattara, qui a favoris\u00e9 le dialogue politique. Il a soulign\u00e9 que la session du dialogue politique qui s\u2019est d\u00e9roul\u00e9e du 16 d\u00e9cembre 2021 au 4 mars 2022 a enregistr\u00e9 la participation de 21 partis politiques.<\/p>\n\n\n\n<p>Cette rencontre portait sur le th\u00e8me \u201cAcquis, d\u00e9fis et perspectives du processus de r\u00e9conciliation \u00bb s\u2019est tenue en pr\u00e9sence de l&rsquo;ambassadeur de la R\u00e9publique de C\u00f4te d\u2019Ivoire pr\u00e8s la R\u00e9publique fran\u00e7aise, Maurice Kouakou Bandaman.<\/p>\n\n\n\n<div class=\"wp-block-columns is-layout-flex wp-container-core-columns-is-layout-9d6595d7 wp-block-columns-is-layout-flex\">\n<div class=\"wp-block-column is-layout-flow wp-block-column-is-layout-flow\">\n<figure class=\"wp-block-image size-large\"><img loading=\"lazy\" decoding=\"async\" width=\"683\" height=\"1024\" src=\"https:\/\/reconciliation.gouv.ci\/mrcn\/wp-content\/uploads\/2022\/06\/Diaspora-Ivoirienne-1-683x1024.jpeg\" alt=\"\" class=\"wp-image-6146\" srcset=\"https:\/\/reconciliation.gouv.ci\/mrcn\/wp-content\/uploads\/2022\/06\/Diaspora-Ivoirienne-1-683x1024.jpeg 683w, https:\/\/reconciliation.gouv.ci\/mrcn\/wp-content\/uploads\/2022\/06\/Diaspora-Ivoirienne-1-200x300.jpeg 200w, https:\/\/reconciliation.gouv.ci\/mrcn\/wp-content\/uploads\/2022\/06\/Diaspora-Ivoirienne-1.jpeg 720w\" sizes=\"auto, (max-width: 683px) 100vw, 683px\" \/><\/figure>\n<\/div>\n\n\n\n<div class=\"wp-block-column is-layout-flow wp-block-column-is-layout-flow\">\n<figure class=\"wp-block-image size-large\"><img loading=\"lazy\" decoding=\"async\" width=\"1024\" height=\"683\" src=\"https:\/\/reconciliation.gouv.ci\/mrcn\/wp-content\/uploads\/2022\/06\/Diaspora-Ivoirienne-5-1024x683.jpeg\" alt=\"\" class=\"wp-image-6150\" srcset=\"https:\/\/reconciliation.gouv.ci\/mrcn\/wp-content\/uploads\/2022\/06\/Diaspora-Ivoirienne-5-1024x683.jpeg 1024w, https:\/\/reconciliation.gouv.ci\/mrcn\/wp-content\/uploads\/2022\/06\/Diaspora-Ivoirienne-5-300x200.jpeg 300w, https:\/\/reconciliation.gouv.ci\/mrcn\/wp-content\/uploads\/2022\/06\/Diaspora-Ivoirienne-5-768x512.jpeg 768w, https:\/\/reconciliation.gouv.ci\/mrcn\/wp-content\/uploads\/2022\/06\/Diaspora-Ivoirienne-5.jpeg 1080w\" sizes=\"auto, (max-width: 1024px) 100vw, 1024px\" \/><\/figure>\n\n\n\n<figure class=\"wp-block-image size-large\"><img loading=\"lazy\" decoding=\"async\" width=\"1024\" height=\"683\" src=\"https:\/\/reconciliation.gouv.ci\/mrcn\/wp-content\/uploads\/2022\/06\/Diaspora-Ivoirienne-4-1024x683.jpeg\" alt=\"\" class=\"wp-image-6149\" srcset=\"https:\/\/reconciliation.gouv.ci\/mrcn\/wp-content\/uploads\/2022\/06\/Diaspora-Ivoirienne-4-1024x683.jpeg 1024w, https:\/\/reconciliation.gouv.ci\/mrcn\/wp-content\/uploads\/2022\/06\/Diaspora-Ivoirienne-4-300x200.jpeg 300w, https:\/\/reconciliation.gouv.ci\/mrcn\/wp-content\/uploads\/2022\/06\/Diaspora-Ivoirienne-4-768x512.jpeg 768w, https:\/\/reconciliation.gouv.ci\/mrcn\/wp-content\/uploads\/2022\/06\/Diaspora-Ivoirienne-4.jpeg 1080w\" sizes=\"auto, (max-width: 1024px) 100vw, 1024px\" \/><\/figure>\n<\/div>\n\n\n\n<div class=\"wp-block-column is-layout-flow wp-block-column-is-layout-flow\">\n<figure class=\"wp-block-image size-large\"><img loading=\"lazy\" decoding=\"async\" width=\"682\" height=\"1024\" src=\"https:\/\/reconciliation.gouv.ci\/mrcn\/wp-content\/uploads\/2022\/06\/Diaspora-Ivoirienne-7-682x1024.jpeg\" alt=\"\" class=\"wp-image-6145\" srcset=\"https:\/\/reconciliation.gouv.ci\/mrcn\/wp-content\/uploads\/2022\/06\/Diaspora-Ivoirienne-7-682x1024.jpeg 682w, https:\/\/reconciliation.gouv.ci\/mrcn\/wp-content\/uploads\/2022\/06\/Diaspora-Ivoirienne-7-200x300.jpeg 200w, https:\/\/reconciliation.gouv.ci\/mrcn\/wp-content\/uploads\/2022\/06\/Diaspora-Ivoirienne-7.jpeg 719w\" sizes=\"auto, (max-width: 682px) 100vw, 682px\" \/><\/figure>\n<\/div>\n<\/div>\n\n\n\n<div class=\"wp-block-columns is-layout-flex wp-container-core-columns-is-layout-9d6595d7 wp-block-columns-is-layout-flex\">\n<div class=\"wp-block-column is-layout-flow wp-block-column-is-layout-flow\">\n<figure class=\"wp-block-image size-large\"><img loading=\"lazy\" decoding=\"async\" width=\"683\" height=\"1024\" src=\"https:\/\/reconciliation.gouv.ci\/mrcn\/wp-content\/uploads\/2022\/06\/Diaspora-Ivoirienne-2-683x1024.jpeg\" alt=\"\" class=\"wp-image-6147\" srcset=\"https:\/\/reconciliation.gouv.ci\/mrcn\/wp-content\/uploads\/2022\/06\/Diaspora-Ivoirienne-2-683x1024.jpeg 683w, https:\/\/reconciliation.gouv.ci\/mrcn\/wp-content\/uploads\/2022\/06\/Diaspora-Ivoirienne-2-200x300.jpeg 200w, https:\/\/reconciliation.gouv.ci\/mrcn\/wp-content\/uploads\/2022\/06\/Diaspora-Ivoirienne-2.jpeg 720w\" sizes=\"auto, (max-width: 683px) 100vw, 683px\" \/><\/figure>\n<\/div>\n\n\n\n<div class=\"wp-block-column is-layout-flow wp-block-column-is-layout-flow\">\n<figure class=\"wp-block-image size-large\"><img loading=\"lazy\" decoding=\"async\" width=\"683\" height=\"1024\" src=\"https:\/\/reconciliation.gouv.ci\/mrcn\/wp-content\/uploads\/2022\/06\/Diaspora-Ivoirienne-3-683x1024.jpeg\" alt=\"\" class=\"wp-image-6148\" srcset=\"https:\/\/reconciliation.gouv.ci\/mrcn\/wp-content\/uploads\/2022\/06\/Diaspora-Ivoirienne-3-683x1024.jpeg 683w, https:\/\/reconciliation.gouv.ci\/mrcn\/wp-content\/uploads\/2022\/06\/Diaspora-Ivoirienne-3-200x300.jpeg 200w, https:\/\/reconciliation.gouv.ci\/mrcn\/wp-content\/uploads\/2022\/06\/Diaspora-Ivoirienne-3.jpeg 720w\" sizes=\"auto, (max-width: 683px) 100vw, 683px\" \/><\/figure>\n<\/div>\n<\/div>\n\n\n\n<figure class=\"wp-block-image size-large\"><img loading=\"lazy\" decoding=\"async\" width=\"1024\" height=\"683\" src=\"https:\/\/reconciliation.gouv.ci\/mrcn\/wp-content\/uploads\/2022\/06\/Diaspora-Ivoirienne-6-1024x683.jpeg\" alt=\"\" class=\"wp-image-6144\" srcset=\"https:\/\/reconciliation.gouv.ci\/mrcn\/wp-content\/uploads\/2022\/06\/Diaspora-Ivoirienne-6-1024x683.jpeg 1024w, https:\/\/reconciliation.gouv.ci\/mrcn\/wp-content\/uploads\/2022\/06\/Diaspora-Ivoirienne-6-300x200.jpeg 300w, https:\/\/reconciliation.gouv.ci\/mrcn\/wp-content\/uploads\/2022\/06\/Diaspora-Ivoirienne-6-768x512.jpeg 768w, https:\/\/reconciliation.gouv.ci\/mrcn\/wp-content\/uploads\/2022\/06\/Diaspora-Ivoirienne-6.jpeg 1080w\" sizes=\"auto, (max-width: 1024px) 100vw, 1024px\" \/><\/figure>\n","protected":false},"excerpt":{"rendered":"<div class=\"pvc_clear\"><\/div>\n<p class=\"pvc_stats total_only \" data-element-id=\"6143\" style=\"\"><i class=\"pvc-stats-icon medium\" aria-hidden=\"true\"><svg aria-hidden=\"true\" focusable=\"false\" data-prefix=\"far\" data-icon=\"chart-bar\" role=\"img\" xmlns=\"http:\/\/www.w3.org\/2000\/svg\" viewBox=\"0 0 512 512\" class=\"svg-inline--fa fa-chart-bar fa-w-16 fa-2x\"><path fill=\"currentColor\" d=\"M396.8 352h22.4c6.4 0 12.8-6.4 12.8-12.8V108.8c0-6.4-6.4-12.8-12.8-12.8h-22.4c-6.4 0-12.8 6.4-12.8 12.8v230.4c0 6.4 6.4 12.8 12.8 12.8zm-192 0h22.4c6.4 0 12.8-6.4 12.8-12.8V140.8c0-6.4-6.4-12.8-12.8-12.8h-22.4c-6.4 0-12.8 6.4-12.8 12.8v198.4c0 6.4 6.4 12.8 12.8 12.8zm96 0h22.4c6.4 0 12.8-6.4 12.8-12.8V204.8c0-6.4-6.4-12.8-12.8-12.8h-22.4c-6.4 0-12.8 6.4-12.8 12.8v134.4c0 6.4 6.4 12.8 12.8 12.8zM496 400H48V80c0-8.84-7.16-16-16-16H16C7.16 64 0 71.16 0 80v336c0 17.67 14.33 32 32 32h464c8.84 0 16-7.16 16-16v-16c0-8.84-7.16-16-16-16zm-387.2-48h22.4c6.4 0 12.8-6.4 12.8-12.8v-70.4c0-6.4-6.4-12.8-12.8-12.8h-22.4c-6.4 0-12.8 6.4-12.8 12.8v70.4c0 6.4 6.4 12.8 12.8 12.8z\" class=\"\"><\/path><\/svg><\/i> &nbsp;3,388&nbsp;vues<\/p>\n<div class=\"pvc_clear\"><\/div>\n<p>&nbsp;3,388&nbsp;vues Le dimanche 5 juin 2022, le ministre de la R\u00e9conciliation et de la Coh\u00e9sion Nationale, KOUADIO Konan Bertin \u00ab\u00a0KKB\u00a0\u00bb a d\u00e9clar\u00e9 lors des \u00e9changes avec des membres de la diaspora ivoirienne \u00e0 Paris, en France, que \u00ab rien n\u2019est accessible sans la paix \u00bb. \u00ab La<\/p>\n","protected":false},"author":1,"featured_media":6206,"comment_status":"closed","ping_status":"open","sticky":false,"template":"","format":"standard","meta":{"footnotes":""},"categories":[39],"tags":[],"class_list":["post-6143","post","type-post","status-publish","format-standard","has-post-thumbnail","hentry","category-activites-ministere-slider"],"_links":{"self":[{"href":"https:\/\/reconciliation.gouv.ci\/mrcn\/index.php?rest_route=\/wp\/v2\/posts\/6143","targetHints":{"allow":["GET"]}}],"collection":[{"href":"https:\/\/reconciliation.gouv.ci\/mrcn\/index.php?rest_route=\/wp\/v2\/posts"}],"about":[{"href":"https:\/\/reconciliation.gouv.ci\/mrcn\/index.php?rest_route=\/wp\/v2\/types\/post"}],"author":[{"embeddable":true,"href":"https:\/\/reconciliation.gouv.ci\/mrcn\/index.php?rest_route=\/wp\/v2\/users\/1"}],"replies":[{"embeddable":true,"href":"https:\/\/reconciliation.gouv.ci\/mrcn\/index.php?rest_route=%2Fwp%2Fv2%2Fcomments&post=6143"}],"version-history":[{"count":3,"href":"https:\/\/reconciliation.gouv.ci\/mrcn\/index.php?rest_route=\/wp\/v2\/posts\/6143\/revisions"}],"predecessor-version":[{"id":6208,"href":"https:\/\/reconciliation.gouv.ci\/mrcn\/index.php?rest_route=\/wp\/v2\/posts\/6143\/revisions\/6208"}],"wp:featuredmedia":[{"embeddable":true,"href":"https:\/\/reconciliation.gouv.ci\/mrcn\/index.php?rest_route=\/wp\/v2\/media\/6206"}],"wp:attachment":[{"href":"https:\/\/reconciliation.gouv.ci\/mrcn\/index.php?rest_route=%2Fwp%2Fv2%2Fmedia&parent=6143"}],"wp:term":[{"taxonomy":"category","embeddable":true,"href":"https:\/\/reconciliation.gouv.ci\/mrcn\/index.php?rest_route=%2Fwp%2Fv2%2Fcategories&post=6143"},{"taxonomy":"post_tag","embeddable":true,"href":"https:\/\/reconciliation.gouv.ci\/mrcn\/index.php?rest_route=%2Fwp%2Fv2%2Ftags&post=6143"}],"curies":[{"name":"wp","href":"https:\/\/api.w.org\/{rel}","templated":true}]}}