{"id":5994,"date":"2022-05-26T01:21:24","date_gmt":"2022-05-25T23:21:24","guid":{"rendered":"https:\/\/reconciliation.gouv.ci\/mrcn\/?p=5994"},"modified":"2022-05-26T01:21:26","modified_gmt":"2022-05-25T23:21:26","slug":"conflit-de-chefferie-a-adjame-bingerville-le-ministre-kouadio-konan-bertin-annonce-les-couleurs-pour-le-30-mai-prochain-a-la-place-publique-du-village","status":"publish","type":"post","link":"https:\/\/reconciliation.gouv.ci\/mrcn\/?p=5994","title":{"rendered":"Conflit de chefferie \u00e0 Adjam\u00e9 Bingerville\u00a0: Le Ministre KOUADIO Konan Bertin annonce les couleurs pour le 30 mai prochain \u00e0 la place publique du village"},"content":{"rendered":"<div class=\"pvc_clear\"><\/div><p class=\"pvc_stats total_only \" data-element-id=\"5994\" style=\"\"><i class=\"pvc-stats-icon medium\" aria-hidden=\"true\"><svg aria-hidden=\"true\" focusable=\"false\" data-prefix=\"far\" data-icon=\"chart-bar\" role=\"img\" xmlns=\"http:\/\/www.w3.org\/2000\/svg\" viewBox=\"0 0 512 512\" class=\"svg-inline--fa fa-chart-bar fa-w-16 fa-2x\"><path fill=\"currentColor\" d=\"M396.8 352h22.4c6.4 0 12.8-6.4 12.8-12.8V108.8c0-6.4-6.4-12.8-12.8-12.8h-22.4c-6.4 0-12.8 6.4-12.8 12.8v230.4c0 6.4 6.4 12.8 12.8 12.8zm-192 0h22.4c6.4 0 12.8-6.4 12.8-12.8V140.8c0-6.4-6.4-12.8-12.8-12.8h-22.4c-6.4 0-12.8 6.4-12.8 12.8v198.4c0 6.4 6.4 12.8 12.8 12.8zm96 0h22.4c6.4 0 12.8-6.4 12.8-12.8V204.8c0-6.4-6.4-12.8-12.8-12.8h-22.4c-6.4 0-12.8 6.4-12.8 12.8v134.4c0 6.4 6.4 12.8 12.8 12.8zM496 400H48V80c0-8.84-7.16-16-16-16H16C7.16 64 0 71.16 0 80v336c0 17.67 14.33 32 32 32h464c8.84 0 16-7.16 16-16v-16c0-8.84-7.16-16-16-16zm-387.2-48h22.4c6.4 0 12.8-6.4 12.8-12.8v-70.4c0-6.4-6.4-12.8-12.8-12.8h-22.4c-6.4 0-12.8 6.4-12.8 12.8v70.4c0 6.4 6.4 12.8 12.8 12.8z\" class=\"\"><\/path><\/svg><\/i> &nbsp;2,563&nbsp;vues<\/p><div class=\"pvc_clear\"><\/div>\n<figure class=\"wp-block-image size-large\"><img loading=\"lazy\" decoding=\"async\" width=\"1024\" height=\"684\" src=\"https:\/\/reconciliation.gouv.ci\/mrcn\/wp-content\/uploads\/2022\/05\/Conflit-Adjame-Bingerville-Acte2-5-1024x684.jpeg\" alt=\"\" class=\"wp-image-5997\" srcset=\"https:\/\/reconciliation.gouv.ci\/mrcn\/wp-content\/uploads\/2022\/05\/Conflit-Adjame-Bingerville-Acte2-5-1024x684.jpeg 1024w, https:\/\/reconciliation.gouv.ci\/mrcn\/wp-content\/uploads\/2022\/05\/Conflit-Adjame-Bingerville-Acte2-5-300x200.jpeg 300w, https:\/\/reconciliation.gouv.ci\/mrcn\/wp-content\/uploads\/2022\/05\/Conflit-Adjame-Bingerville-Acte2-5-768x513.jpeg 768w, https:\/\/reconciliation.gouv.ci\/mrcn\/wp-content\/uploads\/2022\/05\/Conflit-Adjame-Bingerville-Acte2-5.jpeg 1280w\" sizes=\"auto, (max-width: 1024px) 100vw, 1024px\" \/><\/figure>\n\n\n\n<p>Conflit de Chefferie dans le village d\u2019Adjam\u00e9 Bingerville, Le Ministre de la R\u00e9conciliation et de la Coh\u00e9sion Nationale a rencontr\u00e9 les deux tendances, le corps pr\u00e9fectoral et le D\u00e9put\u00e9 Maire de Bingerville ce Mercredi 25 Mai 2022 \u00e0 son cabinet au Plateau.<\/p>\n\n\n\n<p>Objectif :&nbsp; trouver une date et un lieu qui conviennent \u00e0 tous pour la s\u00e9ance d\u2019\u00e9coute sur terrain que le ministre envisage effectuer dans le cadre de la r\u00e9solution du conflit qui mine le village depuis quelques ann\u00e9es.<\/p>\n\n\n\n<p>Cette deuxi\u00e8me rencontre avec les deux tendances du conflit de chefferie dans le village d\u2019Adjam\u00e9 Bingerville a \u00e9t\u00e9 marqu\u00e9e par la pr\u00e9sence du doyen d\u2019\u00e2ge du village Nanan ADEKOUA Fran\u00e7ois, chef de terre.<\/p>\n\n\n\n<p>Autour de la table de s\u00e9ance \u00e0 la salle de conf\u00e9rence dudit minist\u00e8re, le corps pr\u00e9fectoral, les corps en charge de la s\u00e9curit\u00e9 et le D\u00e9put\u00e9 Maire de la commune de Bingerville.<\/p>\n\n\n\n<p>A l\u2019issue des \u00e9changes marqu\u00e9s par une participation remarqu\u00e9e de l\u2019honorable SAKO Mamadou D\u00e9put\u00e9 de Touba commune, il est convenu que la rencontre entre le Ministre de la R\u00e9conciliation et de la Coh\u00e9sion avec la population du village d\u2019Adjam\u00e9 Bingerville aura lieu le Lundi 30 Mai prochain \u00e0 9 heures sur la place Publique.<\/p>\n\n\n\n<p>L\u2019ensemble des participants a salu\u00e9 cette d\u00e9cision et souhait\u00e9 que cette rencontre puisse permette de ressortir la v\u00e9rit\u00e9 qui mette fin \u00e0 cette crise qui a fait tant de mal au village et au peuple Atchan.<\/p>\n\n\n\n<p>Pour l\u2019honorable SAKO Mamadou, m\u00e9diateur au nom du parlement ivoirien dans la crise, des points de satisfaction demeurent \u00e0 l\u2019issue de cette rencontre.<\/p>\n\n\n\n<p>Le Ministre KOUADIO Konan Bertin n\u2019a pas manqu\u00e9 d\u2019inviter les parties en conflit notamment la tendance AWAKA et la tendance ABOUSSOU \u00e0 davantage de tol\u00e9rance pour plus de v\u00e9rit\u00e9 dans cette crise.<\/p>\n\n\n\n<p>L\u2019ambition \u00e9tant de r\u00e9ussir le pari d\u2019une paix d\u00e9finitive \u00e0 Adjam\u00e9 Bingerville qui, \u00e0 son tour va aider \u00e0 \u00e9tablir la stabilit\u00e9 dans les autres villages Atchans fragilis\u00e9s par des conflits de chefferie.\u00a0 \u00a0\u00a0\u00a0\u00a0<\/p>\n\n\n\n<div class=\"wp-block-columns is-layout-flex wp-container-core-columns-is-layout-9d6595d7 wp-block-columns-is-layout-flex\">\n<div class=\"wp-block-column is-layout-flow wp-block-column-is-layout-flow\">\n<figure class=\"wp-block-image size-large\"><img loading=\"lazy\" decoding=\"async\" width=\"1024\" height=\"684\" src=\"https:\/\/reconciliation.gouv.ci\/mrcn\/wp-content\/uploads\/2022\/05\/Conflit-Adjame-Bingerville-Acte2-6-1024x684.jpeg\" alt=\"\" class=\"wp-image-5998\" srcset=\"https:\/\/reconciliation.gouv.ci\/mrcn\/wp-content\/uploads\/2022\/05\/Conflit-Adjame-Bingerville-Acte2-6-1024x684.jpeg 1024w, https:\/\/reconciliation.gouv.ci\/mrcn\/wp-content\/uploads\/2022\/05\/Conflit-Adjame-Bingerville-Acte2-6-300x200.jpeg 300w, https:\/\/reconciliation.gouv.ci\/mrcn\/wp-content\/uploads\/2022\/05\/Conflit-Adjame-Bingerville-Acte2-6-768x513.jpeg 768w, https:\/\/reconciliation.gouv.ci\/mrcn\/wp-content\/uploads\/2022\/05\/Conflit-Adjame-Bingerville-Acte2-6.jpeg 1280w\" sizes=\"auto, (max-width: 1024px) 100vw, 1024px\" \/><\/figure>\n<\/div>\n\n\n\n<div class=\"wp-block-column is-layout-flow wp-block-column-is-layout-flow\">\n<figure class=\"wp-block-image size-large\"><img loading=\"lazy\" decoding=\"async\" width=\"1024\" height=\"683\" src=\"https:\/\/reconciliation.gouv.ci\/mrcn\/wp-content\/uploads\/2022\/05\/Conflit-Adjame-Bingerville-Acte2-9-1024x683.jpeg\" alt=\"\" class=\"wp-image-6001\" srcset=\"https:\/\/reconciliation.gouv.ci\/mrcn\/wp-content\/uploads\/2022\/05\/Conflit-Adjame-Bingerville-Acte2-9-1024x683.jpeg 1024w, https:\/\/reconciliation.gouv.ci\/mrcn\/wp-content\/uploads\/2022\/05\/Conflit-Adjame-Bingerville-Acte2-9-300x200.jpeg 300w, https:\/\/reconciliation.gouv.ci\/mrcn\/wp-content\/uploads\/2022\/05\/Conflit-Adjame-Bingerville-Acte2-9-768x512.jpeg 768w, https:\/\/reconciliation.gouv.ci\/mrcn\/wp-content\/uploads\/2022\/05\/Conflit-Adjame-Bingerville-Acte2-9.jpeg 1128w\" sizes=\"auto, (max-width: 1024px) 100vw, 1024px\" \/><\/figure>\n<\/div>\n\n\n\n<div class=\"wp-block-column is-layout-flow wp-block-column-is-layout-flow\">\n<figure class=\"wp-block-image size-large\"><img loading=\"lazy\" decoding=\"async\" width=\"1024\" height=\"684\" src=\"https:\/\/reconciliation.gouv.ci\/mrcn\/wp-content\/uploads\/2022\/05\/Conflit-Adjame-Bingerville-Acte2-7-1024x684.jpeg\" alt=\"\" class=\"wp-image-5999\" srcset=\"https:\/\/reconciliation.gouv.ci\/mrcn\/wp-content\/uploads\/2022\/05\/Conflit-Adjame-Bingerville-Acte2-7-1024x684.jpeg 1024w, https:\/\/reconciliation.gouv.ci\/mrcn\/wp-content\/uploads\/2022\/05\/Conflit-Adjame-Bingerville-Acte2-7-300x200.jpeg 300w, https:\/\/reconciliation.gouv.ci\/mrcn\/wp-content\/uploads\/2022\/05\/Conflit-Adjame-Bingerville-Acte2-7-768x513.jpeg 768w, https:\/\/reconciliation.gouv.ci\/mrcn\/wp-content\/uploads\/2022\/05\/Conflit-Adjame-Bingerville-Acte2-7.jpeg 1280w\" sizes=\"auto, (max-width: 1024px) 100vw, 1024px\" \/><\/figure>\n<\/div>\n<\/div>\n\n\n\n<div class=\"wp-block-columns is-layout-flex wp-container-core-columns-is-layout-9d6595d7 wp-block-columns-is-layout-flex\">\n<div class=\"wp-block-column is-layout-flow wp-block-column-is-layout-flow\">\n<figure class=\"wp-block-image size-large\"><img loading=\"lazy\" decoding=\"async\" width=\"1024\" height=\"684\" src=\"https:\/\/reconciliation.gouv.ci\/mrcn\/wp-content\/uploads\/2022\/05\/Conflit-Adjame-Bingerville-Acte2-7-1024x684.jpeg\" alt=\"\" class=\"wp-image-5999\" srcset=\"https:\/\/reconciliation.gouv.ci\/mrcn\/wp-content\/uploads\/2022\/05\/Conflit-Adjame-Bingerville-Acte2-7-1024x684.jpeg 1024w, https:\/\/reconciliation.gouv.ci\/mrcn\/wp-content\/uploads\/2022\/05\/Conflit-Adjame-Bingerville-Acte2-7-300x200.jpeg 300w, https:\/\/reconciliation.gouv.ci\/mrcn\/wp-content\/uploads\/2022\/05\/Conflit-Adjame-Bingerville-Acte2-7-768x513.jpeg 768w, https:\/\/reconciliation.gouv.ci\/mrcn\/wp-content\/uploads\/2022\/05\/Conflit-Adjame-Bingerville-Acte2-7.jpeg 1280w\" sizes=\"auto, (max-width: 1024px) 100vw, 1024px\" \/><\/figure>\n<\/div>\n\n\n\n<div class=\"wp-block-column is-layout-flow wp-block-column-is-layout-flow\">\n<figure class=\"wp-block-image size-large\"><img loading=\"lazy\" decoding=\"async\" width=\"1024\" height=\"684\" src=\"https:\/\/reconciliation.gouv.ci\/mrcn\/wp-content\/uploads\/2022\/05\/Conflit-Adjame-Bingerville-Acte2-3-1024x684.jpeg\" alt=\"\" class=\"wp-image-5995\" srcset=\"https:\/\/reconciliation.gouv.ci\/mrcn\/wp-content\/uploads\/2022\/05\/Conflit-Adjame-Bingerville-Acte2-3-1024x684.jpeg 1024w, https:\/\/reconciliation.gouv.ci\/mrcn\/wp-content\/uploads\/2022\/05\/Conflit-Adjame-Bingerville-Acte2-3-300x200.jpeg 300w, https:\/\/reconciliation.gouv.ci\/mrcn\/wp-content\/uploads\/2022\/05\/Conflit-Adjame-Bingerville-Acte2-3-768x513.jpeg 768w, https:\/\/reconciliation.gouv.ci\/mrcn\/wp-content\/uploads\/2022\/05\/Conflit-Adjame-Bingerville-Acte2-3.jpeg 1280w\" sizes=\"auto, (max-width: 1024px) 100vw, 1024px\" \/><\/figure>\n<\/div>\n\n\n\n<div class=\"wp-block-column is-layout-flow wp-block-column-is-layout-flow\">\n<figure class=\"wp-block-image size-large\"><img loading=\"lazy\" decoding=\"async\" width=\"1024\" height=\"684\" src=\"https:\/\/reconciliation.gouv.ci\/mrcn\/wp-content\/uploads\/2022\/05\/Conflit-Adjame-Bingerville-Acte2-1-1024x684.jpeg\" alt=\"\" class=\"wp-image-6003\" srcset=\"https:\/\/reconciliation.gouv.ci\/mrcn\/wp-content\/uploads\/2022\/05\/Conflit-Adjame-Bingerville-Acte2-1-1024x684.jpeg 1024w, https:\/\/reconciliation.gouv.ci\/mrcn\/wp-content\/uploads\/2022\/05\/Conflit-Adjame-Bingerville-Acte2-1-300x200.jpeg 300w, https:\/\/reconciliation.gouv.ci\/mrcn\/wp-content\/uploads\/2022\/05\/Conflit-Adjame-Bingerville-Acte2-1-768x513.jpeg 768w, https:\/\/reconciliation.gouv.ci\/mrcn\/wp-content\/uploads\/2022\/05\/Conflit-Adjame-Bingerville-Acte2-1.jpeg 1280w\" sizes=\"auto, (max-width: 1024px) 100vw, 1024px\" \/><\/figure>\n<\/div>\n<\/div>\n\n\n\n<div class=\"wp-block-columns is-layout-flex wp-container-core-columns-is-layout-9d6595d7 wp-block-columns-is-layout-flex\">\n<div class=\"wp-block-column is-layout-flow wp-block-column-is-layout-flow\">\n<figure class=\"wp-block-image size-large\"><img loading=\"lazy\" decoding=\"async\" width=\"1024\" height=\"684\" src=\"https:\/\/reconciliation.gouv.ci\/mrcn\/wp-content\/uploads\/2022\/05\/Conflit-Adjame-Bingerville-Acte2-8-1024x684.jpeg\" alt=\"\" class=\"wp-image-6000\" srcset=\"https:\/\/reconciliation.gouv.ci\/mrcn\/wp-content\/uploads\/2022\/05\/Conflit-Adjame-Bingerville-Acte2-8-1024x684.jpeg 1024w, https:\/\/reconciliation.gouv.ci\/mrcn\/wp-content\/uploads\/2022\/05\/Conflit-Adjame-Bingerville-Acte2-8-300x200.jpeg 300w, https:\/\/reconciliation.gouv.ci\/mrcn\/wp-content\/uploads\/2022\/05\/Conflit-Adjame-Bingerville-Acte2-8-768x513.jpeg 768w, https:\/\/reconciliation.gouv.ci\/mrcn\/wp-content\/uploads\/2022\/05\/Conflit-Adjame-Bingerville-Acte2-8.jpeg 1280w\" sizes=\"auto, (max-width: 1024px) 100vw, 1024px\" \/><\/figure>\n<\/div>\n\n\n\n<div class=\"wp-block-column is-layout-flow wp-block-column-is-layout-flow\">\n<figure class=\"wp-block-image size-large\"><img loading=\"lazy\" decoding=\"async\" width=\"1024\" height=\"683\" src=\"https:\/\/reconciliation.gouv.ci\/mrcn\/wp-content\/uploads\/2022\/05\/Conflit-Adjame-Bingerville-Acte2-11-1024x683.jpeg\" alt=\"\" class=\"wp-image-6005\" srcset=\"https:\/\/reconciliation.gouv.ci\/mrcn\/wp-content\/uploads\/2022\/05\/Conflit-Adjame-Bingerville-Acte2-11-1024x683.jpeg 1024w, https:\/\/reconciliation.gouv.ci\/mrcn\/wp-content\/uploads\/2022\/05\/Conflit-Adjame-Bingerville-Acte2-11-300x200.jpeg 300w, https:\/\/reconciliation.gouv.ci\/mrcn\/wp-content\/uploads\/2022\/05\/Conflit-Adjame-Bingerville-Acte2-11-768x512.jpeg 768w, https:\/\/reconciliation.gouv.ci\/mrcn\/wp-content\/uploads\/2022\/05\/Conflit-Adjame-Bingerville-Acte2-11.jpeg 1128w\" sizes=\"auto, (max-width: 1024px) 100vw, 1024px\" \/><\/figure>\n<\/div>\n<\/div>\n","protected":false},"excerpt":{"rendered":"<div class=\"pvc_clear\"><\/div>\n<p class=\"pvc_stats total_only \" data-element-id=\"5994\" style=\"\"><i class=\"pvc-stats-icon medium\" aria-hidden=\"true\"><svg aria-hidden=\"true\" focusable=\"false\" data-prefix=\"far\" data-icon=\"chart-bar\" role=\"img\" xmlns=\"http:\/\/www.w3.org\/2000\/svg\" viewBox=\"0 0 512 512\" class=\"svg-inline--fa fa-chart-bar fa-w-16 fa-2x\"><path fill=\"currentColor\" d=\"M396.8 352h22.4c6.4 0 12.8-6.4 12.8-12.8V108.8c0-6.4-6.4-12.8-12.8-12.8h-22.4c-6.4 0-12.8 6.4-12.8 12.8v230.4c0 6.4 6.4 12.8 12.8 12.8zm-192 0h22.4c6.4 0 12.8-6.4 12.8-12.8V140.8c0-6.4-6.4-12.8-12.8-12.8h-22.4c-6.4 0-12.8 6.4-12.8 12.8v198.4c0 6.4 6.4 12.8 12.8 12.8zm96 0h22.4c6.4 0 12.8-6.4 12.8-12.8V204.8c0-6.4-6.4-12.8-12.8-12.8h-22.4c-6.4 0-12.8 6.4-12.8 12.8v134.4c0 6.4 6.4 12.8 12.8 12.8zM496 400H48V80c0-8.84-7.16-16-16-16H16C7.16 64 0 71.16 0 80v336c0 17.67 14.33 32 32 32h464c8.84 0 16-7.16 16-16v-16c0-8.84-7.16-16-16-16zm-387.2-48h22.4c6.4 0 12.8-6.4 12.8-12.8v-70.4c0-6.4-6.4-12.8-12.8-12.8h-22.4c-6.4 0-12.8 6.4-12.8 12.8v70.4c0 6.4 6.4 12.8 12.8 12.8z\" class=\"\"><\/path><\/svg><\/i> &nbsp;2,563&nbsp;vues<\/p>\n<div class=\"pvc_clear\"><\/div>\n<p>&nbsp;2,563&nbsp;vues Conflit de Chefferie dans le village d\u2019Adjam\u00e9 Bingerville, Le Ministre de la R\u00e9conciliation et de la Coh\u00e9sion Nationale a rencontr\u00e9 les deux tendances, le corps pr\u00e9fectoral et le D\u00e9put\u00e9 Maire de Bingerville ce Mercredi 25 Mai 2022 \u00e0 son cabinet au Plateau. Objectif :&nbsp; trouver une<\/p>\n","protected":false},"author":1,"featured_media":5997,"comment_status":"closed","ping_status":"open","sticky":false,"template":"","format":"standard","meta":{"footnotes":""},"categories":[39],"tags":[],"class_list":["post-5994","post","type-post","status-publish","format-standard","has-post-thumbnail","hentry","category-activites-ministere-slider"],"_links":{"self":[{"href":"https:\/\/reconciliation.gouv.ci\/mrcn\/index.php?rest_route=\/wp\/v2\/posts\/5994","targetHints":{"allow":["GET"]}}],"collection":[{"href":"https:\/\/reconciliation.gouv.ci\/mrcn\/index.php?rest_route=\/wp\/v2\/posts"}],"about":[{"href":"https:\/\/reconciliation.gouv.ci\/mrcn\/index.php?rest_route=\/wp\/v2\/types\/post"}],"author":[{"embeddable":true,"href":"https:\/\/reconciliation.gouv.ci\/mrcn\/index.php?rest_route=\/wp\/v2\/users\/1"}],"replies":[{"embeddable":true,"href":"https:\/\/reconciliation.gouv.ci\/mrcn\/index.php?rest_route=%2Fwp%2Fv2%2Fcomments&post=5994"}],"version-history":[{"count":1,"href":"https:\/\/reconciliation.gouv.ci\/mrcn\/index.php?rest_route=\/wp\/v2\/posts\/5994\/revisions"}],"predecessor-version":[{"id":6006,"href":"https:\/\/reconciliation.gouv.ci\/mrcn\/index.php?rest_route=\/wp\/v2\/posts\/5994\/revisions\/6006"}],"wp:featuredmedia":[{"embeddable":true,"href":"https:\/\/reconciliation.gouv.ci\/mrcn\/index.php?rest_route=\/wp\/v2\/media\/5997"}],"wp:attachment":[{"href":"https:\/\/reconciliation.gouv.ci\/mrcn\/index.php?rest_route=%2Fwp%2Fv2%2Fmedia&parent=5994"}],"wp:term":[{"taxonomy":"category","embeddable":true,"href":"https:\/\/reconciliation.gouv.ci\/mrcn\/index.php?rest_route=%2Fwp%2Fv2%2Fcategories&post=5994"},{"taxonomy":"post_tag","embeddable":true,"href":"https:\/\/reconciliation.gouv.ci\/mrcn\/index.php?rest_route=%2Fwp%2Fv2%2Ftags&post=5994"}],"curies":[{"name":"wp","href":"https:\/\/api.w.org\/{rel}","templated":true}]}}