{"id":5952,"date":"2022-05-22T00:02:51","date_gmt":"2022-05-21T22:02:51","guid":{"rendered":"https:\/\/reconciliation.gouv.ci\/mrcn\/?p=5952"},"modified":"2022-05-22T00:02:53","modified_gmt":"2022-05-21T22:02:53","slug":"le-ministre-kouadio-konan-bertin-recoit-les-chefs-traditionnels-de-la-communaute-baoule-dabidjan-et-banlieue","status":"publish","type":"post","link":"https:\/\/reconciliation.gouv.ci\/mrcn\/?p=5952","title":{"rendered":"Le ministre KOUADIO Konan Bertin re\u00e7oit les chefs traditionnels de la communaut\u00e9 Baoul\u00e9 d\u2019Abidjan et banlieue."},"content":{"rendered":"<div class=\"pvc_clear\"><\/div><p class=\"pvc_stats total_only \" data-element-id=\"5952\" style=\"\"><i class=\"pvc-stats-icon medium\" aria-hidden=\"true\"><svg aria-hidden=\"true\" focusable=\"false\" data-prefix=\"far\" data-icon=\"chart-bar\" role=\"img\" xmlns=\"http:\/\/www.w3.org\/2000\/svg\" viewBox=\"0 0 512 512\" class=\"svg-inline--fa fa-chart-bar fa-w-16 fa-2x\"><path fill=\"currentColor\" d=\"M396.8 352h22.4c6.4 0 12.8-6.4 12.8-12.8V108.8c0-6.4-6.4-12.8-12.8-12.8h-22.4c-6.4 0-12.8 6.4-12.8 12.8v230.4c0 6.4 6.4 12.8 12.8 12.8zm-192 0h22.4c6.4 0 12.8-6.4 12.8-12.8V140.8c0-6.4-6.4-12.8-12.8-12.8h-22.4c-6.4 0-12.8 6.4-12.8 12.8v198.4c0 6.4 6.4 12.8 12.8 12.8zm96 0h22.4c6.4 0 12.8-6.4 12.8-12.8V204.8c0-6.4-6.4-12.8-12.8-12.8h-22.4c-6.4 0-12.8 6.4-12.8 12.8v134.4c0 6.4 6.4 12.8 12.8 12.8zM496 400H48V80c0-8.84-7.16-16-16-16H16C7.16 64 0 71.16 0 80v336c0 17.67 14.33 32 32 32h464c8.84 0 16-7.16 16-16v-16c0-8.84-7.16-16-16-16zm-387.2-48h22.4c6.4 0 12.8-6.4 12.8-12.8v-70.4c0-6.4-6.4-12.8-12.8-12.8h-22.4c-6.4 0-12.8 6.4-12.8 12.8v70.4c0 6.4 6.4 12.8 12.8 12.8z\" class=\"\"><\/path><\/svg><\/i> &nbsp;1,644&nbsp;vues<\/p><div class=\"pvc_clear\"><\/div>\n<figure class=\"wp-block-image size-large\"><img loading=\"lazy\" decoding=\"async\" width=\"1024\" height=\"682\" src=\"https:\/\/reconciliation.gouv.ci\/mrcn\/wp-content\/uploads\/2022\/05\/Chefs-traditionnels-Baoule-dAbidjan-et-banlieue-12-1024x682.jpg\" alt=\"\" class=\"wp-image-5964\" srcset=\"https:\/\/reconciliation.gouv.ci\/mrcn\/wp-content\/uploads\/2022\/05\/Chefs-traditionnels-Baoule-dAbidjan-et-banlieue-12-1024x682.jpg 1024w, https:\/\/reconciliation.gouv.ci\/mrcn\/wp-content\/uploads\/2022\/05\/Chefs-traditionnels-Baoule-dAbidjan-et-banlieue-12-300x200.jpg 300w, https:\/\/reconciliation.gouv.ci\/mrcn\/wp-content\/uploads\/2022\/05\/Chefs-traditionnels-Baoule-dAbidjan-et-banlieue-12-768x512.jpg 768w, https:\/\/reconciliation.gouv.ci\/mrcn\/wp-content\/uploads\/2022\/05\/Chefs-traditionnels-Baoule-dAbidjan-et-banlieue-12.jpg 1280w\" sizes=\"auto, (max-width: 1024px) 100vw, 1024px\" \/><\/figure>\n\n\n\n<p>Ce jeudi 19 mai 2022, les chefs traditionnels de la communaut\u00e9 baoul\u00e9 d\u2019Abidjan et banlieue, dirig\u00e9s par Nanan KOUASSI Kouakou Nestor lui-m\u00eame chef des ressortissants GBRO de la commune de Treichville ont rencontr\u00e9 le ministre KOUADIO Konan Bertin pour \u00e9changer sur le minist\u00e8re dont il a la charge.<\/p>\n\n\n\n<p>La chefferie Baoul\u00e9 a r\u00e9pondu favorablement \u00e0 l\u2019appel du chef Nanan KOUASSI Kouakou Nestor ce jour.<\/p>\n\n\n\n<p>En fait, le message est clair ; le ministre KOUADIO Konan Bertin est en charge du Minist\u00e8re de la R\u00e9conciliation et de la Coh\u00e9sion Nationale, lui-m\u00eame ressortissant Baoul\u00e9.<\/p>\n\n\n\n<p>Pour r\u00e9ussir cette mission qui lui a \u00e9t\u00e9 confi\u00e9e par le chef de l\u2019Etat, il lui faut le soutien de sa propre communaut\u00e9. C\u2019est pourquoi tous les chefs traditionnels baoul\u00e9s ont appel\u00e9 leur \u2018fils\u2019 pour lui affirmer leur soutien total.<\/p>\n\n\n\n<p>Prenant la parole \u00e0 son tour, le ministre a remerci\u00e9 l\u2019initiateur de ce projet et a accept\u00e9 les conseils des sages. Par la suite, il a manifest\u00e9 sa satisfaction vis-\u00e0-vis de cette d\u00e9marche venant de ses parents.<\/p>\n\n\n\n<p>Aussi, a t il a soulign\u00e9 les probl\u00e8mes existant dans la chefferie de la communaut\u00e9 baoul\u00e9 d\u2019Abidjan, puis compte dans un bref moment apporter sa contribution pour trouver des solutions idoines.<\/p>\n\n\n\n<p>Apr\u00e8s ces \u00e9changes fructueux, une photo de famille a mis fin \u00e0 la rencontre.<\/p>\n\n\n\n<div class=\"wp-block-columns is-layout-flex wp-container-core-columns-is-layout-9d6595d7 wp-block-columns-is-layout-flex\">\n<div class=\"wp-block-column is-layout-flow wp-block-column-is-layout-flow\">\n<figure class=\"wp-block-image size-large\"><img loading=\"lazy\" decoding=\"async\" width=\"1024\" height=\"682\" src=\"https:\/\/reconciliation.gouv.ci\/mrcn\/wp-content\/uploads\/2022\/05\/Chefs-traditionnels-Baoule-dAbidjan-et-banlieue-8-1024x682.jpg\" alt=\"\" class=\"wp-image-5960\" srcset=\"https:\/\/reconciliation.gouv.ci\/mrcn\/wp-content\/uploads\/2022\/05\/Chefs-traditionnels-Baoule-dAbidjan-et-banlieue-8-1024x682.jpg 1024w, https:\/\/reconciliation.gouv.ci\/mrcn\/wp-content\/uploads\/2022\/05\/Chefs-traditionnels-Baoule-dAbidjan-et-banlieue-8-300x200.jpg 300w, https:\/\/reconciliation.gouv.ci\/mrcn\/wp-content\/uploads\/2022\/05\/Chefs-traditionnels-Baoule-dAbidjan-et-banlieue-8-768x512.jpg 768w, https:\/\/reconciliation.gouv.ci\/mrcn\/wp-content\/uploads\/2022\/05\/Chefs-traditionnels-Baoule-dAbidjan-et-banlieue-8.jpg 1280w\" sizes=\"auto, (max-width: 1024px) 100vw, 1024px\" \/><\/figure>\n<\/div>\n\n\n\n<div class=\"wp-block-column is-layout-flow wp-block-column-is-layout-flow\">\n<figure class=\"wp-block-image size-large\"><img loading=\"lazy\" decoding=\"async\" width=\"1024\" height=\"682\" src=\"https:\/\/reconciliation.gouv.ci\/mrcn\/wp-content\/uploads\/2022\/05\/Chefs-traditionnels-Baoule-dAbidjan-et-banlieue-5-1024x682.jpg\" alt=\"\" class=\"wp-image-5957\" srcset=\"https:\/\/reconciliation.gouv.ci\/mrcn\/wp-content\/uploads\/2022\/05\/Chefs-traditionnels-Baoule-dAbidjan-et-banlieue-5-1024x682.jpg 1024w, https:\/\/reconciliation.gouv.ci\/mrcn\/wp-content\/uploads\/2022\/05\/Chefs-traditionnels-Baoule-dAbidjan-et-banlieue-5-300x200.jpg 300w, https:\/\/reconciliation.gouv.ci\/mrcn\/wp-content\/uploads\/2022\/05\/Chefs-traditionnels-Baoule-dAbidjan-et-banlieue-5-768x512.jpg 768w, https:\/\/reconciliation.gouv.ci\/mrcn\/wp-content\/uploads\/2022\/05\/Chefs-traditionnels-Baoule-dAbidjan-et-banlieue-5.jpg 1280w\" sizes=\"auto, (max-width: 1024px) 100vw, 1024px\" \/><\/figure>\n<\/div>\n\n\n\n<div class=\"wp-block-column is-layout-flow wp-block-column-is-layout-flow\">\n<figure class=\"wp-block-image size-large\"><img loading=\"lazy\" decoding=\"async\" width=\"1024\" height=\"696\" src=\"https:\/\/reconciliation.gouv.ci\/mrcn\/wp-content\/uploads\/2022\/05\/Chefs-traditionnels-Baoule-dAbidjan-et-banlieue-3-1024x696.jpg\" alt=\"\" class=\"wp-image-5955\" srcset=\"https:\/\/reconciliation.gouv.ci\/mrcn\/wp-content\/uploads\/2022\/05\/Chefs-traditionnels-Baoule-dAbidjan-et-banlieue-3-1024x696.jpg 1024w, https:\/\/reconciliation.gouv.ci\/mrcn\/wp-content\/uploads\/2022\/05\/Chefs-traditionnels-Baoule-dAbidjan-et-banlieue-3-300x204.jpg 300w, https:\/\/reconciliation.gouv.ci\/mrcn\/wp-content\/uploads\/2022\/05\/Chefs-traditionnels-Baoule-dAbidjan-et-banlieue-3-768x522.jpg 768w, https:\/\/reconciliation.gouv.ci\/mrcn\/wp-content\/uploads\/2022\/05\/Chefs-traditionnels-Baoule-dAbidjan-et-banlieue-3.jpg 1162w\" sizes=\"auto, (max-width: 1024px) 100vw, 1024px\" \/><\/figure>\n<\/div>\n<\/div>\n\n\n\n<div class=\"wp-block-columns is-layout-flex wp-container-core-columns-is-layout-9d6595d7 wp-block-columns-is-layout-flex\">\n<div class=\"wp-block-column is-layout-flow wp-block-column-is-layout-flow\">\n<figure class=\"wp-block-image size-large\"><img loading=\"lazy\" decoding=\"async\" width=\"1024\" height=\"682\" src=\"https:\/\/reconciliation.gouv.ci\/mrcn\/wp-content\/uploads\/2022\/05\/Chefs-traditionnels-Baoule-dAbidjan-et-banlieue-6-1024x682.jpg\" alt=\"\" class=\"wp-image-5958\" srcset=\"https:\/\/reconciliation.gouv.ci\/mrcn\/wp-content\/uploads\/2022\/05\/Chefs-traditionnels-Baoule-dAbidjan-et-banlieue-6-1024x682.jpg 1024w, https:\/\/reconciliation.gouv.ci\/mrcn\/wp-content\/uploads\/2022\/05\/Chefs-traditionnels-Baoule-dAbidjan-et-banlieue-6-300x200.jpg 300w, https:\/\/reconciliation.gouv.ci\/mrcn\/wp-content\/uploads\/2022\/05\/Chefs-traditionnels-Baoule-dAbidjan-et-banlieue-6-768x512.jpg 768w, https:\/\/reconciliation.gouv.ci\/mrcn\/wp-content\/uploads\/2022\/05\/Chefs-traditionnels-Baoule-dAbidjan-et-banlieue-6.jpg 1280w\" sizes=\"auto, (max-width: 1024px) 100vw, 1024px\" \/><\/figure>\n<\/div>\n\n\n\n<div class=\"wp-block-column is-layout-flow wp-block-column-is-layout-flow\">\n<figure class=\"wp-block-image size-large\"><img loading=\"lazy\" decoding=\"async\" width=\"1024\" height=\"782\" src=\"https:\/\/reconciliation.gouv.ci\/mrcn\/wp-content\/uploads\/2022\/05\/Chefs-traditionnels-Baoule-dAbidjan-et-banlieue-4-1024x782.jpg\" alt=\"\" class=\"wp-image-5956\" srcset=\"https:\/\/reconciliation.gouv.ci\/mrcn\/wp-content\/uploads\/2022\/05\/Chefs-traditionnels-Baoule-dAbidjan-et-banlieue-4-1024x782.jpg 1024w, https:\/\/reconciliation.gouv.ci\/mrcn\/wp-content\/uploads\/2022\/05\/Chefs-traditionnels-Baoule-dAbidjan-et-banlieue-4-300x229.jpg 300w, https:\/\/reconciliation.gouv.ci\/mrcn\/wp-content\/uploads\/2022\/05\/Chefs-traditionnels-Baoule-dAbidjan-et-banlieue-4-768x586.jpg 768w, https:\/\/reconciliation.gouv.ci\/mrcn\/wp-content\/uploads\/2022\/05\/Chefs-traditionnels-Baoule-dAbidjan-et-banlieue-4.jpg 1150w\" sizes=\"auto, (max-width: 1024px) 100vw, 1024px\" \/><\/figure>\n<\/div>\n\n\n\n<div class=\"wp-block-column is-layout-flow wp-block-column-is-layout-flow\">\n<figure class=\"wp-block-image size-large\"><img loading=\"lazy\" decoding=\"async\" width=\"1024\" height=\"683\" src=\"https:\/\/reconciliation.gouv.ci\/mrcn\/wp-content\/uploads\/2022\/05\/Chefs-traditionnels-Baoule-dAbidjan-et-banlieue-9-1024x683.jpg\" alt=\"\" class=\"wp-image-5961\" srcset=\"https:\/\/reconciliation.gouv.ci\/mrcn\/wp-content\/uploads\/2022\/05\/Chefs-traditionnels-Baoule-dAbidjan-et-banlieue-9-1024x683.jpg 1024w, https:\/\/reconciliation.gouv.ci\/mrcn\/wp-content\/uploads\/2022\/05\/Chefs-traditionnels-Baoule-dAbidjan-et-banlieue-9-300x200.jpg 300w, https:\/\/reconciliation.gouv.ci\/mrcn\/wp-content\/uploads\/2022\/05\/Chefs-traditionnels-Baoule-dAbidjan-et-banlieue-9-768x512.jpg 768w, https:\/\/reconciliation.gouv.ci\/mrcn\/wp-content\/uploads\/2022\/05\/Chefs-traditionnels-Baoule-dAbidjan-et-banlieue-9.jpg 1280w\" sizes=\"auto, (max-width: 1024px) 100vw, 1024px\" \/><\/figure>\n<\/div>\n<\/div>\n\n\n\n<div class=\"wp-block-columns is-layout-flex wp-container-core-columns-is-layout-9d6595d7 wp-block-columns-is-layout-flex\">\n<div class=\"wp-block-column is-layout-flow wp-block-column-is-layout-flow\">\n<figure class=\"wp-block-image size-large\"><img loading=\"lazy\" decoding=\"async\" width=\"1024\" height=\"682\" src=\"https:\/\/reconciliation.gouv.ci\/mrcn\/wp-content\/uploads\/2022\/05\/Chefs-traditionnels-Baoule-dAbidjan-et-banlieue-7-1024x682.jpg\" alt=\"\" class=\"wp-image-5959\" srcset=\"https:\/\/reconciliation.gouv.ci\/mrcn\/wp-content\/uploads\/2022\/05\/Chefs-traditionnels-Baoule-dAbidjan-et-banlieue-7-1024x682.jpg 1024w, https:\/\/reconciliation.gouv.ci\/mrcn\/wp-content\/uploads\/2022\/05\/Chefs-traditionnels-Baoule-dAbidjan-et-banlieue-7-300x200.jpg 300w, https:\/\/reconciliation.gouv.ci\/mrcn\/wp-content\/uploads\/2022\/05\/Chefs-traditionnels-Baoule-dAbidjan-et-banlieue-7-768x512.jpg 768w, https:\/\/reconciliation.gouv.ci\/mrcn\/wp-content\/uploads\/2022\/05\/Chefs-traditionnels-Baoule-dAbidjan-et-banlieue-7.jpg 1280w\" sizes=\"auto, (max-width: 1024px) 100vw, 1024px\" \/><\/figure>\n<\/div>\n\n\n\n<div class=\"wp-block-column is-layout-flow wp-block-column-is-layout-flow\">\n<figure class=\"wp-block-image size-large\"><img loading=\"lazy\" decoding=\"async\" width=\"847\" height=\"1024\" src=\"https:\/\/reconciliation.gouv.ci\/mrcn\/wp-content\/uploads\/2022\/05\/Chefs-traditionnels-Baoule-dAbidjan-et-banlieue-1-847x1024.jpg\" alt=\"\" class=\"wp-image-5953\" srcset=\"https:\/\/reconciliation.gouv.ci\/mrcn\/wp-content\/uploads\/2022\/05\/Chefs-traditionnels-Baoule-dAbidjan-et-banlieue-1-847x1024.jpg 847w, https:\/\/reconciliation.gouv.ci\/mrcn\/wp-content\/uploads\/2022\/05\/Chefs-traditionnels-Baoule-dAbidjan-et-banlieue-1-248x300.jpg 248w, https:\/\/reconciliation.gouv.ci\/mrcn\/wp-content\/uploads\/2022\/05\/Chefs-traditionnels-Baoule-dAbidjan-et-banlieue-1-768x929.jpg 768w, https:\/\/reconciliation.gouv.ci\/mrcn\/wp-content\/uploads\/2022\/05\/Chefs-traditionnels-Baoule-dAbidjan-et-banlieue-1.jpg 959w\" sizes=\"auto, (max-width: 847px) 100vw, 847px\" \/><\/figure>\n<\/div>\n\n\n\n<div class=\"wp-block-column is-layout-flow wp-block-column-is-layout-flow\">\n<figure class=\"wp-block-image size-large\"><img loading=\"lazy\" decoding=\"async\" width=\"1024\" height=\"682\" src=\"https:\/\/reconciliation.gouv.ci\/mrcn\/wp-content\/uploads\/2022\/05\/Chefs-traditionnels-Baoule-dAbidjan-et-banlieue-11-1024x682.jpg\" alt=\"\" class=\"wp-image-5963\" srcset=\"https:\/\/reconciliation.gouv.ci\/mrcn\/wp-content\/uploads\/2022\/05\/Chefs-traditionnels-Baoule-dAbidjan-et-banlieue-11-1024x682.jpg 1024w, https:\/\/reconciliation.gouv.ci\/mrcn\/wp-content\/uploads\/2022\/05\/Chefs-traditionnels-Baoule-dAbidjan-et-banlieue-11-300x200.jpg 300w, https:\/\/reconciliation.gouv.ci\/mrcn\/wp-content\/uploads\/2022\/05\/Chefs-traditionnels-Baoule-dAbidjan-et-banlieue-11-768x512.jpg 768w, https:\/\/reconciliation.gouv.ci\/mrcn\/wp-content\/uploads\/2022\/05\/Chefs-traditionnels-Baoule-dAbidjan-et-banlieue-11.jpg 1280w\" sizes=\"auto, (max-width: 1024px) 100vw, 1024px\" \/><\/figure>\n<\/div>\n<\/div>\n\n\n\n<p><\/p>\n","protected":false},"excerpt":{"rendered":"<div class=\"pvc_clear\"><\/div>\n<p class=\"pvc_stats total_only \" data-element-id=\"5952\" style=\"\"><i class=\"pvc-stats-icon medium\" aria-hidden=\"true\"><svg aria-hidden=\"true\" focusable=\"false\" data-prefix=\"far\" data-icon=\"chart-bar\" role=\"img\" xmlns=\"http:\/\/www.w3.org\/2000\/svg\" viewBox=\"0 0 512 512\" class=\"svg-inline--fa fa-chart-bar fa-w-16 fa-2x\"><path fill=\"currentColor\" d=\"M396.8 352h22.4c6.4 0 12.8-6.4 12.8-12.8V108.8c0-6.4-6.4-12.8-12.8-12.8h-22.4c-6.4 0-12.8 6.4-12.8 12.8v230.4c0 6.4 6.4 12.8 12.8 12.8zm-192 0h22.4c6.4 0 12.8-6.4 12.8-12.8V140.8c0-6.4-6.4-12.8-12.8-12.8h-22.4c-6.4 0-12.8 6.4-12.8 12.8v198.4c0 6.4 6.4 12.8 12.8 12.8zm96 0h22.4c6.4 0 12.8-6.4 12.8-12.8V204.8c0-6.4-6.4-12.8-12.8-12.8h-22.4c-6.4 0-12.8 6.4-12.8 12.8v134.4c0 6.4 6.4 12.8 12.8 12.8zM496 400H48V80c0-8.84-7.16-16-16-16H16C7.16 64 0 71.16 0 80v336c0 17.67 14.33 32 32 32h464c8.84 0 16-7.16 16-16v-16c0-8.84-7.16-16-16-16zm-387.2-48h22.4c6.4 0 12.8-6.4 12.8-12.8v-70.4c0-6.4-6.4-12.8-12.8-12.8h-22.4c-6.4 0-12.8 6.4-12.8 12.8v70.4c0 6.4 6.4 12.8 12.8 12.8z\" class=\"\"><\/path><\/svg><\/i> &nbsp;1,644&nbsp;vues<\/p>\n<div class=\"pvc_clear\"><\/div>\n<p>&nbsp;1,644&nbsp;vues Ce jeudi 19 mai 2022, les chefs traditionnels de la communaut\u00e9 baoul\u00e9 d\u2019Abidjan et banlieue, dirig\u00e9s par Nanan KOUASSI Kouakou Nestor lui-m\u00eame chef des ressortissants GBRO de la commune de Treichville ont rencontr\u00e9 le ministre KOUADIO Konan Bertin pour \u00e9changer sur le minist\u00e8re dont il a<\/p>\n","protected":false},"author":1,"featured_media":5964,"comment_status":"closed","ping_status":"open","sticky":false,"template":"","format":"standard","meta":{"footnotes":""},"categories":[39],"tags":[],"class_list":["post-5952","post","type-post","status-publish","format-standard","has-post-thumbnail","hentry","category-activites-ministere-slider"],"_links":{"self":[{"href":"https:\/\/reconciliation.gouv.ci\/mrcn\/index.php?rest_route=\/wp\/v2\/posts\/5952","targetHints":{"allow":["GET"]}}],"collection":[{"href":"https:\/\/reconciliation.gouv.ci\/mrcn\/index.php?rest_route=\/wp\/v2\/posts"}],"about":[{"href":"https:\/\/reconciliation.gouv.ci\/mrcn\/index.php?rest_route=\/wp\/v2\/types\/post"}],"author":[{"embeddable":true,"href":"https:\/\/reconciliation.gouv.ci\/mrcn\/index.php?rest_route=\/wp\/v2\/users\/1"}],"replies":[{"embeddable":true,"href":"https:\/\/reconciliation.gouv.ci\/mrcn\/index.php?rest_route=%2Fwp%2Fv2%2Fcomments&post=5952"}],"version-history":[{"count":1,"href":"https:\/\/reconciliation.gouv.ci\/mrcn\/index.php?rest_route=\/wp\/v2\/posts\/5952\/revisions"}],"predecessor-version":[{"id":5965,"href":"https:\/\/reconciliation.gouv.ci\/mrcn\/index.php?rest_route=\/wp\/v2\/posts\/5952\/revisions\/5965"}],"wp:featuredmedia":[{"embeddable":true,"href":"https:\/\/reconciliation.gouv.ci\/mrcn\/index.php?rest_route=\/wp\/v2\/media\/5964"}],"wp:attachment":[{"href":"https:\/\/reconciliation.gouv.ci\/mrcn\/index.php?rest_route=%2Fwp%2Fv2%2Fmedia&parent=5952"}],"wp:term":[{"taxonomy":"category","embeddable":true,"href":"https:\/\/reconciliation.gouv.ci\/mrcn\/index.php?rest_route=%2Fwp%2Fv2%2Fcategories&post=5952"},{"taxonomy":"post_tag","embeddable":true,"href":"https:\/\/reconciliation.gouv.ci\/mrcn\/index.php?rest_route=%2Fwp%2Fv2%2Ftags&post=5952"}],"curies":[{"name":"wp","href":"https:\/\/api.w.org\/{rel}","templated":true}]}}