{"id":5836,"date":"2022-05-04T22:51:02","date_gmt":"2022-05-04T20:51:02","guid":{"rendered":"https:\/\/reconciliation.gouv.ci\/mrcn\/?p=5836"},"modified":"2022-05-04T22:51:04","modified_gmt":"2022-05-04T20:51:04","slug":"naissance-de-la-plateforme-de-collaboration-entre-le-ministere-de-la-reconciliation-et-de-la-cohesion-nationale-et-la-societe-civile-ivoirienne-pour-une-paix-dura","status":"publish","type":"post","link":"https:\/\/reconciliation.gouv.ci\/mrcn\/?p=5836","title":{"rendered":"Naissance de \u2018\u2019 la Plateforme de Collaboration \u2019\u2019 entre le Minist\u00e8re de la R\u00e9conciliation et de la Coh\u00e9sion Nationale et la Soci\u00e9t\u00e9 Civile Ivoirienne pour une paix durable en C\u00f4te d\u2019Ivoire."},"content":{"rendered":"<div class=\"pvc_clear\"><\/div><p class=\"pvc_stats total_only \" data-element-id=\"5836\" style=\"\"><i class=\"pvc-stats-icon medium\" aria-hidden=\"true\"><svg aria-hidden=\"true\" focusable=\"false\" data-prefix=\"far\" data-icon=\"chart-bar\" role=\"img\" xmlns=\"http:\/\/www.w3.org\/2000\/svg\" viewBox=\"0 0 512 512\" class=\"svg-inline--fa fa-chart-bar fa-w-16 fa-2x\"><path fill=\"currentColor\" d=\"M396.8 352h22.4c6.4 0 12.8-6.4 12.8-12.8V108.8c0-6.4-6.4-12.8-12.8-12.8h-22.4c-6.4 0-12.8 6.4-12.8 12.8v230.4c0 6.4 6.4 12.8 12.8 12.8zm-192 0h22.4c6.4 0 12.8-6.4 12.8-12.8V140.8c0-6.4-6.4-12.8-12.8-12.8h-22.4c-6.4 0-12.8 6.4-12.8 12.8v198.4c0 6.4 6.4 12.8 12.8 12.8zm96 0h22.4c6.4 0 12.8-6.4 12.8-12.8V204.8c0-6.4-6.4-12.8-12.8-12.8h-22.4c-6.4 0-12.8 6.4-12.8 12.8v134.4c0 6.4 6.4 12.8 12.8 12.8zM496 400H48V80c0-8.84-7.16-16-16-16H16C7.16 64 0 71.16 0 80v336c0 17.67 14.33 32 32 32h464c8.84 0 16-7.16 16-16v-16c0-8.84-7.16-16-16-16zm-387.2-48h22.4c6.4 0 12.8-6.4 12.8-12.8v-70.4c0-6.4-6.4-12.8-12.8-12.8h-22.4c-6.4 0-12.8 6.4-12.8 12.8v70.4c0 6.4 6.4 12.8 12.8 12.8z\" class=\"\"><\/path><\/svg><\/i> &nbsp;2,434&nbsp;vues<\/p><div class=\"pvc_clear\"><\/div>\n<figure class=\"wp-block-image size-full\"><img loading=\"lazy\" decoding=\"async\" width=\"984\" height=\"656\" src=\"https:\/\/reconciliation.gouv.ci\/mrcn\/wp-content\/uploads\/2022\/05\/societe-civile-ivoirienne-3-round-4.jpeg\" alt=\"\" class=\"wp-image-5840\" srcset=\"https:\/\/reconciliation.gouv.ci\/mrcn\/wp-content\/uploads\/2022\/05\/societe-civile-ivoirienne-3-round-4.jpeg 984w, https:\/\/reconciliation.gouv.ci\/mrcn\/wp-content\/uploads\/2022\/05\/societe-civile-ivoirienne-3-round-4-300x200.jpeg 300w, https:\/\/reconciliation.gouv.ci\/mrcn\/wp-content\/uploads\/2022\/05\/societe-civile-ivoirienne-3-round-4-768x512.jpeg 768w\" sizes=\"auto, (max-width: 984px) 100vw, 984px\" \/><\/figure>\n\n\n\n<p><strong>Consolider la paix par le dialogue en C\u00f4te d\u2019Ivoire, tel est l\u2019objectif de la mise en place de ce partenariat entre l\u2019ensemble de la Soci\u00e9t\u00e9 Civile Ivoirienne et le Minist\u00e8re de la R\u00e9conciliation et de la Coh\u00e9sion Nationale.<\/strong><\/p>\n\n\n\n<p><strong>Les textes constitutifs de ce partenariat afin de poursuivre l\u2019\u0153uvre de recherche de la paix ont \u00e9t\u00e9 port\u00e9s \u00e0 la connaissance des deux parties ce mercredi 04 Mai 2022 \u00e0 la salle de conf\u00e9rence du Minist\u00e8re de la R\u00e9conciliation et de la Coh\u00e9sion Nationale<\/strong>.<\/p>\n\n\n\n<p>Ce sont une trentaine de membres constitu\u00e9s d\u2019ONG, de mouvements de lutte pour l\u2019int\u00e9r\u00eat du peuple, d\u2019associations pour la promotion du genre et bien d\u2019autres qui ont r\u00e9pondu \u00e0 cette invitation du Minist\u00e8re de la R\u00e9conciliation et de la Coh\u00e9sion Nationale.<\/p>\n\n\n\n<p>Un arr\u00eat\u00e9 consacrant le partenariat et un r\u00e8glement int\u00e9rieur indiquant le fonctionnement de la plateforme ont \u00e9t\u00e9 \u00e9labor\u00e9s et port\u00e9s \u00e0 la connaissance de tous.<\/p>\n\n\n\n<p>Le Ministre KOUADIO Konan Bertin n\u2019a pas manqu\u00e9 d\u2019exprimer au cours des \u00e9changes, sa d\u00e9termination \u00e0 atteindre son objectif qui est celui du gouvernement ivoirien et du Pr\u00e9sident Alassane OUATTARA&nbsp;: r\u00e9concilier les ivoiriens par le dialogue inclusif des parties prenantes des diff\u00e9rentes crises en C\u00f4te d\u2019Ivoire.<\/p>\n\n\n\n<p>Pour l\u2019essentiel, la plateforme tant annonc\u00e9e et qui vient enfin de voir le jour est pr\u00e9sid\u00e9e par le Ministre de la R\u00e9conciliation et de la Coh\u00e9sion Nationale.<\/p>\n\n\n\n<p>Le r\u00e8glement int\u00e9rieur une \u0153uvre des deux parties a permis la mise en place de :<\/p>\n\n\n\n<ul class=\"wp-block-list\"><li>un comit\u00e9 consultatif qui est l\u2019organe supr\u00eame (pr\u00e9sid\u00e9 par le ministre de la r\u00e9conciliation et de la coh\u00e9sion nationale et<\/li><li>un secr\u00e9tariat en charge d\u2019\u00e9tablir les convocations et bien d\u2019autres activit\u00e9s . &nbsp;&nbsp;<\/li><\/ul>\n\n\n\n<p>Une fois de plus le Minist\u00e8re de la R\u00e9conciliation et de la Coh\u00e9sion Nationale et la Soci\u00e9t\u00e9 Civile donnent la preuve de leur volont\u00e9 commune de collaborer et d\u2019\u0153uvrer perp\u00e9tuellement \u00e0 la recherche de la paix par l\u2019entremise d\u2019une r\u00e9conciliation vraie.<\/p>\n\n\n\n<div class=\"wp-block-columns is-layout-flex wp-container-core-columns-is-layout-9d6595d7 wp-block-columns-is-layout-flex\">\n<div class=\"wp-block-column is-layout-flow wp-block-column-is-layout-flow\">\n<figure class=\"wp-block-image size-full\"><img loading=\"lazy\" decoding=\"async\" width=\"984\" height=\"656\" src=\"https:\/\/reconciliation.gouv.ci\/mrcn\/wp-content\/uploads\/2022\/05\/societe-civile-ivoirienne-3-round-1.jpeg\" alt=\"\" class=\"wp-image-5837\" srcset=\"https:\/\/reconciliation.gouv.ci\/mrcn\/wp-content\/uploads\/2022\/05\/societe-civile-ivoirienne-3-round-1.jpeg 984w, https:\/\/reconciliation.gouv.ci\/mrcn\/wp-content\/uploads\/2022\/05\/societe-civile-ivoirienne-3-round-1-300x200.jpeg 300w, https:\/\/reconciliation.gouv.ci\/mrcn\/wp-content\/uploads\/2022\/05\/societe-civile-ivoirienne-3-round-1-768x512.jpeg 768w\" sizes=\"auto, (max-width: 984px) 100vw, 984px\" \/><\/figure>\n<\/div>\n\n\n\n<div class=\"wp-block-column is-layout-flow wp-block-column-is-layout-flow\">\n<figure class=\"wp-block-image size-full\"><img loading=\"lazy\" decoding=\"async\" width=\"984\" height=\"656\" src=\"https:\/\/reconciliation.gouv.ci\/mrcn\/wp-content\/uploads\/2022\/05\/societe-civile-ivoirienne-3-round-11.jpeg\" alt=\"\" class=\"wp-image-5847\" srcset=\"https:\/\/reconciliation.gouv.ci\/mrcn\/wp-content\/uploads\/2022\/05\/societe-civile-ivoirienne-3-round-11.jpeg 984w, https:\/\/reconciliation.gouv.ci\/mrcn\/wp-content\/uploads\/2022\/05\/societe-civile-ivoirienne-3-round-11-300x200.jpeg 300w, https:\/\/reconciliation.gouv.ci\/mrcn\/wp-content\/uploads\/2022\/05\/societe-civile-ivoirienne-3-round-11-768x512.jpeg 768w\" sizes=\"auto, (max-width: 984px) 100vw, 984px\" \/><\/figure>\n<\/div>\n\n\n\n<div class=\"wp-block-column is-layout-flow wp-block-column-is-layout-flow\">\n<figure class=\"wp-block-image size-full\"><img loading=\"lazy\" decoding=\"async\" width=\"984\" height=\"656\" src=\"https:\/\/reconciliation.gouv.ci\/mrcn\/wp-content\/uploads\/2022\/05\/societe-civile-ivoirienne-3-round-13.jpeg\" alt=\"\" class=\"wp-image-5849\" srcset=\"https:\/\/reconciliation.gouv.ci\/mrcn\/wp-content\/uploads\/2022\/05\/societe-civile-ivoirienne-3-round-13.jpeg 984w, https:\/\/reconciliation.gouv.ci\/mrcn\/wp-content\/uploads\/2022\/05\/societe-civile-ivoirienne-3-round-13-300x200.jpeg 300w, https:\/\/reconciliation.gouv.ci\/mrcn\/wp-content\/uploads\/2022\/05\/societe-civile-ivoirienne-3-round-13-768x512.jpeg 768w\" sizes=\"auto, (max-width: 984px) 100vw, 984px\" \/><\/figure>\n<\/div>\n<\/div>\n\n\n\n<div class=\"wp-block-columns is-layout-flex wp-container-core-columns-is-layout-9d6595d7 wp-block-columns-is-layout-flex\">\n<div class=\"wp-block-column is-layout-flow wp-block-column-is-layout-flow\">\n<figure class=\"wp-block-image size-full\"><img loading=\"lazy\" decoding=\"async\" width=\"984\" height=\"656\" src=\"https:\/\/reconciliation.gouv.ci\/mrcn\/wp-content\/uploads\/2022\/05\/societe-civile-ivoirienne-3-round-2.jpeg\" alt=\"\" class=\"wp-image-5838\" srcset=\"https:\/\/reconciliation.gouv.ci\/mrcn\/wp-content\/uploads\/2022\/05\/societe-civile-ivoirienne-3-round-2.jpeg 984w, https:\/\/reconciliation.gouv.ci\/mrcn\/wp-content\/uploads\/2022\/05\/societe-civile-ivoirienne-3-round-2-300x200.jpeg 300w, https:\/\/reconciliation.gouv.ci\/mrcn\/wp-content\/uploads\/2022\/05\/societe-civile-ivoirienne-3-round-2-768x512.jpeg 768w\" sizes=\"auto, (max-width: 984px) 100vw, 984px\" \/><\/figure>\n<\/div>\n\n\n\n<div class=\"wp-block-column is-layout-flow wp-block-column-is-layout-flow\">\n<figure class=\"wp-block-image size-full\"><img loading=\"lazy\" decoding=\"async\" width=\"984\" height=\"656\" src=\"https:\/\/reconciliation.gouv.ci\/mrcn\/wp-content\/uploads\/2022\/05\/societe-civile-ivoirienne-3-round-12.jpeg\" alt=\"\" class=\"wp-image-5848\" srcset=\"https:\/\/reconciliation.gouv.ci\/mrcn\/wp-content\/uploads\/2022\/05\/societe-civile-ivoirienne-3-round-12.jpeg 984w, https:\/\/reconciliation.gouv.ci\/mrcn\/wp-content\/uploads\/2022\/05\/societe-civile-ivoirienne-3-round-12-300x200.jpeg 300w, https:\/\/reconciliation.gouv.ci\/mrcn\/wp-content\/uploads\/2022\/05\/societe-civile-ivoirienne-3-round-12-768x512.jpeg 768w\" sizes=\"auto, (max-width: 984px) 100vw, 984px\" \/><\/figure>\n<\/div>\n\n\n\n<div class=\"wp-block-column is-layout-flow wp-block-column-is-layout-flow\">\n<figure class=\"wp-block-image size-full\"><img loading=\"lazy\" decoding=\"async\" width=\"984\" height=\"656\" src=\"https:\/\/reconciliation.gouv.ci\/mrcn\/wp-content\/uploads\/2022\/05\/societe-civile-ivoirienne-3-round-7.jpeg\" alt=\"\" class=\"wp-image-5843\" srcset=\"https:\/\/reconciliation.gouv.ci\/mrcn\/wp-content\/uploads\/2022\/05\/societe-civile-ivoirienne-3-round-7.jpeg 984w, https:\/\/reconciliation.gouv.ci\/mrcn\/wp-content\/uploads\/2022\/05\/societe-civile-ivoirienne-3-round-7-300x200.jpeg 300w, https:\/\/reconciliation.gouv.ci\/mrcn\/wp-content\/uploads\/2022\/05\/societe-civile-ivoirienne-3-round-7-768x512.jpeg 768w\" sizes=\"auto, (max-width: 984px) 100vw, 984px\" \/><\/figure>\n<\/div>\n<\/div>\n\n\n\n<div class=\"wp-block-columns is-layout-flex wp-container-core-columns-is-layout-9d6595d7 wp-block-columns-is-layout-flex\">\n<div class=\"wp-block-column is-layout-flow wp-block-column-is-layout-flow\">\n<figure class=\"wp-block-image size-full\"><img loading=\"lazy\" decoding=\"async\" width=\"984\" height=\"656\" src=\"https:\/\/reconciliation.gouv.ci\/mrcn\/wp-content\/uploads\/2022\/05\/societe-civile-ivoirienne-3-round-9.jpeg\" alt=\"\" class=\"wp-image-5845\" srcset=\"https:\/\/reconciliation.gouv.ci\/mrcn\/wp-content\/uploads\/2022\/05\/societe-civile-ivoirienne-3-round-9.jpeg 984w, https:\/\/reconciliation.gouv.ci\/mrcn\/wp-content\/uploads\/2022\/05\/societe-civile-ivoirienne-3-round-9-300x200.jpeg 300w, https:\/\/reconciliation.gouv.ci\/mrcn\/wp-content\/uploads\/2022\/05\/societe-civile-ivoirienne-3-round-9-768x512.jpeg 768w\" sizes=\"auto, (max-width: 984px) 100vw, 984px\" \/><\/figure>\n<\/div>\n\n\n\n<div class=\"wp-block-column is-layout-flow wp-block-column-is-layout-flow\">\n<figure class=\"wp-block-image size-full\"><img loading=\"lazy\" decoding=\"async\" width=\"984\" height=\"656\" src=\"https:\/\/reconciliation.gouv.ci\/mrcn\/wp-content\/uploads\/2022\/05\/societe-civile-ivoirienne-3-round-5.jpeg\" alt=\"\" class=\"wp-image-5841\" srcset=\"https:\/\/reconciliation.gouv.ci\/mrcn\/wp-content\/uploads\/2022\/05\/societe-civile-ivoirienne-3-round-5.jpeg 984w, https:\/\/reconciliation.gouv.ci\/mrcn\/wp-content\/uploads\/2022\/05\/societe-civile-ivoirienne-3-round-5-300x200.jpeg 300w, https:\/\/reconciliation.gouv.ci\/mrcn\/wp-content\/uploads\/2022\/05\/societe-civile-ivoirienne-3-round-5-768x512.jpeg 768w\" sizes=\"auto, (max-width: 984px) 100vw, 984px\" \/><\/figure>\n<\/div>\n\n\n\n<div class=\"wp-block-column is-layout-flow wp-block-column-is-layout-flow\">\n<figure class=\"wp-block-image size-full\"><img loading=\"lazy\" decoding=\"async\" width=\"984\" height=\"656\" src=\"https:\/\/reconciliation.gouv.ci\/mrcn\/wp-content\/uploads\/2022\/05\/societe-civile-ivoirienne-3-round-6.jpeg\" alt=\"\" class=\"wp-image-5842\" srcset=\"https:\/\/reconciliation.gouv.ci\/mrcn\/wp-content\/uploads\/2022\/05\/societe-civile-ivoirienne-3-round-6.jpeg 984w, https:\/\/reconciliation.gouv.ci\/mrcn\/wp-content\/uploads\/2022\/05\/societe-civile-ivoirienne-3-round-6-300x200.jpeg 300w, https:\/\/reconciliation.gouv.ci\/mrcn\/wp-content\/uploads\/2022\/05\/societe-civile-ivoirienne-3-round-6-768x512.jpeg 768w\" sizes=\"auto, (max-width: 984px) 100vw, 984px\" \/><\/figure>\n<\/div>\n<\/div>\n","protected":false},"excerpt":{"rendered":"<div class=\"pvc_clear\"><\/div>\n<p class=\"pvc_stats total_only \" data-element-id=\"5836\" style=\"\"><i class=\"pvc-stats-icon medium\" aria-hidden=\"true\"><svg aria-hidden=\"true\" focusable=\"false\" data-prefix=\"far\" data-icon=\"chart-bar\" role=\"img\" xmlns=\"http:\/\/www.w3.org\/2000\/svg\" viewBox=\"0 0 512 512\" class=\"svg-inline--fa fa-chart-bar fa-w-16 fa-2x\"><path fill=\"currentColor\" d=\"M396.8 352h22.4c6.4 0 12.8-6.4 12.8-12.8V108.8c0-6.4-6.4-12.8-12.8-12.8h-22.4c-6.4 0-12.8 6.4-12.8 12.8v230.4c0 6.4 6.4 12.8 12.8 12.8zm-192 0h22.4c6.4 0 12.8-6.4 12.8-12.8V140.8c0-6.4-6.4-12.8-12.8-12.8h-22.4c-6.4 0-12.8 6.4-12.8 12.8v198.4c0 6.4 6.4 12.8 12.8 12.8zm96 0h22.4c6.4 0 12.8-6.4 12.8-12.8V204.8c0-6.4-6.4-12.8-12.8-12.8h-22.4c-6.4 0-12.8 6.4-12.8 12.8v134.4c0 6.4 6.4 12.8 12.8 12.8zM496 400H48V80c0-8.84-7.16-16-16-16H16C7.16 64 0 71.16 0 80v336c0 17.67 14.33 32 32 32h464c8.84 0 16-7.16 16-16v-16c0-8.84-7.16-16-16-16zm-387.2-48h22.4c6.4 0 12.8-6.4 12.8-12.8v-70.4c0-6.4-6.4-12.8-12.8-12.8h-22.4c-6.4 0-12.8 6.4-12.8 12.8v70.4c0 6.4 6.4 12.8 12.8 12.8z\" class=\"\"><\/path><\/svg><\/i> &nbsp;2,434&nbsp;vues<\/p>\n<div class=\"pvc_clear\"><\/div>\n<p>&nbsp;2,434&nbsp;vues Consolider la paix par le dialogue en C\u00f4te d\u2019Ivoire, tel est l\u2019objectif de la mise en place de ce partenariat entre l\u2019ensemble de la Soci\u00e9t\u00e9 Civile Ivoirienne et le Minist\u00e8re de la R\u00e9conciliation et de la Coh\u00e9sion Nationale. Les textes constitutifs de ce partenariat afin de<\/p>\n","protected":false},"author":1,"featured_media":5840,"comment_status":"closed","ping_status":"open","sticky":false,"template":"","format":"standard","meta":{"footnotes":""},"categories":[39],"tags":[],"class_list":["post-5836","post","type-post","status-publish","format-standard","has-post-thumbnail","hentry","category-activites-ministere-slider"],"_links":{"self":[{"href":"https:\/\/reconciliation.gouv.ci\/mrcn\/index.php?rest_route=\/wp\/v2\/posts\/5836","targetHints":{"allow":["GET"]}}],"collection":[{"href":"https:\/\/reconciliation.gouv.ci\/mrcn\/index.php?rest_route=\/wp\/v2\/posts"}],"about":[{"href":"https:\/\/reconciliation.gouv.ci\/mrcn\/index.php?rest_route=\/wp\/v2\/types\/post"}],"author":[{"embeddable":true,"href":"https:\/\/reconciliation.gouv.ci\/mrcn\/index.php?rest_route=\/wp\/v2\/users\/1"}],"replies":[{"embeddable":true,"href":"https:\/\/reconciliation.gouv.ci\/mrcn\/index.php?rest_route=%2Fwp%2Fv2%2Fcomments&post=5836"}],"version-history":[{"count":1,"href":"https:\/\/reconciliation.gouv.ci\/mrcn\/index.php?rest_route=\/wp\/v2\/posts\/5836\/revisions"}],"predecessor-version":[{"id":5850,"href":"https:\/\/reconciliation.gouv.ci\/mrcn\/index.php?rest_route=\/wp\/v2\/posts\/5836\/revisions\/5850"}],"wp:featuredmedia":[{"embeddable":true,"href":"https:\/\/reconciliation.gouv.ci\/mrcn\/index.php?rest_route=\/wp\/v2\/media\/5840"}],"wp:attachment":[{"href":"https:\/\/reconciliation.gouv.ci\/mrcn\/index.php?rest_route=%2Fwp%2Fv2%2Fmedia&parent=5836"}],"wp:term":[{"taxonomy":"category","embeddable":true,"href":"https:\/\/reconciliation.gouv.ci\/mrcn\/index.php?rest_route=%2Fwp%2Fv2%2Fcategories&post=5836"},{"taxonomy":"post_tag","embeddable":true,"href":"https:\/\/reconciliation.gouv.ci\/mrcn\/index.php?rest_route=%2Fwp%2Fv2%2Ftags&post=5836"}],"curies":[{"name":"wp","href":"https:\/\/api.w.org\/{rel}","templated":true}]}}