{"id":5708,"date":"2022-04-06T18:06:31","date_gmt":"2022-04-06T16:06:31","guid":{"rendered":"https:\/\/reconciliation.gouv.ci\/mrcn\/?p=5708"},"modified":"2022-04-06T18:06:47","modified_gmt":"2022-04-06T16:06:47","slug":"rencontre-du-ministre-kouadio-konan-bertin-avec-toure-ahmed-bouah","status":"publish","type":"post","link":"https:\/\/reconciliation.gouv.ci\/mrcn\/?p=5708","title":{"rendered":"Rencontre du Ministre KOUADIO Konan Bertin avec TOURE Ahmed Bouah"},"content":{"rendered":"<div class=\"pvc_clear\"><\/div><p class=\"pvc_stats total_only \" data-element-id=\"5708\" style=\"\"><i class=\"pvc-stats-icon medium\" aria-hidden=\"true\"><svg aria-hidden=\"true\" focusable=\"false\" data-prefix=\"far\" data-icon=\"chart-bar\" role=\"img\" xmlns=\"http:\/\/www.w3.org\/2000\/svg\" viewBox=\"0 0 512 512\" class=\"svg-inline--fa fa-chart-bar fa-w-16 fa-2x\"><path fill=\"currentColor\" d=\"M396.8 352h22.4c6.4 0 12.8-6.4 12.8-12.8V108.8c0-6.4-6.4-12.8-12.8-12.8h-22.4c-6.4 0-12.8 6.4-12.8 12.8v230.4c0 6.4 6.4 12.8 12.8 12.8zm-192 0h22.4c6.4 0 12.8-6.4 12.8-12.8V140.8c0-6.4-6.4-12.8-12.8-12.8h-22.4c-6.4 0-12.8 6.4-12.8 12.8v198.4c0 6.4 6.4 12.8 12.8 12.8zm96 0h22.4c6.4 0 12.8-6.4 12.8-12.8V204.8c0-6.4-6.4-12.8-12.8-12.8h-22.4c-6.4 0-12.8 6.4-12.8 12.8v134.4c0 6.4 6.4 12.8 12.8 12.8zM496 400H48V80c0-8.84-7.16-16-16-16H16C7.16 64 0 71.16 0 80v336c0 17.67 14.33 32 32 32h464c8.84 0 16-7.16 16-16v-16c0-8.84-7.16-16-16-16zm-387.2-48h22.4c6.4 0 12.8-6.4 12.8-12.8v-70.4c0-6.4-6.4-12.8-12.8-12.8h-22.4c-6.4 0-12.8 6.4-12.8 12.8v70.4c0 6.4 6.4 12.8 12.8 12.8z\" class=\"\"><\/path><\/svg><\/i> &nbsp;1,340&nbsp;vues<\/p><div class=\"pvc_clear\"><\/div>\n<figure class=\"wp-block-image size-full\"><img loading=\"lazy\" decoding=\"async\" width=\"984\" height=\"656\" src=\"https:\/\/reconciliation.gouv.ci\/mrcn\/wp-content\/uploads\/2022\/04\/RENCONTRE-KKB-ET-AHMED-BOUAH-6.jpeg\" alt=\"\" class=\"wp-image-5714\" srcset=\"https:\/\/reconciliation.gouv.ci\/mrcn\/wp-content\/uploads\/2022\/04\/RENCONTRE-KKB-ET-AHMED-BOUAH-6.jpeg 984w, https:\/\/reconciliation.gouv.ci\/mrcn\/wp-content\/uploads\/2022\/04\/RENCONTRE-KKB-ET-AHMED-BOUAH-6-300x200.jpeg 300w, https:\/\/reconciliation.gouv.ci\/mrcn\/wp-content\/uploads\/2022\/04\/RENCONTRE-KKB-ET-AHMED-BOUAH-6-768x512.jpeg 768w\" sizes=\"auto, (max-width: 984px) 100vw, 984px\" \/><\/figure>\n\n\n\n<p>Le lundi 4 avril 2022, le Ministre de la R\u00e9conciliation et de la Coh\u00e9sion nationale, KOUADIO Konan Bertin, a re\u00e7u \u00e0 son cabinet Monsieur TOUR\u00c9 Ahmed Bouah, Pr\u00e9sident Directeur G\u00e9n\u00e9ral de SOPHIA S.A (La Soci\u00e9t\u00e9 Anonyme pour la Promotion de l`Habitat, des Infrastructures et de l`Am\u00e9nagement Foncier), venu pour lui pr\u00e9senter ses civilit\u00e9s et son nouvel ouvrage litt\u00e9raire qui aborde la probl\u00e9matique de l\u2019am\u00e9nagement urbain.<\/p>\n\n\n\n<p>Monsieur TOUR\u00c9 en a profit\u00e9 pour solliciter l\u2019appui institutionnel du d\u00e9partement Minist\u00e9riel de la R\u00e9conciliation et de la Coh\u00e9sion Nationale \u00e0 l\u2019effet d\u2019\u00e9changer avec les populations impact\u00e9es par son projet \u00ab Akwaba City \u00bb ou la cit\u00e9 nouvelle qui couvre 12000 ha, de N\u2019dotr\u00e9 \u00e0 Azagui\u00e9 (une cinquantaine de villages).<\/p>\n\n\n\n<p>Le Ministre KKB et son h\u00f4te, concernant l\u2019am\u00e9nagement du territoire relevant de la souverainet\u00e9 de l\u2019\u00c9tat, ont estim\u00e9 que le dialogue social doit pr\u00e9valoir en toutes circonstances, pour \u00e9viter les querelles et situations conflictuelles qui entourent malheureusement la question fonci\u00e8re.<\/p>\n\n\n\n<div class=\"wp-block-columns is-layout-flex wp-container-core-columns-is-layout-9d6595d7 wp-block-columns-is-layout-flex\">\n<div class=\"wp-block-column is-layout-flow wp-block-column-is-layout-flow\">\n<figure class=\"wp-block-image size-full\"><img loading=\"lazy\" decoding=\"async\" width=\"984\" height=\"656\" src=\"https:\/\/reconciliation.gouv.ci\/mrcn\/wp-content\/uploads\/2022\/04\/RENCONTRE-KKB-ET-AHMED-BOUAH-1.jpeg\" alt=\"\" class=\"wp-image-5709\" srcset=\"https:\/\/reconciliation.gouv.ci\/mrcn\/wp-content\/uploads\/2022\/04\/RENCONTRE-KKB-ET-AHMED-BOUAH-1.jpeg 984w, https:\/\/reconciliation.gouv.ci\/mrcn\/wp-content\/uploads\/2022\/04\/RENCONTRE-KKB-ET-AHMED-BOUAH-1-300x200.jpeg 300w, https:\/\/reconciliation.gouv.ci\/mrcn\/wp-content\/uploads\/2022\/04\/RENCONTRE-KKB-ET-AHMED-BOUAH-1-768x512.jpeg 768w\" sizes=\"auto, (max-width: 984px) 100vw, 984px\" \/><\/figure>\n\n\n\n<figure class=\"wp-block-image size-full\"><img loading=\"lazy\" decoding=\"async\" width=\"984\" height=\"656\" src=\"https:\/\/reconciliation.gouv.ci\/mrcn\/wp-content\/uploads\/2022\/04\/RENCONTRE-KKB-ET-AHMED-BOUAH-5.jpeg\" alt=\"\" class=\"wp-image-5713\" srcset=\"https:\/\/reconciliation.gouv.ci\/mrcn\/wp-content\/uploads\/2022\/04\/RENCONTRE-KKB-ET-AHMED-BOUAH-5.jpeg 984w, https:\/\/reconciliation.gouv.ci\/mrcn\/wp-content\/uploads\/2022\/04\/RENCONTRE-KKB-ET-AHMED-BOUAH-5-300x200.jpeg 300w, https:\/\/reconciliation.gouv.ci\/mrcn\/wp-content\/uploads\/2022\/04\/RENCONTRE-KKB-ET-AHMED-BOUAH-5-768x512.jpeg 768w\" sizes=\"auto, (max-width: 984px) 100vw, 984px\" \/><\/figure>\n<\/div>\n\n\n\n<div class=\"wp-block-column is-layout-flow wp-block-column-is-layout-flow\">\n<figure class=\"wp-block-image size-full\"><img loading=\"lazy\" decoding=\"async\" width=\"984\" height=\"656\" src=\"https:\/\/reconciliation.gouv.ci\/mrcn\/wp-content\/uploads\/2022\/04\/RENCONTRE-KKB-ET-AHMED-BOUAH-2.jpeg\" alt=\"\" class=\"wp-image-5710\" srcset=\"https:\/\/reconciliation.gouv.ci\/mrcn\/wp-content\/uploads\/2022\/04\/RENCONTRE-KKB-ET-AHMED-BOUAH-2.jpeg 984w, https:\/\/reconciliation.gouv.ci\/mrcn\/wp-content\/uploads\/2022\/04\/RENCONTRE-KKB-ET-AHMED-BOUAH-2-300x200.jpeg 300w, https:\/\/reconciliation.gouv.ci\/mrcn\/wp-content\/uploads\/2022\/04\/RENCONTRE-KKB-ET-AHMED-BOUAH-2-768x512.jpeg 768w\" sizes=\"auto, (max-width: 984px) 100vw, 984px\" \/><\/figure>\n\n\n\n<figure class=\"wp-block-image size-full\"><img loading=\"lazy\" decoding=\"async\" width=\"984\" height=\"656\" src=\"https:\/\/reconciliation.gouv.ci\/mrcn\/wp-content\/uploads\/2022\/04\/RENCONTRE-KKB-ET-AHMED-BOUAH-7.jpeg\" alt=\"\" class=\"wp-image-5715\" srcset=\"https:\/\/reconciliation.gouv.ci\/mrcn\/wp-content\/uploads\/2022\/04\/RENCONTRE-KKB-ET-AHMED-BOUAH-7.jpeg 984w, https:\/\/reconciliation.gouv.ci\/mrcn\/wp-content\/uploads\/2022\/04\/RENCONTRE-KKB-ET-AHMED-BOUAH-7-300x200.jpeg 300w, https:\/\/reconciliation.gouv.ci\/mrcn\/wp-content\/uploads\/2022\/04\/RENCONTRE-KKB-ET-AHMED-BOUAH-7-768x512.jpeg 768w\" sizes=\"auto, (max-width: 984px) 100vw, 984px\" \/><\/figure>\n<\/div>\n\n\n\n<div class=\"wp-block-column is-layout-flow wp-block-column-is-layout-flow\">\n<figure class=\"wp-block-image size-full\"><img loading=\"lazy\" decoding=\"async\" width=\"656\" height=\"984\" src=\"https:\/\/reconciliation.gouv.ci\/mrcn\/wp-content\/uploads\/2022\/04\/RENCONTRE-KKB-ET-AHMED-BOUAH-4.jpeg\" alt=\"\" class=\"wp-image-5712\" srcset=\"https:\/\/reconciliation.gouv.ci\/mrcn\/wp-content\/uploads\/2022\/04\/RENCONTRE-KKB-ET-AHMED-BOUAH-4.jpeg 656w, https:\/\/reconciliation.gouv.ci\/mrcn\/wp-content\/uploads\/2022\/04\/RENCONTRE-KKB-ET-AHMED-BOUAH-4-200x300.jpeg 200w\" sizes=\"auto, (max-width: 656px) 100vw, 656px\" \/><\/figure>\n<\/div>\n<\/div>\n","protected":false},"excerpt":{"rendered":"<div class=\"pvc_clear\"><\/div>\n<p class=\"pvc_stats total_only \" data-element-id=\"5708\" style=\"\"><i class=\"pvc-stats-icon medium\" aria-hidden=\"true\"><svg aria-hidden=\"true\" focusable=\"false\" data-prefix=\"far\" data-icon=\"chart-bar\" role=\"img\" xmlns=\"http:\/\/www.w3.org\/2000\/svg\" viewBox=\"0 0 512 512\" class=\"svg-inline--fa fa-chart-bar fa-w-16 fa-2x\"><path fill=\"currentColor\" d=\"M396.8 352h22.4c6.4 0 12.8-6.4 12.8-12.8V108.8c0-6.4-6.4-12.8-12.8-12.8h-22.4c-6.4 0-12.8 6.4-12.8 12.8v230.4c0 6.4 6.4 12.8 12.8 12.8zm-192 0h22.4c6.4 0 12.8-6.4 12.8-12.8V140.8c0-6.4-6.4-12.8-12.8-12.8h-22.4c-6.4 0-12.8 6.4-12.8 12.8v198.4c0 6.4 6.4 12.8 12.8 12.8zm96 0h22.4c6.4 0 12.8-6.4 12.8-12.8V204.8c0-6.4-6.4-12.8-12.8-12.8h-22.4c-6.4 0-12.8 6.4-12.8 12.8v134.4c0 6.4 6.4 12.8 12.8 12.8zM496 400H48V80c0-8.84-7.16-16-16-16H16C7.16 64 0 71.16 0 80v336c0 17.67 14.33 32 32 32h464c8.84 0 16-7.16 16-16v-16c0-8.84-7.16-16-16-16zm-387.2-48h22.4c6.4 0 12.8-6.4 12.8-12.8v-70.4c0-6.4-6.4-12.8-12.8-12.8h-22.4c-6.4 0-12.8 6.4-12.8 12.8v70.4c0 6.4 6.4 12.8 12.8 12.8z\" class=\"\"><\/path><\/svg><\/i> &nbsp;1,340&nbsp;vues<\/p>\n<div class=\"pvc_clear\"><\/div>\n<p>&nbsp;1,340&nbsp;vues Le lundi 4 avril 2022, le Ministre de la R\u00e9conciliation et de la Coh\u00e9sion nationale, KOUADIO Konan Bertin, a re\u00e7u \u00e0 son cabinet Monsieur TOUR\u00c9 Ahmed Bouah, Pr\u00e9sident Directeur G\u00e9n\u00e9ral de SOPHIA S.A (La Soci\u00e9t\u00e9 Anonyme pour la Promotion de l`Habitat, des Infrastructures et de l`Am\u00e9nagement<\/p>\n","protected":false},"author":1,"featured_media":5714,"comment_status":"closed","ping_status":"open","sticky":false,"template":"","format":"standard","meta":{"footnotes":""},"categories":[39],"tags":[],"class_list":["post-5708","post","type-post","status-publish","format-standard","has-post-thumbnail","hentry","category-activites-ministere-slider"],"_links":{"self":[{"href":"https:\/\/reconciliation.gouv.ci\/mrcn\/index.php?rest_route=\/wp\/v2\/posts\/5708","targetHints":{"allow":["GET"]}}],"collection":[{"href":"https:\/\/reconciliation.gouv.ci\/mrcn\/index.php?rest_route=\/wp\/v2\/posts"}],"about":[{"href":"https:\/\/reconciliation.gouv.ci\/mrcn\/index.php?rest_route=\/wp\/v2\/types\/post"}],"author":[{"embeddable":true,"href":"https:\/\/reconciliation.gouv.ci\/mrcn\/index.php?rest_route=\/wp\/v2\/users\/1"}],"replies":[{"embeddable":true,"href":"https:\/\/reconciliation.gouv.ci\/mrcn\/index.php?rest_route=%2Fwp%2Fv2%2Fcomments&post=5708"}],"version-history":[{"count":1,"href":"https:\/\/reconciliation.gouv.ci\/mrcn\/index.php?rest_route=\/wp\/v2\/posts\/5708\/revisions"}],"predecessor-version":[{"id":5717,"href":"https:\/\/reconciliation.gouv.ci\/mrcn\/index.php?rest_route=\/wp\/v2\/posts\/5708\/revisions\/5717"}],"wp:featuredmedia":[{"embeddable":true,"href":"https:\/\/reconciliation.gouv.ci\/mrcn\/index.php?rest_route=\/wp\/v2\/media\/5714"}],"wp:attachment":[{"href":"https:\/\/reconciliation.gouv.ci\/mrcn\/index.php?rest_route=%2Fwp%2Fv2%2Fmedia&parent=5708"}],"wp:term":[{"taxonomy":"category","embeddable":true,"href":"https:\/\/reconciliation.gouv.ci\/mrcn\/index.php?rest_route=%2Fwp%2Fv2%2Fcategories&post=5708"},{"taxonomy":"post_tag","embeddable":true,"href":"https:\/\/reconciliation.gouv.ci\/mrcn\/index.php?rest_route=%2Fwp%2Fv2%2Ftags&post=5708"}],"curies":[{"name":"wp","href":"https:\/\/api.w.org\/{rel}","templated":true}]}}