{"id":5615,"date":"2022-03-26T01:07:09","date_gmt":"2022-03-26T00:07:09","guid":{"rendered":"https:\/\/reconciliation.gouv.ci\/mrcn\/?p=5615"},"modified":"2022-03-26T01:07:10","modified_gmt":"2022-03-26T00:07:10","slug":"le-ministre-de-la-reconciliation-et-de-la-cohesion-nationale-met-en-mission-les-anciennes-gloires-du-football-ivoirien","status":"publish","type":"post","link":"https:\/\/reconciliation.gouv.ci\/mrcn\/?p=5615","title":{"rendered":"Le Ministre de la r\u00e9conciliation et de la coh\u00e9sion nationale met en mission les anciennes gloires du football ivoirien."},"content":{"rendered":"<div class=\"pvc_clear\"><\/div><p class=\"pvc_stats total_only \" data-element-id=\"5615\" style=\"\"><i class=\"pvc-stats-icon medium\" aria-hidden=\"true\"><svg aria-hidden=\"true\" focusable=\"false\" data-prefix=\"far\" data-icon=\"chart-bar\" role=\"img\" xmlns=\"http:\/\/www.w3.org\/2000\/svg\" viewBox=\"0 0 512 512\" class=\"svg-inline--fa fa-chart-bar fa-w-16 fa-2x\"><path fill=\"currentColor\" d=\"M396.8 352h22.4c6.4 0 12.8-6.4 12.8-12.8V108.8c0-6.4-6.4-12.8-12.8-12.8h-22.4c-6.4 0-12.8 6.4-12.8 12.8v230.4c0 6.4 6.4 12.8 12.8 12.8zm-192 0h22.4c6.4 0 12.8-6.4 12.8-12.8V140.8c0-6.4-6.4-12.8-12.8-12.8h-22.4c-6.4 0-12.8 6.4-12.8 12.8v198.4c0 6.4 6.4 12.8 12.8 12.8zm96 0h22.4c6.4 0 12.8-6.4 12.8-12.8V204.8c0-6.4-6.4-12.8-12.8-12.8h-22.4c-6.4 0-12.8 6.4-12.8 12.8v134.4c0 6.4 6.4 12.8 12.8 12.8zM496 400H48V80c0-8.84-7.16-16-16-16H16C7.16 64 0 71.16 0 80v336c0 17.67 14.33 32 32 32h464c8.84 0 16-7.16 16-16v-16c0-8.84-7.16-16-16-16zm-387.2-48h22.4c6.4 0 12.8-6.4 12.8-12.8v-70.4c0-6.4-6.4-12.8-12.8-12.8h-22.4c-6.4 0-12.8 6.4-12.8 12.8v70.4c0 6.4 6.4 12.8 12.8 12.8z\" class=\"\"><\/path><\/svg><\/i> &nbsp;1,710&nbsp;vues<\/p><div class=\"pvc_clear\"><\/div>\n<figure class=\"wp-block-image size-full is-resized\"><img loading=\"lazy\" decoding=\"async\" src=\"https:\/\/reconciliation.gouv.ci\/mrcn\/wp-content\/uploads\/2022\/03\/Le-Ministre-met-en-mission-Anciennes-Gloires-du-Football-Ivoirien-4.jpg\" alt=\"\" class=\"wp-image-5619\" width=\"836\" height=\"557\" srcset=\"https:\/\/reconciliation.gouv.ci\/mrcn\/wp-content\/uploads\/2022\/03\/Le-Ministre-met-en-mission-Anciennes-Gloires-du-Football-Ivoirien-4.jpg 984w, https:\/\/reconciliation.gouv.ci\/mrcn\/wp-content\/uploads\/2022\/03\/Le-Ministre-met-en-mission-Anciennes-Gloires-du-Football-Ivoirien-4-300x200.jpg 300w, https:\/\/reconciliation.gouv.ci\/mrcn\/wp-content\/uploads\/2022\/03\/Le-Ministre-met-en-mission-Anciennes-Gloires-du-Football-Ivoirien-4-768x512.jpg 768w\" sizes=\"auto, (max-width: 836px) 100vw, 836px\" \/><\/figure>\n\n\n\n<p>Le ministre KOUADIO Konan Bertin a re\u00e7u une d\u00e9l\u00e9gation de l&rsquo;Union des Anciens Footballeurs de C\u00f4te d&rsquo;Ivoire \u00a0\u00bb UAFCI \u00a0\u00bb ce mercredi 23 mars 2022 \u00e0 son cabinet au Plateau.<\/p>\n\n\n\n<p>Plus d&rsquo;une heure d&rsquo;entretien au cours duquel le Ministre KOUADIO Konan Bertin a expliqu\u00e9 \u00e0 ses h\u00f4tes conduits par Alain GOUAMENE (Le Pr\u00e9sident de UAFI) et Abdoulaye Traor\u00e9 dit Ben Badi, l&rsquo;int\u00e9r\u00eat d&rsquo;une r\u00e9conciliation imminente et d&rsquo;une paix effective en C\u00f4te d&rsquo;ivoire.<\/p>\n\n\n\n<p>Le Ministre s&rsquo;est \u00e9tendu sur sa conception des th\u00e9matiques de r\u00e9conciliation et de coh\u00e9sion nationale constituant sa mission.<\/p>\n\n\n\n<p>Pour lui, la r\u00e9conciliation n&rsquo;a pas de couleur politique ni d&rsquo;ethnie. Le processus permettant d&rsquo;aboutir \u00e0 ces deux th\u00e9matiques doit \u00eatre inclusif. Les gloires de leur trame ont bel et bien leur place parmi les acteurs \u00e0 engager pour un d\u00e9nouement heureux du processus en cours. A l&rsquo;issue d&rsquo;\u00e9changes marqu\u00e9s par des rappels de souvenirs de Derby Asec- Africa, et des moments inoubliables de l&rsquo;histoire du football en C\u00f4te d&rsquo;Ivoire, le Ministre KKB a exhort\u00e9 ses h\u00f4tes \u00e0 retourner au laboratoire afin de lui proposer incessamment le contenu de ce nouveau partenariat entre son d\u00e9partement et l&rsquo;Union des Anciens Footballeurs de C\u00f4te d&rsquo;Ivoire \u00a0\u00bb UAFCI \u00a0\u00bb. Le Ministre KKB a recommand\u00e9 une inclusion effective des anciens footballeurs pour le succ\u00e8s de cette mission qui sera confi\u00e9e \u00e0 l&rsquo;UAFCI.<\/p>\n\n\n\n<p>Des s\u00e9ances photos de famille et avec chaque athl\u00e8te a mis fin \u00e0 cette rencontre aux alentours de 19 heures.<\/p>\n\n\n\n<div class=\"wp-block-columns is-layout-flex wp-container-core-columns-is-layout-9d6595d7 wp-block-columns-is-layout-flex\">\n<div class=\"wp-block-column is-layout-flow wp-block-column-is-layout-flow\">\n<figure class=\"wp-block-image size-full\"><img loading=\"lazy\" decoding=\"async\" width=\"984\" height=\"656\" src=\"https:\/\/reconciliation.gouv.ci\/mrcn\/wp-content\/uploads\/2022\/03\/Le-Ministre-met-en-mission-Anciennes-Gloires-du-Football-Ivoirien-5.jpg\" alt=\"\" class=\"wp-image-5620\" srcset=\"https:\/\/reconciliation.gouv.ci\/mrcn\/wp-content\/uploads\/2022\/03\/Le-Ministre-met-en-mission-Anciennes-Gloires-du-Football-Ivoirien-5.jpg 984w, https:\/\/reconciliation.gouv.ci\/mrcn\/wp-content\/uploads\/2022\/03\/Le-Ministre-met-en-mission-Anciennes-Gloires-du-Football-Ivoirien-5-300x200.jpg 300w, https:\/\/reconciliation.gouv.ci\/mrcn\/wp-content\/uploads\/2022\/03\/Le-Ministre-met-en-mission-Anciennes-Gloires-du-Football-Ivoirien-5-768x512.jpg 768w\" sizes=\"auto, (max-width: 984px) 100vw, 984px\" \/><\/figure>\n<\/div>\n\n\n\n<div class=\"wp-block-column is-layout-flow wp-block-column-is-layout-flow\">\n<figure class=\"wp-block-image size-full\"><img loading=\"lazy\" decoding=\"async\" width=\"984\" height=\"656\" src=\"https:\/\/reconciliation.gouv.ci\/mrcn\/wp-content\/uploads\/2022\/03\/Le-Ministre-met-en-mission-Anciennes-Gloires-du-Football-Ivoirien-3.jpg\" alt=\"\" class=\"wp-image-5618\" srcset=\"https:\/\/reconciliation.gouv.ci\/mrcn\/wp-content\/uploads\/2022\/03\/Le-Ministre-met-en-mission-Anciennes-Gloires-du-Football-Ivoirien-3.jpg 984w, https:\/\/reconciliation.gouv.ci\/mrcn\/wp-content\/uploads\/2022\/03\/Le-Ministre-met-en-mission-Anciennes-Gloires-du-Football-Ivoirien-3-300x200.jpg 300w, https:\/\/reconciliation.gouv.ci\/mrcn\/wp-content\/uploads\/2022\/03\/Le-Ministre-met-en-mission-Anciennes-Gloires-du-Football-Ivoirien-3-768x512.jpg 768w\" sizes=\"auto, (max-width: 984px) 100vw, 984px\" \/><\/figure>\n<\/div>\n\n\n\n<div class=\"wp-block-column is-layout-flow wp-block-column-is-layout-flow\">\n<figure class=\"wp-block-image size-full\"><img loading=\"lazy\" decoding=\"async\" width=\"984\" height=\"656\" src=\"https:\/\/reconciliation.gouv.ci\/mrcn\/wp-content\/uploads\/2022\/03\/Le-Ministre-met-en-mission-Anciennes-Gloires-du-Football-Ivoirien-2.jpg\" alt=\"\" class=\"wp-image-5617\" srcset=\"https:\/\/reconciliation.gouv.ci\/mrcn\/wp-content\/uploads\/2022\/03\/Le-Ministre-met-en-mission-Anciennes-Gloires-du-Football-Ivoirien-2.jpg 984w, https:\/\/reconciliation.gouv.ci\/mrcn\/wp-content\/uploads\/2022\/03\/Le-Ministre-met-en-mission-Anciennes-Gloires-du-Football-Ivoirien-2-300x200.jpg 300w, https:\/\/reconciliation.gouv.ci\/mrcn\/wp-content\/uploads\/2022\/03\/Le-Ministre-met-en-mission-Anciennes-Gloires-du-Football-Ivoirien-2-768x512.jpg 768w\" sizes=\"auto, (max-width: 984px) 100vw, 984px\" \/><\/figure>\n<\/div>\n<\/div>\n","protected":false},"excerpt":{"rendered":"<div class=\"pvc_clear\"><\/div>\n<p class=\"pvc_stats total_only \" data-element-id=\"5615\" style=\"\"><i class=\"pvc-stats-icon medium\" aria-hidden=\"true\"><svg aria-hidden=\"true\" focusable=\"false\" data-prefix=\"far\" data-icon=\"chart-bar\" role=\"img\" xmlns=\"http:\/\/www.w3.org\/2000\/svg\" viewBox=\"0 0 512 512\" class=\"svg-inline--fa fa-chart-bar fa-w-16 fa-2x\"><path fill=\"currentColor\" d=\"M396.8 352h22.4c6.4 0 12.8-6.4 12.8-12.8V108.8c0-6.4-6.4-12.8-12.8-12.8h-22.4c-6.4 0-12.8 6.4-12.8 12.8v230.4c0 6.4 6.4 12.8 12.8 12.8zm-192 0h22.4c6.4 0 12.8-6.4 12.8-12.8V140.8c0-6.4-6.4-12.8-12.8-12.8h-22.4c-6.4 0-12.8 6.4-12.8 12.8v198.4c0 6.4 6.4 12.8 12.8 12.8zm96 0h22.4c6.4 0 12.8-6.4 12.8-12.8V204.8c0-6.4-6.4-12.8-12.8-12.8h-22.4c-6.4 0-12.8 6.4-12.8 12.8v134.4c0 6.4 6.4 12.8 12.8 12.8zM496 400H48V80c0-8.84-7.16-16-16-16H16C7.16 64 0 71.16 0 80v336c0 17.67 14.33 32 32 32h464c8.84 0 16-7.16 16-16v-16c0-8.84-7.16-16-16-16zm-387.2-48h22.4c6.4 0 12.8-6.4 12.8-12.8v-70.4c0-6.4-6.4-12.8-12.8-12.8h-22.4c-6.4 0-12.8 6.4-12.8 12.8v70.4c0 6.4 6.4 12.8 12.8 12.8z\" class=\"\"><\/path><\/svg><\/i> &nbsp;1,710&nbsp;vues<\/p>\n<div class=\"pvc_clear\"><\/div>\n<p>&nbsp;1,710&nbsp;vues Le ministre KOUADIO Konan Bertin a re\u00e7u une d\u00e9l\u00e9gation de l&rsquo;Union des Anciens Footballeurs de C\u00f4te d&rsquo;Ivoire \u00a0\u00bb UAFCI \u00a0\u00bb ce mercredi 23 mars 2022 \u00e0 son cabinet au Plateau. Plus d&rsquo;une heure d&rsquo;entretien au cours duquel le Ministre KOUADIO Konan Bertin a expliqu\u00e9 \u00e0 ses<\/p>\n","protected":false},"author":1,"featured_media":5619,"comment_status":"closed","ping_status":"open","sticky":false,"template":"","format":"standard","meta":{"footnotes":""},"categories":[39],"tags":[],"class_list":["post-5615","post","type-post","status-publish","format-standard","has-post-thumbnail","hentry","category-activites-ministere-slider"],"_links":{"self":[{"href":"https:\/\/reconciliation.gouv.ci\/mrcn\/index.php?rest_route=\/wp\/v2\/posts\/5615","targetHints":{"allow":["GET"]}}],"collection":[{"href":"https:\/\/reconciliation.gouv.ci\/mrcn\/index.php?rest_route=\/wp\/v2\/posts"}],"about":[{"href":"https:\/\/reconciliation.gouv.ci\/mrcn\/index.php?rest_route=\/wp\/v2\/types\/post"}],"author":[{"embeddable":true,"href":"https:\/\/reconciliation.gouv.ci\/mrcn\/index.php?rest_route=\/wp\/v2\/users\/1"}],"replies":[{"embeddable":true,"href":"https:\/\/reconciliation.gouv.ci\/mrcn\/index.php?rest_route=%2Fwp%2Fv2%2Fcomments&post=5615"}],"version-history":[{"count":1,"href":"https:\/\/reconciliation.gouv.ci\/mrcn\/index.php?rest_route=\/wp\/v2\/posts\/5615\/revisions"}],"predecessor-version":[{"id":5621,"href":"https:\/\/reconciliation.gouv.ci\/mrcn\/index.php?rest_route=\/wp\/v2\/posts\/5615\/revisions\/5621"}],"wp:featuredmedia":[{"embeddable":true,"href":"https:\/\/reconciliation.gouv.ci\/mrcn\/index.php?rest_route=\/wp\/v2\/media\/5619"}],"wp:attachment":[{"href":"https:\/\/reconciliation.gouv.ci\/mrcn\/index.php?rest_route=%2Fwp%2Fv2%2Fmedia&parent=5615"}],"wp:term":[{"taxonomy":"category","embeddable":true,"href":"https:\/\/reconciliation.gouv.ci\/mrcn\/index.php?rest_route=%2Fwp%2Fv2%2Fcategories&post=5615"},{"taxonomy":"post_tag","embeddable":true,"href":"https:\/\/reconciliation.gouv.ci\/mrcn\/index.php?rest_route=%2Fwp%2Fv2%2Ftags&post=5615"}],"curies":[{"name":"wp","href":"https:\/\/api.w.org\/{rel}","templated":true}]}}