{"id":5613,"date":"2022-03-25T18:23:24","date_gmt":"2022-03-25T17:23:24","guid":{"rendered":"https:\/\/reconciliation.gouv.ci\/mrcn\/?p=5613"},"modified":"2022-03-25T18:23:25","modified_gmt":"2022-03-25T17:23:25","slug":"le-ministre-kouadio-konan-bertin-au-service-des-centrales-syndicales-de-cote-divoire-et-les-invite-tous-a-se-disposer-a-la-paix-et-a-la-reconciliation-a-travers-un-partenariat-sur-le-dialogue-social","status":"publish","type":"post","link":"https:\/\/reconciliation.gouv.ci\/mrcn\/?p=5613","title":{"rendered":"Le Ministre KOUADIO Konan Bertin au service des centrales syndicales de C\u00f4te d&rsquo;Ivoire et les invite tous \u00e0 se disposer \u00e0 la paix et \u00e0 la r\u00e9conciliation \u00e0 travers un partenariat sur le dialogue social."},"content":{"rendered":"<div class=\"pvc_clear\"><\/div><p class=\"pvc_stats total_only \" data-element-id=\"5613\" style=\"\"><i class=\"pvc-stats-icon medium\" aria-hidden=\"true\"><svg aria-hidden=\"true\" focusable=\"false\" data-prefix=\"far\" data-icon=\"chart-bar\" role=\"img\" xmlns=\"http:\/\/www.w3.org\/2000\/svg\" viewBox=\"0 0 512 512\" class=\"svg-inline--fa fa-chart-bar fa-w-16 fa-2x\"><path fill=\"currentColor\" d=\"M396.8 352h22.4c6.4 0 12.8-6.4 12.8-12.8V108.8c0-6.4-6.4-12.8-12.8-12.8h-22.4c-6.4 0-12.8 6.4-12.8 12.8v230.4c0 6.4 6.4 12.8 12.8 12.8zm-192 0h22.4c6.4 0 12.8-6.4 12.8-12.8V140.8c0-6.4-6.4-12.8-12.8-12.8h-22.4c-6.4 0-12.8 6.4-12.8 12.8v198.4c0 6.4 6.4 12.8 12.8 12.8zm96 0h22.4c6.4 0 12.8-6.4 12.8-12.8V204.8c0-6.4-6.4-12.8-12.8-12.8h-22.4c-6.4 0-12.8 6.4-12.8 12.8v134.4c0 6.4 6.4 12.8 12.8 12.8zM496 400H48V80c0-8.84-7.16-16-16-16H16C7.16 64 0 71.16 0 80v336c0 17.67 14.33 32 32 32h464c8.84 0 16-7.16 16-16v-16c0-8.84-7.16-16-16-16zm-387.2-48h22.4c6.4 0 12.8-6.4 12.8-12.8v-70.4c0-6.4-6.4-12.8-12.8-12.8h-22.4c-6.4 0-12.8 6.4-12.8 12.8v70.4c0 6.4 6.4 12.8 12.8 12.8z\" class=\"\"><\/path><\/svg><\/i> &nbsp;1,606&nbsp;vues<\/p><div class=\"pvc_clear\"><\/div>\n<figure class=\"wp-block-image size-large\"><img loading=\"lazy\" decoding=\"async\" width=\"1024\" height=\"682\" src=\"https:\/\/reconciliation.gouv.ci\/mrcn\/wp-content\/uploads\/2022\/03\/Siege-des-Centrales-Syndicales-20-1024x682.jpeg\" alt=\"\" class=\"wp-image-5604\" srcset=\"https:\/\/reconciliation.gouv.ci\/mrcn\/wp-content\/uploads\/2022\/03\/Siege-des-Centrales-Syndicales-20-1024x682.jpeg 1024w, https:\/\/reconciliation.gouv.ci\/mrcn\/wp-content\/uploads\/2022\/03\/Siege-des-Centrales-Syndicales-20-300x200.jpeg 300w, https:\/\/reconciliation.gouv.ci\/mrcn\/wp-content\/uploads\/2022\/03\/Siege-des-Centrales-Syndicales-20-768x512.jpeg 768w, https:\/\/reconciliation.gouv.ci\/mrcn\/wp-content\/uploads\/2022\/03\/Siege-des-Centrales-Syndicales-20.jpeg 1280w\" sizes=\"auto, (max-width: 1024px) 100vw, 1024px\" \/><\/figure>\n\n\n\n<p><strong>Journ\u00e9e mouvement\u00e9e pour le ministre KOUADIO Konan Bertin dit KKB, ce mardi 21 mars 2021.<\/strong><\/p>\n\n\n\n<p><strong>&nbsp;&nbsp;Le ministre de la R\u00e9conciliation et de la coh\u00e9sion nationale s\u2019est rendu aux si\u00e8ges des centrales syndicales \u2018\u2019Humanisme\u2019\u2019 et \u2018\u2019Dignit\u00e9\u2019\u2019 respectivement \u00e0 Adjam\u00e9 220 Logements et \u00e0 Yopougon.<\/strong><\/p>\n\n\n\n<p>Au cours de ces deux rencontres, le ministre de la R\u00e9conciliation et de la coh\u00e9sion nationale a v\u00e9hicul\u00e9 le m\u00eame message. Le ministre KOUADIO Konan Bertin, qui est all\u00e9 au contact des syndicalistes, les a exhort\u00e9s \u00e0 se disposer \u00e0 aller \u00e0 la r\u00e9conciliation et \u00e0 la paix apr\u00e8s avoir salu\u00e9 leurs efforts personnels qui ont contribu\u00e9 au maintien du pays en l\u2019\u00e9tat. \u00ab&nbsp;<em>Je voudrais vous saluer pour ce d\u00e9placement massif, et surtout vous remercier pour cet effort personnel par le travail de chacun de vous<\/em> \u00bb, a-t-il dit.<\/p>\n\n\n\n<p>Le ministre KOUADIO Konan Bertin a rassur\u00e9 ses h\u00f4tes que le gouvernement travaille et continue de bosser pour la paix par l\u2019instauration de la confiance entre les acteurs de la classe politique ivoirienne. Les participants au dialogue politique qui vient de s\u2019achever peuvent en t\u00e9moigner.<\/p>\n\n\n\n<p>Le ministre a exhort\u00e9 les centrales syndicales \u00e0 accepter la contradiction interne et sans rancune qui contribue \u00e0 l\u2019animation de la soci\u00e9t\u00e9. &nbsp;&nbsp;<\/p>\n\n\n\n<p>Ce premier contact physique avec les militants de base a permis au ministre KKB de pr\u00e9senter son d\u00e9partement, sa mission et le partenariat qu\u2019il entend nouer avec les centrales syndicales.<\/p>\n\n\n\n<p>Le ministre KKB a estim\u00e9 que la C\u00f4te d\u2019Ivoire doit renouer avec son destin de paix, de stabilit\u00e9 et d\u2019hospitalit\u00e9 qui a \u00e9t\u00e9 l\u00e9gu\u00e9 en h\u00e9ritage \u00e0 la classe politique par le p\u00e8re fondateur.<\/p>\n\n\n\n<p>Occasion pour le ministre d\u2019inviter les syndicats \u00e0 travailler sur la question du dialogue social pour la paix dans le pays.<\/p>\n\n\n\n<p>Le ministre de la R\u00e9conciliation et de la coh\u00e9sion nationale a dit, en outre, avoir pris bonne note des dol\u00e9ances respectives qui se r\u00e9sument \u00e0 des questions d\u2019acquisition de si\u00e8ges et d\u2019am\u00e9lioration de conditions socio professionnelles des travailleurs de C\u00f4te d\u2019Ivoire.<\/p>\n\n\n\n<p>Sans se substituer \u00e0 ses coll\u00e8gues en charge de ces questions, le ministre KKB entend servir de m\u00e9diateur entre les diff\u00e9rentes parties en vue d\u2019une parfaite coh\u00e9sion sociale et une C\u00f4te d\u2019Ivoire prosp\u00e8re. \u00a0<\/p>\n\n\n\n<div class=\"wp-block-columns is-layout-flex wp-container-core-columns-is-layout-9d6595d7 wp-block-columns-is-layout-flex\">\n<div class=\"wp-block-column is-layout-flow wp-block-column-is-layout-flow\">\n<figure class=\"wp-block-image size-large\"><img loading=\"lazy\" decoding=\"async\" width=\"1024\" height=\"682\" src=\"https:\/\/reconciliation.gouv.ci\/mrcn\/wp-content\/uploads\/2022\/03\/Siege-des-Centrales-Syndicales-1-1024x682.jpeg\" alt=\"\" class=\"wp-image-5585\" srcset=\"https:\/\/reconciliation.gouv.ci\/mrcn\/wp-content\/uploads\/2022\/03\/Siege-des-Centrales-Syndicales-1-1024x682.jpeg 1024w, https:\/\/reconciliation.gouv.ci\/mrcn\/wp-content\/uploads\/2022\/03\/Siege-des-Centrales-Syndicales-1-300x200.jpeg 300w, https:\/\/reconciliation.gouv.ci\/mrcn\/wp-content\/uploads\/2022\/03\/Siege-des-Centrales-Syndicales-1-768x512.jpeg 768w, https:\/\/reconciliation.gouv.ci\/mrcn\/wp-content\/uploads\/2022\/03\/Siege-des-Centrales-Syndicales-1.jpeg 1280w\" sizes=\"auto, (max-width: 1024px) 100vw, 1024px\" \/><\/figure>\n<\/div>\n\n\n\n<div class=\"wp-block-column is-layout-flow wp-block-column-is-layout-flow\">\n<figure class=\"wp-block-image size-large\"><img loading=\"lazy\" decoding=\"async\" width=\"1024\" height=\"683\" src=\"https:\/\/reconciliation.gouv.ci\/mrcn\/wp-content\/uploads\/2022\/03\/Siege-des-Centrales-Syndicales-13-1024x683.jpeg\" alt=\"\" class=\"wp-image-5597\" srcset=\"https:\/\/reconciliation.gouv.ci\/mrcn\/wp-content\/uploads\/2022\/03\/Siege-des-Centrales-Syndicales-13-1024x683.jpeg 1024w, https:\/\/reconciliation.gouv.ci\/mrcn\/wp-content\/uploads\/2022\/03\/Siege-des-Centrales-Syndicales-13-300x200.jpeg 300w, https:\/\/reconciliation.gouv.ci\/mrcn\/wp-content\/uploads\/2022\/03\/Siege-des-Centrales-Syndicales-13-768x512.jpeg 768w, https:\/\/reconciliation.gouv.ci\/mrcn\/wp-content\/uploads\/2022\/03\/Siege-des-Centrales-Syndicales-13.jpeg 1080w\" sizes=\"auto, (max-width: 1024px) 100vw, 1024px\" \/><\/figure>\n<\/div>\n\n\n\n<div class=\"wp-block-column is-layout-flow wp-block-column-is-layout-flow\">\n<figure class=\"wp-block-image size-large\"><img loading=\"lazy\" decoding=\"async\" width=\"1024\" height=\"683\" src=\"https:\/\/reconciliation.gouv.ci\/mrcn\/wp-content\/uploads\/2022\/03\/Siege-des-Centrales-Syndicales-3-1024x683.jpeg\" alt=\"\" class=\"wp-image-5587\" srcset=\"https:\/\/reconciliation.gouv.ci\/mrcn\/wp-content\/uploads\/2022\/03\/Siege-des-Centrales-Syndicales-3-1024x683.jpeg 1024w, https:\/\/reconciliation.gouv.ci\/mrcn\/wp-content\/uploads\/2022\/03\/Siege-des-Centrales-Syndicales-3-300x200.jpeg 300w, https:\/\/reconciliation.gouv.ci\/mrcn\/wp-content\/uploads\/2022\/03\/Siege-des-Centrales-Syndicales-3-768x512.jpeg 768w, https:\/\/reconciliation.gouv.ci\/mrcn\/wp-content\/uploads\/2022\/03\/Siege-des-Centrales-Syndicales-3.jpeg 1080w\" sizes=\"auto, (max-width: 1024px) 100vw, 1024px\" \/><\/figure>\n<\/div>\n<\/div>\n\n\n\n<div class=\"wp-block-columns is-layout-flex wp-container-core-columns-is-layout-9d6595d7 wp-block-columns-is-layout-flex\">\n<div class=\"wp-block-column is-layout-flow wp-block-column-is-layout-flow\">\n<figure class=\"wp-block-image size-large\"><img loading=\"lazy\" decoding=\"async\" width=\"1024\" height=\"682\" src=\"https:\/\/reconciliation.gouv.ci\/mrcn\/wp-content\/uploads\/2022\/03\/Siege-des-Centrales-Syndicales-16-1024x682.jpeg\" alt=\"\" class=\"wp-image-5600\" srcset=\"https:\/\/reconciliation.gouv.ci\/mrcn\/wp-content\/uploads\/2022\/03\/Siege-des-Centrales-Syndicales-16-1024x682.jpeg 1024w, https:\/\/reconciliation.gouv.ci\/mrcn\/wp-content\/uploads\/2022\/03\/Siege-des-Centrales-Syndicales-16-300x200.jpeg 300w, https:\/\/reconciliation.gouv.ci\/mrcn\/wp-content\/uploads\/2022\/03\/Siege-des-Centrales-Syndicales-16-768x512.jpeg 768w, https:\/\/reconciliation.gouv.ci\/mrcn\/wp-content\/uploads\/2022\/03\/Siege-des-Centrales-Syndicales-16.jpeg 1280w\" sizes=\"auto, (max-width: 1024px) 100vw, 1024px\" \/><\/figure>\n<\/div>\n\n\n\n<div class=\"wp-block-column is-layout-flow wp-block-column-is-layout-flow\">\n<figure class=\"wp-block-image size-large\"><img loading=\"lazy\" decoding=\"async\" width=\"1024\" height=\"683\" src=\"https:\/\/reconciliation.gouv.ci\/mrcn\/wp-content\/uploads\/2022\/03\/Siege-des-Centrales-Syndicales-22-1024x683.jpeg\" alt=\"\" class=\"wp-image-5606\" srcset=\"https:\/\/reconciliation.gouv.ci\/mrcn\/wp-content\/uploads\/2022\/03\/Siege-des-Centrales-Syndicales-22-1024x683.jpeg 1024w, https:\/\/reconciliation.gouv.ci\/mrcn\/wp-content\/uploads\/2022\/03\/Siege-des-Centrales-Syndicales-22-300x200.jpeg 300w, https:\/\/reconciliation.gouv.ci\/mrcn\/wp-content\/uploads\/2022\/03\/Siege-des-Centrales-Syndicales-22-768x512.jpeg 768w, https:\/\/reconciliation.gouv.ci\/mrcn\/wp-content\/uploads\/2022\/03\/Siege-des-Centrales-Syndicales-22.jpeg 1080w\" sizes=\"auto, (max-width: 1024px) 100vw, 1024px\" \/><\/figure>\n<\/div>\n\n\n\n<div class=\"wp-block-column is-layout-flow wp-block-column-is-layout-flow\">\n<figure class=\"wp-block-image size-large\"><img loading=\"lazy\" decoding=\"async\" width=\"1024\" height=\"682\" src=\"https:\/\/reconciliation.gouv.ci\/mrcn\/wp-content\/uploads\/2022\/03\/Siege-des-Centrales-Syndicales-15-1024x682.jpeg\" alt=\"\" class=\"wp-image-5599\" srcset=\"https:\/\/reconciliation.gouv.ci\/mrcn\/wp-content\/uploads\/2022\/03\/Siege-des-Centrales-Syndicales-15-1024x682.jpeg 1024w, https:\/\/reconciliation.gouv.ci\/mrcn\/wp-content\/uploads\/2022\/03\/Siege-des-Centrales-Syndicales-15-300x200.jpeg 300w, https:\/\/reconciliation.gouv.ci\/mrcn\/wp-content\/uploads\/2022\/03\/Siege-des-Centrales-Syndicales-15-768x512.jpeg 768w, https:\/\/reconciliation.gouv.ci\/mrcn\/wp-content\/uploads\/2022\/03\/Siege-des-Centrales-Syndicales-15.jpeg 1280w\" sizes=\"auto, (max-width: 1024px) 100vw, 1024px\" \/><\/figure>\n<\/div>\n<\/div>\n\n\n\n<div class=\"wp-block-columns is-layout-flex wp-container-core-columns-is-layout-9d6595d7 wp-block-columns-is-layout-flex\">\n<div class=\"wp-block-column is-layout-flow wp-block-column-is-layout-flow\" style=\"flex-basis:25%\">\n<figure class=\"wp-block-image size-large\"><img loading=\"lazy\" decoding=\"async\" width=\"1024\" height=\"682\" src=\"https:\/\/reconciliation.gouv.ci\/mrcn\/wp-content\/uploads\/2022\/03\/Siege-des-Centrales-Syndicales-24-1024x682.jpeg\" alt=\"\" class=\"wp-image-5608\" srcset=\"https:\/\/reconciliation.gouv.ci\/mrcn\/wp-content\/uploads\/2022\/03\/Siege-des-Centrales-Syndicales-24-1024x682.jpeg 1024w, https:\/\/reconciliation.gouv.ci\/mrcn\/wp-content\/uploads\/2022\/03\/Siege-des-Centrales-Syndicales-24-300x200.jpeg 300w, https:\/\/reconciliation.gouv.ci\/mrcn\/wp-content\/uploads\/2022\/03\/Siege-des-Centrales-Syndicales-24-768x512.jpeg 768w, https:\/\/reconciliation.gouv.ci\/mrcn\/wp-content\/uploads\/2022\/03\/Siege-des-Centrales-Syndicales-24.jpeg 1280w\" sizes=\"auto, (max-width: 1024px) 100vw, 1024px\" \/><\/figure>\n\n\n\n<figure class=\"wp-block-image size-large\"><img loading=\"lazy\" decoding=\"async\" width=\"1024\" height=\"682\" src=\"https:\/\/reconciliation.gouv.ci\/mrcn\/wp-content\/uploads\/2022\/03\/Siege-des-Centrales-Syndicales-17-1024x682.jpeg\" alt=\"\" class=\"wp-image-5601\" srcset=\"https:\/\/reconciliation.gouv.ci\/mrcn\/wp-content\/uploads\/2022\/03\/Siege-des-Centrales-Syndicales-17-1024x682.jpeg 1024w, https:\/\/reconciliation.gouv.ci\/mrcn\/wp-content\/uploads\/2022\/03\/Siege-des-Centrales-Syndicales-17-300x200.jpeg 300w, https:\/\/reconciliation.gouv.ci\/mrcn\/wp-content\/uploads\/2022\/03\/Siege-des-Centrales-Syndicales-17-768x512.jpeg 768w, https:\/\/reconciliation.gouv.ci\/mrcn\/wp-content\/uploads\/2022\/03\/Siege-des-Centrales-Syndicales-17.jpeg 1280w\" sizes=\"auto, (max-width: 1024px) 100vw, 1024px\" \/><\/figure>\n<\/div>\n\n\n\n<div class=\"wp-block-column is-layout-flow wp-block-column-is-layout-flow\" style=\"flex-basis:50%\">\n<figure class=\"wp-block-image size-large\"><img loading=\"lazy\" decoding=\"async\" width=\"1024\" height=\"683\" src=\"https:\/\/reconciliation.gouv.ci\/mrcn\/wp-content\/uploads\/2022\/03\/Siege-des-Centrales-Syndicales-23-1024x683.jpeg\" alt=\"\" class=\"wp-image-5607\" srcset=\"https:\/\/reconciliation.gouv.ci\/mrcn\/wp-content\/uploads\/2022\/03\/Siege-des-Centrales-Syndicales-23-1024x683.jpeg 1024w, https:\/\/reconciliation.gouv.ci\/mrcn\/wp-content\/uploads\/2022\/03\/Siege-des-Centrales-Syndicales-23-300x200.jpeg 300w, https:\/\/reconciliation.gouv.ci\/mrcn\/wp-content\/uploads\/2022\/03\/Siege-des-Centrales-Syndicales-23-768x512.jpeg 768w, https:\/\/reconciliation.gouv.ci\/mrcn\/wp-content\/uploads\/2022\/03\/Siege-des-Centrales-Syndicales-23.jpeg 1080w\" sizes=\"auto, (max-width: 1024px) 100vw, 1024px\" \/><\/figure>\n<\/div>\n\n\n\n<div class=\"wp-block-column is-layout-flow wp-block-column-is-layout-flow\" style=\"flex-basis:25%\">\n<figure class=\"wp-block-image size-large\"><img loading=\"lazy\" decoding=\"async\" width=\"1024\" height=\"682\" src=\"https:\/\/reconciliation.gouv.ci\/mrcn\/wp-content\/uploads\/2022\/03\/Siege-des-Centrales-Syndicales-19-1024x682.jpeg\" alt=\"\" class=\"wp-image-5603\" srcset=\"https:\/\/reconciliation.gouv.ci\/mrcn\/wp-content\/uploads\/2022\/03\/Siege-des-Centrales-Syndicales-19-1024x682.jpeg 1024w, https:\/\/reconciliation.gouv.ci\/mrcn\/wp-content\/uploads\/2022\/03\/Siege-des-Centrales-Syndicales-19-300x200.jpeg 300w, https:\/\/reconciliation.gouv.ci\/mrcn\/wp-content\/uploads\/2022\/03\/Siege-des-Centrales-Syndicales-19-768x512.jpeg 768w, https:\/\/reconciliation.gouv.ci\/mrcn\/wp-content\/uploads\/2022\/03\/Siege-des-Centrales-Syndicales-19.jpeg 1280w\" sizes=\"auto, (max-width: 1024px) 100vw, 1024px\" \/><\/figure>\n\n\n\n<figure class=\"wp-block-image size-large\"><img loading=\"lazy\" decoding=\"async\" width=\"1024\" height=\"683\" src=\"https:\/\/reconciliation.gouv.ci\/mrcn\/wp-content\/uploads\/2022\/03\/Siege-des-Centrales-Syndicales-11-1024x683.jpeg\" alt=\"\" class=\"wp-image-5595\" srcset=\"https:\/\/reconciliation.gouv.ci\/mrcn\/wp-content\/uploads\/2022\/03\/Siege-des-Centrales-Syndicales-11-1024x683.jpeg 1024w, https:\/\/reconciliation.gouv.ci\/mrcn\/wp-content\/uploads\/2022\/03\/Siege-des-Centrales-Syndicales-11-300x200.jpeg 300w, https:\/\/reconciliation.gouv.ci\/mrcn\/wp-content\/uploads\/2022\/03\/Siege-des-Centrales-Syndicales-11-768x512.jpeg 768w, https:\/\/reconciliation.gouv.ci\/mrcn\/wp-content\/uploads\/2022\/03\/Siege-des-Centrales-Syndicales-11.jpeg 1080w\" sizes=\"auto, (max-width: 1024px) 100vw, 1024px\" \/><\/figure>\n<\/div>\n<\/div>\n","protected":false},"excerpt":{"rendered":"<div class=\"pvc_clear\"><\/div>\n<p class=\"pvc_stats total_only \" data-element-id=\"5613\" style=\"\"><i class=\"pvc-stats-icon medium\" aria-hidden=\"true\"><svg aria-hidden=\"true\" focusable=\"false\" data-prefix=\"far\" data-icon=\"chart-bar\" role=\"img\" xmlns=\"http:\/\/www.w3.org\/2000\/svg\" viewBox=\"0 0 512 512\" class=\"svg-inline--fa fa-chart-bar fa-w-16 fa-2x\"><path fill=\"currentColor\" d=\"M396.8 352h22.4c6.4 0 12.8-6.4 12.8-12.8V108.8c0-6.4-6.4-12.8-12.8-12.8h-22.4c-6.4 0-12.8 6.4-12.8 12.8v230.4c0 6.4 6.4 12.8 12.8 12.8zm-192 0h22.4c6.4 0 12.8-6.4 12.8-12.8V140.8c0-6.4-6.4-12.8-12.8-12.8h-22.4c-6.4 0-12.8 6.4-12.8 12.8v198.4c0 6.4 6.4 12.8 12.8 12.8zm96 0h22.4c6.4 0 12.8-6.4 12.8-12.8V204.8c0-6.4-6.4-12.8-12.8-12.8h-22.4c-6.4 0-12.8 6.4-12.8 12.8v134.4c0 6.4 6.4 12.8 12.8 12.8zM496 400H48V80c0-8.84-7.16-16-16-16H16C7.16 64 0 71.16 0 80v336c0 17.67 14.33 32 32 32h464c8.84 0 16-7.16 16-16v-16c0-8.84-7.16-16-16-16zm-387.2-48h22.4c6.4 0 12.8-6.4 12.8-12.8v-70.4c0-6.4-6.4-12.8-12.8-12.8h-22.4c-6.4 0-12.8 6.4-12.8 12.8v70.4c0 6.4 6.4 12.8 12.8 12.8z\" class=\"\"><\/path><\/svg><\/i> &nbsp;1,606&nbsp;vues<\/p>\n<div class=\"pvc_clear\"><\/div>\n<p>&nbsp;1,606&nbsp;vues Journ\u00e9e mouvement\u00e9e pour le ministre KOUADIO Konan Bertin dit KKB, ce mardi 21 mars 2021. &nbsp;&nbsp;Le ministre de la R\u00e9conciliation et de la coh\u00e9sion nationale s\u2019est rendu aux si\u00e8ges des centrales syndicales \u2018\u2019Humanisme\u2019\u2019 et \u2018\u2019Dignit\u00e9\u2019\u2019 respectivement \u00e0 Adjam\u00e9 220 Logements et \u00e0 Yopougon. Au cours de<\/p>\n","protected":false},"author":1,"featured_media":5604,"comment_status":"closed","ping_status":"open","sticky":false,"template":"","format":"standard","meta":{"footnotes":""},"categories":[39],"tags":[],"class_list":["post-5613","post","type-post","status-publish","format-standard","has-post-thumbnail","hentry","category-activites-ministere-slider"],"_links":{"self":[{"href":"https:\/\/reconciliation.gouv.ci\/mrcn\/index.php?rest_route=\/wp\/v2\/posts\/5613","targetHints":{"allow":["GET"]}}],"collection":[{"href":"https:\/\/reconciliation.gouv.ci\/mrcn\/index.php?rest_route=\/wp\/v2\/posts"}],"about":[{"href":"https:\/\/reconciliation.gouv.ci\/mrcn\/index.php?rest_route=\/wp\/v2\/types\/post"}],"author":[{"embeddable":true,"href":"https:\/\/reconciliation.gouv.ci\/mrcn\/index.php?rest_route=\/wp\/v2\/users\/1"}],"replies":[{"embeddable":true,"href":"https:\/\/reconciliation.gouv.ci\/mrcn\/index.php?rest_route=%2Fwp%2Fv2%2Fcomments&post=5613"}],"version-history":[{"count":1,"href":"https:\/\/reconciliation.gouv.ci\/mrcn\/index.php?rest_route=\/wp\/v2\/posts\/5613\/revisions"}],"predecessor-version":[{"id":5614,"href":"https:\/\/reconciliation.gouv.ci\/mrcn\/index.php?rest_route=\/wp\/v2\/posts\/5613\/revisions\/5614"}],"wp:featuredmedia":[{"embeddable":true,"href":"https:\/\/reconciliation.gouv.ci\/mrcn\/index.php?rest_route=\/wp\/v2\/media\/5604"}],"wp:attachment":[{"href":"https:\/\/reconciliation.gouv.ci\/mrcn\/index.php?rest_route=%2Fwp%2Fv2%2Fmedia&parent=5613"}],"wp:term":[{"taxonomy":"category","embeddable":true,"href":"https:\/\/reconciliation.gouv.ci\/mrcn\/index.php?rest_route=%2Fwp%2Fv2%2Fcategories&post=5613"},{"taxonomy":"post_tag","embeddable":true,"href":"https:\/\/reconciliation.gouv.ci\/mrcn\/index.php?rest_route=%2Fwp%2Fv2%2Ftags&post=5613"}],"curies":[{"name":"wp","href":"https:\/\/api.w.org\/{rel}","templated":true}]}}