{"id":5554,"date":"2022-03-18T22:33:39","date_gmt":"2022-03-18T21:33:39","guid":{"rendered":"https:\/\/reconciliation.gouv.ci\/mrcn\/?p=5554"},"modified":"2022-03-18T22:33:40","modified_gmt":"2022-03-18T21:33:40","slug":"ministere-de-la-reconciliation-et-de-la-cohesion-nationale-le-ministre-a-bassam-pour-louverture-dun-atelier-de-reflexion-strategique","status":"publish","type":"post","link":"https:\/\/reconciliation.gouv.ci\/mrcn\/?p=5554","title":{"rendered":"Minist\u00e8re de la r\u00e9conciliation et de la coh\u00e9sion nationale\u00a0: Le ministre \u00e0 Bassam pour l\u2019ouverture d\u2019un atelier de r\u00e9flexion strat\u00e9gique."},"content":{"rendered":"<div class=\"pvc_clear\"><\/div><p class=\"pvc_stats total_only \" data-element-id=\"5554\" style=\"\"><i class=\"pvc-stats-icon medium\" aria-hidden=\"true\"><svg aria-hidden=\"true\" focusable=\"false\" data-prefix=\"far\" data-icon=\"chart-bar\" role=\"img\" xmlns=\"http:\/\/www.w3.org\/2000\/svg\" viewBox=\"0 0 512 512\" class=\"svg-inline--fa fa-chart-bar fa-w-16 fa-2x\"><path fill=\"currentColor\" d=\"M396.8 352h22.4c6.4 0 12.8-6.4 12.8-12.8V108.8c0-6.4-6.4-12.8-12.8-12.8h-22.4c-6.4 0-12.8 6.4-12.8 12.8v230.4c0 6.4 6.4 12.8 12.8 12.8zm-192 0h22.4c6.4 0 12.8-6.4 12.8-12.8V140.8c0-6.4-6.4-12.8-12.8-12.8h-22.4c-6.4 0-12.8 6.4-12.8 12.8v198.4c0 6.4 6.4 12.8 12.8 12.8zm96 0h22.4c6.4 0 12.8-6.4 12.8-12.8V204.8c0-6.4-6.4-12.8-12.8-12.8h-22.4c-6.4 0-12.8 6.4-12.8 12.8v134.4c0 6.4 6.4 12.8 12.8 12.8zM496 400H48V80c0-8.84-7.16-16-16-16H16C7.16 64 0 71.16 0 80v336c0 17.67 14.33 32 32 32h464c8.84 0 16-7.16 16-16v-16c0-8.84-7.16-16-16-16zm-387.2-48h22.4c6.4 0 12.8-6.4 12.8-12.8v-70.4c0-6.4-6.4-12.8-12.8-12.8h-22.4c-6.4 0-12.8 6.4-12.8 12.8v70.4c0 6.4 6.4 12.8 12.8 12.8z\" class=\"\"><\/path><\/svg><\/i> &nbsp;1,486&nbsp;vues<\/p><div class=\"pvc_clear\"><\/div>\n<figure class=\"wp-block-image size-full\"><img loading=\"lazy\" decoding=\"async\" width=\"984\" height=\"656\" src=\"https:\/\/reconciliation.gouv.ci\/mrcn\/wp-content\/uploads\/2022\/03\/ATELIER-GRAND-BASSAM-1.jpg\" alt=\"\" class=\"wp-image-5555\" srcset=\"https:\/\/reconciliation.gouv.ci\/mrcn\/wp-content\/uploads\/2022\/03\/ATELIER-GRAND-BASSAM-1.jpg 984w, https:\/\/reconciliation.gouv.ci\/mrcn\/wp-content\/uploads\/2022\/03\/ATELIER-GRAND-BASSAM-1-300x200.jpg 300w, https:\/\/reconciliation.gouv.ci\/mrcn\/wp-content\/uploads\/2022\/03\/ATELIER-GRAND-BASSAM-1-768x512.jpg 768w\" sizes=\"auto, (max-width: 984px) 100vw, 984px\" \/><\/figure>\n\n\n\n<p>Minist\u00e8re de la r\u00e9conciliation et de la coh\u00e9sion nationale&nbsp;: Le ministre \u00e0 Bassam pour l\u2019ouverture d\u2019un atelier de r\u00e9flexion strat\u00e9gique.<\/p>\n\n\n\n<p>Ce mercredi 16 mars, le ministre KOUADIO Konan Bertin est \u00e0 Bassam pour la C\u00e9r\u00e9monie d\u2019ouverture de l\u2019atelier de r\u00e9flexion strat\u00e9gique dont le th\u00e8me est centr\u00e9 sur le dialogue intercommunautaire, outil de renforcement de la r\u00e9conciliation, de la coh\u00e9sion nationale et de la paix.<\/p>\n\n\n\n<p>En collaboration avec le centre pour le dialogue humanitaire, cette journ\u00e9e qui se poursuivra jusqu\u2019au vendredi 18 mars prochain a r\u00e9uni d\u2019une part les proches collaborateurs du ministre de la r\u00e9conciliation et de la coh\u00e9sion nationale, d\u2019autre part les membres du centre pour le dialogue humanitaires venus de la Suisse pour prendre part \u00e0 l\u2019atelier.<\/p>\n\n\n\n<p>L\u2019objectif de ce s\u00e9minaire est d\u2019\u00e9tablir les axes d\u2019actions prioritaires pour le succ\u00e8s du dialogue intercommunautaire. Il s\u2019agira d\u2019identifier les principaux d\u00e9fis li\u00e9s \u00e0 la paix, \u00e0 la r\u00e9conciliation et \u00e0 la coh\u00e9sion nationale en c\u00f4te d\u2019ivoire.<\/p>\n\n\n\n<p>Une des pr\u00e9occupations majeures des travaux demeure les enjeux s\u00e9curitaires de la sous-r\u00e9gion.<\/p>\n\n\n\n<div class=\"wp-block-columns is-layout-flex wp-container-core-columns-is-layout-9d6595d7 wp-block-columns-is-layout-flex\">\n<div class=\"wp-block-column is-layout-flow wp-block-column-is-layout-flow\">\n<figure class=\"wp-block-image size-full\"><img loading=\"lazy\" decoding=\"async\" width=\"984\" height=\"656\" src=\"https:\/\/reconciliation.gouv.ci\/mrcn\/wp-content\/uploads\/2022\/03\/ATELIER-GRAND-BASSAM-6.jpg\" alt=\"\" class=\"wp-image-5560\" srcset=\"https:\/\/reconciliation.gouv.ci\/mrcn\/wp-content\/uploads\/2022\/03\/ATELIER-GRAND-BASSAM-6.jpg 984w, https:\/\/reconciliation.gouv.ci\/mrcn\/wp-content\/uploads\/2022\/03\/ATELIER-GRAND-BASSAM-6-300x200.jpg 300w, https:\/\/reconciliation.gouv.ci\/mrcn\/wp-content\/uploads\/2022\/03\/ATELIER-GRAND-BASSAM-6-768x512.jpg 768w\" sizes=\"auto, (max-width: 984px) 100vw, 984px\" \/><\/figure>\n<\/div>\n\n\n\n<div class=\"wp-block-column is-layout-flow wp-block-column-is-layout-flow\">\n<figure class=\"wp-block-image size-full\"><img loading=\"lazy\" decoding=\"async\" width=\"984\" height=\"656\" src=\"https:\/\/reconciliation.gouv.ci\/mrcn\/wp-content\/uploads\/2022\/03\/ATELIER-GRAND-BASSAM-10.jpg\" alt=\"\" class=\"wp-image-5564\" srcset=\"https:\/\/reconciliation.gouv.ci\/mrcn\/wp-content\/uploads\/2022\/03\/ATELIER-GRAND-BASSAM-10.jpg 984w, https:\/\/reconciliation.gouv.ci\/mrcn\/wp-content\/uploads\/2022\/03\/ATELIER-GRAND-BASSAM-10-300x200.jpg 300w, https:\/\/reconciliation.gouv.ci\/mrcn\/wp-content\/uploads\/2022\/03\/ATELIER-GRAND-BASSAM-10-768x512.jpg 768w\" sizes=\"auto, (max-width: 984px) 100vw, 984px\" \/><\/figure>\n<\/div>\n\n\n\n<div class=\"wp-block-column is-layout-flow wp-block-column-is-layout-flow\">\n<figure class=\"wp-block-image size-large\"><img loading=\"lazy\" decoding=\"async\" width=\"1024\" height=\"682\" src=\"https:\/\/reconciliation.gouv.ci\/mrcn\/wp-content\/uploads\/2022\/03\/ATELIER-GRAND-BASSAM-14-1024x682.jpg\" alt=\"\" class=\"wp-image-5568\" srcset=\"https:\/\/reconciliation.gouv.ci\/mrcn\/wp-content\/uploads\/2022\/03\/ATELIER-GRAND-BASSAM-14-1024x682.jpg 1024w, https:\/\/reconciliation.gouv.ci\/mrcn\/wp-content\/uploads\/2022\/03\/ATELIER-GRAND-BASSAM-14-300x200.jpg 300w, https:\/\/reconciliation.gouv.ci\/mrcn\/wp-content\/uploads\/2022\/03\/ATELIER-GRAND-BASSAM-14-768x512.jpg 768w, https:\/\/reconciliation.gouv.ci\/mrcn\/wp-content\/uploads\/2022\/03\/ATELIER-GRAND-BASSAM-14.jpg 1280w\" sizes=\"auto, (max-width: 1024px) 100vw, 1024px\" \/><\/figure>\n<\/div>\n<\/div>\n\n\n\n<div class=\"wp-block-columns is-layout-flex wp-container-core-columns-is-layout-9d6595d7 wp-block-columns-is-layout-flex\">\n<div class=\"wp-block-column is-layout-flow wp-block-column-is-layout-flow\">\n<figure class=\"wp-block-image size-full\"><img loading=\"lazy\" decoding=\"async\" width=\"984\" height=\"656\" src=\"https:\/\/reconciliation.gouv.ci\/mrcn\/wp-content\/uploads\/2022\/03\/ATELIER-GRAND-BASSAM-4.jpg\" alt=\"\" class=\"wp-image-5558\" srcset=\"https:\/\/reconciliation.gouv.ci\/mrcn\/wp-content\/uploads\/2022\/03\/ATELIER-GRAND-BASSAM-4.jpg 984w, https:\/\/reconciliation.gouv.ci\/mrcn\/wp-content\/uploads\/2022\/03\/ATELIER-GRAND-BASSAM-4-300x200.jpg 300w, https:\/\/reconciliation.gouv.ci\/mrcn\/wp-content\/uploads\/2022\/03\/ATELIER-GRAND-BASSAM-4-768x512.jpg 768w\" sizes=\"auto, (max-width: 984px) 100vw, 984px\" \/><\/figure>\n<\/div>\n\n\n\n<div class=\"wp-block-column is-layout-flow wp-block-column-is-layout-flow\">\n<figure class=\"wp-block-image size-full\"><img loading=\"lazy\" decoding=\"async\" width=\"984\" height=\"656\" src=\"https:\/\/reconciliation.gouv.ci\/mrcn\/wp-content\/uploads\/2022\/03\/ATELIER-GRAND-BASSAM-8.jpg\" alt=\"\" class=\"wp-image-5562\" srcset=\"https:\/\/reconciliation.gouv.ci\/mrcn\/wp-content\/uploads\/2022\/03\/ATELIER-GRAND-BASSAM-8.jpg 984w, https:\/\/reconciliation.gouv.ci\/mrcn\/wp-content\/uploads\/2022\/03\/ATELIER-GRAND-BASSAM-8-300x200.jpg 300w, https:\/\/reconciliation.gouv.ci\/mrcn\/wp-content\/uploads\/2022\/03\/ATELIER-GRAND-BASSAM-8-768x512.jpg 768w\" sizes=\"auto, (max-width: 984px) 100vw, 984px\" \/><\/figure>\n<\/div>\n\n\n\n<div class=\"wp-block-column is-layout-flow wp-block-column-is-layout-flow\">\n<figure class=\"wp-block-image size-large\"><img loading=\"lazy\" decoding=\"async\" width=\"1024\" height=\"682\" src=\"https:\/\/reconciliation.gouv.ci\/mrcn\/wp-content\/uploads\/2022\/03\/ATELIER-GRAND-BASSAM-3-1024x682.jpg\" alt=\"\" class=\"wp-image-5557\" srcset=\"https:\/\/reconciliation.gouv.ci\/mrcn\/wp-content\/uploads\/2022\/03\/ATELIER-GRAND-BASSAM-3-1024x682.jpg 1024w, https:\/\/reconciliation.gouv.ci\/mrcn\/wp-content\/uploads\/2022\/03\/ATELIER-GRAND-BASSAM-3-300x200.jpg 300w, https:\/\/reconciliation.gouv.ci\/mrcn\/wp-content\/uploads\/2022\/03\/ATELIER-GRAND-BASSAM-3-768x512.jpg 768w, https:\/\/reconciliation.gouv.ci\/mrcn\/wp-content\/uploads\/2022\/03\/ATELIER-GRAND-BASSAM-3.jpg 1280w\" sizes=\"auto, (max-width: 1024px) 100vw, 1024px\" \/><\/figure>\n<\/div>\n<\/div>\n\n\n\n<div class=\"wp-block-columns is-layout-flex wp-container-core-columns-is-layout-9d6595d7 wp-block-columns-is-layout-flex\">\n<div class=\"wp-block-column is-layout-flow wp-block-column-is-layout-flow\">\n<figure class=\"wp-block-image size-large\"><img loading=\"lazy\" decoding=\"async\" width=\"1024\" height=\"682\" src=\"https:\/\/reconciliation.gouv.ci\/mrcn\/wp-content\/uploads\/2022\/03\/ATELIER-GRAND-BASSAM-11-1024x682.jpg\" alt=\"\" class=\"wp-image-5565\" srcset=\"https:\/\/reconciliation.gouv.ci\/mrcn\/wp-content\/uploads\/2022\/03\/ATELIER-GRAND-BASSAM-11-1024x682.jpg 1024w, https:\/\/reconciliation.gouv.ci\/mrcn\/wp-content\/uploads\/2022\/03\/ATELIER-GRAND-BASSAM-11-300x200.jpg 300w, https:\/\/reconciliation.gouv.ci\/mrcn\/wp-content\/uploads\/2022\/03\/ATELIER-GRAND-BASSAM-11-768x512.jpg 768w, https:\/\/reconciliation.gouv.ci\/mrcn\/wp-content\/uploads\/2022\/03\/ATELIER-GRAND-BASSAM-11.jpg 1280w\" sizes=\"auto, (max-width: 1024px) 100vw, 1024px\" \/><\/figure>\n<\/div>\n\n\n\n<div class=\"wp-block-column is-layout-flow wp-block-column-is-layout-flow\">\n<figure class=\"wp-block-image size-large\"><img loading=\"lazy\" decoding=\"async\" width=\"1024\" height=\"682\" src=\"https:\/\/reconciliation.gouv.ci\/mrcn\/wp-content\/uploads\/2022\/03\/ATELIER-GRAND-BASSAM-9-1024x682.jpg\" alt=\"\" class=\"wp-image-5563\" srcset=\"https:\/\/reconciliation.gouv.ci\/mrcn\/wp-content\/uploads\/2022\/03\/ATELIER-GRAND-BASSAM-9-1024x682.jpg 1024w, https:\/\/reconciliation.gouv.ci\/mrcn\/wp-content\/uploads\/2022\/03\/ATELIER-GRAND-BASSAM-9-300x200.jpg 300w, https:\/\/reconciliation.gouv.ci\/mrcn\/wp-content\/uploads\/2022\/03\/ATELIER-GRAND-BASSAM-9-768x512.jpg 768w, https:\/\/reconciliation.gouv.ci\/mrcn\/wp-content\/uploads\/2022\/03\/ATELIER-GRAND-BASSAM-9.jpg 1280w\" sizes=\"auto, (max-width: 1024px) 100vw, 1024px\" \/><\/figure>\n<\/div>\n\n\n\n<div class=\"wp-block-column is-layout-flow wp-block-column-is-layout-flow\">\n<figure class=\"wp-block-image size-large\"><img loading=\"lazy\" decoding=\"async\" width=\"1024\" height=\"682\" src=\"https:\/\/reconciliation.gouv.ci\/mrcn\/wp-content\/uploads\/2022\/03\/ATELIER-GRAND-BASSAM-7-1024x682.jpg\" alt=\"\" class=\"wp-image-5561\" srcset=\"https:\/\/reconciliation.gouv.ci\/mrcn\/wp-content\/uploads\/2022\/03\/ATELIER-GRAND-BASSAM-7-1024x682.jpg 1024w, https:\/\/reconciliation.gouv.ci\/mrcn\/wp-content\/uploads\/2022\/03\/ATELIER-GRAND-BASSAM-7-300x200.jpg 300w, https:\/\/reconciliation.gouv.ci\/mrcn\/wp-content\/uploads\/2022\/03\/ATELIER-GRAND-BASSAM-7-768x512.jpg 768w, https:\/\/reconciliation.gouv.ci\/mrcn\/wp-content\/uploads\/2022\/03\/ATELIER-GRAND-BASSAM-7.jpg 1280w\" sizes=\"auto, (max-width: 1024px) 100vw, 1024px\" \/><\/figure>\n<\/div>\n<\/div>\n","protected":false},"excerpt":{"rendered":"<div class=\"pvc_clear\"><\/div>\n<p class=\"pvc_stats total_only \" data-element-id=\"5554\" style=\"\"><i class=\"pvc-stats-icon medium\" aria-hidden=\"true\"><svg aria-hidden=\"true\" focusable=\"false\" data-prefix=\"far\" data-icon=\"chart-bar\" role=\"img\" xmlns=\"http:\/\/www.w3.org\/2000\/svg\" viewBox=\"0 0 512 512\" class=\"svg-inline--fa fa-chart-bar fa-w-16 fa-2x\"><path fill=\"currentColor\" d=\"M396.8 352h22.4c6.4 0 12.8-6.4 12.8-12.8V108.8c0-6.4-6.4-12.8-12.8-12.8h-22.4c-6.4 0-12.8 6.4-12.8 12.8v230.4c0 6.4 6.4 12.8 12.8 12.8zm-192 0h22.4c6.4 0 12.8-6.4 12.8-12.8V140.8c0-6.4-6.4-12.8-12.8-12.8h-22.4c-6.4 0-12.8 6.4-12.8 12.8v198.4c0 6.4 6.4 12.8 12.8 12.8zm96 0h22.4c6.4 0 12.8-6.4 12.8-12.8V204.8c0-6.4-6.4-12.8-12.8-12.8h-22.4c-6.4 0-12.8 6.4-12.8 12.8v134.4c0 6.4 6.4 12.8 12.8 12.8zM496 400H48V80c0-8.84-7.16-16-16-16H16C7.16 64 0 71.16 0 80v336c0 17.67 14.33 32 32 32h464c8.84 0 16-7.16 16-16v-16c0-8.84-7.16-16-16-16zm-387.2-48h22.4c6.4 0 12.8-6.4 12.8-12.8v-70.4c0-6.4-6.4-12.8-12.8-12.8h-22.4c-6.4 0-12.8 6.4-12.8 12.8v70.4c0 6.4 6.4 12.8 12.8 12.8z\" class=\"\"><\/path><\/svg><\/i> &nbsp;1,486&nbsp;vues<\/p>\n<div class=\"pvc_clear\"><\/div>\n<p>&nbsp;1,486&nbsp;vues Minist\u00e8re de la r\u00e9conciliation et de la coh\u00e9sion nationale&nbsp;: Le ministre \u00e0 Bassam pour l\u2019ouverture d\u2019un atelier de r\u00e9flexion strat\u00e9gique. Ce mercredi 16 mars, le ministre KOUADIO Konan Bertin est \u00e0 Bassam pour la C\u00e9r\u00e9monie d\u2019ouverture de l\u2019atelier de r\u00e9flexion strat\u00e9gique dont le th\u00e8me est centr\u00e9<\/p>\n","protected":false},"author":1,"featured_media":5555,"comment_status":"closed","ping_status":"open","sticky":false,"template":"","format":"standard","meta":{"footnotes":""},"categories":[39],"tags":[],"class_list":["post-5554","post","type-post","status-publish","format-standard","has-post-thumbnail","hentry","category-activites-ministere-slider"],"_links":{"self":[{"href":"https:\/\/reconciliation.gouv.ci\/mrcn\/index.php?rest_route=\/wp\/v2\/posts\/5554","targetHints":{"allow":["GET"]}}],"collection":[{"href":"https:\/\/reconciliation.gouv.ci\/mrcn\/index.php?rest_route=\/wp\/v2\/posts"}],"about":[{"href":"https:\/\/reconciliation.gouv.ci\/mrcn\/index.php?rest_route=\/wp\/v2\/types\/post"}],"author":[{"embeddable":true,"href":"https:\/\/reconciliation.gouv.ci\/mrcn\/index.php?rest_route=\/wp\/v2\/users\/1"}],"replies":[{"embeddable":true,"href":"https:\/\/reconciliation.gouv.ci\/mrcn\/index.php?rest_route=%2Fwp%2Fv2%2Fcomments&post=5554"}],"version-history":[{"count":1,"href":"https:\/\/reconciliation.gouv.ci\/mrcn\/index.php?rest_route=\/wp\/v2\/posts\/5554\/revisions"}],"predecessor-version":[{"id":5569,"href":"https:\/\/reconciliation.gouv.ci\/mrcn\/index.php?rest_route=\/wp\/v2\/posts\/5554\/revisions\/5569"}],"wp:featuredmedia":[{"embeddable":true,"href":"https:\/\/reconciliation.gouv.ci\/mrcn\/index.php?rest_route=\/wp\/v2\/media\/5555"}],"wp:attachment":[{"href":"https:\/\/reconciliation.gouv.ci\/mrcn\/index.php?rest_route=%2Fwp%2Fv2%2Fmedia&parent=5554"}],"wp:term":[{"taxonomy":"category","embeddable":true,"href":"https:\/\/reconciliation.gouv.ci\/mrcn\/index.php?rest_route=%2Fwp%2Fv2%2Fcategories&post=5554"},{"taxonomy":"post_tag","embeddable":true,"href":"https:\/\/reconciliation.gouv.ci\/mrcn\/index.php?rest_route=%2Fwp%2Fv2%2Ftags&post=5554"}],"curies":[{"name":"wp","href":"https:\/\/api.w.org\/{rel}","templated":true}]}}