{"id":5521,"date":"2022-03-18T21:43:13","date_gmt":"2022-03-18T20:43:13","guid":{"rendered":"https:\/\/reconciliation.gouv.ci\/mrcn\/?p=5521"},"modified":"2022-03-18T21:43:14","modified_gmt":"2022-03-18T20:43:14","slug":"en-prelude-a-latelier-de-grand-bassam-le-ministre-de-la-reconciliation-et-de-cohesion-nationale-recoit-une-delegation-du-centre-suisse","status":"publish","type":"post","link":"https:\/\/reconciliation.gouv.ci\/mrcn\/?p=5521","title":{"rendered":"En pr\u00e9lude \u00e0 l\u2019atelier de Grand-Bassam, le Ministre de la R\u00e9conciliation et de Coh\u00e9sion nationale re\u00e7oit une d\u00e9l\u00e9gation du Centre Suisse."},"content":{"rendered":"<div class=\"pvc_clear\"><\/div><p class=\"pvc_stats total_only \" data-element-id=\"5521\" style=\"\"><i class=\"pvc-stats-icon medium\" aria-hidden=\"true\"><svg aria-hidden=\"true\" focusable=\"false\" data-prefix=\"far\" data-icon=\"chart-bar\" role=\"img\" xmlns=\"http:\/\/www.w3.org\/2000\/svg\" viewBox=\"0 0 512 512\" class=\"svg-inline--fa fa-chart-bar fa-w-16 fa-2x\"><path fill=\"currentColor\" d=\"M396.8 352h22.4c6.4 0 12.8-6.4 12.8-12.8V108.8c0-6.4-6.4-12.8-12.8-12.8h-22.4c-6.4 0-12.8 6.4-12.8 12.8v230.4c0 6.4 6.4 12.8 12.8 12.8zm-192 0h22.4c6.4 0 12.8-6.4 12.8-12.8V140.8c0-6.4-6.4-12.8-12.8-12.8h-22.4c-6.4 0-12.8 6.4-12.8 12.8v198.4c0 6.4 6.4 12.8 12.8 12.8zm96 0h22.4c6.4 0 12.8-6.4 12.8-12.8V204.8c0-6.4-6.4-12.8-12.8-12.8h-22.4c-6.4 0-12.8 6.4-12.8 12.8v134.4c0 6.4 6.4 12.8 12.8 12.8zM496 400H48V80c0-8.84-7.16-16-16-16H16C7.16 64 0 71.16 0 80v336c0 17.67 14.33 32 32 32h464c8.84 0 16-7.16 16-16v-16c0-8.84-7.16-16-16-16zm-387.2-48h22.4c6.4 0 12.8-6.4 12.8-12.8v-70.4c0-6.4-6.4-12.8-12.8-12.8h-22.4c-6.4 0-12.8 6.4-12.8 12.8v70.4c0 6.4 6.4 12.8 12.8 12.8z\" class=\"\"><\/path><\/svg><\/i> &nbsp;1,178&nbsp;vues<\/p><div class=\"pvc_clear\"><\/div>\n<figure class=\"wp-block-image size-full\"><img loading=\"lazy\" decoding=\"async\" width=\"984\" height=\"656\" src=\"https:\/\/reconciliation.gouv.ci\/mrcn\/wp-content\/uploads\/2022\/03\/DELEGATION-CENTRE-SUISSE-1.jpg\" alt=\"\" class=\"wp-image-5522\" srcset=\"https:\/\/reconciliation.gouv.ci\/mrcn\/wp-content\/uploads\/2022\/03\/DELEGATION-CENTRE-SUISSE-1.jpg 984w, https:\/\/reconciliation.gouv.ci\/mrcn\/wp-content\/uploads\/2022\/03\/DELEGATION-CENTRE-SUISSE-1-300x200.jpg 300w, https:\/\/reconciliation.gouv.ci\/mrcn\/wp-content\/uploads\/2022\/03\/DELEGATION-CENTRE-SUISSE-1-768x512.jpg 768w\" sizes=\"auto, (max-width: 984px) 100vw, 984px\" \/><\/figure>\n\n\n\n<p>Le lundi 14 mars 2022, le Ministre KOUADIO Konan Bertin a re\u00e7u \u00e0 son cabinet une d\u00e9l\u00e9gation du Centre suisse pour le dialogue humanitaire (HD) conduite par son directeur Afrique francophone, M. Alexandre Liebesking.<\/p>\n\n\n\n<p>Cette fructueuse s\u00e9ance de travail qui a meubl\u00e9 la visite de cette organisation de diplomatie priv\u00e9e, a permis de d\u00e9finir un cadre de collaboration avec le Minist\u00e8re de la R\u00e9conciliation et de la Coh\u00e9sion nationale.<\/p>\n\n\n\n<p>Le Minist\u00e8re de la R\u00e9conciliation et de la Coh\u00e9sion nationale et la d\u00e9l\u00e9gation du Centre suisse pour le dialogue humanitaire ont convenus de mettre en \u0153uvre des actions conjointes dans le cadre du processus de consolidation de la paix et de la coh\u00e9sion nationale.<\/p>\n\n\n\n<div class=\"wp-block-columns is-layout-flex wp-container-core-columns-is-layout-9d6595d7 wp-block-columns-is-layout-flex\">\n<div class=\"wp-block-column is-layout-flow wp-block-column-is-layout-flow\">\n<figure class=\"wp-block-image size-full\"><img loading=\"lazy\" decoding=\"async\" width=\"984\" height=\"656\" src=\"https:\/\/reconciliation.gouv.ci\/mrcn\/wp-content\/uploads\/2022\/03\/DELEGATION-CENTRE-SUISSE-3.jpg\" alt=\"\" class=\"wp-image-5524\" srcset=\"https:\/\/reconciliation.gouv.ci\/mrcn\/wp-content\/uploads\/2022\/03\/DELEGATION-CENTRE-SUISSE-3.jpg 984w, https:\/\/reconciliation.gouv.ci\/mrcn\/wp-content\/uploads\/2022\/03\/DELEGATION-CENTRE-SUISSE-3-300x200.jpg 300w, https:\/\/reconciliation.gouv.ci\/mrcn\/wp-content\/uploads\/2022\/03\/DELEGATION-CENTRE-SUISSE-3-768x512.jpg 768w\" sizes=\"auto, (max-width: 984px) 100vw, 984px\" \/><\/figure>\n<\/div>\n\n\n\n<div class=\"wp-block-column is-layout-flow wp-block-column-is-layout-flow\">\n<figure class=\"wp-block-image size-full\"><img loading=\"lazy\" decoding=\"async\" width=\"984\" height=\"656\" src=\"https:\/\/reconciliation.gouv.ci\/mrcn\/wp-content\/uploads\/2022\/03\/DELEGATION-CENTRE-SUISSE-2.jpg\" alt=\"\" class=\"wp-image-5523\" srcset=\"https:\/\/reconciliation.gouv.ci\/mrcn\/wp-content\/uploads\/2022\/03\/DELEGATION-CENTRE-SUISSE-2.jpg 984w, https:\/\/reconciliation.gouv.ci\/mrcn\/wp-content\/uploads\/2022\/03\/DELEGATION-CENTRE-SUISSE-2-300x200.jpg 300w, https:\/\/reconciliation.gouv.ci\/mrcn\/wp-content\/uploads\/2022\/03\/DELEGATION-CENTRE-SUISSE-2-768x512.jpg 768w\" sizes=\"auto, (max-width: 984px) 100vw, 984px\" \/><\/figure>\n<\/div>\n\n\n\n<div class=\"wp-block-column is-layout-flow wp-block-column-is-layout-flow\">\n<figure class=\"wp-block-image size-full\"><img loading=\"lazy\" decoding=\"async\" width=\"984\" height=\"656\" src=\"https:\/\/reconciliation.gouv.ci\/mrcn\/wp-content\/uploads\/2022\/03\/DELEGATION-CENTRE-SUISSE-5.jpg\" alt=\"\" class=\"wp-image-5526\" srcset=\"https:\/\/reconciliation.gouv.ci\/mrcn\/wp-content\/uploads\/2022\/03\/DELEGATION-CENTRE-SUISSE-5.jpg 984w, https:\/\/reconciliation.gouv.ci\/mrcn\/wp-content\/uploads\/2022\/03\/DELEGATION-CENTRE-SUISSE-5-300x200.jpg 300w, https:\/\/reconciliation.gouv.ci\/mrcn\/wp-content\/uploads\/2022\/03\/DELEGATION-CENTRE-SUISSE-5-768x512.jpg 768w\" sizes=\"auto, (max-width: 984px) 100vw, 984px\" \/><\/figure>\n<\/div>\n<\/div>\n\n\n\n<div class=\"wp-block-columns is-layout-flex wp-container-core-columns-is-layout-9d6595d7 wp-block-columns-is-layout-flex\">\n<div class=\"wp-block-column is-layout-flow wp-block-column-is-layout-flow\">\n<figure class=\"wp-block-image size-full\"><img loading=\"lazy\" decoding=\"async\" width=\"984\" height=\"656\" src=\"https:\/\/reconciliation.gouv.ci\/mrcn\/wp-content\/uploads\/2022\/03\/DELEGATION-CENTRE-SUISSE-7.jpg\" alt=\"\" class=\"wp-image-5528\" srcset=\"https:\/\/reconciliation.gouv.ci\/mrcn\/wp-content\/uploads\/2022\/03\/DELEGATION-CENTRE-SUISSE-7.jpg 984w, https:\/\/reconciliation.gouv.ci\/mrcn\/wp-content\/uploads\/2022\/03\/DELEGATION-CENTRE-SUISSE-7-300x200.jpg 300w, https:\/\/reconciliation.gouv.ci\/mrcn\/wp-content\/uploads\/2022\/03\/DELEGATION-CENTRE-SUISSE-7-768x512.jpg 768w\" sizes=\"auto, (max-width: 984px) 100vw, 984px\" \/><\/figure>\n<\/div>\n\n\n\n<div class=\"wp-block-column is-layout-flow wp-block-column-is-layout-flow\">\n<figure class=\"wp-block-image size-full\"><img loading=\"lazy\" decoding=\"async\" width=\"984\" height=\"656\" src=\"https:\/\/reconciliation.gouv.ci\/mrcn\/wp-content\/uploads\/2022\/03\/DELEGATION-CENTRE-SUISSE-4.jpg\" alt=\"\" class=\"wp-image-5525\" srcset=\"https:\/\/reconciliation.gouv.ci\/mrcn\/wp-content\/uploads\/2022\/03\/DELEGATION-CENTRE-SUISSE-4.jpg 984w, https:\/\/reconciliation.gouv.ci\/mrcn\/wp-content\/uploads\/2022\/03\/DELEGATION-CENTRE-SUISSE-4-300x200.jpg 300w, https:\/\/reconciliation.gouv.ci\/mrcn\/wp-content\/uploads\/2022\/03\/DELEGATION-CENTRE-SUISSE-4-768x512.jpg 768w\" sizes=\"auto, (max-width: 984px) 100vw, 984px\" \/><\/figure>\n<\/div>\n\n\n\n<div class=\"wp-block-column is-layout-flow wp-block-column-is-layout-flow\">\n<figure class=\"wp-block-image size-full\"><img loading=\"lazy\" decoding=\"async\" width=\"984\" height=\"656\" src=\"https:\/\/reconciliation.gouv.ci\/mrcn\/wp-content\/uploads\/2022\/03\/DELEGATION-CENTRE-SUISSE-6.jpg\" alt=\"\" class=\"wp-image-5527\" srcset=\"https:\/\/reconciliation.gouv.ci\/mrcn\/wp-content\/uploads\/2022\/03\/DELEGATION-CENTRE-SUISSE-6.jpg 984w, https:\/\/reconciliation.gouv.ci\/mrcn\/wp-content\/uploads\/2022\/03\/DELEGATION-CENTRE-SUISSE-6-300x200.jpg 300w, https:\/\/reconciliation.gouv.ci\/mrcn\/wp-content\/uploads\/2022\/03\/DELEGATION-CENTRE-SUISSE-6-768x512.jpg 768w\" sizes=\"auto, (max-width: 984px) 100vw, 984px\" \/><\/figure>\n<\/div>\n<\/div>\n","protected":false},"excerpt":{"rendered":"<div class=\"pvc_clear\"><\/div>\n<p class=\"pvc_stats total_only \" data-element-id=\"5521\" style=\"\"><i class=\"pvc-stats-icon medium\" aria-hidden=\"true\"><svg aria-hidden=\"true\" focusable=\"false\" data-prefix=\"far\" data-icon=\"chart-bar\" role=\"img\" xmlns=\"http:\/\/www.w3.org\/2000\/svg\" viewBox=\"0 0 512 512\" class=\"svg-inline--fa fa-chart-bar fa-w-16 fa-2x\"><path fill=\"currentColor\" d=\"M396.8 352h22.4c6.4 0 12.8-6.4 12.8-12.8V108.8c0-6.4-6.4-12.8-12.8-12.8h-22.4c-6.4 0-12.8 6.4-12.8 12.8v230.4c0 6.4 6.4 12.8 12.8 12.8zm-192 0h22.4c6.4 0 12.8-6.4 12.8-12.8V140.8c0-6.4-6.4-12.8-12.8-12.8h-22.4c-6.4 0-12.8 6.4-12.8 12.8v198.4c0 6.4 6.4 12.8 12.8 12.8zm96 0h22.4c6.4 0 12.8-6.4 12.8-12.8V204.8c0-6.4-6.4-12.8-12.8-12.8h-22.4c-6.4 0-12.8 6.4-12.8 12.8v134.4c0 6.4 6.4 12.8 12.8 12.8zM496 400H48V80c0-8.84-7.16-16-16-16H16C7.16 64 0 71.16 0 80v336c0 17.67 14.33 32 32 32h464c8.84 0 16-7.16 16-16v-16c0-8.84-7.16-16-16-16zm-387.2-48h22.4c6.4 0 12.8-6.4 12.8-12.8v-70.4c0-6.4-6.4-12.8-12.8-12.8h-22.4c-6.4 0-12.8 6.4-12.8 12.8v70.4c0 6.4 6.4 12.8 12.8 12.8z\" class=\"\"><\/path><\/svg><\/i> &nbsp;1,178&nbsp;vues<\/p>\n<div class=\"pvc_clear\"><\/div>\n<p>&nbsp;1,178&nbsp;vues Le lundi 14 mars 2022, le Ministre KOUADIO Konan Bertin a re\u00e7u \u00e0 son cabinet une d\u00e9l\u00e9gation du Centre suisse pour le dialogue humanitaire (HD) conduite par son directeur Afrique francophone, M. Alexandre Liebesking. Cette fructueuse s\u00e9ance de travail qui a meubl\u00e9 la visite de cette<\/p>\n","protected":false},"author":1,"featured_media":5522,"comment_status":"closed","ping_status":"open","sticky":false,"template":"","format":"standard","meta":{"footnotes":""},"categories":[39],"tags":[],"class_list":["post-5521","post","type-post","status-publish","format-standard","has-post-thumbnail","hentry","category-activites-ministere-slider"],"_links":{"self":[{"href":"https:\/\/reconciliation.gouv.ci\/mrcn\/index.php?rest_route=\/wp\/v2\/posts\/5521","targetHints":{"allow":["GET"]}}],"collection":[{"href":"https:\/\/reconciliation.gouv.ci\/mrcn\/index.php?rest_route=\/wp\/v2\/posts"}],"about":[{"href":"https:\/\/reconciliation.gouv.ci\/mrcn\/index.php?rest_route=\/wp\/v2\/types\/post"}],"author":[{"embeddable":true,"href":"https:\/\/reconciliation.gouv.ci\/mrcn\/index.php?rest_route=\/wp\/v2\/users\/1"}],"replies":[{"embeddable":true,"href":"https:\/\/reconciliation.gouv.ci\/mrcn\/index.php?rest_route=%2Fwp%2Fv2%2Fcomments&post=5521"}],"version-history":[{"count":1,"href":"https:\/\/reconciliation.gouv.ci\/mrcn\/index.php?rest_route=\/wp\/v2\/posts\/5521\/revisions"}],"predecessor-version":[{"id":5529,"href":"https:\/\/reconciliation.gouv.ci\/mrcn\/index.php?rest_route=\/wp\/v2\/posts\/5521\/revisions\/5529"}],"wp:featuredmedia":[{"embeddable":true,"href":"https:\/\/reconciliation.gouv.ci\/mrcn\/index.php?rest_route=\/wp\/v2\/media\/5522"}],"wp:attachment":[{"href":"https:\/\/reconciliation.gouv.ci\/mrcn\/index.php?rest_route=%2Fwp%2Fv2%2Fmedia&parent=5521"}],"wp:term":[{"taxonomy":"category","embeddable":true,"href":"https:\/\/reconciliation.gouv.ci\/mrcn\/index.php?rest_route=%2Fwp%2Fv2%2Fcategories&post=5521"},{"taxonomy":"post_tag","embeddable":true,"href":"https:\/\/reconciliation.gouv.ci\/mrcn\/index.php?rest_route=%2Fwp%2Fv2%2Ftags&post=5521"}],"curies":[{"name":"wp","href":"https:\/\/api.w.org\/{rel}","templated":true}]}}