{"id":5253,"date":"2022-02-11T20:01:23","date_gmt":"2022-02-11T19:01:23","guid":{"rendered":"https:\/\/reconciliation.gouv.ci\/mrcn\/?p=5253"},"modified":"2022-02-11T20:41:58","modified_gmt":"2022-02-11T19:41:58","slug":"rencontre-du-ministre-avec-la-societe-civile","status":"publish","type":"post","link":"https:\/\/reconciliation.gouv.ci\/mrcn\/?p=5253","title":{"rendered":"Rencontre du Ministre de la R\u00e9conciliation et de la Coh\u00e9sion Nationale avec la Soci\u00e9t\u00e9 Civile"},"content":{"rendered":"<div class=\"pvc_clear\"><\/div><p class=\"pvc_stats total_only \" data-element-id=\"5253\" style=\"\"><i class=\"pvc-stats-icon medium\" aria-hidden=\"true\"><svg aria-hidden=\"true\" focusable=\"false\" data-prefix=\"far\" data-icon=\"chart-bar\" role=\"img\" xmlns=\"http:\/\/www.w3.org\/2000\/svg\" viewBox=\"0 0 512 512\" class=\"svg-inline--fa fa-chart-bar fa-w-16 fa-2x\"><path fill=\"currentColor\" d=\"M396.8 352h22.4c6.4 0 12.8-6.4 12.8-12.8V108.8c0-6.4-6.4-12.8-12.8-12.8h-22.4c-6.4 0-12.8 6.4-12.8 12.8v230.4c0 6.4 6.4 12.8 12.8 12.8zm-192 0h22.4c6.4 0 12.8-6.4 12.8-12.8V140.8c0-6.4-6.4-12.8-12.8-12.8h-22.4c-6.4 0-12.8 6.4-12.8 12.8v198.4c0 6.4 6.4 12.8 12.8 12.8zm96 0h22.4c6.4 0 12.8-6.4 12.8-12.8V204.8c0-6.4-6.4-12.8-12.8-12.8h-22.4c-6.4 0-12.8 6.4-12.8 12.8v134.4c0 6.4 6.4 12.8 12.8 12.8zM496 400H48V80c0-8.84-7.16-16-16-16H16C7.16 64 0 71.16 0 80v336c0 17.67 14.33 32 32 32h464c8.84 0 16-7.16 16-16v-16c0-8.84-7.16-16-16-16zm-387.2-48h22.4c6.4 0 12.8-6.4 12.8-12.8v-70.4c0-6.4-6.4-12.8-12.8-12.8h-22.4c-6.4 0-12.8 6.4-12.8 12.8v70.4c0 6.4 6.4 12.8 12.8 12.8z\" class=\"\"><\/path><\/svg><\/i> &nbsp;2,031&nbsp;vues<\/p><div class=\"pvc_clear\"><\/div>\n<figure class=\"wp-block-image size-full\"><img loading=\"lazy\" decoding=\"async\" width=\"960\" height=\"540\" src=\"https:\/\/reconciliation.gouv.ci\/mrcn\/wp-content\/uploads\/2022\/02\/Rencontre_du_Ministre_avec_la_Societe_Civile.jpeg\" alt=\"\" class=\"wp-image-5254\" srcset=\"https:\/\/reconciliation.gouv.ci\/mrcn\/wp-content\/uploads\/2022\/02\/Rencontre_du_Ministre_avec_la_Societe_Civile.jpeg 960w, https:\/\/reconciliation.gouv.ci\/mrcn\/wp-content\/uploads\/2022\/02\/Rencontre_du_Ministre_avec_la_Societe_Civile-300x169.jpeg 300w, https:\/\/reconciliation.gouv.ci\/mrcn\/wp-content\/uploads\/2022\/02\/Rencontre_du_Ministre_avec_la_Societe_Civile-768x432.jpeg 768w\" sizes=\"auto, (max-width: 960px) 100vw, 960px\" \/><\/figure>\n\n\n\n<p class=\"has-text-align-left\">L&rsquo;apport de la soci\u00e9t\u00e9 civile \u00e0 l&rsquo;\u00e9dification de nations r\u00e9silientes n&rsquo;est plus \u00e0 d\u00e9montrer. La C\u00f4te d&rsquo;Ivoire qui veut r\u00e9aliser son ambition l\u00e9gitime de d\u00e9veloppement ne saurait se priver de la contribution d&rsquo;un tel acteur.<\/p>\n\n\n\n<p class=\"has-text-align-left\">C&rsquo;est \u00e0 ce titre qu&rsquo;elle participe au dialogue politique initi\u00e9 par le pr\u00e9sident de la R\u00e9publique, SEM Alassane Ouattara et conduit par le Premier ministre Patrick Achi.<\/p>\n\n\n\n<p class=\"has-text-align-left\">Dans cette dynamique, le Minist\u00e8re de la R\u00e9conciliation et de la Coh\u00e9sion nationale veut impliquer les organisations non gouvernementales (Ong), fondations, associations professionnelles, syndicats et entreprises sociales dans le processus de r\u00e9conciliation et de renforcement de l&rsquo;unit\u00e9 nationale.<\/p>\n\n\n\n<p class=\"has-text-align-left\">J&rsquo;ai profit\u00e9 de l&rsquo;opportunit\u00e9 de la c\u00e9r\u00e9monie de pr\u00e9sentation de voeux organis\u00e9e, ce mercredi 9 f\u00e9vrier 2022, pour proposer un cadre permanent de collaboration \u00e0 la soci\u00e9t\u00e9 civile ivoirienne.<\/p>\n\n\n\n<p class=\"has-text-align-left\">De fa\u00e7on explicite, il s&rsquo;agira de travailler, ensemble, \u00e0 la consolidation d&rsquo;un climat politique et social apais\u00e9, au renforcement de la citoyennet\u00e9, \u00e0 l&rsquo;identification des voies et moyens pour parvenir \u00e0 des \u00e9ch\u00e9ances \u00e9lectorales apais\u00e9es\u2026<\/p>\n\n\n\n<p class=\"has-text-align-left\">Les leaders des plateformes et organisations pr\u00e9sentes ont, unanimement, salu\u00e9 cette initiative et marqu\u00e9 leur disponibilit\u00e9 \u00e0 apporter leur pierre \u00e0 l&rsquo;\u00e9dification d&rsquo;une nation d\u00e9barrass\u00e9e de germes de conflit.<\/p>\n\n\n\n<div class=\"wp-block-columns is-layout-flex wp-container-core-columns-is-layout-9d6595d7 wp-block-columns-is-layout-flex\">\n<div class=\"wp-block-column is-layout-flow wp-block-column-is-layout-flow\">\n<figure class=\"wp-block-image size-full\"><img loading=\"lazy\" decoding=\"async\" width=\"960\" height=\"640\" src=\"https:\/\/reconciliation.gouv.ci\/mrcn\/wp-content\/uploads\/2022\/02\/Rencontre_du_Ministre_avec_la_Societe_Civile_2.jpeg\" alt=\"\" class=\"wp-image-5255\" srcset=\"https:\/\/reconciliation.gouv.ci\/mrcn\/wp-content\/uploads\/2022\/02\/Rencontre_du_Ministre_avec_la_Societe_Civile_2.jpeg 960w, https:\/\/reconciliation.gouv.ci\/mrcn\/wp-content\/uploads\/2022\/02\/Rencontre_du_Ministre_avec_la_Societe_Civile_2-300x200.jpeg 300w, https:\/\/reconciliation.gouv.ci\/mrcn\/wp-content\/uploads\/2022\/02\/Rencontre_du_Ministre_avec_la_Societe_Civile_2-768x512.jpeg 768w\" sizes=\"auto, (max-width: 960px) 100vw, 960px\" \/><\/figure>\n<\/div>\n\n\n\n<div class=\"wp-block-column is-layout-flow wp-block-column-is-layout-flow\">\n<figure class=\"wp-block-image size-full\"><img loading=\"lazy\" decoding=\"async\" width=\"960\" height=\"641\" src=\"https:\/\/reconciliation.gouv.ci\/mrcn\/wp-content\/uploads\/2022\/02\/Rencontre_du_Ministre_avec_la_Societe_Civile_5.jpeg\" alt=\"\" class=\"wp-image-5258\" srcset=\"https:\/\/reconciliation.gouv.ci\/mrcn\/wp-content\/uploads\/2022\/02\/Rencontre_du_Ministre_avec_la_Societe_Civile_5.jpeg 960w, https:\/\/reconciliation.gouv.ci\/mrcn\/wp-content\/uploads\/2022\/02\/Rencontre_du_Ministre_avec_la_Societe_Civile_5-300x200.jpeg 300w, https:\/\/reconciliation.gouv.ci\/mrcn\/wp-content\/uploads\/2022\/02\/Rencontre_du_Ministre_avec_la_Societe_Civile_5-768x513.jpeg 768w\" sizes=\"auto, (max-width: 960px) 100vw, 960px\" \/><\/figure>\n<\/div>\n\n\n\n<div class=\"wp-block-column is-layout-flow wp-block-column-is-layout-flow\">\n<figure class=\"wp-block-image size-full is-resized\"><img loading=\"lazy\" decoding=\"async\" src=\"https:\/\/reconciliation.gouv.ci\/mrcn\/wp-content\/uploads\/2022\/02\/Rencontre_du_Ministre_avec_la_Societe_Civile_4.jpeg\" alt=\"\" class=\"wp-image-5257\" width=\"347\" height=\"231\" srcset=\"https:\/\/reconciliation.gouv.ci\/mrcn\/wp-content\/uploads\/2022\/02\/Rencontre_du_Ministre_avec_la_Societe_Civile_4.jpeg 960w, https:\/\/reconciliation.gouv.ci\/mrcn\/wp-content\/uploads\/2022\/02\/Rencontre_du_Ministre_avec_la_Societe_Civile_4-300x200.jpeg 300w, https:\/\/reconciliation.gouv.ci\/mrcn\/wp-content\/uploads\/2022\/02\/Rencontre_du_Ministre_avec_la_Societe_Civile_4-768x512.jpeg 768w\" sizes=\"auto, (max-width: 347px) 100vw, 347px\" \/><\/figure>\n<\/div>\n<\/div>\n","protected":false},"excerpt":{"rendered":"<div class=\"pvc_clear\"><\/div>\n<p class=\"pvc_stats total_only \" data-element-id=\"5253\" style=\"\"><i class=\"pvc-stats-icon medium\" aria-hidden=\"true\"><svg aria-hidden=\"true\" focusable=\"false\" data-prefix=\"far\" data-icon=\"chart-bar\" role=\"img\" xmlns=\"http:\/\/www.w3.org\/2000\/svg\" viewBox=\"0 0 512 512\" class=\"svg-inline--fa fa-chart-bar fa-w-16 fa-2x\"><path fill=\"currentColor\" d=\"M396.8 352h22.4c6.4 0 12.8-6.4 12.8-12.8V108.8c0-6.4-6.4-12.8-12.8-12.8h-22.4c-6.4 0-12.8 6.4-12.8 12.8v230.4c0 6.4 6.4 12.8 12.8 12.8zm-192 0h22.4c6.4 0 12.8-6.4 12.8-12.8V140.8c0-6.4-6.4-12.8-12.8-12.8h-22.4c-6.4 0-12.8 6.4-12.8 12.8v198.4c0 6.4 6.4 12.8 12.8 12.8zm96 0h22.4c6.4 0 12.8-6.4 12.8-12.8V204.8c0-6.4-6.4-12.8-12.8-12.8h-22.4c-6.4 0-12.8 6.4-12.8 12.8v134.4c0 6.4 6.4 12.8 12.8 12.8zM496 400H48V80c0-8.84-7.16-16-16-16H16C7.16 64 0 71.16 0 80v336c0 17.67 14.33 32 32 32h464c8.84 0 16-7.16 16-16v-16c0-8.84-7.16-16-16-16zm-387.2-48h22.4c6.4 0 12.8-6.4 12.8-12.8v-70.4c0-6.4-6.4-12.8-12.8-12.8h-22.4c-6.4 0-12.8 6.4-12.8 12.8v70.4c0 6.4 6.4 12.8 12.8 12.8z\" class=\"\"><\/path><\/svg><\/i> &nbsp;2,031&nbsp;vues<\/p>\n<div class=\"pvc_clear\"><\/div>\n<p>&nbsp;2,031&nbsp;vues L&rsquo;apport de la soci\u00e9t\u00e9 civile \u00e0 l&rsquo;\u00e9dification de nations r\u00e9silientes n&rsquo;est plus \u00e0 d\u00e9montrer. La C\u00f4te d&rsquo;Ivoire qui veut r\u00e9aliser son ambition l\u00e9gitime de d\u00e9veloppement ne saurait se priver de la contribution d&rsquo;un tel acteur. C&rsquo;est \u00e0 ce titre qu&rsquo;elle participe au dialogue politique initi\u00e9 par<\/p>\n","protected":false},"author":1,"featured_media":5256,"comment_status":"closed","ping_status":"open","sticky":false,"template":"","format":"standard","meta":{"footnotes":""},"categories":[39],"tags":[],"class_list":["post-5253","post","type-post","status-publish","format-standard","has-post-thumbnail","hentry","category-activites-ministere-slider"],"_links":{"self":[{"href":"https:\/\/reconciliation.gouv.ci\/mrcn\/index.php?rest_route=\/wp\/v2\/posts\/5253","targetHints":{"allow":["GET"]}}],"collection":[{"href":"https:\/\/reconciliation.gouv.ci\/mrcn\/index.php?rest_route=\/wp\/v2\/posts"}],"about":[{"href":"https:\/\/reconciliation.gouv.ci\/mrcn\/index.php?rest_route=\/wp\/v2\/types\/post"}],"author":[{"embeddable":true,"href":"https:\/\/reconciliation.gouv.ci\/mrcn\/index.php?rest_route=\/wp\/v2\/users\/1"}],"replies":[{"embeddable":true,"href":"https:\/\/reconciliation.gouv.ci\/mrcn\/index.php?rest_route=%2Fwp%2Fv2%2Fcomments&post=5253"}],"version-history":[{"count":3,"href":"https:\/\/reconciliation.gouv.ci\/mrcn\/index.php?rest_route=\/wp\/v2\/posts\/5253\/revisions"}],"predecessor-version":[{"id":5276,"href":"https:\/\/reconciliation.gouv.ci\/mrcn\/index.php?rest_route=\/wp\/v2\/posts\/5253\/revisions\/5276"}],"wp:featuredmedia":[{"embeddable":true,"href":"https:\/\/reconciliation.gouv.ci\/mrcn\/index.php?rest_route=\/wp\/v2\/media\/5256"}],"wp:attachment":[{"href":"https:\/\/reconciliation.gouv.ci\/mrcn\/index.php?rest_route=%2Fwp%2Fv2%2Fmedia&parent=5253"}],"wp:term":[{"taxonomy":"category","embeddable":true,"href":"https:\/\/reconciliation.gouv.ci\/mrcn\/index.php?rest_route=%2Fwp%2Fv2%2Fcategories&post=5253"},{"taxonomy":"post_tag","embeddable":true,"href":"https:\/\/reconciliation.gouv.ci\/mrcn\/index.php?rest_route=%2Fwp%2Fv2%2Ftags&post=5253"}],"curies":[{"name":"wp","href":"https:\/\/api.w.org\/{rel}","templated":true}]}}