{"id":11110,"date":"2023-07-23T21:14:50","date_gmt":"2023-07-23T19:14:50","guid":{"rendered":"https:\/\/reconciliation.gouv.ci\/mrcn\/?p=11110"},"modified":"2023-07-23T21:14:52","modified_gmt":"2023-07-23T19:14:52","slug":"qualite-et-genre-madame-judith-akmel-se-prononce-sur-le-plan-daction-national-de-la-resolution-1325-de-la-2eme-generation-presente-a-l-hemicycle","status":"publish","type":"post","link":"https:\/\/reconciliation.gouv.ci\/mrcn\/?p=11110","title":{"rendered":"Qualit\u00e9 et genre : Madame Judith Akmel se prononce sur le plan d\u2019action national de la r\u00e9solution 1325 de la 2\u00e8me g\u00e9n\u00e9ration pr\u00e9sent\u00e9 \u00e0 l\u2019 H\u00e9micycle."},"content":{"rendered":"<div class=\"pvc_clear\"><\/div><p class=\"pvc_stats total_only \" data-element-id=\"11110\" style=\"\"><i class=\"pvc-stats-icon medium\" aria-hidden=\"true\"><svg aria-hidden=\"true\" focusable=\"false\" data-prefix=\"far\" data-icon=\"chart-bar\" role=\"img\" xmlns=\"http:\/\/www.w3.org\/2000\/svg\" viewBox=\"0 0 512 512\" class=\"svg-inline--fa fa-chart-bar fa-w-16 fa-2x\"><path fill=\"currentColor\" d=\"M396.8 352h22.4c6.4 0 12.8-6.4 12.8-12.8V108.8c0-6.4-6.4-12.8-12.8-12.8h-22.4c-6.4 0-12.8 6.4-12.8 12.8v230.4c0 6.4 6.4 12.8 12.8 12.8zm-192 0h22.4c6.4 0 12.8-6.4 12.8-12.8V140.8c0-6.4-6.4-12.8-12.8-12.8h-22.4c-6.4 0-12.8 6.4-12.8 12.8v198.4c0 6.4 6.4 12.8 12.8 12.8zm96 0h22.4c6.4 0 12.8-6.4 12.8-12.8V204.8c0-6.4-6.4-12.8-12.8-12.8h-22.4c-6.4 0-12.8 6.4-12.8 12.8v134.4c0 6.4 6.4 12.8 12.8 12.8zM496 400H48V80c0-8.84-7.16-16-16-16H16C7.16 64 0 71.16 0 80v336c0 17.67 14.33 32 32 32h464c8.84 0 16-7.16 16-16v-16c0-8.84-7.16-16-16-16zm-387.2-48h22.4c6.4 0 12.8-6.4 12.8-12.8v-70.4c0-6.4-6.4-12.8-12.8-12.8h-22.4c-6.4 0-12.8 6.4-12.8 12.8v70.4c0 6.4 6.4 12.8 12.8 12.8z\" class=\"\"><\/path><\/svg><\/i> &nbsp;314,037&nbsp;vues<\/p><div class=\"pvc_clear\"><\/div>\n<figure class=\"wp-block-image size-large\"><img loading=\"lazy\" decoding=\"async\" width=\"1024\" height=\"683\" src=\"https:\/\/reconciliation.gouv.ci\/mrcn\/wp-content\/uploads\/2023\/07\/WhatsApp-Image-2023-07-22-at-22.04.56-1024x683.jpeg\" alt=\"\" class=\"wp-image-11112\" srcset=\"https:\/\/reconciliation.gouv.ci\/mrcn\/wp-content\/uploads\/2023\/07\/WhatsApp-Image-2023-07-22-at-22.04.56-1024x683.jpeg 1024w, https:\/\/reconciliation.gouv.ci\/mrcn\/wp-content\/uploads\/2023\/07\/WhatsApp-Image-2023-07-22-at-22.04.56-300x200.jpeg 300w, https:\/\/reconciliation.gouv.ci\/mrcn\/wp-content\/uploads\/2023\/07\/WhatsApp-Image-2023-07-22-at-22.04.56-768x512.jpeg 768w, https:\/\/reconciliation.gouv.ci\/mrcn\/wp-content\/uploads\/2023\/07\/WhatsApp-Image-2023-07-22-at-22.04.56.jpeg 1280w\" sizes=\"auto, (max-width: 1024px) 100vw, 1024px\" \/><\/figure>\n\n\n\n<p>L\u2019H\u00e9micycle a \u00e9t\u00e9 le th\u00e9\u00e2tre de la pr\u00e9sentation du plan d\u2019action national de la r\u00e9solution 1325 de la 2\u00e8me g\u00e9n\u00e9ration aux parlementaires lundi 10 juillet 2023 par madame Nasseneba Tour\u00e9 Ministre de la Femme, de la Famille et de l\u2019Enfant.<br>Ce plan d&rsquo;action national qui est le fruit d&rsquo;une collaboration entre les acteurs nationaux, les Nations Unies, les repr\u00e9sentations diplomatiques et les organisations de la soci\u00e9t\u00e9 civile, vise \u00e0 renforcer l&rsquo;\u00e9galit\u00e9 des sexes, la pr\u00e9vention des conflits, la protection des droits des femmes et leur participation active \u00e0 la consolidation de la paix.<br>En tant que s\u00e9nateurs et d\u00e9put\u00e9s, la dol\u00e9ance leur a \u00e9t\u00e9 faite pour adopter des lois et des politiques favorisant l&rsquo;\u00e9galit\u00e9 des sexes, d&rsquo;allouer les ressources financi\u00e8res n\u00e9cessaires et de superviser la progression des mesures prises.<\/p>\n\n\n\n<p>Pr\u00e9sente \u00e0 cette rencontre, madame Judith Akmel, Directrice de la Qualit\u00e9 et du Genre au Minist\u00e8re de la R\u00e9conciliation et de la Coh\u00e9sion Nationale s\u2019est prononc\u00e9e sur le plan d\u2019action national de la r\u00e9solution 1325 de la 2\u00e8me g\u00e9n\u00e9ration : \u2018\u2019La femme doit \u00eatre impliqu\u00e9e\u00a0 du d\u00e9but du processus de r\u00e8glement des conflits jusqu\u2019 \u00e0 la fin. Elle doit \u00eatre active et de fa\u00e7on inclusive, Toutes les couches se retrouvent dans le processus de r\u00e8glement des conflits.,comme le recommande la r\u00e9solution 1335 car le leadership de la femme dans les actions de r\u00e9conciliation et de la coh\u00e9sion conduit \u00e0 la paix et au d\u00e9veloppement durable.\u2019\u2019<br>Cette r\u00e9solution selon ses dires est le premier texte qui rel\u00e8ve express\u00e9ment les r\u00e9percussions des conflits arm\u00e9s sur les femmes. Pour mener \u00e0 bien cette mission, l\u2019on doit emmener ces femmes \u00e0 affirmer leur leadership en \u00e9vitant de les mettre \u00e0 l\u2019\u00e9cart de ce processus.<br>La Directrice de la Qualit\u00e9 et du Genre pense \u00e9galement que sa direction a un r\u00f4le pr\u00e9pond\u00e9rant \u00e0 jouer dans ce sens pour le positionnement de la femme dans toutes les prises de d\u00e9cision\u00a0 li\u00e9es \u00e0 cette r\u00e9solution suivant les orientations du Ministre de la R\u00e9conciliation et de la Coh\u00e9sion Nationale.<\/p>\n\n\n\n<figure class=\"wp-block-gallery has-nested-images columns-default is-cropped wp-block-gallery-1 is-layout-flex wp-block-gallery-is-layout-flex\">\n<figure class=\"wp-block-image size-large\"><img loading=\"lazy\" decoding=\"async\" width=\"1024\" height=\"683\" data-id=\"11114\" src=\"https:\/\/reconciliation.gouv.ci\/mrcn\/wp-content\/uploads\/2023\/07\/WhatsApp-Image-2023-07-22-at-22.04.57-1024x683.jpeg\" alt=\"\" class=\"wp-image-11114\" srcset=\"https:\/\/reconciliation.gouv.ci\/mrcn\/wp-content\/uploads\/2023\/07\/WhatsApp-Image-2023-07-22-at-22.04.57-1024x683.jpeg 1024w, https:\/\/reconciliation.gouv.ci\/mrcn\/wp-content\/uploads\/2023\/07\/WhatsApp-Image-2023-07-22-at-22.04.57-300x200.jpeg 300w, https:\/\/reconciliation.gouv.ci\/mrcn\/wp-content\/uploads\/2023\/07\/WhatsApp-Image-2023-07-22-at-22.04.57-768x512.jpeg 768w, https:\/\/reconciliation.gouv.ci\/mrcn\/wp-content\/uploads\/2023\/07\/WhatsApp-Image-2023-07-22-at-22.04.57.jpeg 1080w\" sizes=\"auto, (max-width: 1024px) 100vw, 1024px\" \/><\/figure>\n\n\n\n<figure class=\"wp-block-image size-large\"><img loading=\"lazy\" decoding=\"async\" width=\"1024\" height=\"683\" data-id=\"11113\" src=\"https:\/\/reconciliation.gouv.ci\/mrcn\/wp-content\/uploads\/2023\/07\/WhatsApp-Image-2023-07-22-at-22.04.56-1-1024x683.jpeg\" alt=\"\" class=\"wp-image-11113\" srcset=\"https:\/\/reconciliation.gouv.ci\/mrcn\/wp-content\/uploads\/2023\/07\/WhatsApp-Image-2023-07-22-at-22.04.56-1-1024x683.jpeg 1024w, https:\/\/reconciliation.gouv.ci\/mrcn\/wp-content\/uploads\/2023\/07\/WhatsApp-Image-2023-07-22-at-22.04.56-1-300x200.jpeg 300w, https:\/\/reconciliation.gouv.ci\/mrcn\/wp-content\/uploads\/2023\/07\/WhatsApp-Image-2023-07-22-at-22.04.56-1-768x512.jpeg 768w, https:\/\/reconciliation.gouv.ci\/mrcn\/wp-content\/uploads\/2023\/07\/WhatsApp-Image-2023-07-22-at-22.04.56-1.jpeg 1280w\" sizes=\"auto, (max-width: 1024px) 100vw, 1024px\" \/><\/figure>\n\n\n\n<figure class=\"wp-block-image size-large\"><img loading=\"lazy\" decoding=\"async\" width=\"1024\" height=\"682\" data-id=\"11115\" src=\"https:\/\/reconciliation.gouv.ci\/mrcn\/wp-content\/uploads\/2023\/07\/WhatsApp-Image-2023-07-22-at-22.04.21-1024x682.jpeg\" alt=\"\" class=\"wp-image-11115\" srcset=\"https:\/\/reconciliation.gouv.ci\/mrcn\/wp-content\/uploads\/2023\/07\/WhatsApp-Image-2023-07-22-at-22.04.21-1024x682.jpeg 1024w, https:\/\/reconciliation.gouv.ci\/mrcn\/wp-content\/uploads\/2023\/07\/WhatsApp-Image-2023-07-22-at-22.04.21-300x200.jpeg 300w, https:\/\/reconciliation.gouv.ci\/mrcn\/wp-content\/uploads\/2023\/07\/WhatsApp-Image-2023-07-22-at-22.04.21-768x512.jpeg 768w, https:\/\/reconciliation.gouv.ci\/mrcn\/wp-content\/uploads\/2023\/07\/WhatsApp-Image-2023-07-22-at-22.04.21-1536x1023.jpeg 1536w, https:\/\/reconciliation.gouv.ci\/mrcn\/wp-content\/uploads\/2023\/07\/WhatsApp-Image-2023-07-22-at-22.04.21.jpeg 1600w\" sizes=\"auto, (max-width: 1024px) 100vw, 1024px\" \/><\/figure>\n<\/figure>\n","protected":false},"excerpt":{"rendered":"<div class=\"pvc_clear\"><\/div>\n<p class=\"pvc_stats total_only \" data-element-id=\"11110\" style=\"\"><i class=\"pvc-stats-icon medium\" aria-hidden=\"true\"><svg aria-hidden=\"true\" focusable=\"false\" data-prefix=\"far\" data-icon=\"chart-bar\" role=\"img\" xmlns=\"http:\/\/www.w3.org\/2000\/svg\" viewBox=\"0 0 512 512\" class=\"svg-inline--fa fa-chart-bar fa-w-16 fa-2x\"><path fill=\"currentColor\" d=\"M396.8 352h22.4c6.4 0 12.8-6.4 12.8-12.8V108.8c0-6.4-6.4-12.8-12.8-12.8h-22.4c-6.4 0-12.8 6.4-12.8 12.8v230.4c0 6.4 6.4 12.8 12.8 12.8zm-192 0h22.4c6.4 0 12.8-6.4 12.8-12.8V140.8c0-6.4-6.4-12.8-12.8-12.8h-22.4c-6.4 0-12.8 6.4-12.8 12.8v198.4c0 6.4 6.4 12.8 12.8 12.8zm96 0h22.4c6.4 0 12.8-6.4 12.8-12.8V204.8c0-6.4-6.4-12.8-12.8-12.8h-22.4c-6.4 0-12.8 6.4-12.8 12.8v134.4c0 6.4 6.4 12.8 12.8 12.8zM496 400H48V80c0-8.84-7.16-16-16-16H16C7.16 64 0 71.16 0 80v336c0 17.67 14.33 32 32 32h464c8.84 0 16-7.16 16-16v-16c0-8.84-7.16-16-16-16zm-387.2-48h22.4c6.4 0 12.8-6.4 12.8-12.8v-70.4c0-6.4-6.4-12.8-12.8-12.8h-22.4c-6.4 0-12.8 6.4-12.8 12.8v70.4c0 6.4 6.4 12.8 12.8 12.8z\" class=\"\"><\/path><\/svg><\/i> &nbsp;314,037&nbsp;vues<\/p>\n<div class=\"pvc_clear\"><\/div>\n<p>&nbsp;314,037&nbsp;vues L\u2019H\u00e9micycle a \u00e9t\u00e9 le th\u00e9\u00e2tre de la pr\u00e9sentation du plan d\u2019action national de la r\u00e9solution 1325 de la 2\u00e8me g\u00e9n\u00e9ration aux parlementaires lundi 10 juillet 2023 par madame Nasseneba Tour\u00e9 Ministre de la Femme, de la Famille et de l\u2019Enfant.Ce plan d&rsquo;action national qui est le<\/p>\n","protected":false},"author":2,"featured_media":11112,"comment_status":"closed","ping_status":"open","sticky":true,"template":"","format":"standard","meta":{"footnotes":""},"categories":[39],"tags":[],"class_list":["post-11110","post","type-post","status-publish","format-standard","has-post-thumbnail","hentry","category-activites-ministere-slider"],"_links":{"self":[{"href":"https:\/\/reconciliation.gouv.ci\/mrcn\/index.php?rest_route=\/wp\/v2\/posts\/11110","targetHints":{"allow":["GET"]}}],"collection":[{"href":"https:\/\/reconciliation.gouv.ci\/mrcn\/index.php?rest_route=\/wp\/v2\/posts"}],"about":[{"href":"https:\/\/reconciliation.gouv.ci\/mrcn\/index.php?rest_route=\/wp\/v2\/types\/post"}],"author":[{"embeddable":true,"href":"https:\/\/reconciliation.gouv.ci\/mrcn\/index.php?rest_route=\/wp\/v2\/users\/2"}],"replies":[{"embeddable":true,"href":"https:\/\/reconciliation.gouv.ci\/mrcn\/index.php?rest_route=%2Fwp%2Fv2%2Fcomments&post=11110"}],"version-history":[{"count":1,"href":"https:\/\/reconciliation.gouv.ci\/mrcn\/index.php?rest_route=\/wp\/v2\/posts\/11110\/revisions"}],"predecessor-version":[{"id":11116,"href":"https:\/\/reconciliation.gouv.ci\/mrcn\/index.php?rest_route=\/wp\/v2\/posts\/11110\/revisions\/11116"}],"wp:featuredmedia":[{"embeddable":true,"href":"https:\/\/reconciliation.gouv.ci\/mrcn\/index.php?rest_route=\/wp\/v2\/media\/11112"}],"wp:attachment":[{"href":"https:\/\/reconciliation.gouv.ci\/mrcn\/index.php?rest_route=%2Fwp%2Fv2%2Fmedia&parent=11110"}],"wp:term":[{"taxonomy":"category","embeddable":true,"href":"https:\/\/reconciliation.gouv.ci\/mrcn\/index.php?rest_route=%2Fwp%2Fv2%2Fcategories&post=11110"},{"taxonomy":"post_tag","embeddable":true,"href":"https:\/\/reconciliation.gouv.ci\/mrcn\/index.php?rest_route=%2Fwp%2Fv2%2Ftags&post=11110"}],"curies":[{"name":"wp","href":"https:\/\/api.w.org\/{rel}","templated":true}]}}