{"id":10686,"date":"2023-06-14T19:05:44","date_gmt":"2023-06-14T17:05:44","guid":{"rendered":"https:\/\/reconciliation.gouv.ci\/mrcn\/?p=10686"},"modified":"2023-07-11T16:14:37","modified_gmt":"2023-07-11T14:14:37","slug":"cohesion-sociale-le-professeur-francois-adou-kouadio-sensibilise-a-daloa-et-a-bonon-sur-la-democratie-et-ses-enjeux-pour-des-elections-apaisees","status":"publish","type":"post","link":"https:\/\/reconciliation.gouv.ci\/mrcn\/?p=10686","title":{"rendered":"Coh\u00e9sion Sociale : Le Professeur Fran\u00e7ois Adou Kouadio sensibilise \u00e0 Daloa et \u00e0 Bonon sur la d\u00e9mocratie et ses enjeux pour des \u00e9lections apais\u00e9es."},"content":{"rendered":"<div class=\"pvc_clear\"><\/div><p class=\"pvc_stats total_only \" data-element-id=\"10686\" style=\"\"><i class=\"pvc-stats-icon medium\" aria-hidden=\"true\"><svg aria-hidden=\"true\" focusable=\"false\" data-prefix=\"far\" data-icon=\"chart-bar\" role=\"img\" xmlns=\"http:\/\/www.w3.org\/2000\/svg\" viewBox=\"0 0 512 512\" class=\"svg-inline--fa fa-chart-bar fa-w-16 fa-2x\"><path fill=\"currentColor\" d=\"M396.8 352h22.4c6.4 0 12.8-6.4 12.8-12.8V108.8c0-6.4-6.4-12.8-12.8-12.8h-22.4c-6.4 0-12.8 6.4-12.8 12.8v230.4c0 6.4 6.4 12.8 12.8 12.8zm-192 0h22.4c6.4 0 12.8-6.4 12.8-12.8V140.8c0-6.4-6.4-12.8-12.8-12.8h-22.4c-6.4 0-12.8 6.4-12.8 12.8v198.4c0 6.4 6.4 12.8 12.8 12.8zm96 0h22.4c6.4 0 12.8-6.4 12.8-12.8V204.8c0-6.4-6.4-12.8-12.8-12.8h-22.4c-6.4 0-12.8 6.4-12.8 12.8v134.4c0 6.4 6.4 12.8 12.8 12.8zM496 400H48V80c0-8.84-7.16-16-16-16H16C7.16 64 0 71.16 0 80v336c0 17.67 14.33 32 32 32h464c8.84 0 16-7.16 16-16v-16c0-8.84-7.16-16-16-16zm-387.2-48h22.4c6.4 0 12.8-6.4 12.8-12.8v-70.4c0-6.4-6.4-12.8-12.8-12.8h-22.4c-6.4 0-12.8 6.4-12.8 12.8v70.4c0 6.4 6.4 12.8 12.8 12.8z\" class=\"\"><\/path><\/svg><\/i> &nbsp;3,901&nbsp;vues<\/p><div class=\"pvc_clear\"><\/div>\n<figure class=\"wp-block-image size-large\"><img loading=\"lazy\" decoding=\"async\" width=\"1024\" height=\"768\" src=\"https:\/\/reconciliation.gouv.ci\/mrcn\/wp-content\/uploads\/2023\/06\/11-Sensibilisation-a-Daloa-et-a-Bonon-1024x768.jpg\" alt=\"\" class=\"wp-image-10819\" srcset=\"https:\/\/reconciliation.gouv.ci\/mrcn\/wp-content\/uploads\/2023\/06\/11-Sensibilisation-a-Daloa-et-a-Bonon-1024x768.jpg 1024w, https:\/\/reconciliation.gouv.ci\/mrcn\/wp-content\/uploads\/2023\/06\/11-Sensibilisation-a-Daloa-et-a-Bonon-300x225.jpg 300w, https:\/\/reconciliation.gouv.ci\/mrcn\/wp-content\/uploads\/2023\/06\/11-Sensibilisation-a-Daloa-et-a-Bonon-768x576.jpg 768w, https:\/\/reconciliation.gouv.ci\/mrcn\/wp-content\/uploads\/2023\/06\/11-Sensibilisation-a-Daloa-et-a-Bonon.jpg 1280w\" sizes=\"auto, (max-width: 1024px) 100vw, 1024px\" \/><\/figure>\n\n\n\n<p>En pr\u00e9lude aux \u00e9ch\u00e9ances \u00e9lectorales du 02 septembre 2023, la Direction du Suivi-\u00e9valuation et de la Promotion de la D\u00e9mocratie (DSEPD) du Minist\u00e8re de la R\u00e9conciliation et de la Coh\u00e9sion Nationale a organis\u00e9 une sensibilisation et un atelier de renforcement des capacit\u00e9s des jeunes et des femmes aux valeurs d\u00e9mocratiques \u00e0 Daloa et \u00e0 Bonon les 9 et les 10 juin 2023.<br><br>Dans ces deux villes, le Professeur Fran\u00e7ois Adou Kouadio Directeur de la DSEPD a eu des \u00e9changes avec les populations sur le th\u00e8me : \u2018\u2019 la d\u00e9mocratie et ses enjeux pour des \u00e9lections apais\u00e9es\u2019\u2019<br>L\u2019\u00e9missaire du Ministre KOUADIO Konan Bertin a d\u00e9fini la d\u00e9mocratie comme \u00e9tant un syst\u00e8me politique dans lequel le pouvoir est exerc\u00e9 par le peuple, g\u00e9n\u00e9ralement par le biais d&rsquo;\u00e9lections r\u00e9guli\u00e8res et libres :\u2019\u2019 Les \u00e9lections jouent un r\u00f4le central dans la d\u00e9mocratie, car elles permettent aux citoyens de choisir leurs dirigeants et de participer activement au processus politique\u2019\u2019. Cependant, dira-t-il, pour que les \u00e9lections soient v\u00e9ritablement apais\u00e9es et refl\u00e9tant la volont\u00e9 du peuple, plusieurs enjeux doivent \u00eatre pris en compte pour une d\u00e9mocratie saine qui repose sur la participation active des citoyens.<br><br>Il est important selon ses dires de promouvoir l&rsquo;\u00e9ducation civique et politique afin que les citoyens comprennent les enjeux et les choix qui leur sont pr\u00e9sent\u00e9s. Des m\u00e9canismes doivent \u00e9galement \u00eatre mis en place pour encourager la participation \u00e9lectorale, tels que des horaires de vote flexibles, des bureaux de vote accessibles et des efforts pour faciliter l&rsquo;exercice du droit de vote pour tous les citoyens.<br><br>Il a donc exhort\u00e9 les populations \u00e0 lutter contre la d\u00e9sinformation en p\u00e9riode \u00e9lectorale : \u2018\u2019La d\u00e9sinformation et les fausses nouvelles peuvent avoir un impact n\u00e9faste sur le processus \u00e9lectoral en influen\u00e7ant les opinions des \u00e9lecteurs. Il est essentiel de mettre en place des m\u00e9canismes pour d\u00e9tecter, signaler et corriger la d\u00e9sinformation, tout en pr\u00e9servant la libert\u00e9 d&rsquo;expression et en \u00e9vitant toute censure excessive\u2019\u2019 ; Sur ce point , il rassure que les structures \u00e9tatiques sont outill\u00e9es pour cela.\u2019\u2019<br><br>Par rapport \u00e0 la s\u00e9curit\u00e9 et int\u00e9grit\u00e9 du processus \u00e9lectoral, l\u2019universitaire consid\u00e8re que les \u00e9lections doivent \u00eatre organis\u00e9es de mani\u00e8re s\u00e9curis\u00e9e pour \u00e9viter toute ing\u00e9rence ou fraude. Cela implique la protection des infrastructures \u00e9lectorales contre les cyber-attaques, l&rsquo;assurance d&rsquo;une identification fiable des \u00e9lecteurs et la garantie d&rsquo;un d\u00e9pouillement transparent et pr\u00e9cis des votes. Sur ce point, il les a invit\u00e9 \u00e0 garder le calme car la CEI (Comit\u00e9 \u00c9lectorale Ind\u00e9pendante) est au travail.<br>En veillant \u00e0 ces enjeux, pr\u00e9cise-t-il, il est possible de favoriser des \u00e9lections apais\u00e9es, l\u00e9gitimes et repr\u00e9sentatives, renfor\u00e7ant ainsi la d\u00e9mocratie et la confiance des citoyens dans le processus \u00e9lectoral.<\/p>\n\n\n\n<div class=\"wp-block-columns is-layout-flex wp-container-core-columns-is-layout-9d6595d7 wp-block-columns-is-layout-flex\">\n<div class=\"wp-block-column is-layout-flow wp-block-column-is-layout-flow\">\n<figure class=\"wp-block-image size-large\"><img loading=\"lazy\" decoding=\"async\" width=\"1024\" height=\"768\" src=\"https:\/\/reconciliation.gouv.ci\/mrcn\/wp-content\/uploads\/2023\/06\/3-Sensibilisation-a-Daloa-et-a-Bonon-1024x768.jpg\" alt=\"\" class=\"wp-image-10694\" srcset=\"https:\/\/reconciliation.gouv.ci\/mrcn\/wp-content\/uploads\/2023\/06\/3-Sensibilisation-a-Daloa-et-a-Bonon-1024x768.jpg 1024w, https:\/\/reconciliation.gouv.ci\/mrcn\/wp-content\/uploads\/2023\/06\/3-Sensibilisation-a-Daloa-et-a-Bonon-300x225.jpg 300w, https:\/\/reconciliation.gouv.ci\/mrcn\/wp-content\/uploads\/2023\/06\/3-Sensibilisation-a-Daloa-et-a-Bonon-768x576.jpg 768w, https:\/\/reconciliation.gouv.ci\/mrcn\/wp-content\/uploads\/2023\/06\/3-Sensibilisation-a-Daloa-et-a-Bonon.jpg 1280w\" sizes=\"auto, (max-width: 1024px) 100vw, 1024px\" \/><\/figure>\n<\/div>\n\n\n\n<div class=\"wp-block-column is-layout-flow wp-block-column-is-layout-flow\">\n<figure class=\"wp-block-image size-large\"><img loading=\"lazy\" decoding=\"async\" width=\"1024\" height=\"768\" src=\"https:\/\/reconciliation.gouv.ci\/mrcn\/wp-content\/uploads\/2023\/06\/2-Sensibilisation-a-Daloa-et-a-Bonon-1024x768.jpg\" alt=\"\" class=\"wp-image-10693\" srcset=\"https:\/\/reconciliation.gouv.ci\/mrcn\/wp-content\/uploads\/2023\/06\/2-Sensibilisation-a-Daloa-et-a-Bonon-1024x768.jpg 1024w, https:\/\/reconciliation.gouv.ci\/mrcn\/wp-content\/uploads\/2023\/06\/2-Sensibilisation-a-Daloa-et-a-Bonon-300x225.jpg 300w, https:\/\/reconciliation.gouv.ci\/mrcn\/wp-content\/uploads\/2023\/06\/2-Sensibilisation-a-Daloa-et-a-Bonon-768x576.jpg 768w, https:\/\/reconciliation.gouv.ci\/mrcn\/wp-content\/uploads\/2023\/06\/2-Sensibilisation-a-Daloa-et-a-Bonon.jpg 1280w\" sizes=\"auto, (max-width: 1024px) 100vw, 1024px\" \/><\/figure>\n<\/div>\n\n\n\n<div class=\"wp-block-column is-layout-flow wp-block-column-is-layout-flow\">\n<figure class=\"wp-block-image size-large\"><img loading=\"lazy\" decoding=\"async\" width=\"1024\" height=\"768\" src=\"https:\/\/reconciliation.gouv.ci\/mrcn\/wp-content\/uploads\/2023\/06\/4-Sensibilisation-a-Daloa-et-a-Bonon-1024x768.jpg\" alt=\"\" class=\"wp-image-10695\" srcset=\"https:\/\/reconciliation.gouv.ci\/mrcn\/wp-content\/uploads\/2023\/06\/4-Sensibilisation-a-Daloa-et-a-Bonon-1024x768.jpg 1024w, https:\/\/reconciliation.gouv.ci\/mrcn\/wp-content\/uploads\/2023\/06\/4-Sensibilisation-a-Daloa-et-a-Bonon-300x225.jpg 300w, https:\/\/reconciliation.gouv.ci\/mrcn\/wp-content\/uploads\/2023\/06\/4-Sensibilisation-a-Daloa-et-a-Bonon-768x576.jpg 768w, https:\/\/reconciliation.gouv.ci\/mrcn\/wp-content\/uploads\/2023\/06\/4-Sensibilisation-a-Daloa-et-a-Bonon.jpg 1280w\" sizes=\"auto, (max-width: 1024px) 100vw, 1024px\" \/><\/figure>\n<\/div>\n<\/div>\n\n\n\n<div class=\"wp-block-columns is-layout-flex wp-container-core-columns-is-layout-9d6595d7 wp-block-columns-is-layout-flex\">\n<div class=\"wp-block-column is-layout-flow wp-block-column-is-layout-flow\">\n<figure class=\"wp-block-image size-large\"><img loading=\"lazy\" decoding=\"async\" width=\"1024\" height=\"767\" src=\"https:\/\/reconciliation.gouv.ci\/mrcn\/wp-content\/uploads\/2023\/06\/12-Sensibilisation-a-Daloa-et-a-Bonon-1024x767.jpg\" alt=\"\" class=\"wp-image-10818\" srcset=\"https:\/\/reconciliation.gouv.ci\/mrcn\/wp-content\/uploads\/2023\/06\/12-Sensibilisation-a-Daloa-et-a-Bonon-1024x767.jpg 1024w, https:\/\/reconciliation.gouv.ci\/mrcn\/wp-content\/uploads\/2023\/06\/12-Sensibilisation-a-Daloa-et-a-Bonon-300x225.jpg 300w, https:\/\/reconciliation.gouv.ci\/mrcn\/wp-content\/uploads\/2023\/06\/12-Sensibilisation-a-Daloa-et-a-Bonon-768x575.jpg 768w, https:\/\/reconciliation.gouv.ci\/mrcn\/wp-content\/uploads\/2023\/06\/12-Sensibilisation-a-Daloa-et-a-Bonon.jpg 1080w\" sizes=\"auto, (max-width: 1024px) 100vw, 1024px\" \/><\/figure>\n<\/div>\n\n\n\n<div class=\"wp-block-column is-layout-flow wp-block-column-is-layout-flow\">\n<figure class=\"wp-block-image size-large\"><img loading=\"lazy\" decoding=\"async\" width=\"1024\" height=\"768\" src=\"https:\/\/reconciliation.gouv.ci\/mrcn\/wp-content\/uploads\/2023\/06\/10-Sensibilisation-a-Daloa-et-a-Bonon-1024x768.jpg\" alt=\"\" class=\"wp-image-10817\" srcset=\"https:\/\/reconciliation.gouv.ci\/mrcn\/wp-content\/uploads\/2023\/06\/10-Sensibilisation-a-Daloa-et-a-Bonon-1024x768.jpg 1024w, https:\/\/reconciliation.gouv.ci\/mrcn\/wp-content\/uploads\/2023\/06\/10-Sensibilisation-a-Daloa-et-a-Bonon-300x225.jpg 300w, https:\/\/reconciliation.gouv.ci\/mrcn\/wp-content\/uploads\/2023\/06\/10-Sensibilisation-a-Daloa-et-a-Bonon-768x576.jpg 768w, https:\/\/reconciliation.gouv.ci\/mrcn\/wp-content\/uploads\/2023\/06\/10-Sensibilisation-a-Daloa-et-a-Bonon.jpg 1280w\" sizes=\"auto, (max-width: 1024px) 100vw, 1024px\" \/><\/figure>\n<\/div>\n\n\n\n<div class=\"wp-block-column is-layout-flow wp-block-column-is-layout-flow\">\n<figure class=\"wp-block-image size-large\"><img loading=\"lazy\" decoding=\"async\" width=\"1024\" height=\"596\" src=\"https:\/\/reconciliation.gouv.ci\/mrcn\/wp-content\/uploads\/2023\/06\/1-Sensibilisation-a-Daloa-et-a-Bonon-1024x596.jpg\" alt=\"\" class=\"wp-image-10692\" srcset=\"https:\/\/reconciliation.gouv.ci\/mrcn\/wp-content\/uploads\/2023\/06\/1-Sensibilisation-a-Daloa-et-a-Bonon-1024x596.jpg 1024w, https:\/\/reconciliation.gouv.ci\/mrcn\/wp-content\/uploads\/2023\/06\/1-Sensibilisation-a-Daloa-et-a-Bonon-300x175.jpg 300w, https:\/\/reconciliation.gouv.ci\/mrcn\/wp-content\/uploads\/2023\/06\/1-Sensibilisation-a-Daloa-et-a-Bonon-768x447.jpg 768w, https:\/\/reconciliation.gouv.ci\/mrcn\/wp-content\/uploads\/2023\/06\/1-Sensibilisation-a-Daloa-et-a-Bonon.jpg 1258w\" sizes=\"auto, (max-width: 1024px) 100vw, 1024px\" \/><\/figure>\n<\/div>\n<\/div>\n\n\n\n<div class=\"wp-block-columns is-layout-flex wp-container-core-columns-is-layout-9d6595d7 wp-block-columns-is-layout-flex\">\n<div class=\"wp-block-column is-layout-flow wp-block-column-is-layout-flow\">\n<figure class=\"wp-block-image size-large\"><img loading=\"lazy\" decoding=\"async\" width=\"767\" height=\"1024\" src=\"https:\/\/reconciliation.gouv.ci\/mrcn\/wp-content\/uploads\/2023\/06\/6-Sensibilisation-a-Daloa-et-a-Bonon-767x1024.jpg\" alt=\"\" class=\"wp-image-10688\" srcset=\"https:\/\/reconciliation.gouv.ci\/mrcn\/wp-content\/uploads\/2023\/06\/6-Sensibilisation-a-Daloa-et-a-Bonon-767x1024.jpg 767w, https:\/\/reconciliation.gouv.ci\/mrcn\/wp-content\/uploads\/2023\/06\/6-Sensibilisation-a-Daloa-et-a-Bonon-225x300.jpg 225w, https:\/\/reconciliation.gouv.ci\/mrcn\/wp-content\/uploads\/2023\/06\/6-Sensibilisation-a-Daloa-et-a-Bonon-768x1025.jpg 768w, https:\/\/reconciliation.gouv.ci\/mrcn\/wp-content\/uploads\/2023\/06\/6-Sensibilisation-a-Daloa-et-a-Bonon.jpg 809w\" sizes=\"auto, (max-width: 767px) 100vw, 767px\" \/><\/figure>\n<\/div>\n\n\n\n<div class=\"wp-block-column is-layout-flow wp-block-column-is-layout-flow\">\n<figure class=\"wp-block-image size-large\"><img loading=\"lazy\" decoding=\"async\" width=\"768\" height=\"1024\" src=\"https:\/\/reconciliation.gouv.ci\/mrcn\/wp-content\/uploads\/2023\/06\/5-Sensibilisation-a-Daloa-et-a-Bonon-768x1024.jpg\" alt=\"\" class=\"wp-image-10687\" srcset=\"https:\/\/reconciliation.gouv.ci\/mrcn\/wp-content\/uploads\/2023\/06\/5-Sensibilisation-a-Daloa-et-a-Bonon-768x1024.jpg 768w, https:\/\/reconciliation.gouv.ci\/mrcn\/wp-content\/uploads\/2023\/06\/5-Sensibilisation-a-Daloa-et-a-Bonon-225x300.jpg 225w, https:\/\/reconciliation.gouv.ci\/mrcn\/wp-content\/uploads\/2023\/06\/5-Sensibilisation-a-Daloa-et-a-Bonon.jpg 960w\" sizes=\"auto, (max-width: 768px) 100vw, 768px\" \/><\/figure>\n<\/div>\n\n\n\n<div class=\"wp-block-column is-layout-flow wp-block-column-is-layout-flow\">\n<figure class=\"wp-block-image size-large\"><img loading=\"lazy\" decoding=\"async\" width=\"767\" height=\"1024\" src=\"https:\/\/reconciliation.gouv.ci\/mrcn\/wp-content\/uploads\/2023\/06\/7-Sensibilisation-a-Daloa-et-a-Bonon-767x1024.jpg\" alt=\"\" class=\"wp-image-10689\" srcset=\"https:\/\/reconciliation.gouv.ci\/mrcn\/wp-content\/uploads\/2023\/06\/7-Sensibilisation-a-Daloa-et-a-Bonon-767x1024.jpg 767w, https:\/\/reconciliation.gouv.ci\/mrcn\/wp-content\/uploads\/2023\/06\/7-Sensibilisation-a-Daloa-et-a-Bonon-225x300.jpg 225w, https:\/\/reconciliation.gouv.ci\/mrcn\/wp-content\/uploads\/2023\/06\/7-Sensibilisation-a-Daloa-et-a-Bonon-768x1025.jpg 768w, https:\/\/reconciliation.gouv.ci\/mrcn\/wp-content\/uploads\/2023\/06\/7-Sensibilisation-a-Daloa-et-a-Bonon.jpg 809w\" sizes=\"auto, (max-width: 767px) 100vw, 767px\" \/><\/figure>\n<\/div>\n<\/div>\n","protected":false},"excerpt":{"rendered":"<div class=\"pvc_clear\"><\/div>\n<p class=\"pvc_stats total_only \" data-element-id=\"10686\" style=\"\"><i class=\"pvc-stats-icon medium\" aria-hidden=\"true\"><svg aria-hidden=\"true\" focusable=\"false\" data-prefix=\"far\" data-icon=\"chart-bar\" role=\"img\" xmlns=\"http:\/\/www.w3.org\/2000\/svg\" viewBox=\"0 0 512 512\" class=\"svg-inline--fa fa-chart-bar fa-w-16 fa-2x\"><path fill=\"currentColor\" d=\"M396.8 352h22.4c6.4 0 12.8-6.4 12.8-12.8V108.8c0-6.4-6.4-12.8-12.8-12.8h-22.4c-6.4 0-12.8 6.4-12.8 12.8v230.4c0 6.4 6.4 12.8 12.8 12.8zm-192 0h22.4c6.4 0 12.8-6.4 12.8-12.8V140.8c0-6.4-6.4-12.8-12.8-12.8h-22.4c-6.4 0-12.8 6.4-12.8 12.8v198.4c0 6.4 6.4 12.8 12.8 12.8zm96 0h22.4c6.4 0 12.8-6.4 12.8-12.8V204.8c0-6.4-6.4-12.8-12.8-12.8h-22.4c-6.4 0-12.8 6.4-12.8 12.8v134.4c0 6.4 6.4 12.8 12.8 12.8zM496 400H48V80c0-8.84-7.16-16-16-16H16C7.16 64 0 71.16 0 80v336c0 17.67 14.33 32 32 32h464c8.84 0 16-7.16 16-16v-16c0-8.84-7.16-16-16-16zm-387.2-48h22.4c6.4 0 12.8-6.4 12.8-12.8v-70.4c0-6.4-6.4-12.8-12.8-12.8h-22.4c-6.4 0-12.8 6.4-12.8 12.8v70.4c0 6.4 6.4 12.8 12.8 12.8z\" class=\"\"><\/path><\/svg><\/i> &nbsp;3,901&nbsp;vues<\/p>\n<div class=\"pvc_clear\"><\/div>\n<p>&nbsp;3,901&nbsp;vues En pr\u00e9lude aux \u00e9ch\u00e9ances \u00e9lectorales du 02 septembre 2023, la Direction du Suivi-\u00e9valuation et de la Promotion de la D\u00e9mocratie (DSEPD) du Minist\u00e8re de la R\u00e9conciliation et de la Coh\u00e9sion Nationale a organis\u00e9 une sensibilisation et un atelier de renforcement des capacit\u00e9s des jeunes et des<\/p>\n","protected":false},"author":3,"featured_media":10819,"comment_status":"closed","ping_status":"open","sticky":false,"template":"","format":"standard","meta":{"footnotes":""},"categories":[39],"tags":[],"class_list":["post-10686","post","type-post","status-publish","format-standard","has-post-thumbnail","hentry","category-activites-ministere-slider"],"_links":{"self":[{"href":"https:\/\/reconciliation.gouv.ci\/mrcn\/index.php?rest_route=\/wp\/v2\/posts\/10686","targetHints":{"allow":["GET"]}}],"collection":[{"href":"https:\/\/reconciliation.gouv.ci\/mrcn\/index.php?rest_route=\/wp\/v2\/posts"}],"about":[{"href":"https:\/\/reconciliation.gouv.ci\/mrcn\/index.php?rest_route=\/wp\/v2\/types\/post"}],"author":[{"embeddable":true,"href":"https:\/\/reconciliation.gouv.ci\/mrcn\/index.php?rest_route=\/wp\/v2\/users\/3"}],"replies":[{"embeddable":true,"href":"https:\/\/reconciliation.gouv.ci\/mrcn\/index.php?rest_route=%2Fwp%2Fv2%2Fcomments&post=10686"}],"version-history":[{"count":2,"href":"https:\/\/reconciliation.gouv.ci\/mrcn\/index.php?rest_route=\/wp\/v2\/posts\/10686\/revisions"}],"predecessor-version":[{"id":10821,"href":"https:\/\/reconciliation.gouv.ci\/mrcn\/index.php?rest_route=\/wp\/v2\/posts\/10686\/revisions\/10821"}],"wp:featuredmedia":[{"embeddable":true,"href":"https:\/\/reconciliation.gouv.ci\/mrcn\/index.php?rest_route=\/wp\/v2\/media\/10819"}],"wp:attachment":[{"href":"https:\/\/reconciliation.gouv.ci\/mrcn\/index.php?rest_route=%2Fwp%2Fv2%2Fmedia&parent=10686"}],"wp:term":[{"taxonomy":"category","embeddable":true,"href":"https:\/\/reconciliation.gouv.ci\/mrcn\/index.php?rest_route=%2Fwp%2Fv2%2Fcategories&post=10686"},{"taxonomy":"post_tag","embeddable":true,"href":"https:\/\/reconciliation.gouv.ci\/mrcn\/index.php?rest_route=%2Fwp%2Fv2%2Ftags&post=10686"}],"curies":[{"name":"wp","href":"https:\/\/api.w.org\/{rel}","templated":true}]}}